{"id":14898,"date":"2024-10-17T17:48:07","date_gmt":"2024-10-17T15:48:07","guid":{"rendered":"https:\/\/footdavant.fr\/actualites\/amorim-minimise-les-suggestions-selon-lesquelles-il-suivrait-viana-a-letihad\/"},"modified":"2024-10-17T17:48:09","modified_gmt":"2024-10-17T15:48:09","slug":"amorim-minimise-les-suggestions-selon-lesquelles-il-suivrait-viana-a-letihad","status":"publish","type":"post","link":"https:\/\/footdavant.fr\/actualites\/amorim-minimise-les-suggestions-selon-lesquelles-il-suivrait-viana-a-letihad\/","title":{"rendered":"Amorim minimise les suggestions selon lesquelles il suivrait Viana \u00e0 l&#39;Etihad"},"content":{"rendered":"<div>\n<p>Ruben Amorim insiste sur le fait que la d\u00e9cision d&#39;Hugo Viana d&#39;\u00e9changer le Sporting CP contre Manchester City ne signifie pas qu&#39;il fera de m\u00eame.<\/p>\n<p>L&#39;incertitude autour de l&#39;avenir de Pep Guardiola \u00e0 City \u2013 il est en fin de contrat \u00e0 la fin de la saison, sans parler des r\u00e9percussions potentielles si le club est reconnu coupable de violations pr\u00e9sum\u00e9es des r\u00e8gles du fair-play financier \u2013 fait parler d&#39;un nouvel homme au sein du club. la barre de l\u2019Etihad a continu\u00e9 de gronder ces derni\u00e8res semaines.<\/p>\n<p>Amorim est consid\u00e9r\u00e9 comme l&#39;un des meilleurs jeunes entra\u00eeneurs d&#39;Europe et a \u00e9t\u00e9 amen\u00e9 au Sporting par Viana il y a quatre ans et demi, les menant ensuite \u00e0 deux titres en Primeira Liga.<\/p>\n<blockquote class=\"twitter-tweet\">\n<p dir=\"ltr\" lang=\"pt\">Nouvelle journ\u00e9e de travail dans l&#39;Acad\u00e9mie Cristiano Ronaldo \ud83d\udcaa <a rel=\"nofollow\" href=\"https:\/\/t.co\/p87uvVZyJE\" rel=\"nofollow\">pic.twitter.com\/p87uvVZyJE<\/a><\/p>\n<p>\u2013 Sporting CP (@SportingCP) <a rel=\"nofollow\" href=\"https:\/\/twitter.com\/SportingCP\/status\/1846541115534479748?ref_src=twsrc%5Etfw\" rel=\"nofollow noopener\">16 octobre 2024<\/a><\/p>\n<\/blockquote>\n<p>Il a \u00e9t\u00e9 confirm\u00e9 le week-end dernier que Viana remplacerait Txiki Begiristain en tant que directeur sportif de City \u00e0 la fin de la saison.<\/p>\n<p>Interrog\u00e9 sur les informations le liant aux quadruples champions en titre de Premier League, Amorim a d\u00e9clar\u00e9 aujourd&#39;hui : \u00ab Moi, je vais \u00e0 City ? Ce ne sont que des rumeurs. Viana sera toujours une grande amie mais, un jour, nos parcours professionnels seront diff\u00e9rents. Une chose n\u2019en am\u00e8ne pas n\u00e9cessairement une autre.<\/p>\n<p>\u00ab Je ne peux pas contr\u00f4ler ce que vous allez dire ou demander. Ce que je peux contr\u00f4ler, ce sont les r\u00e9ponses que je donne et la seule chose qui a chang\u00e9, c&#39;est que Hugo Viana partira \u00e0 la fin de la saison. Tout le reste reste pareil.<\/p>\n<p>\u00ab La voie de Viana est la voie de Viana, la mienne est la mienne. Nous entretenons une relation professionnelle qui ne sera pas \u00e9ternelle, mais notre amiti\u00e9 le sera.<\/p>\n<h3>Restez en dehors du vestiaire Hugo !!<\/h3>\n<p>Le Sporting affrontera City en Ligue des champions le mois prochain et Amorim a plaisant\u00e9 en disant que Viana ne serait pas autoris\u00e9e \u00e0 s&#39;approcher trop pr\u00e8s des joueurs lors de la pr\u00e9paration.<\/p>\n<p>\u00ab\u00a0\u00c9videmment, cette semaine-l\u00e0, Viana ne pourra pas entrer dans le vestiaire\u00a0\u00bb, a-t-il d\u00e9clar\u00e9 avec un sourire.<\/p>\n<p>\u00ab\u00a0Je vais le laisser de c\u00f4t\u00e9 pour ne pas cr\u00e9er de conflits.\u00a0\u00bb<\/p>\n<p>Le Sporting est en t\u00eate de la Primeira Liga apr\u00e8s avoir remport\u00e9 ses huit matchs cette saison.<\/p>\n<\/p><\/div>\n<p><script async src=\"https:\/\/platform.twitter.com\/widgets.js\" charset=\"utf-8\"><\/script><\/p>\n","protected":false},"excerpt":{"rendered":"<p>Ruben Amorim insiste sur le fait que la d\u00e9cision d&#39;Hugo Viana d&#39;\u00e9changer le Sporting CP contre Manchester City ne signifie pas qu&#39;il fera de m\u00eame.<\/p>\n","protected":false},"author":1,"featured_media":14899,"comment_status":"closed","ping_status":"","sticky":false,"template":"","format":"standard","meta":{"footnotes":""},"categories":[3],"tags":[4477,4377,93,2172,1400,450,3878,6764,6731],"yoast_head":"<!-- This site is optimized with the Yoast SEO plugin v21.0 - https:\/\/yoast.com\/wordpress\/plugins\/seo\/ -->\n<title>Amorim minimise les suggestions selon lesquelles il suivrait Viana \u00e0 l&#039;Etihad<\/title>\n<meta name=\"robots\" content=\"index, follow, max-snippet:-1, max-image-preview:large, max-video-preview:-1\" \/>\n<link rel=\"canonical\" href=\"https:\/\/footdavant.fr\/actualites\/amorim-minimise-les-suggestions-selon-lesquelles-il-suivrait-viana-a-letihad\/\" \/>\n<meta property=\"og:locale\" content=\"fr_FR\" \/>\n<meta property=\"og:type\" content=\"article\" \/>\n<meta property=\"og:title\" content=\"Amorim minimise les suggestions selon lesquelles il suivrait Viana \u00e0 l&#039;Etihad\" \/>\n<meta property=\"og:description\" content=\"Ruben Amorim insiste sur le fait que la d\u00e9cision d&#039;Hugo Viana d&#039;\u00e9changer le Sporting CP contre Manchester City ne signifie pas qu&#039;il fera de m\u00eame.\" \/>\n<meta property=\"og:url\" content=\"https:\/\/footdavant.fr\/actualites\/amorim-minimise-les-suggestions-selon-lesquelles-il-suivrait-viana-a-letihad\/\" \/>\n<meta property=\"og:site_name\" content=\"Foot d&#039;avant\" \/>\n<meta property=\"article:publisher\" content=\"https:\/\/www.facebook.com\/Footdavant\/\" \/>\n<meta property=\"article:published_time\" content=\"2024-10-17T15:48:07+00:00\" \/>\n<meta property=\"article:modified_time\" content=\"2024-10-17T15:48:09+00:00\" \/>\n<meta property=\"og:image\" content=\"https:\/\/footdavant.fr\/actualites\/wp-content\/uploads\/2024\/10\/Amorim-minimise-les-suggestions-selon-lesquelles-il-suivrait-Viana-a.jpg\" \/>\n\t<meta property=\"og:image:width\" content=\"1200\" \/>\n\t<meta property=\"og:image:height\" content=\"800\" \/>\n\t<meta property=\"og:image:type\" content=\"image\/jpeg\" \/>\n<meta name=\"author\" content=\"Cl\u00e9ment\" \/>\n<meta name=\"twitter:card\" content=\"summary_large_image\" \/>\n<meta name=\"twitter:creator\" content=\"@FootdavantFr\" \/>\n<meta name=\"twitter:site\" content=\"@FootdavantFr\" \/>\n<meta name=\"twitter:label1\" content=\"\u00c9crit par\" \/>\n\t<meta name=\"twitter:data1\" content=\"Cl\u00e9ment\" \/>\n\t<meta name=\"twitter:label2\" content=\"Dur\u00e9e de lecture estim\u00e9e\" \/>\n\t<meta name=\"twitter:data2\" content=\"2 minutes\" \/>\n<script type=\"application\/ld+json\" class=\"yoast-schema-graph\">{\"@context\":\"https:\/\/schema.org\",\"@graph\":[{\"@type\":\"Article\",\"@id\":\"https:\/\/footdavant.fr\/actualites\/amorim-minimise-les-suggestions-selon-lesquelles-il-suivrait-viana-a-letihad\/#article\",\"isPartOf\":{\"@id\":\"https:\/\/footdavant.fr\/actualites\/amorim-minimise-les-suggestions-selon-lesquelles-il-suivrait-viana-a-letihad\/\"},\"author\":{\"name\":\"Cl\u00e9ment\",\"@id\":\"https:\/\/footdavant.fr\/actualites\/#\/schema\/person\/bc222566d95871b37e597b3ed3ba5e1d\"},\"headline\":\"Amorim minimise les suggestions selon lesquelles il suivrait Viana \u00e0 l&#39;Etihad\",\"datePublished\":\"2024-10-17T15:48:07+00:00\",\"dateModified\":\"2024-10-17T15:48:09+00:00\",\"mainEntityOfPage\":{\"@id\":\"https:\/\/footdavant.fr\/actualites\/amorim-minimise-les-suggestions-selon-lesquelles-il-suivrait-viana-a-letihad\/\"},\"wordCount\":416,\"publisher\":{\"@id\":\"https:\/\/footdavant.fr\/actualites\/#organization\"},\"keywords\":[\"Amorim\",\"l39Etihad\",\"les\",\"lesquelles\",\"minimise\",\"selon\",\"suggestions\",\"suivrait\",\"Viana\"],\"articleSection\":[\"Football\"],\"inLanguage\":\"fr-FR\"},{\"@type\":\"WebPage\",\"@id\":\"https:\/\/footdavant.fr\/actualites\/amorim-minimise-les-suggestions-selon-lesquelles-il-suivrait-viana-a-letihad\/\",\"url\":\"https:\/\/footdavant.fr\/actualites\/amorim-minimise-les-suggestions-selon-lesquelles-il-suivrait-viana-a-letihad\/\",\"name\":\"Amorim minimise les suggestions selon lesquelles il suivrait Viana \u00e0 l&#39;Etihad\",\"isPartOf\":{\"@id\":\"https:\/\/footdavant.fr\/actualites\/#website\"},\"datePublished\":\"2024-10-17T15:48:07+00:00\",\"dateModified\":\"2024-10-17T15:48:09+00:00\",\"breadcrumb\":{\"@id\":\"https:\/\/footdavant.fr\/actualites\/amorim-minimise-les-suggestions-selon-lesquelles-il-suivrait-viana-a-letihad\/#breadcrumb\"},\"inLanguage\":\"fr-FR\",\"potentialAction\":[{\"@type\":\"ReadAction\",\"target\":[\"https:\/\/footdavant.fr\/actualites\/amorim-minimise-les-suggestions-selon-lesquelles-il-suivrait-viana-a-letihad\/\"]}]},{\"@type\":\"BreadcrumbList\",\"@id\":\"https:\/\/footdavant.fr\/actualites\/amorim-minimise-les-suggestions-selon-lesquelles-il-suivrait-viana-a-letihad\/#breadcrumb\",\"itemListElement\":[{\"@type\":\"ListItem\",\"position\":1,\"name\":\"Accueil\",\"item\":\"https:\/\/footdavant.fr\/actualites\/\"},{\"@type\":\"ListItem\",\"position\":2,\"name\":\"Amorim minimise les suggestions selon lesquelles il suivrait Viana \u00e0 l&#39;Etihad\"}]},{\"@type\":\"WebSite\",\"@id\":\"https:\/\/footdavant.fr\/actualites\/#website\",\"url\":\"https:\/\/footdavant.fr\/actualites\/\",\"name\":\"Foot d'avant\",\"description\":\"\",\"publisher\":{\"@id\":\"https:\/\/footdavant.fr\/actualites\/#organization\"},\"potentialAction\":[{\"@type\":\"SearchAction\",\"target\":{\"@type\":\"EntryPoint\",\"urlTemplate\":\"https:\/\/footdavant.fr\/actualites\/?s={search_term_string}\"},\"query-input\":\"required name=search_term_string\"}],\"inLanguage\":\"fr-FR\"},{\"@type\":\"Organization\",\"@id\":\"https:\/\/footdavant.fr\/actualites\/#organization\",\"name\":\"Foot d'avant\",\"url\":\"https:\/\/footdavant.fr\/actualites\/\",\"logo\":{\"@type\":\"ImageObject\",\"inLanguage\":\"fr-FR\",\"@id\":\"https:\/\/footdavant.fr\/actualites\/#\/schema\/logo\/image\/\",\"url\":\"https:\/\/footdavant.fr\/actualites\/wp-content\/uploads\/2023\/09\/Copy-of-FootDavant-Logo.png\",\"contentUrl\":\"https:\/\/footdavant.fr\/actualites\/wp-content\/uploads\/2023\/09\/Copy-of-FootDavant-Logo.png\",\"width\":936,\"height\":549,\"caption\":\"Foot d'avant\"},\"image\":{\"@id\":\"https:\/\/footdavant.fr\/actualites\/#\/schema\/logo\/image\/\"},\"sameAs\":[\"https:\/\/www.facebook.com\/Footdavant\/\",\"https:\/\/twitter.com\/FootdavantFr\",\"https:\/\/www.instagram.com\/footdavant.fr\/\"]},{\"@type\":\"Person\",\"@id\":\"https:\/\/footdavant.fr\/actualites\/#\/schema\/person\/bc222566d95871b37e597b3ed3ba5e1d\",\"name\":\"Cl\u00e9ment\",\"image\":{\"@type\":\"ImageObject\",\"inLanguage\":\"fr-FR\",\"@id\":\"https:\/\/footdavant.fr\/actualites\/#\/schema\/person\/image\/\",\"url\":\"https:\/\/secure.gravatar.com\/avatar\/7728b29aac2719421e1a9159b2254c44?s=96&d=mm&r=g\",\"contentUrl\":\"https:\/\/secure.gravatar.com\/avatar\/7728b29aac2719421e1a9159b2254c44?s=96&d=mm&r=g\",\"caption\":\"Cl\u00e9ment\"},\"sameAs\":[\"https:\/\/footdavant.fr\/\"]}]}<\/script>\n<!-- \/ Yoast SEO plugin. -->","yoast_head_json":{"title":"Amorim minimise les suggestions selon lesquelles il suivrait Viana \u00e0 l&#39;Etihad","robots":{"index":"index","follow":"follow","max-snippet":"max-snippet:-1","max-image-preview":"max-image-preview:large","max-video-preview":"max-video-preview:-1"},"canonical":"https:\/\/footdavant.fr\/actualites\/amorim-minimise-les-suggestions-selon-lesquelles-il-suivrait-viana-a-letihad\/","og_locale":"fr_FR","og_type":"article","og_title":"Amorim minimise les suggestions selon lesquelles il suivrait Viana \u00e0 l&#39;Etihad","og_description":"Ruben Amorim insiste sur le fait que la d\u00e9cision d&#39;Hugo Viana d&#39;\u00e9changer le Sporting CP contre Manchester City ne signifie pas qu&#39;il fera de m\u00eame.","og_url":"https:\/\/footdavant.fr\/actualites\/amorim-minimise-les-suggestions-selon-lesquelles-il-suivrait-viana-a-letihad\/","og_site_name":"Foot d&#039;avant","article_publisher":"https:\/\/www.facebook.com\/Footdavant\/","article_published_time":"2024-10-17T15:48:07+00:00","article_modified_time":"2024-10-17T15:48:09+00:00","og_image":[{"width":1200,"height":800,"url":"https:\/\/footdavant.fr\/actualites\/wp-content\/uploads\/2024\/10\/Amorim-minimise-les-suggestions-selon-lesquelles-il-suivrait-Viana-a.jpg","type":"image\/jpeg"}],"author":"Cl\u00e9ment","twitter_card":"summary_large_image","twitter_creator":"@FootdavantFr","twitter_site":"@FootdavantFr","twitter_misc":{"\u00c9crit par":"Cl\u00e9ment","Dur\u00e9e de lecture estim\u00e9e":"2 minutes"},"schema":{"@context":"https:\/\/schema.org","@graph":[{"@type":"Article","@id":"https:\/\/footdavant.fr\/actualites\/amorim-minimise-les-suggestions-selon-lesquelles-il-suivrait-viana-a-letihad\/#article","isPartOf":{"@id":"https:\/\/footdavant.fr\/actualites\/amorim-minimise-les-suggestions-selon-lesquelles-il-suivrait-viana-a-letihad\/"},"author":{"name":"Cl\u00e9ment","@id":"https:\/\/footdavant.fr\/actualites\/#\/schema\/person\/bc222566d95871b37e597b3ed3ba5e1d"},"headline":"Amorim minimise les suggestions selon lesquelles il suivrait Viana \u00e0 l&#39;Etihad","datePublished":"2024-10-17T15:48:07+00:00","dateModified":"2024-10-17T15:48:09+00:00","mainEntityOfPage":{"@id":"https:\/\/footdavant.fr\/actualites\/amorim-minimise-les-suggestions-selon-lesquelles-il-suivrait-viana-a-letihad\/"},"wordCount":416,"publisher":{"@id":"https:\/\/footdavant.fr\/actualites\/#organization"},"keywords":["Amorim","l39Etihad","les","lesquelles","minimise","selon","suggestions","suivrait","Viana"],"articleSection":["Football"],"inLanguage":"fr-FR"},{"@type":"WebPage","@id":"https:\/\/footdavant.fr\/actualites\/amorim-minimise-les-suggestions-selon-lesquelles-il-suivrait-viana-a-letihad\/","url":"https:\/\/footdavant.fr\/actualites\/amorim-minimise-les-suggestions-selon-lesquelles-il-suivrait-viana-a-letihad\/","name":"Amorim minimise les suggestions selon lesquelles il suivrait Viana \u00e0 l&#39;Etihad","isPartOf":{"@id":"https:\/\/footdavant.fr\/actualites\/#website"},"datePublished":"2024-10-17T15:48:07+00:00","dateModified":"2024-10-17T15:48:09+00:00","breadcrumb":{"@id":"https:\/\/footdavant.fr\/actualites\/amorim-minimise-les-suggestions-selon-lesquelles-il-suivrait-viana-a-letihad\/#breadcrumb"},"inLanguage":"fr-FR","potentialAction":[{"@type":"ReadAction","target":["https:\/\/footdavant.fr\/actualites\/amorim-minimise-les-suggestions-selon-lesquelles-il-suivrait-viana-a-letihad\/"]}]},{"@type":"BreadcrumbList","@id":"https:\/\/footdavant.fr\/actualites\/amorim-minimise-les-suggestions-selon-lesquelles-il-suivrait-viana-a-letihad\/#breadcrumb","itemListElement":[{"@type":"ListItem","position":1,"name":"Accueil","item":"https:\/\/footdavant.fr\/actualites\/"},{"@type":"ListItem","position":2,"name":"Amorim minimise les suggestions selon lesquelles il suivrait Viana \u00e0 l&#39;Etihad"}]},{"@type":"WebSite","@id":"https:\/\/footdavant.fr\/actualites\/#website","url":"https:\/\/footdavant.fr\/actualites\/","name":"Foot d'avant","description":"","publisher":{"@id":"https:\/\/footdavant.fr\/actualites\/#organization"},"potentialAction":[{"@type":"SearchAction","target":{"@type":"EntryPoint","urlTemplate":"https:\/\/footdavant.fr\/actualites\/?s={search_term_string}"},"query-input":"required name=search_term_string"}],"inLanguage":"fr-FR"},{"@type":"Organization","@id":"https:\/\/footdavant.fr\/actualites\/#organization","name":"Foot d'avant","url":"https:\/\/footdavant.fr\/actualites\/","logo":{"@type":"ImageObject","inLanguage":"fr-FR","@id":"https:\/\/footdavant.fr\/actualites\/#\/schema\/logo\/image\/","url":"https:\/\/footdavant.fr\/actualites\/wp-content\/uploads\/2023\/09\/Copy-of-FootDavant-Logo.png","contentUrl":"https:\/\/footdavant.fr\/actualites\/wp-content\/uploads\/2023\/09\/Copy-of-FootDavant-Logo.png","width":936,"height":549,"caption":"Foot d'avant"},"image":{"@id":"https:\/\/footdavant.fr\/actualites\/#\/schema\/logo\/image\/"},"sameAs":["https:\/\/www.facebook.com\/Footdavant\/","https:\/\/twitter.com\/FootdavantFr","https:\/\/www.instagram.com\/footdavant.fr\/"]},{"@type":"Person","@id":"https:\/\/footdavant.fr\/actualites\/#\/schema\/person\/bc222566d95871b37e597b3ed3ba5e1d","name":"Cl\u00e9ment","image":{"@type":"ImageObject","inLanguage":"fr-FR","@id":"https:\/\/footdavant.fr\/actualites\/#\/schema\/person\/image\/","url":"https:\/\/secure.gravatar.com\/avatar\/7728b29aac2719421e1a9159b2254c44?s=96&d=mm&r=g","contentUrl":"https:\/\/secure.gravatar.com\/avatar\/7728b29aac2719421e1a9159b2254c44?s=96&d=mm&r=g","caption":"Cl\u00e9ment"},"sameAs":["https:\/\/footdavant.fr\/"]}]}},"_links":{"self":[{"href":"https:\/\/footdavant.fr\/actualites\/wp-json\/wp\/v2\/posts\/14898"}],"collection":[{"href":"https:\/\/footdavant.fr\/actualites\/wp-json\/wp\/v2\/posts"}],"about":[{"href":"https:\/\/footdavant.fr\/actualites\/wp-json\/wp\/v2\/types\/post"}],"author":[{"embeddable":true,"href":"https:\/\/footdavant.fr\/actualites\/wp-json\/wp\/v2\/users\/1"}],"replies":[{"embeddable":true,"href":"https:\/\/footdavant.fr\/actualites\/wp-json\/wp\/v2\/comments?post=14898"}],"version-history":[{"count":1,"href":"https:\/\/footdavant.fr\/actualites\/wp-json\/wp\/v2\/posts\/14898\/revisions"}],"predecessor-version":[{"id":14900,"href":"https:\/\/footdavant.fr\/actualites\/wp-json\/wp\/v2\/posts\/14898\/revisions\/14900"}],"wp:featuredmedia":[{"embeddable":true,"href":"https:\/\/footdavant.fr\/actualites\/wp-json\/wp\/v2\/media\/14899"}],"wp:attachment":[{"href":"https:\/\/footdavant.fr\/actualites\/wp-json\/wp\/v2\/media?parent=14898"}],"wp:term":[{"taxonomy":"category","embeddable":true,"href":"https:\/\/footdavant.fr\/actualites\/wp-json\/wp\/v2\/categories?post=14898"},{"taxonomy":"post_tag","embeddable":true,"href":"https:\/\/footdavant.fr\/actualites\/wp-json\/wp\/v2\/tags?post=14898"}],"curies":[{"name":"wp","href":"https:\/\/api.w.org\/{rel}","templated":true}]}}