{"id":149,"date":"2023-11-01T19:51:13","date_gmt":"2023-11-01T18:51:13","guid":{"rendered":"https:\/\/footdavant.fr\/actualites\/arsenal-envisage-t-il-de-rappeler-marquinhos-en-janvier\/"},"modified":"2023-11-01T19:51:13","modified_gmt":"2023-11-01T18:51:13","slug":"arsenal-envisage-t-il-de-rappeler-marquinhos-en-janvier","status":"publish","type":"post","link":"https:\/\/footdavant.fr\/actualites\/arsenal-envisage-t-il-de-rappeler-marquinhos-en-janvier\/","title":{"rendered":"Arsenal envisage-t-il de rappeler Marquinhos en janvier ?"},"content":{"rendered":"<p>Arsenal pourrait envisager de rappeler l&rsquo;attaquant Marquinhos, 20 ans, de son pr\u00eat \u00e0 Nantes en janvier, au milieu de ses difficult\u00e9s pour l&rsquo;action en Ligue 1.<\/p>\n<div id=\"article_body\" itemprop=\"articleBody\">\n<h3 class=\"firstPara\">\n<strong class=\"autotag\">Arsenal<\/strong> envisagerait apparemment de r\u00e9duire <strong class=\"autotag\">Marquinhos<\/strong>le pr\u00eat de <strong class=\"autotag\">Nantes<\/strong> court dans le mercato de janvier.<\/h3>\n<p>L&rsquo;attaquant de 20 ans a rejoint temporairement la Ligue 1 apr\u00e8s un passage m\u00e9diocre avec Norwich City dans la seconde moiti\u00e9 de la saison 2022-23, r\u00e9coltant un seul but et une passe d\u00e9cisive en 11 matchs \u00e0 Carrow Road.<\/p>\n<p>Marquinhos n&rsquo;a pas non plus r\u00e9ussi \u00e0 enflammer le monde avec Nantes, ne jouant que 88 minutes de football de Ligue 1 en cinq matches &#8211; dont quatre depuis le banc &#8211; et marquant un but pendant cette p\u00e9riode.<\/p>\n<p>L&rsquo;ancien jeune de Sao Paulo a fourni sa seule passe d\u00e9cisive lors de la victoire 5-3 contre Lorient le 23 septembre, mais il n&rsquo;a plus fait une autre apparition en premi\u00e8re division depuis et a \u00e9t\u00e9 autoris\u00e9 \u00e0 rejoindre les moins de 23 ans du Br\u00e9sil pour les Jeux panam\u00e9ricains, qui se d\u00e9roulera du 20 octobre au 5 novembre.<\/p>\n<p>Les conditions du pr\u00eat de Marquinhos aux Canaris n&rsquo;incluent pas d&rsquo;option ou d&rsquo;obligation d&rsquo;achat, mais \u00e9tant donn\u00e9 son inaction, <em>Le miroir<\/em> affirme qu&rsquo;Arsenal pourrait envisager de le ramener dans le nord de Londres au cours de l&rsquo;hiver.<\/p>\n<p class=\"imgI\">\n<p>Directeur <strong class=\"autotag\">Mikel Arteta<\/strong> et directeur sportif <strong class=\"autotag\">\u00c9du<\/strong> On aurait esp\u00e9r\u00e9 que Marquinhos aurait r\u00e9guli\u00e8rement l&rsquo;occasion de perfectionner son talent en Ligue 1, mais cette d\u00e9cision n&rsquo;a fonctionn\u00e9 comme pr\u00e9vu pour aucune des deux parties.<\/p>\n<p>Une fois que Marquinhos reviendra du service international, les Gunners \u2013 qui perdront leur gestionnaire de pr\u00eat <strong class=\"autotag\">Ben Knapper<\/strong> \u00e0 Norwich City en novembre &#8211; continueront \u00e0 surveiller ses affichages, et ils pourraient faire demi-tour sur leur d\u00e9cision s&rsquo;il se lance dans un renouveau impr\u00e9vu.<\/p>\n<p>Cependant, si le Br\u00e9silien continue de lutter pour les titularisations, Arsenal prendra des mesures pour mettre fin \u00e0 son pr\u00eat au Stade de la Beaujoire avant de tenter de l&rsquo;envoyer ailleurs pour la seconde moiti\u00e9 de la campagne.<\/p>\n<p>Les Gunners ont apparemment vu une poign\u00e9e de clubs manifester leur int\u00e9r\u00eat pour les services de l&rsquo;ailier au cours de l&rsquo;\u00e9t\u00e9, avec le trio italien Bologne, Empoli et Frosinone tous en lice aux c\u00f4t\u00e9s des puissances grecques de l&rsquo;Olympiacos.<\/p>\n<p>En cons\u00e9quence, Arsenal ne devrait pas rencontrer beaucoup d&rsquo;obstacles pour trouver une nouvelle destination \u00e0 Marquinhos en janvier, lorsque son pr\u00eat \u00e0 Nantes pourrait \u00eatre r\u00e9sili\u00e9 sans clause de rupture si toutes les parties acceptent un rappel anticip\u00e9.<\/p>\n<p class=\"imgI\"><img decoding=\"async\" loading=\"lazy\" class=\"l\" src=\"https:\/\/footdavant.fr\/actualites\/wp-content\/uploads\/2023\/11\/Arsenal-envisage-t-il-de-rappeler-Marquinhos-en-janvier.JPG\" title=\"Mikel Arteta, manager d'Arsenal, photographi\u00e9 le 28 octobre 2023\" alt=\"Mikel Arteta, manager d'Arsenal, photographi\u00e9 le 28 octobre 2023\" width=\"640\" height=\"480\"><\/p>\n<p>Arsenal a repouss\u00e9 l&rsquo;int\u00e9r\u00eat des Wolverhampton Wanderers pour signer Marquinhos pour 3 millions de livres sterling \u00e0 l&rsquo;\u00e9t\u00e9 2022, et il a fait une impression imm\u00e9diate au niveau des moins de 21 ans avec quatre buts et deux passes d\u00e9cisives en cinq matches de Premier League 2.<\/p>\n<p>Gr\u00e2ce \u00e0 ses performances accrocheuses pour l&rsquo;\u00e9quipe acad\u00e9mique, Arsenal a acc\u00e9l\u00e9r\u00e9 la promotion du joueur de 20 ans dans l&rsquo;\u00e9quipe premi\u00e8re, et des d\u00e9buts de r\u00eave l&rsquo;ont vu marquer et enregistrer une passe d\u00e9cisive lors d&rsquo;une victoire 2-1 en Ligue Europa contre le FC Zurich. .<\/p>\n<p>Marquinhos a disput\u00e9 cinq autres matchs avec l&rsquo;\u00e9quipe senior en 2022-23, dont une apparition en Premier League en dehors du banc lors d&rsquo;une victoire 3-0 contre Brentford et deux autres d\u00e9parts contre Bodo\/Glimt en Europe et Brighton &#038; Hove Albion en Coupe EFL.<\/p>\n<p>L&rsquo;attaquant n\u00e9 en 2003 est sous contrat \u00e0 l&rsquo;Emirates Stadium pour encore quatre ans, mais <strong class=\"autotag\">Bukayo Saka<\/strong>, <strong class=\"autotag\">Fabio Vieira<\/strong>, <strong class=\"autotag\">Reiss Nelson<\/strong>, <strong class=\"autotag\">Gabriel Martinelli<\/strong> et <strong class=\"autotag\">L\u00e9andro Trossard<\/strong> sont tous devant lui dans la hi\u00e9rarchie des ailiers.<\/p>\n<\/div>\n","protected":false},"excerpt":{"rendered":"<p>Arsenal pourrait envisager de rappeler l&rsquo;attaquant Marquinhos, 20 ans, de son pr\u00eat \u00e0 Nantes en janvier, au milieu de ses difficult\u00e9s pour l&rsquo;action en Ligue<\/p>\n","protected":false},"author":1,"featured_media":150,"comment_status":"closed","ping_status":"","sticky":false,"template":"","format":"standard","meta":{"footnotes":""},"categories":[5],"tags":[67,262,166,264,263],"yoast_head":"<!-- This site is optimized with the Yoast SEO plugin v21.0 - https:\/\/yoast.com\/wordpress\/plugins\/seo\/ -->\n<title>Arsenal envisage-t-il de rappeler Marquinhos en janvier ?<\/title>\n<meta name=\"robots\" content=\"index, follow, max-snippet:-1, max-image-preview:large, max-video-preview:-1\" \/>\n<link rel=\"canonical\" href=\"https:\/\/footdavant.fr\/actualites\/arsenal-envisage-t-il-de-rappeler-marquinhos-en-janvier\/\" \/>\n<meta property=\"og:locale\" content=\"fr_FR\" \/>\n<meta property=\"og:type\" content=\"article\" \/>\n<meta property=\"og:title\" content=\"Arsenal envisage-t-il de rappeler Marquinhos en janvier ?\" \/>\n<meta property=\"og:description\" content=\"Arsenal pourrait envisager de rappeler l&rsquo;attaquant Marquinhos, 20 ans, de son pr\u00eat \u00e0 Nantes en janvier, au milieu de ses difficult\u00e9s pour l&rsquo;action en Ligue\" \/>\n<meta property=\"og:url\" content=\"https:\/\/footdavant.fr\/actualites\/arsenal-envisage-t-il-de-rappeler-marquinhos-en-janvier\/\" \/>\n<meta property=\"og:site_name\" content=\"Foot d&#039;avant\" \/>\n<meta property=\"article:publisher\" content=\"https:\/\/www.facebook.com\/Footdavant\/\" \/>\n<meta property=\"article:published_time\" content=\"2023-11-01T18:51:13+00:00\" \/>\n<meta property=\"og:image\" content=\"https:\/\/footdavant.fr\/actualites\/wp-content\/uploads\/2023\/11\/Arsenal-envisage-t-il-de-rappeler-Marquinhos-en-janvier.jpg\" \/>\n\t<meta property=\"og:image:width\" content=\"640\" \/>\n\t<meta property=\"og:image:height\" content=\"480\" \/>\n\t<meta property=\"og:image:type\" content=\"image\/jpeg\" \/>\n<meta name=\"author\" content=\"Cl\u00e9ment\" \/>\n<meta name=\"twitter:card\" content=\"summary_large_image\" \/>\n<meta name=\"twitter:creator\" content=\"@FootdavantFr\" \/>\n<meta name=\"twitter:site\" content=\"@FootdavantFr\" \/>\n<meta name=\"twitter:label1\" content=\"\u00c9crit par\" \/>\n\t<meta name=\"twitter:data1\" content=\"Cl\u00e9ment\" \/>\n\t<meta name=\"twitter:label2\" content=\"Dur\u00e9e de lecture estim\u00e9e\" \/>\n\t<meta name=\"twitter:data2\" content=\"3 minutes\" \/>\n<script type=\"application\/ld+json\" class=\"yoast-schema-graph\">{\"@context\":\"https:\/\/schema.org\",\"@graph\":[{\"@type\":\"Article\",\"@id\":\"https:\/\/footdavant.fr\/actualites\/arsenal-envisage-t-il-de-rappeler-marquinhos-en-janvier\/#article\",\"isPartOf\":{\"@id\":\"https:\/\/footdavant.fr\/actualites\/arsenal-envisage-t-il-de-rappeler-marquinhos-en-janvier\/\"},\"author\":{\"name\":\"Cl\u00e9ment\",\"@id\":\"https:\/\/footdavant.fr\/actualites\/#\/schema\/person\/bc222566d95871b37e597b3ed3ba5e1d\"},\"headline\":\"Arsenal envisage-t-il de rappeler Marquinhos en janvier ?\",\"datePublished\":\"2023-11-01T18:51:13+00:00\",\"dateModified\":\"2023-11-01T18:51:13+00:00\",\"mainEntityOfPage\":{\"@id\":\"https:\/\/footdavant.fr\/actualites\/arsenal-envisage-t-il-de-rappeler-marquinhos-en-janvier\/\"},\"wordCount\":609,\"publisher\":{\"@id\":\"https:\/\/footdavant.fr\/actualites\/#organization\"},\"keywords\":[\"Arsenal\",\"envisagetil\",\"janvier\",\"Marquinhos\",\"rappeler\"],\"articleSection\":[\"Premier League\"],\"inLanguage\":\"fr-FR\"},{\"@type\":\"WebPage\",\"@id\":\"https:\/\/footdavant.fr\/actualites\/arsenal-envisage-t-il-de-rappeler-marquinhos-en-janvier\/\",\"url\":\"https:\/\/footdavant.fr\/actualites\/arsenal-envisage-t-il-de-rappeler-marquinhos-en-janvier\/\",\"name\":\"Arsenal envisage-t-il de rappeler Marquinhos en janvier ?\",\"isPartOf\":{\"@id\":\"https:\/\/footdavant.fr\/actualites\/#website\"},\"datePublished\":\"2023-11-01T18:51:13+00:00\",\"dateModified\":\"2023-11-01T18:51:13+00:00\",\"breadcrumb\":{\"@id\":\"https:\/\/footdavant.fr\/actualites\/arsenal-envisage-t-il-de-rappeler-marquinhos-en-janvier\/#breadcrumb\"},\"inLanguage\":\"fr-FR\",\"potentialAction\":[{\"@type\":\"ReadAction\",\"target\":[\"https:\/\/footdavant.fr\/actualites\/arsenal-envisage-t-il-de-rappeler-marquinhos-en-janvier\/\"]}]},{\"@type\":\"BreadcrumbList\",\"@id\":\"https:\/\/footdavant.fr\/actualites\/arsenal-envisage-t-il-de-rappeler-marquinhos-en-janvier\/#breadcrumb\",\"itemListElement\":[{\"@type\":\"ListItem\",\"position\":1,\"name\":\"Accueil\",\"item\":\"https:\/\/footdavant.fr\/actualites\/\"},{\"@type\":\"ListItem\",\"position\":2,\"name\":\"Arsenal envisage-t-il de rappeler Marquinhos en janvier ?\"}]},{\"@type\":\"WebSite\",\"@id\":\"https:\/\/footdavant.fr\/actualites\/#website\",\"url\":\"https:\/\/footdavant.fr\/actualites\/\",\"name\":\"Foot d'avant\",\"description\":\"\",\"publisher\":{\"@id\":\"https:\/\/footdavant.fr\/actualites\/#organization\"},\"potentialAction\":[{\"@type\":\"SearchAction\",\"target\":{\"@type\":\"EntryPoint\",\"urlTemplate\":\"https:\/\/footdavant.fr\/actualites\/?s={search_term_string}\"},\"query-input\":\"required name=search_term_string\"}],\"inLanguage\":\"fr-FR\"},{\"@type\":\"Organization\",\"@id\":\"https:\/\/footdavant.fr\/actualites\/#organization\",\"name\":\"Foot d'avant\",\"url\":\"https:\/\/footdavant.fr\/actualites\/\",\"logo\":{\"@type\":\"ImageObject\",\"inLanguage\":\"fr-FR\",\"@id\":\"https:\/\/footdavant.fr\/actualites\/#\/schema\/logo\/image\/\",\"url\":\"https:\/\/footdavant.fr\/actualites\/wp-content\/uploads\/2023\/09\/Copy-of-FootDavant-Logo.png\",\"contentUrl\":\"https:\/\/footdavant.fr\/actualites\/wp-content\/uploads\/2023\/09\/Copy-of-FootDavant-Logo.png\",\"width\":936,\"height\":549,\"caption\":\"Foot d'avant\"},\"image\":{\"@id\":\"https:\/\/footdavant.fr\/actualites\/#\/schema\/logo\/image\/\"},\"sameAs\":[\"https:\/\/www.facebook.com\/Footdavant\/\",\"https:\/\/twitter.com\/FootdavantFr\",\"https:\/\/www.instagram.com\/footdavant.fr\/\"]},{\"@type\":\"Person\",\"@id\":\"https:\/\/footdavant.fr\/actualites\/#\/schema\/person\/bc222566d95871b37e597b3ed3ba5e1d\",\"name\":\"Cl\u00e9ment\",\"image\":{\"@type\":\"ImageObject\",\"inLanguage\":\"fr-FR\",\"@id\":\"https:\/\/footdavant.fr\/actualites\/#\/schema\/person\/image\/\",\"url\":\"https:\/\/secure.gravatar.com\/avatar\/7728b29aac2719421e1a9159b2254c44?s=96&d=mm&r=g\",\"contentUrl\":\"https:\/\/secure.gravatar.com\/avatar\/7728b29aac2719421e1a9159b2254c44?s=96&d=mm&r=g\",\"caption\":\"Cl\u00e9ment\"},\"sameAs\":[\"https:\/\/footdavant.fr\/\"]}]}<\/script>\n<!-- \/ Yoast SEO plugin. -->","yoast_head_json":{"title":"Arsenal envisage-t-il de rappeler Marquinhos en janvier ?","robots":{"index":"index","follow":"follow","max-snippet":"max-snippet:-1","max-image-preview":"max-image-preview:large","max-video-preview":"max-video-preview:-1"},"canonical":"https:\/\/footdavant.fr\/actualites\/arsenal-envisage-t-il-de-rappeler-marquinhos-en-janvier\/","og_locale":"fr_FR","og_type":"article","og_title":"Arsenal envisage-t-il de rappeler Marquinhos en janvier ?","og_description":"Arsenal pourrait envisager de rappeler l&rsquo;attaquant Marquinhos, 20 ans, de son pr\u00eat \u00e0 Nantes en janvier, au milieu de ses difficult\u00e9s pour l&rsquo;action en Ligue","og_url":"https:\/\/footdavant.fr\/actualites\/arsenal-envisage-t-il-de-rappeler-marquinhos-en-janvier\/","og_site_name":"Foot d&#039;avant","article_publisher":"https:\/\/www.facebook.com\/Footdavant\/","article_published_time":"2023-11-01T18:51:13+00:00","og_image":[{"width":640,"height":480,"url":"https:\/\/footdavant.fr\/actualites\/wp-content\/uploads\/2023\/11\/Arsenal-envisage-t-il-de-rappeler-Marquinhos-en-janvier.jpg","type":"image\/jpeg"}],"author":"Cl\u00e9ment","twitter_card":"summary_large_image","twitter_creator":"@FootdavantFr","twitter_site":"@FootdavantFr","twitter_misc":{"\u00c9crit par":"Cl\u00e9ment","Dur\u00e9e de lecture estim\u00e9e":"3 minutes"},"schema":{"@context":"https:\/\/schema.org","@graph":[{"@type":"Article","@id":"https:\/\/footdavant.fr\/actualites\/arsenal-envisage-t-il-de-rappeler-marquinhos-en-janvier\/#article","isPartOf":{"@id":"https:\/\/footdavant.fr\/actualites\/arsenal-envisage-t-il-de-rappeler-marquinhos-en-janvier\/"},"author":{"name":"Cl\u00e9ment","@id":"https:\/\/footdavant.fr\/actualites\/#\/schema\/person\/bc222566d95871b37e597b3ed3ba5e1d"},"headline":"Arsenal envisage-t-il de rappeler Marquinhos en janvier ?","datePublished":"2023-11-01T18:51:13+00:00","dateModified":"2023-11-01T18:51:13+00:00","mainEntityOfPage":{"@id":"https:\/\/footdavant.fr\/actualites\/arsenal-envisage-t-il-de-rappeler-marquinhos-en-janvier\/"},"wordCount":609,"publisher":{"@id":"https:\/\/footdavant.fr\/actualites\/#organization"},"keywords":["Arsenal","envisagetil","janvier","Marquinhos","rappeler"],"articleSection":["Premier League"],"inLanguage":"fr-FR"},{"@type":"WebPage","@id":"https:\/\/footdavant.fr\/actualites\/arsenal-envisage-t-il-de-rappeler-marquinhos-en-janvier\/","url":"https:\/\/footdavant.fr\/actualites\/arsenal-envisage-t-il-de-rappeler-marquinhos-en-janvier\/","name":"Arsenal envisage-t-il de rappeler Marquinhos en janvier ?","isPartOf":{"@id":"https:\/\/footdavant.fr\/actualites\/#website"},"datePublished":"2023-11-01T18:51:13+00:00","dateModified":"2023-11-01T18:51:13+00:00","breadcrumb":{"@id":"https:\/\/footdavant.fr\/actualites\/arsenal-envisage-t-il-de-rappeler-marquinhos-en-janvier\/#breadcrumb"},"inLanguage":"fr-FR","potentialAction":[{"@type":"ReadAction","target":["https:\/\/footdavant.fr\/actualites\/arsenal-envisage-t-il-de-rappeler-marquinhos-en-janvier\/"]}]},{"@type":"BreadcrumbList","@id":"https:\/\/footdavant.fr\/actualites\/arsenal-envisage-t-il-de-rappeler-marquinhos-en-janvier\/#breadcrumb","itemListElement":[{"@type":"ListItem","position":1,"name":"Accueil","item":"https:\/\/footdavant.fr\/actualites\/"},{"@type":"ListItem","position":2,"name":"Arsenal envisage-t-il de rappeler Marquinhos en janvier ?"}]},{"@type":"WebSite","@id":"https:\/\/footdavant.fr\/actualites\/#website","url":"https:\/\/footdavant.fr\/actualites\/","name":"Foot d'avant","description":"","publisher":{"@id":"https:\/\/footdavant.fr\/actualites\/#organization"},"potentialAction":[{"@type":"SearchAction","target":{"@type":"EntryPoint","urlTemplate":"https:\/\/footdavant.fr\/actualites\/?s={search_term_string}"},"query-input":"required name=search_term_string"}],"inLanguage":"fr-FR"},{"@type":"Organization","@id":"https:\/\/footdavant.fr\/actualites\/#organization","name":"Foot d'avant","url":"https:\/\/footdavant.fr\/actualites\/","logo":{"@type":"ImageObject","inLanguage":"fr-FR","@id":"https:\/\/footdavant.fr\/actualites\/#\/schema\/logo\/image\/","url":"https:\/\/footdavant.fr\/actualites\/wp-content\/uploads\/2023\/09\/Copy-of-FootDavant-Logo.png","contentUrl":"https:\/\/footdavant.fr\/actualites\/wp-content\/uploads\/2023\/09\/Copy-of-FootDavant-Logo.png","width":936,"height":549,"caption":"Foot d'avant"},"image":{"@id":"https:\/\/footdavant.fr\/actualites\/#\/schema\/logo\/image\/"},"sameAs":["https:\/\/www.facebook.com\/Footdavant\/","https:\/\/twitter.com\/FootdavantFr","https:\/\/www.instagram.com\/footdavant.fr\/"]},{"@type":"Person","@id":"https:\/\/footdavant.fr\/actualites\/#\/schema\/person\/bc222566d95871b37e597b3ed3ba5e1d","name":"Cl\u00e9ment","image":{"@type":"ImageObject","inLanguage":"fr-FR","@id":"https:\/\/footdavant.fr\/actualites\/#\/schema\/person\/image\/","url":"https:\/\/secure.gravatar.com\/avatar\/7728b29aac2719421e1a9159b2254c44?s=96&d=mm&r=g","contentUrl":"https:\/\/secure.gravatar.com\/avatar\/7728b29aac2719421e1a9159b2254c44?s=96&d=mm&r=g","caption":"Cl\u00e9ment"},"sameAs":["https:\/\/footdavant.fr\/"]}]}},"_links":{"self":[{"href":"https:\/\/footdavant.fr\/actualites\/wp-json\/wp\/v2\/posts\/149"}],"collection":[{"href":"https:\/\/footdavant.fr\/actualites\/wp-json\/wp\/v2\/posts"}],"about":[{"href":"https:\/\/footdavant.fr\/actualites\/wp-json\/wp\/v2\/types\/post"}],"author":[{"embeddable":true,"href":"https:\/\/footdavant.fr\/actualites\/wp-json\/wp\/v2\/users\/1"}],"replies":[{"embeddable":true,"href":"https:\/\/footdavant.fr\/actualites\/wp-json\/wp\/v2\/comments?post=149"}],"version-history":[{"count":1,"href":"https:\/\/footdavant.fr\/actualites\/wp-json\/wp\/v2\/posts\/149\/revisions"}],"predecessor-version":[{"id":151,"href":"https:\/\/footdavant.fr\/actualites\/wp-json\/wp\/v2\/posts\/149\/revisions\/151"}],"wp:featuredmedia":[{"embeddable":true,"href":"https:\/\/footdavant.fr\/actualites\/wp-json\/wp\/v2\/media\/150"}],"wp:attachment":[{"href":"https:\/\/footdavant.fr\/actualites\/wp-json\/wp\/v2\/media?parent=149"}],"wp:term":[{"taxonomy":"category","embeddable":true,"href":"https:\/\/footdavant.fr\/actualites\/wp-json\/wp\/v2\/categories?post=149"},{"taxonomy":"post_tag","embeddable":true,"href":"https:\/\/footdavant.fr\/actualites\/wp-json\/wp\/v2\/tags?post=149"}],"curies":[{"name":"wp","href":"https:\/\/api.w.org\/{rel}","templated":true}]}}