{"id":14916,"date":"2024-10-18T05:49:06","date_gmt":"2024-10-18T03:49:06","guid":{"rendered":"https:\/\/footdavant.fr\/actualites\/le-plateau-dentree-pour-le-prochain-manager-feminin-darsenal\/"},"modified":"2024-10-18T05:49:08","modified_gmt":"2024-10-18T03:49:08","slug":"le-plateau-dentree-pour-le-prochain-manager-feminin-darsenal","status":"publish","type":"post","link":"https:\/\/footdavant.fr\/actualites\/le-plateau-dentree-pour-le-prochain-manager-feminin-darsenal\/","title":{"rendered":"Le plateau d&#39;entr\u00e9e pour le prochain manager f\u00e9minin d&#39;Arsenal"},"content":{"rendered":"<div>\n<p>Suite \u00e0 la d\u00e9mission de Jonas Eidevall en d\u00e9but de semaine, Arsenal Women est \u00e0 la recherche d&#39;un nouvel entra\u00eeneur. Dans notre newsletter hebdomadaire Arsenal Women Substack de mercredi, j&#39;ai \u00e9crit sur la fa\u00e7on dont la nomination d&#39;Eidevall en 2021 a corrig\u00e9 de nombreux probl\u00e8mes que nous avons constat\u00e9s et qui ont conduit son pr\u00e9d\u00e9cesseur Joe Montemurro \u00e0 d\u00e9missionner \u00e0 la fin de la saison 2020-21.<\/p>\n<p>Mais en corrigeant certains de ces probl\u00e8mes contre les plus grands adversaires et en jouant efficacement contre une presse haute, certains des points forts de la direction de Montemurro &#8211; la libert\u00e9 et la fluidit\u00e9 de l&#39;attaque et la capacit\u00e9 de battre confortablement les \u00e9quipes de la moiti\u00e9 inf\u00e9rieure du tableau &#8211; ont \u00e9t\u00e9 perdus. Une identit\u00e9 de jeu plus ferme sera une grande partie de la responsabilit\u00e9 du prochain entra\u00eeneur.<\/p>\n<p>Sous Eidevall, Arsenal \u00e9tait tr\u00e8s fort dans les grands matchs car il \u00e9tait un tr\u00e8s bon micromanager tactique d\u00e8s l&#39;abri et fort dans la pr\u00e9paration contre les forces de l&#39;adversaire. Il \u00e9tait dou\u00e9 pour faire des ajustements dans le jeu et adapter les s\u00e9lections de son \u00e9quipe en fonction de l&#39;adversaire. Apr\u00e8s le r\u00e9cent match nul 2-2 contre Manchester City, Eidevall a expliqu\u00e9 \u00e0 quel point il aimait entra\u00eener lors des grands matchs.<\/p>\n<p>\u00ab\u00a0Dans un jeu comme celui-ci, il y a diff\u00e9rentes phases et c&#39;est en partie ce qui rend un jeu comme celui-ci si stimulant. J&#39;esp\u00e8re que c&#39;est stimulant en tant que joueur, c&#39;est certainement stimulant en tant qu&#39;entra\u00eeneur\u2026 Vous recueillez constamment des informations, prenez des d\u00e9cisions, comprenez quelle partie du plan de match nous ex\u00e9cutons au bon moment, \u00eates bon en communication et communiquez les choses dans le bon moment. bonne voie aux joueurs. C&#39;est un \u00e9tat de vigilance.<\/p>\n<p>Le probl\u00e8me \u00e9tait bien plus important dans les matchs o\u00f9 il n&#39;y avait pas beaucoup de microgestion tactique n\u00e9cessaire, o\u00f9 les \u00e9quipes faisaient asseoir huit joueurs dans leur surface de r\u00e9paration et invitaient Arsenal \u00e0 les briser. Dans ces jeux, vous avez besoin d\u2019un style de jeu et de principes fermes pour briser les \u00e9quipes et Arsenal n\u2019y est tout simplement jamais parvenu sous Jonas. Si le nouveau manager parvient \u00e0 combiner les meilleures qualit\u00e9s des \u00e9quipes d&#39;Arsenal de Montemurro et d&#39;Eidevall, ce serait un bon d\u00e9but !<\/p>\n<p>Le nouveau manager devra mettre en \u0153uvre un style de jeu plus ferme sur lequel les joueurs pourront s&#39;appuyer. Dans la routine d&#39;une saison de championnat, surtout lorsque votre ambition est de remporter le championnat, les joueurs ont besoin d&#39;une forte m\u00e9moire musculaire en mati\u00e8re de style et le nouvel entra\u00eeneur devra l&#39;avoir dans sa poche arri\u00e8re. Pour un nouvel entra\u00eeneur, c\u2019est un travail attractif.<\/p>\n<p>Non seulement vous aurez affaire \u00e0 la seule \u00e9quipe f\u00e9minine au monde qui fait une moyenne de 30 000 pour ses matchs \u00e0 domicile, mais vous aurez l&#39;opportunit\u00e9 de reconstruire l&#39;\u00e9quipe \u00e0 votre image. Eidevall a repris une \u00e9quipe qui \u00e9tait, dans l\u2019ensemble, au milieu de la vingtaine \/ au d\u00e9but de l\u2019ann\u00e9e 2021. Maintenant, l\u2019\u00e9quipe est en grande partie \u00e0 son apog\u00e9e tardive et cela signifie qu\u2019une reconstruction rel\u00e8vera du mandat du prochain entra\u00eeneur.<\/p>\n<p>Arsenal a d\u00e9but\u00e9 sa d\u00e9faite 2-1 en WSL contre Chelsea samedi avec six joueurs de 28 ans ou plus dans la formation de d\u00e9part. L&#39;\u00e2ge moyen de l&#39;\u00e9quipe \u00e9tait de 27 ans et l&#39;un des trois rempla\u00e7ants, Stina Blackstenius, avait 28 ans. Le prochain entra\u00eeneur aura l&#39;opportunit\u00e9 de construire la prochaine it\u00e9ration de l&#39;\u00e9quipe.<\/p>\n<p>Le double pivot de longue date du milieu de terrain compos\u00e9 de Kim Little (34 ans) et Lia Walti (31 ans) a d\u00e9j\u00e0 \u00e9t\u00e9 pr\u00e9par\u00e9 pour l&#39;avenir avec les arriv\u00e9es de Kyra Cooney-Cross (22 ans), Kathrine Kuhl (22 ans) et Victoria Pelova (25 ans). derni\u00e8res saisons avec Rosa Kafaji, 21 ans, \u00e9galement ajout\u00e9e au cours de l&#39;\u00e9t\u00e9. Alors que Pelova s&#39;est impos\u00e9e comme un \u00e9l\u00e9ment incontournable de l&#39;\u00e9quipe avant sa blessure au LCA, Kuhl et Cooney-Cross ont d\u00fb \u00eatre un peu plus patients et Kafaji a \u00e9t\u00e9 un rempla\u00e7ant inutilis\u00e9 lors des deux derniers matchs.<\/p>\n<p>Il y a eu un sentiment de tension entre l&#39;avenir et le pr\u00e9sent du milieu de terrain d&#39;Arsenal, mais le nouvel entra\u00eeneur devra, \u00e0 un moment donn\u00e9, superviser cette transition avec fermet\u00e9. Parfois, c\u2019est un bon point pour devenir entra\u00eeneur, les \u00e9poques interm\u00e9diaires peuvent \u00eatre difficiles \u00e0 g\u00e9rer alors qu\u2019il y a une certaine valeur \u00e0 ce que la nouvelle personne arrive en sachant tr\u00e8s bien qu\u2019elle devra manier le nouveau balai au cours de son mandat.<\/p>\n<p>Je pense que l\u2019USWNT a connu une situation comparable r\u00e9cemment. En 2019, Vlatko Andonovski a repris une \u00e9quipe \u00e0 la fin de son apog\u00e9e et a d\u00fb soigneusement essayer de g\u00e9rer la transition loin de l&#39;\u00e9quipe pr\u00e9c\u00e9dente compos\u00e9e de stars avec des personnalit\u00e9s comme Megan Rapinoe, Alex Morgan et Becky Sauerbrunn vieillissant sous sa surveillance. Emma Hayes, qui a pris les r\u00eanes cet \u00e9t\u00e9, a r\u00e9ussi \u00e0 r\u00e9aliser une rupture beaucoup plus nette dans la chronologie et \u00e0 construire solidement l&#39;\u00e9quipe autour de jeunes talents en plein essor comme Sophia Smith, Trinity Rodman et Naomi Girma, qui sont maintenant pr\u00eates \u00e0 prendre la rel\u00e8ve. \u00e9quipe.<\/p>\n<p>Les quatre options seniors d&#39;Arsenal sont actuellement repr\u00e9sent\u00e9es par trois joueurs de 29 ans et un joueur de 28 ans. Ce n\u2019est en aucun cas un territoire d\u2019usine de colle, mais Arsenal doit avoir au moins une option plus jeune. Jonas Eidevall a tent\u00e9 de faciliter cela avec la signature de Gio \u00e0 l\u2019\u00e9t\u00e9 2022, mais cette d\u00e9cision a \u00e9t\u00e9 abandonn\u00e9e.<\/p>\n<p>Int\u00e9grer des jeunes talents n&#39;\u00e9tait pas quelque chose qu&#39;Arsenal \u00e9tait capable de faire pendant le r\u00e8gne d&#39;Eidevall mais, comme je l&#39;ai dit, il a supervis\u00e9 une sorte d&#39;\u00e8re \u00ab interm\u00e9diaire \u00bb o\u00f9 de nombreux joueurs cl\u00e9s ont obtenu leur dipl\u00f4me entre le premier et le dernier stade. Cela ne sera pas le cas pour le nouvel entra\u00eeneur et superviser \u00e0 la fois l&#39;injection de jeunes dans l&#39;\u00e9quipe via le march\u00e9 et l&#39;int\u00e9gration compl\u00e8te de jeunes joueurs comme Cooney-Cross et Kafaji feront partie du bac du nouvel entra\u00eeneur.<\/p>\n<p>L&#39;avenir de l&#39;\u00e9quipe ne se fera peut-\u00eatre pas demain, mais si l&#39;on suppose que le nouvel entra\u00eeneur sera en place pendant quelques ann\u00e9es, au moins, il sera sous sa surveillance. Avec cette opportunit\u00e9, le poste d&#39;entra\u00eeneur-chef d&#39;Arsenal f\u00e9minin occupe actuellement l&#39;un des postes les plus attractifs du football f\u00e9minin. Mais cela s\u2019accompagne d\u2019un niveau de surveillance plus \u00e9lev\u00e9 que celui de la grande majorit\u00e9 des postes occup\u00e9s dans le football f\u00e9minin.<\/p>\n<p>Le fait que les mots \u00ab JONAS OUT \u00bb aient \u00e9t\u00e9 inscrits en lettres g\u00e9antes sur un mur pr\u00e8s de l&#39;Emirates Stadium la semaine derni\u00e8re a \u00e9t\u00e9 un moment d\u00e9cisif pour le football f\u00e9minin, aussi d\u00e9sagr\u00e9able que cela ait d\u00fb \u00eatre pour Eidevall lui-m\u00eame. Les lacunes d\u2019Arsenal sont examin\u00e9es \u00e0 un microscope plus intense que celui de la grande majorit\u00e9 des clubs europ\u00e9ens.<\/p>\n<p>L&#39;\u00e9chec de Manchester City \u00e0 remporter la WSL depuis 2016 et son effondrement tardif lors de la course au titre la saison derni\u00e8re sont \u00e0 peine remarqu\u00e9s, par exemple. Le niveau est \u00e9lev\u00e9 chez Arsenal Women et ce depuis des d\u00e9cennies, la surveillance est \u00e9lev\u00e9e, mais les opportunit\u00e9s le sont aussi. Arsenal \u00e9tait pr\u00eat \u00e0 battre le record de transfert f\u00e9minin pour Keira Walsh il y a un mois, ils disposent de suffisamment de ressources et une reconstruction est en cours. C&#39;est un travail d&#39;aplomb pour un entra\u00eeneur ambitieux, mais c&#39;est aussi un rendez-vous dont Arsenal a vraiment besoin pour r\u00e9ussir.<\/p>\n<\/div>\n","protected":false},"excerpt":{"rendered":"<p>Suite \u00e0 la d\u00e9mission de Jonas Eidevall en d\u00e9but de semaine, Arsenal Women est \u00e0 la recherche d&#39;un nouvel entra\u00eeneur. Dans notre newsletter hebdomadaire Arsenal<\/p>\n","protected":false},"author":1,"featured_media":14917,"comment_status":"closed","ping_status":"","sticky":false,"template":"","format":"standard","meta":{"footnotes":""},"categories":[3],"tags":[4221,6773,6774,504,6772,51,1257],"yoast_head":"<!-- This site is optimized with the Yoast SEO plugin v21.0 - https:\/\/yoast.com\/wordpress\/plugins\/seo\/ -->\n<title>Le plateau d&#039;entr\u00e9e pour le prochain manager f\u00e9minin d&#039;Arsenal<\/title>\n<meta name=\"robots\" content=\"index, follow, max-snippet:-1, max-image-preview:large, max-video-preview:-1\" \/>\n<link rel=\"canonical\" href=\"https:\/\/footdavant.fr\/actualites\/le-plateau-dentree-pour-le-prochain-manager-feminin-darsenal\/\" \/>\n<meta property=\"og:locale\" content=\"fr_FR\" \/>\n<meta property=\"og:type\" content=\"article\" \/>\n<meta property=\"og:title\" content=\"Le plateau d&#039;entr\u00e9e pour le prochain manager f\u00e9minin d&#039;Arsenal\" \/>\n<meta property=\"og:description\" content=\"Suite \u00e0 la d\u00e9mission de Jonas Eidevall en d\u00e9but de semaine, Arsenal Women est \u00e0 la recherche d&#039;un nouvel entra\u00eeneur. Dans notre newsletter hebdomadaire Arsenal\" \/>\n<meta property=\"og:url\" content=\"https:\/\/footdavant.fr\/actualites\/le-plateau-dentree-pour-le-prochain-manager-feminin-darsenal\/\" \/>\n<meta property=\"og:site_name\" content=\"Foot d&#039;avant\" \/>\n<meta property=\"article:publisher\" content=\"https:\/\/www.facebook.com\/Footdavant\/\" \/>\n<meta property=\"article:published_time\" content=\"2024-10-18T03:49:06+00:00\" \/>\n<meta property=\"article:modified_time\" content=\"2024-10-18T03:49:08+00:00\" \/>\n<meta property=\"og:image\" content=\"https:\/\/footdavant.fr\/actualites\/wp-content\/uploads\/2024\/10\/Le-plateau-d39entree-pour-le-prochain-manager-feminin-d39Arsenal.jpg\" \/>\n\t<meta property=\"og:image:width\" content=\"1024\" \/>\n\t<meta property=\"og:image:height\" content=\"576\" \/>\n\t<meta property=\"og:image:type\" content=\"image\/jpeg\" \/>\n<meta name=\"author\" content=\"Cl\u00e9ment\" \/>\n<meta name=\"twitter:card\" content=\"summary_large_image\" \/>\n<meta name=\"twitter:creator\" content=\"@FootdavantFr\" \/>\n<meta name=\"twitter:site\" content=\"@FootdavantFr\" \/>\n<meta name=\"twitter:label1\" content=\"\u00c9crit par\" \/>\n\t<meta name=\"twitter:data1\" content=\"Cl\u00e9ment\" \/>\n\t<meta name=\"twitter:label2\" content=\"Dur\u00e9e de lecture estim\u00e9e\" \/>\n\t<meta name=\"twitter:data2\" content=\"7 minutes\" \/>\n<script type=\"application\/ld+json\" class=\"yoast-schema-graph\">{\"@context\":\"https:\/\/schema.org\",\"@graph\":[{\"@type\":\"Article\",\"@id\":\"https:\/\/footdavant.fr\/actualites\/le-plateau-dentree-pour-le-prochain-manager-feminin-darsenal\/#article\",\"isPartOf\":{\"@id\":\"https:\/\/footdavant.fr\/actualites\/le-plateau-dentree-pour-le-prochain-manager-feminin-darsenal\/\"},\"author\":{\"name\":\"Cl\u00e9ment\",\"@id\":\"https:\/\/footdavant.fr\/actualites\/#\/schema\/person\/bc222566d95871b37e597b3ed3ba5e1d\"},\"headline\":\"Le plateau d&#39;entr\u00e9e pour le prochain manager f\u00e9minin d&#39;Arsenal\",\"datePublished\":\"2024-10-18T03:49:06+00:00\",\"dateModified\":\"2024-10-18T03:49:08+00:00\",\"mainEntityOfPage\":{\"@id\":\"https:\/\/footdavant.fr\/actualites\/le-plateau-dentree-pour-le-prochain-manager-feminin-darsenal\/\"},\"wordCount\":1380,\"publisher\":{\"@id\":\"https:\/\/footdavant.fr\/actualites\/#organization\"},\"keywords\":[\"d39Arsenal\",\"d39entr\u00e9e\",\"f\u00e9minin\",\"manager\",\"plateau\",\"pour\",\"prochain\"],\"articleSection\":[\"Football\"],\"inLanguage\":\"fr-FR\"},{\"@type\":\"WebPage\",\"@id\":\"https:\/\/footdavant.fr\/actualites\/le-plateau-dentree-pour-le-prochain-manager-feminin-darsenal\/\",\"url\":\"https:\/\/footdavant.fr\/actualites\/le-plateau-dentree-pour-le-prochain-manager-feminin-darsenal\/\",\"name\":\"Le plateau d&#39;entr\u00e9e pour le prochain manager f\u00e9minin d&#39;Arsenal\",\"isPartOf\":{\"@id\":\"https:\/\/footdavant.fr\/actualites\/#website\"},\"datePublished\":\"2024-10-18T03:49:06+00:00\",\"dateModified\":\"2024-10-18T03:49:08+00:00\",\"breadcrumb\":{\"@id\":\"https:\/\/footdavant.fr\/actualites\/le-plateau-dentree-pour-le-prochain-manager-feminin-darsenal\/#breadcrumb\"},\"inLanguage\":\"fr-FR\",\"potentialAction\":[{\"@type\":\"ReadAction\",\"target\":[\"https:\/\/footdavant.fr\/actualites\/le-plateau-dentree-pour-le-prochain-manager-feminin-darsenal\/\"]}]},{\"@type\":\"BreadcrumbList\",\"@id\":\"https:\/\/footdavant.fr\/actualites\/le-plateau-dentree-pour-le-prochain-manager-feminin-darsenal\/#breadcrumb\",\"itemListElement\":[{\"@type\":\"ListItem\",\"position\":1,\"name\":\"Accueil\",\"item\":\"https:\/\/footdavant.fr\/actualites\/\"},{\"@type\":\"ListItem\",\"position\":2,\"name\":\"Le plateau d&#39;entr\u00e9e pour le prochain manager f\u00e9minin d&#39;Arsenal\"}]},{\"@type\":\"WebSite\",\"@id\":\"https:\/\/footdavant.fr\/actualites\/#website\",\"url\":\"https:\/\/footdavant.fr\/actualites\/\",\"name\":\"Foot d'avant\",\"description\":\"\",\"publisher\":{\"@id\":\"https:\/\/footdavant.fr\/actualites\/#organization\"},\"potentialAction\":[{\"@type\":\"SearchAction\",\"target\":{\"@type\":\"EntryPoint\",\"urlTemplate\":\"https:\/\/footdavant.fr\/actualites\/?s={search_term_string}\"},\"query-input\":\"required name=search_term_string\"}],\"inLanguage\":\"fr-FR\"},{\"@type\":\"Organization\",\"@id\":\"https:\/\/footdavant.fr\/actualites\/#organization\",\"name\":\"Foot d'avant\",\"url\":\"https:\/\/footdavant.fr\/actualites\/\",\"logo\":{\"@type\":\"ImageObject\",\"inLanguage\":\"fr-FR\",\"@id\":\"https:\/\/footdavant.fr\/actualites\/#\/schema\/logo\/image\/\",\"url\":\"https:\/\/footdavant.fr\/actualites\/wp-content\/uploads\/2023\/09\/Copy-of-FootDavant-Logo.png\",\"contentUrl\":\"https:\/\/footdavant.fr\/actualites\/wp-content\/uploads\/2023\/09\/Copy-of-FootDavant-Logo.png\",\"width\":936,\"height\":549,\"caption\":\"Foot d'avant\"},\"image\":{\"@id\":\"https:\/\/footdavant.fr\/actualites\/#\/schema\/logo\/image\/\"},\"sameAs\":[\"https:\/\/www.facebook.com\/Footdavant\/\",\"https:\/\/twitter.com\/FootdavantFr\",\"https:\/\/www.instagram.com\/footdavant.fr\/\"]},{\"@type\":\"Person\",\"@id\":\"https:\/\/footdavant.fr\/actualites\/#\/schema\/person\/bc222566d95871b37e597b3ed3ba5e1d\",\"name\":\"Cl\u00e9ment\",\"image\":{\"@type\":\"ImageObject\",\"inLanguage\":\"fr-FR\",\"@id\":\"https:\/\/footdavant.fr\/actualites\/#\/schema\/person\/image\/\",\"url\":\"https:\/\/secure.gravatar.com\/avatar\/7728b29aac2719421e1a9159b2254c44?s=96&d=mm&r=g\",\"contentUrl\":\"https:\/\/secure.gravatar.com\/avatar\/7728b29aac2719421e1a9159b2254c44?s=96&d=mm&r=g\",\"caption\":\"Cl\u00e9ment\"},\"sameAs\":[\"https:\/\/footdavant.fr\/\"]}]}<\/script>\n<!-- \/ Yoast SEO plugin. -->","yoast_head_json":{"title":"Le plateau d&#39;entr\u00e9e pour le prochain manager f\u00e9minin d&#39;Arsenal","robots":{"index":"index","follow":"follow","max-snippet":"max-snippet:-1","max-image-preview":"max-image-preview:large","max-video-preview":"max-video-preview:-1"},"canonical":"https:\/\/footdavant.fr\/actualites\/le-plateau-dentree-pour-le-prochain-manager-feminin-darsenal\/","og_locale":"fr_FR","og_type":"article","og_title":"Le plateau d&#39;entr\u00e9e pour le prochain manager f\u00e9minin d&#39;Arsenal","og_description":"Suite \u00e0 la d\u00e9mission de Jonas Eidevall en d\u00e9but de semaine, Arsenal Women est \u00e0 la recherche d&#39;un nouvel entra\u00eeneur. Dans notre newsletter hebdomadaire Arsenal","og_url":"https:\/\/footdavant.fr\/actualites\/le-plateau-dentree-pour-le-prochain-manager-feminin-darsenal\/","og_site_name":"Foot d&#039;avant","article_publisher":"https:\/\/www.facebook.com\/Footdavant\/","article_published_time":"2024-10-18T03:49:06+00:00","article_modified_time":"2024-10-18T03:49:08+00:00","og_image":[{"width":1024,"height":576,"url":"https:\/\/footdavant.fr\/actualites\/wp-content\/uploads\/2024\/10\/Le-plateau-d39entree-pour-le-prochain-manager-feminin-d39Arsenal.jpg","type":"image\/jpeg"}],"author":"Cl\u00e9ment","twitter_card":"summary_large_image","twitter_creator":"@FootdavantFr","twitter_site":"@FootdavantFr","twitter_misc":{"\u00c9crit par":"Cl\u00e9ment","Dur\u00e9e de lecture estim\u00e9e":"7 minutes"},"schema":{"@context":"https:\/\/schema.org","@graph":[{"@type":"Article","@id":"https:\/\/footdavant.fr\/actualites\/le-plateau-dentree-pour-le-prochain-manager-feminin-darsenal\/#article","isPartOf":{"@id":"https:\/\/footdavant.fr\/actualites\/le-plateau-dentree-pour-le-prochain-manager-feminin-darsenal\/"},"author":{"name":"Cl\u00e9ment","@id":"https:\/\/footdavant.fr\/actualites\/#\/schema\/person\/bc222566d95871b37e597b3ed3ba5e1d"},"headline":"Le plateau d&#39;entr\u00e9e pour le prochain manager f\u00e9minin d&#39;Arsenal","datePublished":"2024-10-18T03:49:06+00:00","dateModified":"2024-10-18T03:49:08+00:00","mainEntityOfPage":{"@id":"https:\/\/footdavant.fr\/actualites\/le-plateau-dentree-pour-le-prochain-manager-feminin-darsenal\/"},"wordCount":1380,"publisher":{"@id":"https:\/\/footdavant.fr\/actualites\/#organization"},"keywords":["d39Arsenal","d39entr\u00e9e","f\u00e9minin","manager","plateau","pour","prochain"],"articleSection":["Football"],"inLanguage":"fr-FR"},{"@type":"WebPage","@id":"https:\/\/footdavant.fr\/actualites\/le-plateau-dentree-pour-le-prochain-manager-feminin-darsenal\/","url":"https:\/\/footdavant.fr\/actualites\/le-plateau-dentree-pour-le-prochain-manager-feminin-darsenal\/","name":"Le plateau d&#39;entr\u00e9e pour le prochain manager f\u00e9minin d&#39;Arsenal","isPartOf":{"@id":"https:\/\/footdavant.fr\/actualites\/#website"},"datePublished":"2024-10-18T03:49:06+00:00","dateModified":"2024-10-18T03:49:08+00:00","breadcrumb":{"@id":"https:\/\/footdavant.fr\/actualites\/le-plateau-dentree-pour-le-prochain-manager-feminin-darsenal\/#breadcrumb"},"inLanguage":"fr-FR","potentialAction":[{"@type":"ReadAction","target":["https:\/\/footdavant.fr\/actualites\/le-plateau-dentree-pour-le-prochain-manager-feminin-darsenal\/"]}]},{"@type":"BreadcrumbList","@id":"https:\/\/footdavant.fr\/actualites\/le-plateau-dentree-pour-le-prochain-manager-feminin-darsenal\/#breadcrumb","itemListElement":[{"@type":"ListItem","position":1,"name":"Accueil","item":"https:\/\/footdavant.fr\/actualites\/"},{"@type":"ListItem","position":2,"name":"Le plateau d&#39;entr\u00e9e pour le prochain manager f\u00e9minin d&#39;Arsenal"}]},{"@type":"WebSite","@id":"https:\/\/footdavant.fr\/actualites\/#website","url":"https:\/\/footdavant.fr\/actualites\/","name":"Foot d'avant","description":"","publisher":{"@id":"https:\/\/footdavant.fr\/actualites\/#organization"},"potentialAction":[{"@type":"SearchAction","target":{"@type":"EntryPoint","urlTemplate":"https:\/\/footdavant.fr\/actualites\/?s={search_term_string}"},"query-input":"required name=search_term_string"}],"inLanguage":"fr-FR"},{"@type":"Organization","@id":"https:\/\/footdavant.fr\/actualites\/#organization","name":"Foot d'avant","url":"https:\/\/footdavant.fr\/actualites\/","logo":{"@type":"ImageObject","inLanguage":"fr-FR","@id":"https:\/\/footdavant.fr\/actualites\/#\/schema\/logo\/image\/","url":"https:\/\/footdavant.fr\/actualites\/wp-content\/uploads\/2023\/09\/Copy-of-FootDavant-Logo.png","contentUrl":"https:\/\/footdavant.fr\/actualites\/wp-content\/uploads\/2023\/09\/Copy-of-FootDavant-Logo.png","width":936,"height":549,"caption":"Foot d'avant"},"image":{"@id":"https:\/\/footdavant.fr\/actualites\/#\/schema\/logo\/image\/"},"sameAs":["https:\/\/www.facebook.com\/Footdavant\/","https:\/\/twitter.com\/FootdavantFr","https:\/\/www.instagram.com\/footdavant.fr\/"]},{"@type":"Person","@id":"https:\/\/footdavant.fr\/actualites\/#\/schema\/person\/bc222566d95871b37e597b3ed3ba5e1d","name":"Cl\u00e9ment","image":{"@type":"ImageObject","inLanguage":"fr-FR","@id":"https:\/\/footdavant.fr\/actualites\/#\/schema\/person\/image\/","url":"https:\/\/secure.gravatar.com\/avatar\/7728b29aac2719421e1a9159b2254c44?s=96&d=mm&r=g","contentUrl":"https:\/\/secure.gravatar.com\/avatar\/7728b29aac2719421e1a9159b2254c44?s=96&d=mm&r=g","caption":"Cl\u00e9ment"},"sameAs":["https:\/\/footdavant.fr\/"]}]}},"_links":{"self":[{"href":"https:\/\/footdavant.fr\/actualites\/wp-json\/wp\/v2\/posts\/14916"}],"collection":[{"href":"https:\/\/footdavant.fr\/actualites\/wp-json\/wp\/v2\/posts"}],"about":[{"href":"https:\/\/footdavant.fr\/actualites\/wp-json\/wp\/v2\/types\/post"}],"author":[{"embeddable":true,"href":"https:\/\/footdavant.fr\/actualites\/wp-json\/wp\/v2\/users\/1"}],"replies":[{"embeddable":true,"href":"https:\/\/footdavant.fr\/actualites\/wp-json\/wp\/v2\/comments?post=14916"}],"version-history":[{"count":1,"href":"https:\/\/footdavant.fr\/actualites\/wp-json\/wp\/v2\/posts\/14916\/revisions"}],"predecessor-version":[{"id":14918,"href":"https:\/\/footdavant.fr\/actualites\/wp-json\/wp\/v2\/posts\/14916\/revisions\/14918"}],"wp:featuredmedia":[{"embeddable":true,"href":"https:\/\/footdavant.fr\/actualites\/wp-json\/wp\/v2\/media\/14917"}],"wp:attachment":[{"href":"https:\/\/footdavant.fr\/actualites\/wp-json\/wp\/v2\/media?parent=14916"}],"wp:term":[{"taxonomy":"category","embeddable":true,"href":"https:\/\/footdavant.fr\/actualites\/wp-json\/wp\/v2\/categories?post=14916"},{"taxonomy":"post_tag","embeddable":true,"href":"https:\/\/footdavant.fr\/actualites\/wp-json\/wp\/v2\/tags?post=14916"}],"curies":[{"name":"wp","href":"https:\/\/api.w.org\/{rel}","templated":true}]}}