{"id":14922,"date":"2024-10-18T09:49:20","date_gmt":"2024-10-18T07:49:20","guid":{"rendered":"https:\/\/footdavant.fr\/actualites\/van-dijk-souhaite-prolonger-son-contrat-les-salaires-ne-sont-pas-un-gros-probleme\/"},"modified":"2024-10-18T09:49:21","modified_gmt":"2024-10-18T07:49:21","slug":"van-dijk-souhaite-prolonger-son-contrat-les-salaires-ne-sont-pas-un-gros-probleme","status":"publish","type":"post","link":"https:\/\/footdavant.fr\/actualites\/van-dijk-souhaite-prolonger-son-contrat-les-salaires-ne-sont-pas-un-gros-probleme\/","title":{"rendered":"Van Dijk souhaite prolonger son contrat, les salaires ne sont pas un gros probl\u00e8me"},"content":{"rendered":"<div id=\"article-body\">\n<!-- Article Start --><\/p>\n<p>Le contrat du d\u00e9fenseur central expire \u00e0 la fin de cette saison, mais les signes sont positifs quant \u00e0 une prolongation, affirme l&#39;initi\u00e9 fiable de Liverpool.<\/p>\n<p>Lynch a d\u00e9clar\u00e9 sur la cha\u00eene YouTube Anfield Agenda\u00a0: <\/p>\n<p>L&#39;ancien homme de Southampton gagne actuellement 220 000 \u00a3 par semaine (Spotrac.com). Pendant ce temps, le roi \u00e9gyptien gagne 350 000 \u00a3 par semaine.<\/p>\n<p>Le capitaine du club a d\u00e9but\u00e9 tous les matchs de Premier League et de Ligue des Champions cette saison, aidant les Reds \u00e0 obtenir le meilleur bilan d\u00e9fensif de l&#39;\u00e9lite anglaise.<\/p>\n<h2>La prolongation de Van Dijk n&#39;est pas un souhait, mais un besoin<\/h2>\n<figure class=\"wp-caption alignnone\"><picture><source type=\"image\/webp\" data- data-><\/source><\/picture><\/figure>\n<p>Le joueur de 33 ans a remport\u00e9 le plus de duels a\u00e9riens parmi tous les joueurs de Premier League et ses statistiques d\u00e9fensives de 5,4 d\u00e9gagements, 0,6 plaqu\u00e9s et 2,4 interceptions par match sont tr\u00e8s impressionnantes (WhoScored).<\/p>\n<p>Ce qui ne peut cependant pas \u00eatre quantifi\u00e9, ce sont les comp\u00e9tences en leadership de cet imposant d\u00e9fenseur. Sa capacit\u00e9 \u00e0 organiser une d\u00e9fense n&#39;est \u00e9gal\u00e9e par personne dans le football mondial et il est l&#39;une des principales raisons du succ\u00e8s de Liverpool au cours des derni\u00e8res saisons.<\/p>\n<p>Les Reds ont d\u00e9j\u00e0 pris des mesures pour fa\u00e7onner leur d\u00e9fense pour les prochaines saisons, prolongeant r\u00e9cemment les contrats de Jarell Quansah et Ibrahima Konate. Cependant, les conseils et le mentorat de leur capitaine sont n\u00e9cessaires pour que ces joueurs atteignent leur apog\u00e9e.<\/p>\n<p>Van Dijk aura 34 ans au d\u00e9but de la prochaine campagne, mais depuis son retour de son horrible blessure au LCA il y a trois ans, il a \u00e9t\u00e9 comme d&#39;habitude de classe mondiale et nous redoutons de penser \u00e0 un d\u00e9fenseur sans sa pr\u00e9sence.<\/p>\n<p>Selon nous, prolonger l&#39;accord de l&#39;international n\u00e9erlandais n&#39;est pas seulement un souhait, mais un besoin. Il ne montre aucun signe de ralentissement, ses salaires ne sont pas exorbitants pour la qualit\u00e9 qu&#39;il apporte et son exp\u00e9rience est vitale pour Arne Slot and co pour se battre pour les titres majeurs.<\/p>\n<p>De plus, il semblerait que Van Dijk souhaite \u00e9galement rester ici, ce qui est une douce musique \u00e0 nos oreilles. Richard Hughes, c&#39;est notre humble demande\u00a0: r\u00e9solvez cette affaire le plus rapidement possible, s&#39;il vous pla\u00eet\u00a0!<\/p>\n<p><!-- Article End -->\t\t\t\t<\/div>\n","protected":false},"excerpt":{"rendered":"<p>Le contrat du d\u00e9fenseur central expire \u00e0 la fin de cette saison, mais les signes sont positifs quant \u00e0 une prolongation, affirme l&#39;initi\u00e9 fiable de<\/p>\n","protected":false},"author":1,"featured_media":9586,"comment_status":"closed","ping_status":"","sticky":false,"template":"","format":"standard","meta":{"footnotes":""},"categories":[3],"tags":[1218,784,1456,93,71,2243,4805,6207,86,45,1082,783],"yoast_head":"<!-- This site is optimized with the Yoast SEO plugin v21.0 - https:\/\/yoast.com\/wordpress\/plugins\/seo\/ -->\n<title>Van Dijk souhaite prolonger son contrat, les salaires ne sont pas un gros probl\u00e8me<\/title>\n<meta name=\"robots\" content=\"index, follow, max-snippet:-1, max-image-preview:large, max-video-preview:-1\" \/>\n<link rel=\"canonical\" href=\"https:\/\/footdavant.fr\/actualites\/van-dijk-souhaite-prolonger-son-contrat-les-salaires-ne-sont-pas-un-gros-probleme\/\" \/>\n<meta property=\"og:locale\" content=\"fr_FR\" \/>\n<meta property=\"og:type\" content=\"article\" \/>\n<meta property=\"og:title\" content=\"Van Dijk souhaite prolonger son contrat, les salaires ne sont pas un gros probl\u00e8me\" \/>\n<meta property=\"og:description\" content=\"Le contrat du d\u00e9fenseur central expire \u00e0 la fin de cette saison, mais les signes sont positifs quant \u00e0 une prolongation, affirme l&#039;initi\u00e9 fiable de\" \/>\n<meta property=\"og:url\" content=\"https:\/\/footdavant.fr\/actualites\/van-dijk-souhaite-prolonger-son-contrat-les-salaires-ne-sont-pas-un-gros-probleme\/\" \/>\n<meta property=\"og:site_name\" content=\"Foot d&#039;avant\" \/>\n<meta property=\"article:publisher\" content=\"https:\/\/www.facebook.com\/Footdavant\/\" \/>\n<meta property=\"article:published_time\" content=\"2024-10-18T07:49:20+00:00\" \/>\n<meta property=\"article:modified_time\" content=\"2024-10-18T07:49:21+00:00\" \/>\n<meta property=\"og:image\" content=\"https:\/\/footdavant.fr\/actualites\/wp-content\/uploads\/2024\/06\/Video-David-Lynch-nomme-le-prix-justifiable-que.jpg\" \/>\n\t<meta property=\"og:image:width\" content=\"1410\" \/>\n\t<meta property=\"og:image:height\" content=\"917\" \/>\n\t<meta property=\"og:image:type\" content=\"image\/jpeg\" \/>\n<meta name=\"author\" content=\"Cl\u00e9ment\" \/>\n<meta name=\"twitter:card\" content=\"summary_large_image\" \/>\n<meta name=\"twitter:creator\" content=\"@FootdavantFr\" \/>\n<meta name=\"twitter:site\" content=\"@FootdavantFr\" \/>\n<meta name=\"twitter:label1\" content=\"\u00c9crit par\" \/>\n\t<meta name=\"twitter:data1\" content=\"Cl\u00e9ment\" \/>\n\t<meta name=\"twitter:label2\" content=\"Dur\u00e9e de lecture estim\u00e9e\" \/>\n\t<meta name=\"twitter:data2\" content=\"2 minutes\" \/>\n<script type=\"application\/ld+json\" class=\"yoast-schema-graph\">{\"@context\":\"https:\/\/schema.org\",\"@graph\":[{\"@type\":\"Article\",\"@id\":\"https:\/\/footdavant.fr\/actualites\/van-dijk-souhaite-prolonger-son-contrat-les-salaires-ne-sont-pas-un-gros-probleme\/#article\",\"isPartOf\":{\"@id\":\"https:\/\/footdavant.fr\/actualites\/van-dijk-souhaite-prolonger-son-contrat-les-salaires-ne-sont-pas-un-gros-probleme\/\"},\"author\":{\"name\":\"Cl\u00e9ment\",\"@id\":\"https:\/\/footdavant.fr\/actualites\/#\/schema\/person\/bc222566d95871b37e597b3ed3ba5e1d\"},\"headline\":\"Van Dijk souhaite prolonger son contrat, les salaires ne sont pas un gros probl\u00e8me\",\"datePublished\":\"2024-10-18T07:49:20+00:00\",\"dateModified\":\"2024-10-18T07:49:21+00:00\",\"mainEntityOfPage\":{\"@id\":\"https:\/\/footdavant.fr\/actualites\/van-dijk-souhaite-prolonger-son-contrat-les-salaires-ne-sont-pas-un-gros-probleme\/\"},\"wordCount\":402,\"publisher\":{\"@id\":\"https:\/\/footdavant.fr\/actualites\/#organization\"},\"keywords\":[\"contrat\",\"Dijk\",\"gros\",\"les\",\"pas\",\"probl\u00e8me\",\"prolonger\",\"salaires\",\"son\",\"sont\",\"souhaite\",\"van\"],\"articleSection\":[\"Football\"],\"inLanguage\":\"fr-FR\"},{\"@type\":\"WebPage\",\"@id\":\"https:\/\/footdavant.fr\/actualites\/van-dijk-souhaite-prolonger-son-contrat-les-salaires-ne-sont-pas-un-gros-probleme\/\",\"url\":\"https:\/\/footdavant.fr\/actualites\/van-dijk-souhaite-prolonger-son-contrat-les-salaires-ne-sont-pas-un-gros-probleme\/\",\"name\":\"Van Dijk souhaite prolonger son contrat, les salaires ne sont pas un gros probl\u00e8me\",\"isPartOf\":{\"@id\":\"https:\/\/footdavant.fr\/actualites\/#website\"},\"datePublished\":\"2024-10-18T07:49:20+00:00\",\"dateModified\":\"2024-10-18T07:49:21+00:00\",\"breadcrumb\":{\"@id\":\"https:\/\/footdavant.fr\/actualites\/van-dijk-souhaite-prolonger-son-contrat-les-salaires-ne-sont-pas-un-gros-probleme\/#breadcrumb\"},\"inLanguage\":\"fr-FR\",\"potentialAction\":[{\"@type\":\"ReadAction\",\"target\":[\"https:\/\/footdavant.fr\/actualites\/van-dijk-souhaite-prolonger-son-contrat-les-salaires-ne-sont-pas-un-gros-probleme\/\"]}]},{\"@type\":\"BreadcrumbList\",\"@id\":\"https:\/\/footdavant.fr\/actualites\/van-dijk-souhaite-prolonger-son-contrat-les-salaires-ne-sont-pas-un-gros-probleme\/#breadcrumb\",\"itemListElement\":[{\"@type\":\"ListItem\",\"position\":1,\"name\":\"Accueil\",\"item\":\"https:\/\/footdavant.fr\/actualites\/\"},{\"@type\":\"ListItem\",\"position\":2,\"name\":\"Van Dijk souhaite prolonger son contrat, les salaires ne sont pas un gros probl\u00e8me\"}]},{\"@type\":\"WebSite\",\"@id\":\"https:\/\/footdavant.fr\/actualites\/#website\",\"url\":\"https:\/\/footdavant.fr\/actualites\/\",\"name\":\"Foot d'avant\",\"description\":\"\",\"publisher\":{\"@id\":\"https:\/\/footdavant.fr\/actualites\/#organization\"},\"potentialAction\":[{\"@type\":\"SearchAction\",\"target\":{\"@type\":\"EntryPoint\",\"urlTemplate\":\"https:\/\/footdavant.fr\/actualites\/?s={search_term_string}\"},\"query-input\":\"required name=search_term_string\"}],\"inLanguage\":\"fr-FR\"},{\"@type\":\"Organization\",\"@id\":\"https:\/\/footdavant.fr\/actualites\/#organization\",\"name\":\"Foot d'avant\",\"url\":\"https:\/\/footdavant.fr\/actualites\/\",\"logo\":{\"@type\":\"ImageObject\",\"inLanguage\":\"fr-FR\",\"@id\":\"https:\/\/footdavant.fr\/actualites\/#\/schema\/logo\/image\/\",\"url\":\"https:\/\/footdavant.fr\/actualites\/wp-content\/uploads\/2023\/09\/Copy-of-FootDavant-Logo.png\",\"contentUrl\":\"https:\/\/footdavant.fr\/actualites\/wp-content\/uploads\/2023\/09\/Copy-of-FootDavant-Logo.png\",\"width\":936,\"height\":549,\"caption\":\"Foot d'avant\"},\"image\":{\"@id\":\"https:\/\/footdavant.fr\/actualites\/#\/schema\/logo\/image\/\"},\"sameAs\":[\"https:\/\/www.facebook.com\/Footdavant\/\",\"https:\/\/twitter.com\/FootdavantFr\",\"https:\/\/www.instagram.com\/footdavant.fr\/\"]},{\"@type\":\"Person\",\"@id\":\"https:\/\/footdavant.fr\/actualites\/#\/schema\/person\/bc222566d95871b37e597b3ed3ba5e1d\",\"name\":\"Cl\u00e9ment\",\"image\":{\"@type\":\"ImageObject\",\"inLanguage\":\"fr-FR\",\"@id\":\"https:\/\/footdavant.fr\/actualites\/#\/schema\/person\/image\/\",\"url\":\"https:\/\/secure.gravatar.com\/avatar\/7728b29aac2719421e1a9159b2254c44?s=96&d=mm&r=g\",\"contentUrl\":\"https:\/\/secure.gravatar.com\/avatar\/7728b29aac2719421e1a9159b2254c44?s=96&d=mm&r=g\",\"caption\":\"Cl\u00e9ment\"},\"sameAs\":[\"https:\/\/footdavant.fr\/\"]}]}<\/script>\n<!-- \/ Yoast SEO plugin. -->","yoast_head_json":{"title":"Van Dijk souhaite prolonger son contrat, les salaires ne sont pas un gros probl\u00e8me","robots":{"index":"index","follow":"follow","max-snippet":"max-snippet:-1","max-image-preview":"max-image-preview:large","max-video-preview":"max-video-preview:-1"},"canonical":"https:\/\/footdavant.fr\/actualites\/van-dijk-souhaite-prolonger-son-contrat-les-salaires-ne-sont-pas-un-gros-probleme\/","og_locale":"fr_FR","og_type":"article","og_title":"Van Dijk souhaite prolonger son contrat, les salaires ne sont pas un gros probl\u00e8me","og_description":"Le contrat du d\u00e9fenseur central expire \u00e0 la fin de cette saison, mais les signes sont positifs quant \u00e0 une prolongation, affirme l&#39;initi\u00e9 fiable de","og_url":"https:\/\/footdavant.fr\/actualites\/van-dijk-souhaite-prolonger-son-contrat-les-salaires-ne-sont-pas-un-gros-probleme\/","og_site_name":"Foot d&#039;avant","article_publisher":"https:\/\/www.facebook.com\/Footdavant\/","article_published_time":"2024-10-18T07:49:20+00:00","article_modified_time":"2024-10-18T07:49:21+00:00","og_image":[{"width":1410,"height":917,"url":"https:\/\/footdavant.fr\/actualites\/wp-content\/uploads\/2024\/06\/Video-David-Lynch-nomme-le-prix-justifiable-que.jpg","type":"image\/jpeg"}],"author":"Cl\u00e9ment","twitter_card":"summary_large_image","twitter_creator":"@FootdavantFr","twitter_site":"@FootdavantFr","twitter_misc":{"\u00c9crit par":"Cl\u00e9ment","Dur\u00e9e de lecture estim\u00e9e":"2 minutes"},"schema":{"@context":"https:\/\/schema.org","@graph":[{"@type":"Article","@id":"https:\/\/footdavant.fr\/actualites\/van-dijk-souhaite-prolonger-son-contrat-les-salaires-ne-sont-pas-un-gros-probleme\/#article","isPartOf":{"@id":"https:\/\/footdavant.fr\/actualites\/van-dijk-souhaite-prolonger-son-contrat-les-salaires-ne-sont-pas-un-gros-probleme\/"},"author":{"name":"Cl\u00e9ment","@id":"https:\/\/footdavant.fr\/actualites\/#\/schema\/person\/bc222566d95871b37e597b3ed3ba5e1d"},"headline":"Van Dijk souhaite prolonger son contrat, les salaires ne sont pas un gros probl\u00e8me","datePublished":"2024-10-18T07:49:20+00:00","dateModified":"2024-10-18T07:49:21+00:00","mainEntityOfPage":{"@id":"https:\/\/footdavant.fr\/actualites\/van-dijk-souhaite-prolonger-son-contrat-les-salaires-ne-sont-pas-un-gros-probleme\/"},"wordCount":402,"publisher":{"@id":"https:\/\/footdavant.fr\/actualites\/#organization"},"keywords":["contrat","Dijk","gros","les","pas","probl\u00e8me","prolonger","salaires","son","sont","souhaite","van"],"articleSection":["Football"],"inLanguage":"fr-FR"},{"@type":"WebPage","@id":"https:\/\/footdavant.fr\/actualites\/van-dijk-souhaite-prolonger-son-contrat-les-salaires-ne-sont-pas-un-gros-probleme\/","url":"https:\/\/footdavant.fr\/actualites\/van-dijk-souhaite-prolonger-son-contrat-les-salaires-ne-sont-pas-un-gros-probleme\/","name":"Van Dijk souhaite prolonger son contrat, les salaires ne sont pas un gros probl\u00e8me","isPartOf":{"@id":"https:\/\/footdavant.fr\/actualites\/#website"},"datePublished":"2024-10-18T07:49:20+00:00","dateModified":"2024-10-18T07:49:21+00:00","breadcrumb":{"@id":"https:\/\/footdavant.fr\/actualites\/van-dijk-souhaite-prolonger-son-contrat-les-salaires-ne-sont-pas-un-gros-probleme\/#breadcrumb"},"inLanguage":"fr-FR","potentialAction":[{"@type":"ReadAction","target":["https:\/\/footdavant.fr\/actualites\/van-dijk-souhaite-prolonger-son-contrat-les-salaires-ne-sont-pas-un-gros-probleme\/"]}]},{"@type":"BreadcrumbList","@id":"https:\/\/footdavant.fr\/actualites\/van-dijk-souhaite-prolonger-son-contrat-les-salaires-ne-sont-pas-un-gros-probleme\/#breadcrumb","itemListElement":[{"@type":"ListItem","position":1,"name":"Accueil","item":"https:\/\/footdavant.fr\/actualites\/"},{"@type":"ListItem","position":2,"name":"Van Dijk souhaite prolonger son contrat, les salaires ne sont pas un gros probl\u00e8me"}]},{"@type":"WebSite","@id":"https:\/\/footdavant.fr\/actualites\/#website","url":"https:\/\/footdavant.fr\/actualites\/","name":"Foot d'avant","description":"","publisher":{"@id":"https:\/\/footdavant.fr\/actualites\/#organization"},"potentialAction":[{"@type":"SearchAction","target":{"@type":"EntryPoint","urlTemplate":"https:\/\/footdavant.fr\/actualites\/?s={search_term_string}"},"query-input":"required name=search_term_string"}],"inLanguage":"fr-FR"},{"@type":"Organization","@id":"https:\/\/footdavant.fr\/actualites\/#organization","name":"Foot d'avant","url":"https:\/\/footdavant.fr\/actualites\/","logo":{"@type":"ImageObject","inLanguage":"fr-FR","@id":"https:\/\/footdavant.fr\/actualites\/#\/schema\/logo\/image\/","url":"https:\/\/footdavant.fr\/actualites\/wp-content\/uploads\/2023\/09\/Copy-of-FootDavant-Logo.png","contentUrl":"https:\/\/footdavant.fr\/actualites\/wp-content\/uploads\/2023\/09\/Copy-of-FootDavant-Logo.png","width":936,"height":549,"caption":"Foot d'avant"},"image":{"@id":"https:\/\/footdavant.fr\/actualites\/#\/schema\/logo\/image\/"},"sameAs":["https:\/\/www.facebook.com\/Footdavant\/","https:\/\/twitter.com\/FootdavantFr","https:\/\/www.instagram.com\/footdavant.fr\/"]},{"@type":"Person","@id":"https:\/\/footdavant.fr\/actualites\/#\/schema\/person\/bc222566d95871b37e597b3ed3ba5e1d","name":"Cl\u00e9ment","image":{"@type":"ImageObject","inLanguage":"fr-FR","@id":"https:\/\/footdavant.fr\/actualites\/#\/schema\/person\/image\/","url":"https:\/\/secure.gravatar.com\/avatar\/7728b29aac2719421e1a9159b2254c44?s=96&d=mm&r=g","contentUrl":"https:\/\/secure.gravatar.com\/avatar\/7728b29aac2719421e1a9159b2254c44?s=96&d=mm&r=g","caption":"Cl\u00e9ment"},"sameAs":["https:\/\/footdavant.fr\/"]}]}},"_links":{"self":[{"href":"https:\/\/footdavant.fr\/actualites\/wp-json\/wp\/v2\/posts\/14922"}],"collection":[{"href":"https:\/\/footdavant.fr\/actualites\/wp-json\/wp\/v2\/posts"}],"about":[{"href":"https:\/\/footdavant.fr\/actualites\/wp-json\/wp\/v2\/types\/post"}],"author":[{"embeddable":true,"href":"https:\/\/footdavant.fr\/actualites\/wp-json\/wp\/v2\/users\/1"}],"replies":[{"embeddable":true,"href":"https:\/\/footdavant.fr\/actualites\/wp-json\/wp\/v2\/comments?post=14922"}],"version-history":[{"count":1,"href":"https:\/\/footdavant.fr\/actualites\/wp-json\/wp\/v2\/posts\/14922\/revisions"}],"predecessor-version":[{"id":14923,"href":"https:\/\/footdavant.fr\/actualites\/wp-json\/wp\/v2\/posts\/14922\/revisions\/14923"}],"wp:featuredmedia":[{"embeddable":true,"href":"https:\/\/footdavant.fr\/actualites\/wp-json\/wp\/v2\/media\/9586"}],"wp:attachment":[{"href":"https:\/\/footdavant.fr\/actualites\/wp-json\/wp\/v2\/media?parent=14922"}],"wp:term":[{"taxonomy":"category","embeddable":true,"href":"https:\/\/footdavant.fr\/actualites\/wp-json\/wp\/v2\/categories?post=14922"},{"taxonomy":"post_tag","embeddable":true,"href":"https:\/\/footdavant.fr\/actualites\/wp-json\/wp\/v2\/tags?post=14922"}],"curies":[{"name":"wp","href":"https:\/\/api.w.org\/{rel}","templated":true}]}}