{"id":15034,"date":"2024-10-21T07:48:04","date_gmt":"2024-10-21T05:48:04","guid":{"rendered":"https:\/\/footdavant.fr\/actualites\/nouvelles-du-transfert-de-man-united-les-red-devils-sont-clairement-les-favoris-pour-recruter-la-star-de-barcelone\/"},"modified":"2024-10-21T07:48:05","modified_gmt":"2024-10-21T05:48:05","slug":"nouvelles-du-transfert-de-man-united-les-red-devils-sont-clairement-les-favoris-pour-recruter-la-star-de-barcelone","status":"publish","type":"post","link":"https:\/\/footdavant.fr\/actualites\/nouvelles-du-transfert-de-man-united-les-red-devils-sont-clairement-les-favoris-pour-recruter-la-star-de-barcelone\/","title":{"rendered":"Nouvelles du transfert de Man United : les Red Devils \u00ab sont clairement les favoris \u00bb pour recruter la star de Barcelone"},"content":{"rendered":"<p>Manchester United serait clairement le favori pour recruter le milieu de terrain de Barcelone Frenkie de Jong l&#39;\u00e9t\u00e9 prochain si le N\u00e9erlandais est autoris\u00e9 \u00e0 partir.<\/p>\n<div id=\"article_body\" itemprop=\"articleBody\">\n<h3 class=\"firstPara\">\n<strong class=\"autotag\">Manchester United<\/strong> serait clairement le favori pour signer <strong class=\"autotag\">Frenkie de Jong<\/strong> lors du mercato de l&#39;\u00e9t\u00e9 prochain si <strong class=\"autotag\">Barcelone<\/strong> faire comprendre que le milieu de terrain peut partir.<\/h3>\n<p>De Jong \u00e9tait fortement li\u00e9 \u00e0 un d\u00e9m\u00e9nagement \u00e0 Old Trafford \u00e0 l&#39;\u00e9t\u00e9 2022, avec le nouvel entra\u00eeneur-chef de Man United. <strong class=\"autotag\">Erik Ten Hag<\/strong> On pense qu&#39;il a fait de l&#39;international n\u00e9erlandais sa cible de transfert num\u00e9ro un.<\/p>\n<p>Cependant, le milieu de terrain a clairement fait savoir \u00e0 plusieurs reprises qu&#39;il n&#39;\u00e9tait pas int\u00e9ress\u00e9 par un d\u00e9part, et les Diables Rouges ont finalement tourn\u00e9 leur attention vers <strong class=\"autotag\">Casemiro<\/strong> dans les derni\u00e8res \u00e9tapes de la fen\u00eatre.<\/p>\n<p>Il y a encore <strong>sp\u00e9culations sur l&#39;avenir du joueur de 27 ans<\/strong>avec des probl\u00e8mes hors du terrain qui pourraient l&#39;amener \u00e0 quitter le Camp Nou lors du march\u00e9 des transferts de l&#39;\u00e9t\u00e9 prochain.<\/p>\n<p>Selon <em>Fiches<\/em>si De Jong d\u00e9cide de ne pas renouveler son contrat avec Barcelone, il sera alors probablement vendu en 2025, Man United menant \u00e0 une course pour sa signature.<\/p>\n<p class=\"imgI\">\n<h2 class=\"k3\">Man United \u00ab\u00a0le favori\u00a0\u00bb pour recruter De Jong de Barcelone<\/h2>\n<p>Le rapport affirme que \u00ab\u00a0tout indique que\u00a0\u00bb De Jong quittera Barcelone l&#39;ann\u00e9e prochaine, car le milieu de terrain ne semble pas dispos\u00e9 \u00e0 signer un contrat qui est sur la table depuis janvier.<\/p>\n<p>Le N\u00e9erlandais a un contrat au Camp Nou jusqu&#39;en juin 2026 et il a accept\u00e9 de reporter une grande partie de son salaire pour aider Barcelone pendant la pand\u00e9mie, mais <strong>un rapport r\u00e9cent<\/strong> a affirm\u00e9 qu&#39;un accord avait \u00e9t\u00e9 conclu sur les salaires impay\u00e9s.<\/p>\n<p>Cependant, pour que De Jong re\u00e7oive 18 millions d&#39;euros (15 millions de livres sterling), il devra accepter un d\u00e9part lors du mercato de l&#39;\u00e9t\u00e9 prochain, ce qui a \u00e9galement attir\u00e9 l&#39;attention de <strong class=\"autotag\">Manchester City<\/strong>.<\/p>\n<p>Alors que le N\u00e9erlandais est consid\u00e9r\u00e9 comme un joueur cl\u00e9 pour Barcelone, ses salaires importants posent probl\u00e8me en raison des probl\u00e8mes financiers du club, alors qu&#39;il est un joueur capable de lever des frais de transfert importants, ce qui aiderait consid\u00e9rablement l&#39;\u00e9quipe catalane.<\/p>\n<p class=\"imgI\"><img decoding=\"async\" loading=\"lazy\" class=\"l\" src=\"https:\/\/footdavant.fr\/actualites\/wp-content\/uploads\/2024\/10\/1729489684_984_Nouvelles-du-transfert-de-Man-United-les-Red-Devils.jpg\" title=\"Le milieu de terrain de Barcelone Frenkie de Jong le 21 avril 2024\" alt=\"Le milieu de terrain de Barcelone Frenkie de Jong le 21 avril 2024\" width=\"640\" height=\"480\"><\/p>\n<h2 class=\"k3\">Man United devrait-il d\u00e9m\u00e9nager pour De Jong ?<\/h2>\n<p>Man United manque toujours de milieu de terrain central malgr\u00e9 ses investissements dans ce domaine, les Red Devils manquant d&#39;un milieu de terrain qui joue le ballon, et De Jong fait certainement l&#39;affaire \u00e0 cet \u00e9gard.<\/p>\n<p>De Jong vient tout juste de revenir d&#39;un probl\u00e8me \u00e0 long terme \u00e0 la cheville, ayant jou\u00e9 sur le banc lors des deux derniers matches de Barcelone, mais il devrait maintenant recevoir une s\u00e9rie de matchs dans les semaines \u00e0 venir.<\/p>\n<p>Beaucoup d\u00e9pendra du prix, car Man United ne peut tout simplement pas se permettre de d\u00e9penser 70 millions de livres sterling suppl\u00e9mentaires pour un joueur qui a d\u00e9pass\u00e9 son meilleur niveau, mais De Jong est capable d&#39;\u00eatre une signature transformatrice pour les 20 fois champions d&#39;Angleterre, et si l&#39;accord est bon. , alors ce serait une excellente affaire pour les Diables Rouges.<\/p>\n<\/div>\n","protected":false},"excerpt":{"rendered":"<p>Manchester United serait clairement le favori pour recruter le milieu de terrain de Barcelone Frenkie de Jong l&#39;\u00e9t\u00e9 prochain si le N\u00e9erlandais est autoris\u00e9 \u00e0<\/p>\n","protected":false},"author":1,"featured_media":15035,"comment_status":"closed","ping_status":"","sticky":false,"template":"","format":"standard","meta":{"footnotes":""},"categories":[5],"tags":[130,1451,265,3233,93,24,461,51,1284,536,45,1621,700,13],"yoast_head":"<!-- This site is optimized with the Yoast SEO plugin v21.0 - https:\/\/yoast.com\/wordpress\/plugins\/seo\/ -->\n<title>Nouvelles du transfert de Man United : les Red Devils \u00ab sont clairement les favoris \u00bb pour recruter la star de Barcelone<\/title>\n<meta name=\"robots\" content=\"index, follow, max-snippet:-1, max-image-preview:large, max-video-preview:-1\" \/>\n<link rel=\"canonical\" href=\"https:\/\/footdavant.fr\/actualites\/nouvelles-du-transfert-de-man-united-les-red-devils-sont-clairement-les-favoris-pour-recruter-la-star-de-barcelone\/\" \/>\n<meta property=\"og:locale\" content=\"fr_FR\" \/>\n<meta property=\"og:type\" content=\"article\" \/>\n<meta property=\"og:title\" content=\"Nouvelles du transfert de Man United : les Red Devils \u00ab sont clairement les favoris \u00bb pour recruter la star de Barcelone\" \/>\n<meta property=\"og:description\" content=\"Manchester United serait clairement le favori pour recruter le milieu de terrain de Barcelone Frenkie de Jong l&#039;\u00e9t\u00e9 prochain si le N\u00e9erlandais est autoris\u00e9 \u00e0\" \/>\n<meta property=\"og:url\" content=\"https:\/\/footdavant.fr\/actualites\/nouvelles-du-transfert-de-man-united-les-red-devils-sont-clairement-les-favoris-pour-recruter-la-star-de-barcelone\/\" \/>\n<meta property=\"og:site_name\" content=\"Foot d&#039;avant\" \/>\n<meta property=\"article:publisher\" content=\"https:\/\/www.facebook.com\/Footdavant\/\" \/>\n<meta property=\"article:published_time\" content=\"2024-10-21T05:48:04+00:00\" \/>\n<meta property=\"article:modified_time\" content=\"2024-10-21T05:48:05+00:00\" \/>\n<meta property=\"og:image\" content=\"https:\/\/footdavant.fr\/actualites\/wp-content\/uploads\/2024\/10\/1729489685_Nouvelles-du-transfert-de-Man-United-les-Red-Devils.jpg\" \/>\n\t<meta property=\"og:image:width\" content=\"640\" \/>\n\t<meta property=\"og:image:height\" content=\"480\" \/>\n\t<meta property=\"og:image:type\" content=\"image\/jpeg\" \/>\n<meta name=\"author\" content=\"Cl\u00e9ment\" \/>\n<meta name=\"twitter:card\" content=\"summary_large_image\" \/>\n<meta name=\"twitter:creator\" content=\"@FootdavantFr\" \/>\n<meta name=\"twitter:site\" content=\"@FootdavantFr\" \/>\n<meta name=\"twitter:label1\" content=\"\u00c9crit par\" \/>\n\t<meta name=\"twitter:data1\" content=\"Cl\u00e9ment\" \/>\n\t<meta name=\"twitter:label2\" content=\"Dur\u00e9e de lecture estim\u00e9e\" \/>\n\t<meta name=\"twitter:data2\" content=\"3 minutes\" \/>\n<script type=\"application\/ld+json\" class=\"yoast-schema-graph\">{\"@context\":\"https:\/\/schema.org\",\"@graph\":[{\"@type\":\"Article\",\"@id\":\"https:\/\/footdavant.fr\/actualites\/nouvelles-du-transfert-de-man-united-les-red-devils-sont-clairement-les-favoris-pour-recruter-la-star-de-barcelone\/#article\",\"isPartOf\":{\"@id\":\"https:\/\/footdavant.fr\/actualites\/nouvelles-du-transfert-de-man-united-les-red-devils-sont-clairement-les-favoris-pour-recruter-la-star-de-barcelone\/\"},\"author\":{\"name\":\"Cl\u00e9ment\",\"@id\":\"https:\/\/footdavant.fr\/actualites\/#\/schema\/person\/bc222566d95871b37e597b3ed3ba5e1d\"},\"headline\":\"Nouvelles du transfert de Man United : les Red Devils \u00ab sont clairement les favoris \u00bb pour recruter la star de Barcelone\",\"datePublished\":\"2024-10-21T05:48:04+00:00\",\"dateModified\":\"2024-10-21T05:48:05+00:00\",\"mainEntityOfPage\":{\"@id\":\"https:\/\/footdavant.fr\/actualites\/nouvelles-du-transfert-de-man-united-les-red-devils-sont-clairement-les-favoris-pour-recruter-la-star-de-barcelone\/\"},\"wordCount\":556,\"publisher\":{\"@id\":\"https:\/\/footdavant.fr\/actualites\/#organization\"},\"keywords\":[\"Barcelone\",\"clairement\",\"Devils\",\"favoris\",\"les\",\"Man\",\"Nouvelles\",\"pour\",\"recruter\",\"Red\",\"sont\",\"Star\",\"transfert\",\"United\"],\"articleSection\":[\"Premier League\"],\"inLanguage\":\"fr-FR\"},{\"@type\":\"WebPage\",\"@id\":\"https:\/\/footdavant.fr\/actualites\/nouvelles-du-transfert-de-man-united-les-red-devils-sont-clairement-les-favoris-pour-recruter-la-star-de-barcelone\/\",\"url\":\"https:\/\/footdavant.fr\/actualites\/nouvelles-du-transfert-de-man-united-les-red-devils-sont-clairement-les-favoris-pour-recruter-la-star-de-barcelone\/\",\"name\":\"Nouvelles du transfert de Man United : les Red Devils \u00ab sont clairement les favoris \u00bb pour recruter la star de Barcelone\",\"isPartOf\":{\"@id\":\"https:\/\/footdavant.fr\/actualites\/#website\"},\"datePublished\":\"2024-10-21T05:48:04+00:00\",\"dateModified\":\"2024-10-21T05:48:05+00:00\",\"breadcrumb\":{\"@id\":\"https:\/\/footdavant.fr\/actualites\/nouvelles-du-transfert-de-man-united-les-red-devils-sont-clairement-les-favoris-pour-recruter-la-star-de-barcelone\/#breadcrumb\"},\"inLanguage\":\"fr-FR\",\"potentialAction\":[{\"@type\":\"ReadAction\",\"target\":[\"https:\/\/footdavant.fr\/actualites\/nouvelles-du-transfert-de-man-united-les-red-devils-sont-clairement-les-favoris-pour-recruter-la-star-de-barcelone\/\"]}]},{\"@type\":\"BreadcrumbList\",\"@id\":\"https:\/\/footdavant.fr\/actualites\/nouvelles-du-transfert-de-man-united-les-red-devils-sont-clairement-les-favoris-pour-recruter-la-star-de-barcelone\/#breadcrumb\",\"itemListElement\":[{\"@type\":\"ListItem\",\"position\":1,\"name\":\"Accueil\",\"item\":\"https:\/\/footdavant.fr\/actualites\/\"},{\"@type\":\"ListItem\",\"position\":2,\"name\":\"Nouvelles du transfert de Man United : les Red Devils \u00ab sont clairement les favoris \u00bb pour recruter la star de Barcelone\"}]},{\"@type\":\"WebSite\",\"@id\":\"https:\/\/footdavant.fr\/actualites\/#website\",\"url\":\"https:\/\/footdavant.fr\/actualites\/\",\"name\":\"Foot d'avant\",\"description\":\"\",\"publisher\":{\"@id\":\"https:\/\/footdavant.fr\/actualites\/#organization\"},\"potentialAction\":[{\"@type\":\"SearchAction\",\"target\":{\"@type\":\"EntryPoint\",\"urlTemplate\":\"https:\/\/footdavant.fr\/actualites\/?s={search_term_string}\"},\"query-input\":\"required name=search_term_string\"}],\"inLanguage\":\"fr-FR\"},{\"@type\":\"Organization\",\"@id\":\"https:\/\/footdavant.fr\/actualites\/#organization\",\"name\":\"Foot d'avant\",\"url\":\"https:\/\/footdavant.fr\/actualites\/\",\"logo\":{\"@type\":\"ImageObject\",\"inLanguage\":\"fr-FR\",\"@id\":\"https:\/\/footdavant.fr\/actualites\/#\/schema\/logo\/image\/\",\"url\":\"https:\/\/footdavant.fr\/actualites\/wp-content\/uploads\/2023\/09\/Copy-of-FootDavant-Logo.png\",\"contentUrl\":\"https:\/\/footdavant.fr\/actualites\/wp-content\/uploads\/2023\/09\/Copy-of-FootDavant-Logo.png\",\"width\":936,\"height\":549,\"caption\":\"Foot d'avant\"},\"image\":{\"@id\":\"https:\/\/footdavant.fr\/actualites\/#\/schema\/logo\/image\/\"},\"sameAs\":[\"https:\/\/www.facebook.com\/Footdavant\/\",\"https:\/\/twitter.com\/FootdavantFr\",\"https:\/\/www.instagram.com\/footdavant.fr\/\"]},{\"@type\":\"Person\",\"@id\":\"https:\/\/footdavant.fr\/actualites\/#\/schema\/person\/bc222566d95871b37e597b3ed3ba5e1d\",\"name\":\"Cl\u00e9ment\",\"image\":{\"@type\":\"ImageObject\",\"inLanguage\":\"fr-FR\",\"@id\":\"https:\/\/footdavant.fr\/actualites\/#\/schema\/person\/image\/\",\"url\":\"https:\/\/secure.gravatar.com\/avatar\/7728b29aac2719421e1a9159b2254c44?s=96&d=mm&r=g\",\"contentUrl\":\"https:\/\/secure.gravatar.com\/avatar\/7728b29aac2719421e1a9159b2254c44?s=96&d=mm&r=g\",\"caption\":\"Cl\u00e9ment\"},\"sameAs\":[\"https:\/\/footdavant.fr\/\"]}]}<\/script>\n<!-- \/ Yoast SEO plugin. -->","yoast_head_json":{"title":"Nouvelles du transfert de Man United : les Red Devils \u00ab sont clairement les favoris \u00bb pour recruter la star de Barcelone","robots":{"index":"index","follow":"follow","max-snippet":"max-snippet:-1","max-image-preview":"max-image-preview:large","max-video-preview":"max-video-preview:-1"},"canonical":"https:\/\/footdavant.fr\/actualites\/nouvelles-du-transfert-de-man-united-les-red-devils-sont-clairement-les-favoris-pour-recruter-la-star-de-barcelone\/","og_locale":"fr_FR","og_type":"article","og_title":"Nouvelles du transfert de Man United : les Red Devils \u00ab sont clairement les favoris \u00bb pour recruter la star de Barcelone","og_description":"Manchester United serait clairement le favori pour recruter le milieu de terrain de Barcelone Frenkie de Jong l&#39;\u00e9t\u00e9 prochain si le N\u00e9erlandais est autoris\u00e9 \u00e0","og_url":"https:\/\/footdavant.fr\/actualites\/nouvelles-du-transfert-de-man-united-les-red-devils-sont-clairement-les-favoris-pour-recruter-la-star-de-barcelone\/","og_site_name":"Foot d&#039;avant","article_publisher":"https:\/\/www.facebook.com\/Footdavant\/","article_published_time":"2024-10-21T05:48:04+00:00","article_modified_time":"2024-10-21T05:48:05+00:00","og_image":[{"width":640,"height":480,"url":"https:\/\/footdavant.fr\/actualites\/wp-content\/uploads\/2024\/10\/1729489685_Nouvelles-du-transfert-de-Man-United-les-Red-Devils.jpg","type":"image\/jpeg"}],"author":"Cl\u00e9ment","twitter_card":"summary_large_image","twitter_creator":"@FootdavantFr","twitter_site":"@FootdavantFr","twitter_misc":{"\u00c9crit par":"Cl\u00e9ment","Dur\u00e9e de lecture estim\u00e9e":"3 minutes"},"schema":{"@context":"https:\/\/schema.org","@graph":[{"@type":"Article","@id":"https:\/\/footdavant.fr\/actualites\/nouvelles-du-transfert-de-man-united-les-red-devils-sont-clairement-les-favoris-pour-recruter-la-star-de-barcelone\/#article","isPartOf":{"@id":"https:\/\/footdavant.fr\/actualites\/nouvelles-du-transfert-de-man-united-les-red-devils-sont-clairement-les-favoris-pour-recruter-la-star-de-barcelone\/"},"author":{"name":"Cl\u00e9ment","@id":"https:\/\/footdavant.fr\/actualites\/#\/schema\/person\/bc222566d95871b37e597b3ed3ba5e1d"},"headline":"Nouvelles du transfert de Man United : les Red Devils \u00ab sont clairement les favoris \u00bb pour recruter la star de Barcelone","datePublished":"2024-10-21T05:48:04+00:00","dateModified":"2024-10-21T05:48:05+00:00","mainEntityOfPage":{"@id":"https:\/\/footdavant.fr\/actualites\/nouvelles-du-transfert-de-man-united-les-red-devils-sont-clairement-les-favoris-pour-recruter-la-star-de-barcelone\/"},"wordCount":556,"publisher":{"@id":"https:\/\/footdavant.fr\/actualites\/#organization"},"keywords":["Barcelone","clairement","Devils","favoris","les","Man","Nouvelles","pour","recruter","Red","sont","Star","transfert","United"],"articleSection":["Premier League"],"inLanguage":"fr-FR"},{"@type":"WebPage","@id":"https:\/\/footdavant.fr\/actualites\/nouvelles-du-transfert-de-man-united-les-red-devils-sont-clairement-les-favoris-pour-recruter-la-star-de-barcelone\/","url":"https:\/\/footdavant.fr\/actualites\/nouvelles-du-transfert-de-man-united-les-red-devils-sont-clairement-les-favoris-pour-recruter-la-star-de-barcelone\/","name":"Nouvelles du transfert de Man United : les Red Devils \u00ab sont clairement les favoris \u00bb pour recruter la star de Barcelone","isPartOf":{"@id":"https:\/\/footdavant.fr\/actualites\/#website"},"datePublished":"2024-10-21T05:48:04+00:00","dateModified":"2024-10-21T05:48:05+00:00","breadcrumb":{"@id":"https:\/\/footdavant.fr\/actualites\/nouvelles-du-transfert-de-man-united-les-red-devils-sont-clairement-les-favoris-pour-recruter-la-star-de-barcelone\/#breadcrumb"},"inLanguage":"fr-FR","potentialAction":[{"@type":"ReadAction","target":["https:\/\/footdavant.fr\/actualites\/nouvelles-du-transfert-de-man-united-les-red-devils-sont-clairement-les-favoris-pour-recruter-la-star-de-barcelone\/"]}]},{"@type":"BreadcrumbList","@id":"https:\/\/footdavant.fr\/actualites\/nouvelles-du-transfert-de-man-united-les-red-devils-sont-clairement-les-favoris-pour-recruter-la-star-de-barcelone\/#breadcrumb","itemListElement":[{"@type":"ListItem","position":1,"name":"Accueil","item":"https:\/\/footdavant.fr\/actualites\/"},{"@type":"ListItem","position":2,"name":"Nouvelles du transfert de Man United : les Red Devils \u00ab sont clairement les favoris \u00bb pour recruter la star de Barcelone"}]},{"@type":"WebSite","@id":"https:\/\/footdavant.fr\/actualites\/#website","url":"https:\/\/footdavant.fr\/actualites\/","name":"Foot d'avant","description":"","publisher":{"@id":"https:\/\/footdavant.fr\/actualites\/#organization"},"potentialAction":[{"@type":"SearchAction","target":{"@type":"EntryPoint","urlTemplate":"https:\/\/footdavant.fr\/actualites\/?s={search_term_string}"},"query-input":"required name=search_term_string"}],"inLanguage":"fr-FR"},{"@type":"Organization","@id":"https:\/\/footdavant.fr\/actualites\/#organization","name":"Foot d'avant","url":"https:\/\/footdavant.fr\/actualites\/","logo":{"@type":"ImageObject","inLanguage":"fr-FR","@id":"https:\/\/footdavant.fr\/actualites\/#\/schema\/logo\/image\/","url":"https:\/\/footdavant.fr\/actualites\/wp-content\/uploads\/2023\/09\/Copy-of-FootDavant-Logo.png","contentUrl":"https:\/\/footdavant.fr\/actualites\/wp-content\/uploads\/2023\/09\/Copy-of-FootDavant-Logo.png","width":936,"height":549,"caption":"Foot d'avant"},"image":{"@id":"https:\/\/footdavant.fr\/actualites\/#\/schema\/logo\/image\/"},"sameAs":["https:\/\/www.facebook.com\/Footdavant\/","https:\/\/twitter.com\/FootdavantFr","https:\/\/www.instagram.com\/footdavant.fr\/"]},{"@type":"Person","@id":"https:\/\/footdavant.fr\/actualites\/#\/schema\/person\/bc222566d95871b37e597b3ed3ba5e1d","name":"Cl\u00e9ment","image":{"@type":"ImageObject","inLanguage":"fr-FR","@id":"https:\/\/footdavant.fr\/actualites\/#\/schema\/person\/image\/","url":"https:\/\/secure.gravatar.com\/avatar\/7728b29aac2719421e1a9159b2254c44?s=96&d=mm&r=g","contentUrl":"https:\/\/secure.gravatar.com\/avatar\/7728b29aac2719421e1a9159b2254c44?s=96&d=mm&r=g","caption":"Cl\u00e9ment"},"sameAs":["https:\/\/footdavant.fr\/"]}]}},"_links":{"self":[{"href":"https:\/\/footdavant.fr\/actualites\/wp-json\/wp\/v2\/posts\/15034"}],"collection":[{"href":"https:\/\/footdavant.fr\/actualites\/wp-json\/wp\/v2\/posts"}],"about":[{"href":"https:\/\/footdavant.fr\/actualites\/wp-json\/wp\/v2\/types\/post"}],"author":[{"embeddable":true,"href":"https:\/\/footdavant.fr\/actualites\/wp-json\/wp\/v2\/users\/1"}],"replies":[{"embeddable":true,"href":"https:\/\/footdavant.fr\/actualites\/wp-json\/wp\/v2\/comments?post=15034"}],"version-history":[{"count":1,"href":"https:\/\/footdavant.fr\/actualites\/wp-json\/wp\/v2\/posts\/15034\/revisions"}],"predecessor-version":[{"id":15036,"href":"https:\/\/footdavant.fr\/actualites\/wp-json\/wp\/v2\/posts\/15034\/revisions\/15036"}],"wp:featuredmedia":[{"embeddable":true,"href":"https:\/\/footdavant.fr\/actualites\/wp-json\/wp\/v2\/media\/15035"}],"wp:attachment":[{"href":"https:\/\/footdavant.fr\/actualites\/wp-json\/wp\/v2\/media?parent=15034"}],"wp:term":[{"taxonomy":"category","embeddable":true,"href":"https:\/\/footdavant.fr\/actualites\/wp-json\/wp\/v2\/categories?post=15034"},{"taxonomy":"post_tag","embeddable":true,"href":"https:\/\/footdavant.fr\/actualites\/wp-json\/wp\/v2\/tags?post=15034"}],"curies":[{"name":"wp","href":"https:\/\/api.w.org\/{rel}","templated":true}]}}