{"id":15040,"date":"2024-10-21T10:48:03","date_gmt":"2024-10-21T08:48:03","guid":{"rendered":"https:\/\/footdavant.fr\/actualites\/apercu-ac-milan-contre-club-de-bruges-pronostics-actualites-de-lequipe-compositions\/"},"modified":"2024-10-21T10:48:06","modified_gmt":"2024-10-21T08:48:06","slug":"apercu-ac-milan-contre-club-de-bruges-pronostics-actualites-de-lequipe-compositions","status":"publish","type":"post","link":"https:\/\/footdavant.fr\/actualites\/apercu-ac-milan-contre-club-de-bruges-pronostics-actualites-de-lequipe-compositions\/","title":{"rendered":"Aper\u00e7u : AC Milan contre Club de Bruges \u2013 pronostics, actualit\u00e9s de l&#39;\u00e9quipe, compositions"},"content":{"rendered":"<p>Sports Mole pr\u00e9sente un aper\u00e7u du choc de la Ligue des Champions de mardi entre l&#39;AC Milan et le Club de Bruges, y compris les pronostics, les nouvelles de l&#39;\u00e9quipe et les compositions possibles.<\/p>\n<div id=\"article_body\" itemprop=\"articleBody\">\n<p class=\"firstPara\">Apr\u00e8s avoir perdu leurs deux premiers matches, <strong class=\"autotag\">Milan AC<\/strong> va essayer de ranimer un malade <strong class=\"autotag\">Ligue des Champions<\/strong> campagne mardi, lorsqu&#39;ils accueilleront <strong class=\"autotag\">Club de Bruges<\/strong> \u00e0 San Siro.<\/p>\n<p>Les septuples champions d&#39;Europe n&#39;ont pas encore pris le moindre point cette ann\u00e9e. <strong>phase de championnat<\/strong>tandis que leurs visiteurs ont pris le large avec une victoire serr\u00e9e contre le Sturm Graz au d\u00e9but du mois.<\/p>\n<h2>Aper\u00e7u du match<\/h2>\n<p class=\"imgI\">\n<p>Apr\u00e8s avoir succomb\u00e9 \u00e0 une d\u00e9faite 3-1 lors de leur premi\u00e8re comp\u00e9tition continentale sous <strong class=\"autotag\">Paulo Fonseca<\/strong>Apr\u00e8s avoir perdu contre Liverpool \u00e0 San Siro, Milan a subi un nouveau revers la derni\u00e8re fois.<\/p>\n<p>Les Rossoneri ont \u00e9t\u00e9 battus 1-0 par le Bayer Leverkusen, sur un but en seconde p\u00e9riode de <strong class=\"autotag\">Victor Boniface<\/strong> a assur\u00e9 que les trois points iraient dans le sens des champions d&#39;Allemagne, laissant l&#39;\u00e9quipe de Fonseca les mains vides. <\/p>\n<p>Sur plusieurs ann\u00e9es en arri\u00e8re, Milan n&#39;a remport\u00e9 que neuf de ses 33 derniers matches au niveau de l&#39;\u00e9lite europ\u00e9enne, et une autre d\u00e9faite cette semaine verrait l&#39;\u00e9quipe autrefois puissante perdre ses trois premiers matches d&#39;une campagne de Ligue des Champions pour la deuxi\u00e8me fois seulement \u00e0 ce jour. .<\/p>\n<p>Dans plusieurs clubs diff\u00e9rents, Fonseca n&#39;a remport\u00e9 qu&#39;une seule de ses neuf derni\u00e8res comp\u00e9titions interclubs de l&#39;UEFA, et il a cruellement besoin d&#39;une autre victoire mardi soir, compte tenu d&#39;un d\u00e9but mitig\u00e9 de son s\u00e9jour \u00e0 San Siro.<\/p>\n<p>Au retour de la tr\u00eave internationale, Milan a battu l&#39;Udinese 1-0 ce week-end, enregistrant seulement sa cinqui\u00e8me victoire en 19 matchs via <strong class=\"autotag\">Samu Chukwueze<\/strong>le premier but de &#8211; malgr\u00e9 plus d&#39;une heure de jeu avec 10 hommes apr\u00e8s le renvoi de la dynamo du milieu de terrain <strong class=\"autotag\">Tijjani Reijnders<\/strong>.<\/p>\n<p>Gr\u00e2ce \u00e0 cette d\u00e9monstration d\u00e9termin\u00e9e, les Rossoneri restent invaincus lors de quatre matches \u00e0 domicile en <strong>S\u00e9rie A<\/strong> cette saison, remportant chacun de ses trois derniers matchs sans encaisser de but.<\/p>\n<p class=\"imgI\">\n<p>Apr\u00e8s sa victoire 1-0 sur le Sturm Graz d\u00e9but octobre, le Club de Bruges peut se rendre dans la deuxi\u00e8me ville d&#39;Italie avec un bilan tout aussi impressionnant \u00e0 l&#39;ext\u00e9rieur l&#39;ann\u00e9e derni\u00e8re, notamment en Ligue des Champions.<\/p>\n<p>L&#39;\u00e9quipe belge n&#39;a perdu aucun de ses quatre derniers matches de groupe ou de championnat \u00e0 l&#39;ext\u00e9rieur &#8211; tous sans marquer le moindre but &#8211; tandis que deux pr\u00e9c\u00e9dentes visites \u00e0 Milan ont \u00e9galement apport\u00e9 des feuilles blanches. <\/p>\n<p>Apr\u00e8s un match nul et vierge lors de la Coupe d&#39;Europe 1990, les Blauw-Zwart ont remport\u00e9 une victoire m\u00e9morable 1-0 en Ligue des champions \u00e0 San Siro il y a 21 ans, qu&#39;ils esp\u00e8rent reproduire en milieu de semaine.<\/p>\n<p>Apr\u00e8s avoir perdu leur match d&#39;ouverture de cette campagne contre le Borussia Dortmund, finaliste battu la saison derni\u00e8re, <strong class=\"autotag\">Nicky Hayen<\/strong>L&#39;\u00e9quipe de a rebondi en s&#39;imposant en Autriche gr\u00e2ce \u00e0 un beau but de <strong class=\"autotag\">Christos Tzolis<\/strong>renfor\u00e7ant la conviction qu\u2019une place en s\u00e9ries \u00e9liminatoires ne les d\u00e9passe pas. <\/p>\n<p>Plus r\u00e9cemment, la victoire 2-1 de samedi contre Westerlo en championnat a propuls\u00e9 le Club de Bruges \u00e0 la quatri\u00e8me place du classement. <strong>le classement de la Pro League<\/strong>quatre points derri\u00e8re les premiers leaders Genk. <\/p>\n<p>D\u00e9sormais, une grande semaine attend les champions de Belgique, car apr\u00e8s avoir affront\u00e9 Milan, ils doivent rentrer chez eux pour un affrontement tr\u00e8s m\u00e9diatis\u00e9 avec leurs anciens ennemis d&#39;Anderlecht au stade Jan Breydel.<\/p>\n<p>Forme de la Ligue des Champions de l&#39;AC Milan :<\/p>\n<p>Forme AC Milan (toutes comp\u00e9titions) :<\/p>\n<p>Forme de la Ligue des Champions du Club de Bruges :<\/p>\n<p>Formulaire Club Bruges (toutes comp\u00e9titions) :<\/p>\n<h2>Nouvelles de l&#39;\u00e9quipe<\/h2>\n<p class=\"imgI\">\n<p>Paulo Fonseca a remani\u00e9 son peloton pour la victoire difficile de samedi contre l&#39;Udinese, il faut donc s&#39;attendre \u00e0 d&#39;autres changements contre Bruges ; notamment l&#39;arri\u00e8re lat\u00e9ral fran\u00e7ais <strong class=\"autotag\">Th\u00e9o Hern\u00e1ndez<\/strong> sera disponible apr\u00e8s avoir purg\u00e9 une suspension en Serie A. <\/p>\n<p>Seulement <strong class=\"autotag\">Isma\u00ebl Bennacer<\/strong> (cheville), <strong class=\"autotag\">Alessandro Florenzi<\/strong> (ACL) et <strong class=\"autotag\">Davide Calabre<\/strong> (mollet) sont certainement mis \u00e0 l&#39;\u00e9cart en raison d&#39;une blessure, le r\u00e9cent appel italien Matteo Gabbia esp\u00e9rant surmonter un probl\u00e8me musculaire.<\/p>\n<p><strong class=\"autotag\">\u00c1lvaro Morata<\/strong> rivalisera avec <strong class=\"autotag\">Tammy Abraham<\/strong> pour une s\u00e9lection d\u00e8s le d\u00e9part &#8211; m\u00eame s&#39;ils ont parfois \u00e9t\u00e9 jumel\u00e9s &#8211; tandis que <strong class=\"autotag\">Rafael L\u00e9\u00e3o<\/strong> pourrait \u00eatre rappel\u00e9. Samu Chukwueze, <strong class=\"autotag\">Noah Okafor<\/strong> et l&#39;homme vedette de ce terme <strong class=\"autotag\">Christian Pulisic<\/strong> se disputent \u00e9galement les places dans le dernier tiers. <\/p>\n<p>Pendant ce temps, le Club de Bruges pourrait manquer l&#39;attaquant danois <strong class=\"autotag\">Andreas Skov Olsen<\/strong>qui souffre d&#39;une blessure au mollet, tandis que <strong class=\"autotag\">Gustave Nilsson<\/strong> (tendon d&#39;Achille) et <strong class=\"autotag\">Casper Nielsen<\/strong> (fitness) sont des doutes pour le match de mardi.<\/p>\n<p>Arri\u00e8re lat\u00e9ral n\u00e9erlandais <strong class=\"autotag\">Bj\u00f6rn Meijer<\/strong> Il a r\u00e9cemment repris l&#39;entra\u00eenement complet apr\u00e8s plusieurs mois d&#39;absence suite \u00e0 une op\u00e9ration au genou, mais il ne devrait pas encore figurer.<\/p>\n<p>International belge <strong class=\"autotag\">Maxime De Cuyper<\/strong> &#8211; auteur d&#39;un superbe but contre l&#39;Italie en UEFA Nations League la semaine derni\u00e8re &#8211; devrait donc d\u00e9buter sur le c\u00f4t\u00e9 gauche d&#39;un d\u00e9fenseur, devant le gardien v\u00e9t\u00e9ran <strong class=\"autotag\">Simon Mignolet<\/strong>.<\/p>\n<p><strong>Onze de d\u00e9part possible de l&#39;AC Milan :<\/strong><br \/>Maignan; Emerson, Tomori, Pavlovic, Hern\u00e1ndez\u00a0; Fofana, Reijnders; Chukwueze, Pulisic, Leao\u00a0; Morata<\/p>\n<p><strong>Composition de d\u00e9part possible du Club de Bruges :<\/strong><br \/>Mignolet; Seys, Spileers, Mechele, De Cuyper ; Vetlesen, Onyedika; Skoras, Vanaken, Tzolis ; Jutgla<\/p>\n<p class=\"sm_center\">\n<h2 class=\"sm_center\">Nous disons : AC Milan 2-1 Club de Bruges<\/h2>\n<p>\u00c0 domicile, les Milanais sont g\u00e9n\u00e9ralement beaucoup plus difficiles \u00e0 battre, malgr\u00e9 leurs faiblesses \u00e9videntes.<\/p>\n<p>Les adversaires de milieu de gamme comme le Club de Bruges sont g\u00e9n\u00e9ralement \u00e9limin\u00e9s, m\u00eame s&#39;il n&#39;y a peut-\u00eatre pas trop de diff\u00e9rence entre les \u00e9quipes apr\u00e8s 90 minutes. <\/p>\n<p>Pour l\u2019analyse des donn\u00e9es des r\u00e9sultats les plus probables, des scores et plus encore pour ce match, veuillez cliquer ici.<\/p>\n<h2>Aper\u00e7us par email<\/h2>\n<div>Cliquez ici pour obtenir <strong>Taupe de sport<\/strong>L&#39;e-mail quotidien d&#39;avant-premi\u00e8res et de pronostics pour chaque jeu majeur\u00a0!<\/div>\n<p><\/div>\n","protected":false},"excerpt":{"rendered":"<p>Sports Mole pr\u00e9sente un aper\u00e7u du choc de la Ligue des Champions de mardi entre l&#39;AC Milan et le Club de Bruges, y compris les<\/p>\n","protected":false},"author":1,"featured_media":15041,"comment_status":"closed","ping_status":"","sticky":false,"template":"","format":"standard","meta":{"footnotes":""},"categories":[4],"tags":[7,284,3743,333,383,20,4219,250,382],"yoast_head":"<!-- This site is optimized with the Yoast SEO plugin v21.0 - https:\/\/yoast.com\/wordpress\/plugins\/seo\/ -->\n<title>Aper\u00e7u : AC Milan contre Club de Bruges \u2013 pronostics, actualit\u00e9s de l&#039;\u00e9quipe, compositions<\/title>\n<meta name=\"robots\" content=\"index, follow, max-snippet:-1, max-image-preview:large, max-video-preview:-1\" \/>\n<link rel=\"canonical\" href=\"https:\/\/footdavant.fr\/actualites\/apercu-ac-milan-contre-club-de-bruges-pronostics-actualites-de-lequipe-compositions\/\" \/>\n<meta property=\"og:locale\" content=\"fr_FR\" \/>\n<meta property=\"og:type\" content=\"article\" \/>\n<meta property=\"og:title\" content=\"Aper\u00e7u : AC Milan contre Club de Bruges \u2013 pronostics, actualit\u00e9s de l&#039;\u00e9quipe, compositions\" \/>\n<meta property=\"og:description\" content=\"Sports Mole pr\u00e9sente un aper\u00e7u du choc de la Ligue des Champions de mardi entre l&#039;AC Milan et le Club de Bruges, y compris les\" \/>\n<meta property=\"og:url\" content=\"https:\/\/footdavant.fr\/actualites\/apercu-ac-milan-contre-club-de-bruges-pronostics-actualites-de-lequipe-compositions\/\" \/>\n<meta property=\"og:site_name\" content=\"Foot d&#039;avant\" \/>\n<meta property=\"article:publisher\" content=\"https:\/\/www.facebook.com\/Footdavant\/\" \/>\n<meta property=\"article:published_time\" content=\"2024-10-21T08:48:03+00:00\" \/>\n<meta property=\"article:modified_time\" content=\"2024-10-21T08:48:06+00:00\" \/>\n<meta property=\"og:image\" content=\"https:\/\/footdavant.fr\/actualites\/wp-content\/uploads\/2024\/10\/Apercu-AC-Milan-contre-Club-de-Bruges-\u2013-pronostics.jpg\" \/>\n\t<meta property=\"og:image:width\" content=\"1280\" \/>\n\t<meta property=\"og:image:height\" content=\"960\" \/>\n\t<meta property=\"og:image:type\" content=\"image\/jpeg\" \/>\n<meta name=\"author\" content=\"Cl\u00e9ment\" \/>\n<meta name=\"twitter:card\" content=\"summary_large_image\" \/>\n<meta name=\"twitter:creator\" content=\"@FootdavantFr\" \/>\n<meta name=\"twitter:site\" content=\"@FootdavantFr\" \/>\n<meta name=\"twitter:label1\" content=\"\u00c9crit par\" \/>\n\t<meta name=\"twitter:data1\" content=\"Cl\u00e9ment\" \/>\n\t<meta name=\"twitter:label2\" content=\"Dur\u00e9e de lecture estim\u00e9e\" \/>\n\t<meta name=\"twitter:data2\" content=\"5 minutes\" \/>\n<script type=\"application\/ld+json\" class=\"yoast-schema-graph\">{\"@context\":\"https:\/\/schema.org\",\"@graph\":[{\"@type\":\"Article\",\"@id\":\"https:\/\/footdavant.fr\/actualites\/apercu-ac-milan-contre-club-de-bruges-pronostics-actualites-de-lequipe-compositions\/#article\",\"isPartOf\":{\"@id\":\"https:\/\/footdavant.fr\/actualites\/apercu-ac-milan-contre-club-de-bruges-pronostics-actualites-de-lequipe-compositions\/\"},\"author\":{\"name\":\"Cl\u00e9ment\",\"@id\":\"https:\/\/footdavant.fr\/actualites\/#\/schema\/person\/bc222566d95871b37e597b3ed3ba5e1d\"},\"headline\":\"Aper\u00e7u : AC Milan contre Club de Bruges \u2013 pronostics, actualit\u00e9s de l&#39;\u00e9quipe, compositions\",\"datePublished\":\"2024-10-21T08:48:03+00:00\",\"dateModified\":\"2024-10-21T08:48:06+00:00\",\"mainEntityOfPage\":{\"@id\":\"https:\/\/footdavant.fr\/actualites\/apercu-ac-milan-contre-club-de-bruges-pronostics-actualites-de-lequipe-compositions\/\"},\"wordCount\":1096,\"publisher\":{\"@id\":\"https:\/\/footdavant.fr\/actualites\/#organization\"},\"keywords\":[\"Actualit\u00e9s\",\"Aper\u00e7u\",\"Bruges\",\"club\",\"compositions\",\"contre\",\"l39\u00e9quipe\",\"Milan\",\"pronostics\"],\"articleSection\":[\"Champions League\"],\"inLanguage\":\"fr-FR\"},{\"@type\":\"WebPage\",\"@id\":\"https:\/\/footdavant.fr\/actualites\/apercu-ac-milan-contre-club-de-bruges-pronostics-actualites-de-lequipe-compositions\/\",\"url\":\"https:\/\/footdavant.fr\/actualites\/apercu-ac-milan-contre-club-de-bruges-pronostics-actualites-de-lequipe-compositions\/\",\"name\":\"Aper\u00e7u : AC Milan contre Club de Bruges \u2013 pronostics, actualit\u00e9s de l&#39;\u00e9quipe, compositions\",\"isPartOf\":{\"@id\":\"https:\/\/footdavant.fr\/actualites\/#website\"},\"datePublished\":\"2024-10-21T08:48:03+00:00\",\"dateModified\":\"2024-10-21T08:48:06+00:00\",\"breadcrumb\":{\"@id\":\"https:\/\/footdavant.fr\/actualites\/apercu-ac-milan-contre-club-de-bruges-pronostics-actualites-de-lequipe-compositions\/#breadcrumb\"},\"inLanguage\":\"fr-FR\",\"potentialAction\":[{\"@type\":\"ReadAction\",\"target\":[\"https:\/\/footdavant.fr\/actualites\/apercu-ac-milan-contre-club-de-bruges-pronostics-actualites-de-lequipe-compositions\/\"]}]},{\"@type\":\"BreadcrumbList\",\"@id\":\"https:\/\/footdavant.fr\/actualites\/apercu-ac-milan-contre-club-de-bruges-pronostics-actualites-de-lequipe-compositions\/#breadcrumb\",\"itemListElement\":[{\"@type\":\"ListItem\",\"position\":1,\"name\":\"Accueil\",\"item\":\"https:\/\/footdavant.fr\/actualites\/\"},{\"@type\":\"ListItem\",\"position\":2,\"name\":\"Aper\u00e7u : AC Milan contre Club de Bruges \u2013 pronostics, actualit\u00e9s de l&#39;\u00e9quipe, compositions\"}]},{\"@type\":\"WebSite\",\"@id\":\"https:\/\/footdavant.fr\/actualites\/#website\",\"url\":\"https:\/\/footdavant.fr\/actualites\/\",\"name\":\"Foot d'avant\",\"description\":\"\",\"publisher\":{\"@id\":\"https:\/\/footdavant.fr\/actualites\/#organization\"},\"potentialAction\":[{\"@type\":\"SearchAction\",\"target\":{\"@type\":\"EntryPoint\",\"urlTemplate\":\"https:\/\/footdavant.fr\/actualites\/?s={search_term_string}\"},\"query-input\":\"required name=search_term_string\"}],\"inLanguage\":\"fr-FR\"},{\"@type\":\"Organization\",\"@id\":\"https:\/\/footdavant.fr\/actualites\/#organization\",\"name\":\"Foot d'avant\",\"url\":\"https:\/\/footdavant.fr\/actualites\/\",\"logo\":{\"@type\":\"ImageObject\",\"inLanguage\":\"fr-FR\",\"@id\":\"https:\/\/footdavant.fr\/actualites\/#\/schema\/logo\/image\/\",\"url\":\"https:\/\/footdavant.fr\/actualites\/wp-content\/uploads\/2023\/09\/Copy-of-FootDavant-Logo.png\",\"contentUrl\":\"https:\/\/footdavant.fr\/actualites\/wp-content\/uploads\/2023\/09\/Copy-of-FootDavant-Logo.png\",\"width\":936,\"height\":549,\"caption\":\"Foot d'avant\"},\"image\":{\"@id\":\"https:\/\/footdavant.fr\/actualites\/#\/schema\/logo\/image\/\"},\"sameAs\":[\"https:\/\/www.facebook.com\/Footdavant\/\",\"https:\/\/twitter.com\/FootdavantFr\",\"https:\/\/www.instagram.com\/footdavant.fr\/\"]},{\"@type\":\"Person\",\"@id\":\"https:\/\/footdavant.fr\/actualites\/#\/schema\/person\/bc222566d95871b37e597b3ed3ba5e1d\",\"name\":\"Cl\u00e9ment\",\"image\":{\"@type\":\"ImageObject\",\"inLanguage\":\"fr-FR\",\"@id\":\"https:\/\/footdavant.fr\/actualites\/#\/schema\/person\/image\/\",\"url\":\"https:\/\/secure.gravatar.com\/avatar\/7728b29aac2719421e1a9159b2254c44?s=96&d=mm&r=g\",\"contentUrl\":\"https:\/\/secure.gravatar.com\/avatar\/7728b29aac2719421e1a9159b2254c44?s=96&d=mm&r=g\",\"caption\":\"Cl\u00e9ment\"},\"sameAs\":[\"https:\/\/footdavant.fr\/\"]}]}<\/script>\n<!-- \/ Yoast SEO plugin. -->","yoast_head_json":{"title":"Aper\u00e7u : AC Milan contre Club de Bruges \u2013 pronostics, actualit\u00e9s de l&#39;\u00e9quipe, compositions","robots":{"index":"index","follow":"follow","max-snippet":"max-snippet:-1","max-image-preview":"max-image-preview:large","max-video-preview":"max-video-preview:-1"},"canonical":"https:\/\/footdavant.fr\/actualites\/apercu-ac-milan-contre-club-de-bruges-pronostics-actualites-de-lequipe-compositions\/","og_locale":"fr_FR","og_type":"article","og_title":"Aper\u00e7u : AC Milan contre Club de Bruges \u2013 pronostics, actualit\u00e9s de l&#39;\u00e9quipe, compositions","og_description":"Sports Mole pr\u00e9sente un aper\u00e7u du choc de la Ligue des Champions de mardi entre l&#39;AC Milan et le Club de Bruges, y compris les","og_url":"https:\/\/footdavant.fr\/actualites\/apercu-ac-milan-contre-club-de-bruges-pronostics-actualites-de-lequipe-compositions\/","og_site_name":"Foot d&#039;avant","article_publisher":"https:\/\/www.facebook.com\/Footdavant\/","article_published_time":"2024-10-21T08:48:03+00:00","article_modified_time":"2024-10-21T08:48:06+00:00","og_image":[{"width":1280,"height":960,"url":"https:\/\/footdavant.fr\/actualites\/wp-content\/uploads\/2024\/10\/Apercu-AC-Milan-contre-Club-de-Bruges-\u2013-pronostics.jpg","type":"image\/jpeg"}],"author":"Cl\u00e9ment","twitter_card":"summary_large_image","twitter_creator":"@FootdavantFr","twitter_site":"@FootdavantFr","twitter_misc":{"\u00c9crit par":"Cl\u00e9ment","Dur\u00e9e de lecture estim\u00e9e":"5 minutes"},"schema":{"@context":"https:\/\/schema.org","@graph":[{"@type":"Article","@id":"https:\/\/footdavant.fr\/actualites\/apercu-ac-milan-contre-club-de-bruges-pronostics-actualites-de-lequipe-compositions\/#article","isPartOf":{"@id":"https:\/\/footdavant.fr\/actualites\/apercu-ac-milan-contre-club-de-bruges-pronostics-actualites-de-lequipe-compositions\/"},"author":{"name":"Cl\u00e9ment","@id":"https:\/\/footdavant.fr\/actualites\/#\/schema\/person\/bc222566d95871b37e597b3ed3ba5e1d"},"headline":"Aper\u00e7u : AC Milan contre Club de Bruges \u2013 pronostics, actualit\u00e9s de l&#39;\u00e9quipe, compositions","datePublished":"2024-10-21T08:48:03+00:00","dateModified":"2024-10-21T08:48:06+00:00","mainEntityOfPage":{"@id":"https:\/\/footdavant.fr\/actualites\/apercu-ac-milan-contre-club-de-bruges-pronostics-actualites-de-lequipe-compositions\/"},"wordCount":1096,"publisher":{"@id":"https:\/\/footdavant.fr\/actualites\/#organization"},"keywords":["Actualit\u00e9s","Aper\u00e7u","Bruges","club","compositions","contre","l39\u00e9quipe","Milan","pronostics"],"articleSection":["Champions League"],"inLanguage":"fr-FR"},{"@type":"WebPage","@id":"https:\/\/footdavant.fr\/actualites\/apercu-ac-milan-contre-club-de-bruges-pronostics-actualites-de-lequipe-compositions\/","url":"https:\/\/footdavant.fr\/actualites\/apercu-ac-milan-contre-club-de-bruges-pronostics-actualites-de-lequipe-compositions\/","name":"Aper\u00e7u : AC Milan contre Club de Bruges \u2013 pronostics, actualit\u00e9s de l&#39;\u00e9quipe, compositions","isPartOf":{"@id":"https:\/\/footdavant.fr\/actualites\/#website"},"datePublished":"2024-10-21T08:48:03+00:00","dateModified":"2024-10-21T08:48:06+00:00","breadcrumb":{"@id":"https:\/\/footdavant.fr\/actualites\/apercu-ac-milan-contre-club-de-bruges-pronostics-actualites-de-lequipe-compositions\/#breadcrumb"},"inLanguage":"fr-FR","potentialAction":[{"@type":"ReadAction","target":["https:\/\/footdavant.fr\/actualites\/apercu-ac-milan-contre-club-de-bruges-pronostics-actualites-de-lequipe-compositions\/"]}]},{"@type":"BreadcrumbList","@id":"https:\/\/footdavant.fr\/actualites\/apercu-ac-milan-contre-club-de-bruges-pronostics-actualites-de-lequipe-compositions\/#breadcrumb","itemListElement":[{"@type":"ListItem","position":1,"name":"Accueil","item":"https:\/\/footdavant.fr\/actualites\/"},{"@type":"ListItem","position":2,"name":"Aper\u00e7u : AC Milan contre Club de Bruges \u2013 pronostics, actualit\u00e9s de l&#39;\u00e9quipe, compositions"}]},{"@type":"WebSite","@id":"https:\/\/footdavant.fr\/actualites\/#website","url":"https:\/\/footdavant.fr\/actualites\/","name":"Foot d'avant","description":"","publisher":{"@id":"https:\/\/footdavant.fr\/actualites\/#organization"},"potentialAction":[{"@type":"SearchAction","target":{"@type":"EntryPoint","urlTemplate":"https:\/\/footdavant.fr\/actualites\/?s={search_term_string}"},"query-input":"required name=search_term_string"}],"inLanguage":"fr-FR"},{"@type":"Organization","@id":"https:\/\/footdavant.fr\/actualites\/#organization","name":"Foot d'avant","url":"https:\/\/footdavant.fr\/actualites\/","logo":{"@type":"ImageObject","inLanguage":"fr-FR","@id":"https:\/\/footdavant.fr\/actualites\/#\/schema\/logo\/image\/","url":"https:\/\/footdavant.fr\/actualites\/wp-content\/uploads\/2023\/09\/Copy-of-FootDavant-Logo.png","contentUrl":"https:\/\/footdavant.fr\/actualites\/wp-content\/uploads\/2023\/09\/Copy-of-FootDavant-Logo.png","width":936,"height":549,"caption":"Foot d'avant"},"image":{"@id":"https:\/\/footdavant.fr\/actualites\/#\/schema\/logo\/image\/"},"sameAs":["https:\/\/www.facebook.com\/Footdavant\/","https:\/\/twitter.com\/FootdavantFr","https:\/\/www.instagram.com\/footdavant.fr\/"]},{"@type":"Person","@id":"https:\/\/footdavant.fr\/actualites\/#\/schema\/person\/bc222566d95871b37e597b3ed3ba5e1d","name":"Cl\u00e9ment","image":{"@type":"ImageObject","inLanguage":"fr-FR","@id":"https:\/\/footdavant.fr\/actualites\/#\/schema\/person\/image\/","url":"https:\/\/secure.gravatar.com\/avatar\/7728b29aac2719421e1a9159b2254c44?s=96&d=mm&r=g","contentUrl":"https:\/\/secure.gravatar.com\/avatar\/7728b29aac2719421e1a9159b2254c44?s=96&d=mm&r=g","caption":"Cl\u00e9ment"},"sameAs":["https:\/\/footdavant.fr\/"]}]}},"_links":{"self":[{"href":"https:\/\/footdavant.fr\/actualites\/wp-json\/wp\/v2\/posts\/15040"}],"collection":[{"href":"https:\/\/footdavant.fr\/actualites\/wp-json\/wp\/v2\/posts"}],"about":[{"href":"https:\/\/footdavant.fr\/actualites\/wp-json\/wp\/v2\/types\/post"}],"author":[{"embeddable":true,"href":"https:\/\/footdavant.fr\/actualites\/wp-json\/wp\/v2\/users\/1"}],"replies":[{"embeddable":true,"href":"https:\/\/footdavant.fr\/actualites\/wp-json\/wp\/v2\/comments?post=15040"}],"version-history":[{"count":1,"href":"https:\/\/footdavant.fr\/actualites\/wp-json\/wp\/v2\/posts\/15040\/revisions"}],"predecessor-version":[{"id":15042,"href":"https:\/\/footdavant.fr\/actualites\/wp-json\/wp\/v2\/posts\/15040\/revisions\/15042"}],"wp:featuredmedia":[{"embeddable":true,"href":"https:\/\/footdavant.fr\/actualites\/wp-json\/wp\/v2\/media\/15041"}],"wp:attachment":[{"href":"https:\/\/footdavant.fr\/actualites\/wp-json\/wp\/v2\/media?parent=15040"}],"wp:term":[{"taxonomy":"category","embeddable":true,"href":"https:\/\/footdavant.fr\/actualites\/wp-json\/wp\/v2\/categories?post=15040"},{"taxonomy":"post_tag","embeddable":true,"href":"https:\/\/footdavant.fr\/actualites\/wp-json\/wp\/v2\/tags?post=15040"}],"curies":[{"name":"wp","href":"https:\/\/api.w.org\/{rel}","templated":true}]}}