{"id":15107,"date":"2024-10-22T17:49:31","date_gmt":"2024-10-22T15:49:31","guid":{"rendered":"https:\/\/footdavant.fr\/actualites\/les-joyaux-de-lacademie-de-man-united-harry-amass-et-jack-kingdon-reperes-a-lentrainement-avant-le-match-nul-contre-fenerbahce\/"},"modified":"2024-10-22T17:49:35","modified_gmt":"2024-10-22T15:49:35","slug":"les-joyaux-de-lacademie-de-man-united-harry-amass-et-jack-kingdon-reperes-a-lentrainement-avant-le-match-nul-contre-fenerbahce","status":"publish","type":"post","link":"https:\/\/footdavant.fr\/actualites\/les-joyaux-de-lacademie-de-man-united-harry-amass-et-jack-kingdon-reperes-a-lentrainement-avant-le-match-nul-contre-fenerbahce\/","title":{"rendered":"Les joyaux de l&#39;acad\u00e9mie de Man United, Harry Amass et Jack Kingdon, rep\u00e9r\u00e9s \u00e0 l&#39;entra\u00eenement avant le match nul contre Fenerbahce &#8211;"},"content":{"rendered":"<div id=\"penci-post-entry-inner\">\n<p>\t\t\t<i class=\"penci-post-countview-number-check\" style=\"display:none\">1<\/i><\/p>\n<p><!--Article Start--><br \/>Manchester United cherchera \u00e0 s&#39;appuyer sur sa victoire en Premier League contre Brentford samedi lorsqu&#39;il affrontera Fenerbahce en Ligue Europa jeudi.<\/p>\n<p>La position d&#39;Erik ten Hag a \u00e9t\u00e9 renforc\u00e9e gr\u00e2ce \u00e0 ces trois points et tandis que l&#39;ancien patron de United, Jose Mourinho, cherchera \u00e0 aggraver les malheurs du N\u00e9erlandais, l&#39;\u00e9quipe turque n&#39;est pas dans le meilleur des moments actuellement.<\/p>\n<p>Les Diables Rouges n&#39;ont pas encore remport\u00e9 de match en Europe cette saison, faisant match nul lors de leurs deux matches, mais ils ont de grandes chances de remporter les trois points en Turquie, Fener souffrant de nombreuses blessures.<\/p>\n<p>Les 20 fois champions de la ligue anglaise ne sont pas meilleurs et sont actuellement priv\u00e9s de Kobbie Mainoo et Harry Maguire ainsi que de leurs deux arri\u00e8res gauches tandis que Jonny Evans et Casemiro sont incertains.<\/p>\n<h5>Amass impliqu\u00e9 dans la formation<\/h5>\n<p>Cela signifie que de nombreux dipl\u00f4m\u00e9s de l\u2019acad\u00e9mie pourraient \u00eatre appel\u00e9s, trois en particulier suscitant un int\u00e9r\u00eat.<\/p>\n<p>Comme l&#39;a r\u00e9v\u00e9l\u00e9 le Manchester Evening News, Ten Hag envisage de nommer une surabondance de jeunes dans l&#39;\u00e9quipe de la journ\u00e9e et cette liste comprend Harry Amass et Jack Kingdon ainsi qu&#39;Ethan Wheatley.<\/p>\n<p>\u00ab\u00a0Ethan Wheatley, Harry Amass et Jack Kingdon faisaient partie des jeunes impliqu\u00e9s dans l&#39;entra\u00eenement de l&#39;\u00e9quipe premi\u00e8re de Manchester United \u00e0 Carrington mardi.\u00a0\u00bb<\/p>\n<blockquote class=\"twitter-tweet\" data-width=\"550\" data-dnt=\"true\">\n<p lang=\"en\" dir=\"ltr\">Faire avancer les choses \u23f1\ufe0f<a rel=\"nofollow\" href=\"https:\/\/twitter.com\/hashtag\/MUFC?src=hash&amp;ref_src=twsrc%5Etfw\">#MUFC<\/a> <a rel=\"nofollow\" href=\"https:\/\/t.co\/YPsgO8F91m\">pic.twitter.com\/YPsgO8F91m<\/a><\/p>\n<p>\u2013Manchester United (@ManUtd) <a rel=\"nofollow\" href=\"https:\/\/twitter.com\/ManUtd\/status\/1848737322906358084?ref_src=twsrc%5Etfw\">22 octobre 2024<\/a><\/p>\n<\/blockquote>\n<p>Ce fut une surprise de voir le jeune arri\u00e8re lat\u00e9ral ne figurer dans aucune \u00e9quipe pour la journ\u00e9e jusqu&#39;\u00e0 pr\u00e9sent cette saison apr\u00e8s une pr\u00e9-saison impressionnante avec l&#39;\u00e9quipe premi\u00e8re.<\/p>\n<p>Malgr\u00e9 l&#39;absence d&#39;un arri\u00e8re gauche sp\u00e9cialis\u00e9, Ten Hag a estim\u00e9 qu&#39;Amass n&#39;\u00e9tait pas pr\u00eat physiquement, mais jeudi pourrait \u00eatre la premi\u00e8re fois que nous voyons le joyau de l&#39;acad\u00e9mie dans l&#39;\u00e9quipe premi\u00e8re cette saison.<\/p>\n<h5>Les dipl\u00f4m\u00e9s de l&#39;Acad\u00e9mie se mobilisent<\/h5>\n<p>Kingdon a impressionn\u00e9 \u00e0 l&#39;entra\u00eenement et a r\u00e9cemment pass\u00e9 du temps au FC Lausanne Sport, propri\u00e9t\u00e9 d&#39;INEOS, aux c\u00f4t\u00e9s de Habeeb Ogunneye et Ethan Williams.<\/p>\n<p>Les fans connaissent d\u00e9j\u00e0 Wheatley puisqu&#39;il est devenu le 250e dipl\u00f4m\u00e9 de l&#39;acad\u00e9mie United \u00e0 faire ses d\u00e9buts en \u00e9quipe premi\u00e8re et a continu\u00e9 \u00e0 marquer des buts avec les U21, mais n&#39;a pas encore fait une apparition senior cette saison.<\/p>\n<p>Le trio s&#39;est tous entra\u00een\u00e9 avec l&#39;\u00e9quipe premi\u00e8re mardi et un autre indice concernant leur implication viendra mercredi.<\/p>\n<p>Avant le premier match, un certain nombre de jeunes ont \u00e9t\u00e9 recrut\u00e9s dans l&#39;\u00e9quipe et une pratique similaire devrait \u00eatre adopt\u00e9e avant le match en Turquie, les clubs \u00e9tant en mesure de nommer une \u00e9quipe de 23 joueurs pour les matches de la Ligue Europa.<\/p>\n<hr>\n<p> <b>Jouez gratuitement pour gagner le nouveau kit United !<\/b> Nous attribuons un nouveau prix chaque semaine de match PL, gracieuset\u00e9 de Goat Kits\u00a0! Pour jouer, il suffit (1) de rejoindre la toute nouvelle ligue PL Challenge de cette semaine ici avec notre code de ligue puu1tk et d&#39;inscrire votre \u00e9quipe. (2) <a rel=\"nofollow noopener\" href=\"https:\/\/twitter.com\/intent\/user?screen_name=_peoplesperson_\" target=\"_blank\">Suivez The Peoples Person sur X<\/a> et r\u00e9pondez \u00e0 la question de d\u00e9partage. Instructions compl\u00e8tes et r\u00e8gles ici.<br \/>Vous pouvez \u00e9galement visiter Goat Kits sur Goatkitstore.com et utiliser le code de r\u00e9duction TPP30 pour obtenir 30 % de r\u00e9duction sur votre premier achat !<br \/><!--Article End--><\/p>\n<p><!-- CONTENT END 3 --><\/p><\/div>\n<p><script async src=\"https:\/\/platform.twitter.com\/widgets.js\" charset=\"utf-8\"><\/script><\/p>\n","protected":false},"excerpt":{"rendered":"<p>1 Manchester United cherchera \u00e0 s&#39;appuyer sur sa victoire en Premier League contre Brentford samedi lorsqu&#39;il affrontera Fenerbahce en Ligue Europa jeudi. La position d&#39;Erik<\/p>\n","protected":false},"author":1,"featured_media":15108,"comment_status":"closed","ping_status":"","sticky":false,"template":"","format":"standard","meta":{"footnotes":""},"categories":[3],"tags":[6822,491,20,1633,32,2155,6821,6823,4386,4531,93,24,257,492,6824,13],"yoast_head":"<!-- This site is optimized with the Yoast SEO plugin v21.0 - https:\/\/yoast.com\/wordpress\/plugins\/seo\/ -->\n<title>Les joyaux de l&#039;acad\u00e9mie de Man United, Harry Amass et Jack Kingdon, rep\u00e9r\u00e9s \u00e0 l&#039;entra\u00eenement avant le match nul contre Fenerbahce -<\/title>\n<meta name=\"robots\" content=\"index, follow, max-snippet:-1, max-image-preview:large, max-video-preview:-1\" \/>\n<link rel=\"canonical\" href=\"https:\/\/footdavant.fr\/actualites\/les-joyaux-de-lacademie-de-man-united-harry-amass-et-jack-kingdon-reperes-a-lentrainement-avant-le-match-nul-contre-fenerbahce\/\" \/>\n<meta property=\"og:locale\" content=\"fr_FR\" \/>\n<meta property=\"og:type\" content=\"article\" \/>\n<meta property=\"og:title\" content=\"Les joyaux de l&#039;acad\u00e9mie de Man United, Harry Amass et Jack Kingdon, rep\u00e9r\u00e9s \u00e0 l&#039;entra\u00eenement avant le match nul contre Fenerbahce -\" \/>\n<meta property=\"og:description\" content=\"1 Manchester United cherchera \u00e0 s&#039;appuyer sur sa victoire en Premier League contre Brentford samedi lorsqu&#039;il affrontera Fenerbahce en Ligue Europa jeudi. La position d&#039;Erik\" \/>\n<meta property=\"og:url\" content=\"https:\/\/footdavant.fr\/actualites\/les-joyaux-de-lacademie-de-man-united-harry-amass-et-jack-kingdon-reperes-a-lentrainement-avant-le-match-nul-contre-fenerbahce\/\" \/>\n<meta property=\"og:site_name\" content=\"Foot d&#039;avant\" \/>\n<meta property=\"article:publisher\" content=\"https:\/\/www.facebook.com\/Footdavant\/\" \/>\n<meta property=\"article:published_time\" content=\"2024-10-22T15:49:31+00:00\" \/>\n<meta property=\"article:modified_time\" content=\"2024-10-22T15:49:35+00:00\" \/>\n<meta property=\"og:image\" content=\"https:\/\/footdavant.fr\/actualites\/wp-content\/uploads\/2024\/10\/Les-joyaux-de-l39academie-de-Man-United-Harry-Amass-et.jpg\" \/>\n\t<meta property=\"og:image:width\" content=\"1600\" \/>\n\t<meta property=\"og:image:height\" content=\"714\" \/>\n\t<meta property=\"og:image:type\" content=\"image\/jpeg\" \/>\n<meta name=\"author\" content=\"Cl\u00e9ment\" \/>\n<meta name=\"twitter:card\" content=\"summary_large_image\" \/>\n<meta name=\"twitter:creator\" content=\"@FootdavantFr\" \/>\n<meta name=\"twitter:site\" content=\"@FootdavantFr\" \/>\n<meta name=\"twitter:label1\" content=\"\u00c9crit par\" \/>\n\t<meta name=\"twitter:data1\" content=\"Cl\u00e9ment\" \/>\n\t<meta name=\"twitter:label2\" content=\"Dur\u00e9e de lecture estim\u00e9e\" \/>\n\t<meta name=\"twitter:data2\" content=\"3 minutes\" \/>\n<script type=\"application\/ld+json\" class=\"yoast-schema-graph\">{\"@context\":\"https:\/\/schema.org\",\"@graph\":[{\"@type\":\"Article\",\"@id\":\"https:\/\/footdavant.fr\/actualites\/les-joyaux-de-lacademie-de-man-united-harry-amass-et-jack-kingdon-reperes-a-lentrainement-avant-le-match-nul-contre-fenerbahce\/#article\",\"isPartOf\":{\"@id\":\"https:\/\/footdavant.fr\/actualites\/les-joyaux-de-lacademie-de-man-united-harry-amass-et-jack-kingdon-reperes-a-lentrainement-avant-le-match-nul-contre-fenerbahce\/\"},\"author\":{\"name\":\"Cl\u00e9ment\",\"@id\":\"https:\/\/footdavant.fr\/actualites\/#\/schema\/person\/bc222566d95871b37e597b3ed3ba5e1d\"},\"headline\":\"Les joyaux de l&#39;acad\u00e9mie de Man United, Harry Amass et Jack Kingdon, rep\u00e9r\u00e9s \u00e0 l&#39;entra\u00eenement avant le match nul contre Fenerbahce &#8211;\",\"datePublished\":\"2024-10-22T15:49:31+00:00\",\"dateModified\":\"2024-10-22T15:49:35+00:00\",\"mainEntityOfPage\":{\"@id\":\"https:\/\/footdavant.fr\/actualites\/les-joyaux-de-lacademie-de-man-united-harry-amass-et-jack-kingdon-reperes-a-lentrainement-avant-le-match-nul-contre-fenerbahce\/\"},\"wordCount\":618,\"publisher\":{\"@id\":\"https:\/\/footdavant.fr\/actualites\/#organization\"},\"keywords\":[\"Amass\",\"avant\",\"contre\",\"Fenerbah\u00e7e\",\"Harry\",\"Jack\",\"joyaux\",\"Kingdon\",\"l39acad\u00e9mie\",\"l39entra\u00eenement\",\"les\",\"Man\",\"match\",\"nul\",\"rep\u00e9r\u00e9s\",\"United\"],\"articleSection\":[\"Football\"],\"inLanguage\":\"fr-FR\"},{\"@type\":\"WebPage\",\"@id\":\"https:\/\/footdavant.fr\/actualites\/les-joyaux-de-lacademie-de-man-united-harry-amass-et-jack-kingdon-reperes-a-lentrainement-avant-le-match-nul-contre-fenerbahce\/\",\"url\":\"https:\/\/footdavant.fr\/actualites\/les-joyaux-de-lacademie-de-man-united-harry-amass-et-jack-kingdon-reperes-a-lentrainement-avant-le-match-nul-contre-fenerbahce\/\",\"name\":\"Les joyaux de l&#39;acad\u00e9mie de Man United, Harry Amass et Jack Kingdon, rep\u00e9r\u00e9s \u00e0 l&#39;entra\u00eenement avant le match nul contre Fenerbahce -\",\"isPartOf\":{\"@id\":\"https:\/\/footdavant.fr\/actualites\/#website\"},\"datePublished\":\"2024-10-22T15:49:31+00:00\",\"dateModified\":\"2024-10-22T15:49:35+00:00\",\"breadcrumb\":{\"@id\":\"https:\/\/footdavant.fr\/actualites\/les-joyaux-de-lacademie-de-man-united-harry-amass-et-jack-kingdon-reperes-a-lentrainement-avant-le-match-nul-contre-fenerbahce\/#breadcrumb\"},\"inLanguage\":\"fr-FR\",\"potentialAction\":[{\"@type\":\"ReadAction\",\"target\":[\"https:\/\/footdavant.fr\/actualites\/les-joyaux-de-lacademie-de-man-united-harry-amass-et-jack-kingdon-reperes-a-lentrainement-avant-le-match-nul-contre-fenerbahce\/\"]}]},{\"@type\":\"BreadcrumbList\",\"@id\":\"https:\/\/footdavant.fr\/actualites\/les-joyaux-de-lacademie-de-man-united-harry-amass-et-jack-kingdon-reperes-a-lentrainement-avant-le-match-nul-contre-fenerbahce\/#breadcrumb\",\"itemListElement\":[{\"@type\":\"ListItem\",\"position\":1,\"name\":\"Accueil\",\"item\":\"https:\/\/footdavant.fr\/actualites\/\"},{\"@type\":\"ListItem\",\"position\":2,\"name\":\"Les joyaux de l&#39;acad\u00e9mie de Man United, Harry Amass et Jack Kingdon, rep\u00e9r\u00e9s \u00e0 l&#39;entra\u00eenement avant le match nul contre Fenerbahce &#8211;\"}]},{\"@type\":\"WebSite\",\"@id\":\"https:\/\/footdavant.fr\/actualites\/#website\",\"url\":\"https:\/\/footdavant.fr\/actualites\/\",\"name\":\"Foot d'avant\",\"description\":\"\",\"publisher\":{\"@id\":\"https:\/\/footdavant.fr\/actualites\/#organization\"},\"potentialAction\":[{\"@type\":\"SearchAction\",\"target\":{\"@type\":\"EntryPoint\",\"urlTemplate\":\"https:\/\/footdavant.fr\/actualites\/?s={search_term_string}\"},\"query-input\":\"required name=search_term_string\"}],\"inLanguage\":\"fr-FR\"},{\"@type\":\"Organization\",\"@id\":\"https:\/\/footdavant.fr\/actualites\/#organization\",\"name\":\"Foot d'avant\",\"url\":\"https:\/\/footdavant.fr\/actualites\/\",\"logo\":{\"@type\":\"ImageObject\",\"inLanguage\":\"fr-FR\",\"@id\":\"https:\/\/footdavant.fr\/actualites\/#\/schema\/logo\/image\/\",\"url\":\"https:\/\/footdavant.fr\/actualites\/wp-content\/uploads\/2023\/09\/Copy-of-FootDavant-Logo.png\",\"contentUrl\":\"https:\/\/footdavant.fr\/actualites\/wp-content\/uploads\/2023\/09\/Copy-of-FootDavant-Logo.png\",\"width\":936,\"height\":549,\"caption\":\"Foot d'avant\"},\"image\":{\"@id\":\"https:\/\/footdavant.fr\/actualites\/#\/schema\/logo\/image\/\"},\"sameAs\":[\"https:\/\/www.facebook.com\/Footdavant\/\",\"https:\/\/twitter.com\/FootdavantFr\",\"https:\/\/www.instagram.com\/footdavant.fr\/\"]},{\"@type\":\"Person\",\"@id\":\"https:\/\/footdavant.fr\/actualites\/#\/schema\/person\/bc222566d95871b37e597b3ed3ba5e1d\",\"name\":\"Cl\u00e9ment\",\"image\":{\"@type\":\"ImageObject\",\"inLanguage\":\"fr-FR\",\"@id\":\"https:\/\/footdavant.fr\/actualites\/#\/schema\/person\/image\/\",\"url\":\"https:\/\/secure.gravatar.com\/avatar\/7728b29aac2719421e1a9159b2254c44?s=96&d=mm&r=g\",\"contentUrl\":\"https:\/\/secure.gravatar.com\/avatar\/7728b29aac2719421e1a9159b2254c44?s=96&d=mm&r=g\",\"caption\":\"Cl\u00e9ment\"},\"sameAs\":[\"https:\/\/footdavant.fr\/\"]}]}<\/script>\n<!-- \/ Yoast SEO plugin. -->","yoast_head_json":{"title":"Les joyaux de l&#39;acad\u00e9mie de Man United, Harry Amass et Jack Kingdon, rep\u00e9r\u00e9s \u00e0 l&#39;entra\u00eenement avant le match nul contre Fenerbahce -","robots":{"index":"index","follow":"follow","max-snippet":"max-snippet:-1","max-image-preview":"max-image-preview:large","max-video-preview":"max-video-preview:-1"},"canonical":"https:\/\/footdavant.fr\/actualites\/les-joyaux-de-lacademie-de-man-united-harry-amass-et-jack-kingdon-reperes-a-lentrainement-avant-le-match-nul-contre-fenerbahce\/","og_locale":"fr_FR","og_type":"article","og_title":"Les joyaux de l&#39;acad\u00e9mie de Man United, Harry Amass et Jack Kingdon, rep\u00e9r\u00e9s \u00e0 l&#39;entra\u00eenement avant le match nul contre Fenerbahce -","og_description":"1 Manchester United cherchera \u00e0 s&#39;appuyer sur sa victoire en Premier League contre Brentford samedi lorsqu&#39;il affrontera Fenerbahce en Ligue Europa jeudi. La position d&#39;Erik","og_url":"https:\/\/footdavant.fr\/actualites\/les-joyaux-de-lacademie-de-man-united-harry-amass-et-jack-kingdon-reperes-a-lentrainement-avant-le-match-nul-contre-fenerbahce\/","og_site_name":"Foot d&#039;avant","article_publisher":"https:\/\/www.facebook.com\/Footdavant\/","article_published_time":"2024-10-22T15:49:31+00:00","article_modified_time":"2024-10-22T15:49:35+00:00","og_image":[{"width":1600,"height":714,"url":"https:\/\/footdavant.fr\/actualites\/wp-content\/uploads\/2024\/10\/Les-joyaux-de-l39academie-de-Man-United-Harry-Amass-et.jpg","type":"image\/jpeg"}],"author":"Cl\u00e9ment","twitter_card":"summary_large_image","twitter_creator":"@FootdavantFr","twitter_site":"@FootdavantFr","twitter_misc":{"\u00c9crit par":"Cl\u00e9ment","Dur\u00e9e de lecture estim\u00e9e":"3 minutes"},"schema":{"@context":"https:\/\/schema.org","@graph":[{"@type":"Article","@id":"https:\/\/footdavant.fr\/actualites\/les-joyaux-de-lacademie-de-man-united-harry-amass-et-jack-kingdon-reperes-a-lentrainement-avant-le-match-nul-contre-fenerbahce\/#article","isPartOf":{"@id":"https:\/\/footdavant.fr\/actualites\/les-joyaux-de-lacademie-de-man-united-harry-amass-et-jack-kingdon-reperes-a-lentrainement-avant-le-match-nul-contre-fenerbahce\/"},"author":{"name":"Cl\u00e9ment","@id":"https:\/\/footdavant.fr\/actualites\/#\/schema\/person\/bc222566d95871b37e597b3ed3ba5e1d"},"headline":"Les joyaux de l&#39;acad\u00e9mie de Man United, Harry Amass et Jack Kingdon, rep\u00e9r\u00e9s \u00e0 l&#39;entra\u00eenement avant le match nul contre Fenerbahce &#8211;","datePublished":"2024-10-22T15:49:31+00:00","dateModified":"2024-10-22T15:49:35+00:00","mainEntityOfPage":{"@id":"https:\/\/footdavant.fr\/actualites\/les-joyaux-de-lacademie-de-man-united-harry-amass-et-jack-kingdon-reperes-a-lentrainement-avant-le-match-nul-contre-fenerbahce\/"},"wordCount":618,"publisher":{"@id":"https:\/\/footdavant.fr\/actualites\/#organization"},"keywords":["Amass","avant","contre","Fenerbah\u00e7e","Harry","Jack","joyaux","Kingdon","l39acad\u00e9mie","l39entra\u00eenement","les","Man","match","nul","rep\u00e9r\u00e9s","United"],"articleSection":["Football"],"inLanguage":"fr-FR"},{"@type":"WebPage","@id":"https:\/\/footdavant.fr\/actualites\/les-joyaux-de-lacademie-de-man-united-harry-amass-et-jack-kingdon-reperes-a-lentrainement-avant-le-match-nul-contre-fenerbahce\/","url":"https:\/\/footdavant.fr\/actualites\/les-joyaux-de-lacademie-de-man-united-harry-amass-et-jack-kingdon-reperes-a-lentrainement-avant-le-match-nul-contre-fenerbahce\/","name":"Les joyaux de l&#39;acad\u00e9mie de Man United, Harry Amass et Jack Kingdon, rep\u00e9r\u00e9s \u00e0 l&#39;entra\u00eenement avant le match nul contre Fenerbahce -","isPartOf":{"@id":"https:\/\/footdavant.fr\/actualites\/#website"},"datePublished":"2024-10-22T15:49:31+00:00","dateModified":"2024-10-22T15:49:35+00:00","breadcrumb":{"@id":"https:\/\/footdavant.fr\/actualites\/les-joyaux-de-lacademie-de-man-united-harry-amass-et-jack-kingdon-reperes-a-lentrainement-avant-le-match-nul-contre-fenerbahce\/#breadcrumb"},"inLanguage":"fr-FR","potentialAction":[{"@type":"ReadAction","target":["https:\/\/footdavant.fr\/actualites\/les-joyaux-de-lacademie-de-man-united-harry-amass-et-jack-kingdon-reperes-a-lentrainement-avant-le-match-nul-contre-fenerbahce\/"]}]},{"@type":"BreadcrumbList","@id":"https:\/\/footdavant.fr\/actualites\/les-joyaux-de-lacademie-de-man-united-harry-amass-et-jack-kingdon-reperes-a-lentrainement-avant-le-match-nul-contre-fenerbahce\/#breadcrumb","itemListElement":[{"@type":"ListItem","position":1,"name":"Accueil","item":"https:\/\/footdavant.fr\/actualites\/"},{"@type":"ListItem","position":2,"name":"Les joyaux de l&#39;acad\u00e9mie de Man United, Harry Amass et Jack Kingdon, rep\u00e9r\u00e9s \u00e0 l&#39;entra\u00eenement avant le match nul contre Fenerbahce &#8211;"}]},{"@type":"WebSite","@id":"https:\/\/footdavant.fr\/actualites\/#website","url":"https:\/\/footdavant.fr\/actualites\/","name":"Foot d'avant","description":"","publisher":{"@id":"https:\/\/footdavant.fr\/actualites\/#organization"},"potentialAction":[{"@type":"SearchAction","target":{"@type":"EntryPoint","urlTemplate":"https:\/\/footdavant.fr\/actualites\/?s={search_term_string}"},"query-input":"required name=search_term_string"}],"inLanguage":"fr-FR"},{"@type":"Organization","@id":"https:\/\/footdavant.fr\/actualites\/#organization","name":"Foot d'avant","url":"https:\/\/footdavant.fr\/actualites\/","logo":{"@type":"ImageObject","inLanguage":"fr-FR","@id":"https:\/\/footdavant.fr\/actualites\/#\/schema\/logo\/image\/","url":"https:\/\/footdavant.fr\/actualites\/wp-content\/uploads\/2023\/09\/Copy-of-FootDavant-Logo.png","contentUrl":"https:\/\/footdavant.fr\/actualites\/wp-content\/uploads\/2023\/09\/Copy-of-FootDavant-Logo.png","width":936,"height":549,"caption":"Foot d'avant"},"image":{"@id":"https:\/\/footdavant.fr\/actualites\/#\/schema\/logo\/image\/"},"sameAs":["https:\/\/www.facebook.com\/Footdavant\/","https:\/\/twitter.com\/FootdavantFr","https:\/\/www.instagram.com\/footdavant.fr\/"]},{"@type":"Person","@id":"https:\/\/footdavant.fr\/actualites\/#\/schema\/person\/bc222566d95871b37e597b3ed3ba5e1d","name":"Cl\u00e9ment","image":{"@type":"ImageObject","inLanguage":"fr-FR","@id":"https:\/\/footdavant.fr\/actualites\/#\/schema\/person\/image\/","url":"https:\/\/secure.gravatar.com\/avatar\/7728b29aac2719421e1a9159b2254c44?s=96&d=mm&r=g","contentUrl":"https:\/\/secure.gravatar.com\/avatar\/7728b29aac2719421e1a9159b2254c44?s=96&d=mm&r=g","caption":"Cl\u00e9ment"},"sameAs":["https:\/\/footdavant.fr\/"]}]}},"_links":{"self":[{"href":"https:\/\/footdavant.fr\/actualites\/wp-json\/wp\/v2\/posts\/15107"}],"collection":[{"href":"https:\/\/footdavant.fr\/actualites\/wp-json\/wp\/v2\/posts"}],"about":[{"href":"https:\/\/footdavant.fr\/actualites\/wp-json\/wp\/v2\/types\/post"}],"author":[{"embeddable":true,"href":"https:\/\/footdavant.fr\/actualites\/wp-json\/wp\/v2\/users\/1"}],"replies":[{"embeddable":true,"href":"https:\/\/footdavant.fr\/actualites\/wp-json\/wp\/v2\/comments?post=15107"}],"version-history":[{"count":1,"href":"https:\/\/footdavant.fr\/actualites\/wp-json\/wp\/v2\/posts\/15107\/revisions"}],"predecessor-version":[{"id":15109,"href":"https:\/\/footdavant.fr\/actualites\/wp-json\/wp\/v2\/posts\/15107\/revisions\/15109"}],"wp:featuredmedia":[{"embeddable":true,"href":"https:\/\/footdavant.fr\/actualites\/wp-json\/wp\/v2\/media\/15108"}],"wp:attachment":[{"href":"https:\/\/footdavant.fr\/actualites\/wp-json\/wp\/v2\/media?parent=15107"}],"wp:term":[{"taxonomy":"category","embeddable":true,"href":"https:\/\/footdavant.fr\/actualites\/wp-json\/wp\/v2\/categories?post=15107"},{"taxonomy":"post_tag","embeddable":true,"href":"https:\/\/footdavant.fr\/actualites\/wp-json\/wp\/v2\/tags?post=15107"}],"curies":[{"name":"wp","href":"https:\/\/api.w.org\/{rel}","templated":true}]}}