{"id":15130,"date":"2024-10-23T03:48:22","date_gmt":"2024-10-23T01:48:22","guid":{"rendered":"https:\/\/footdavant.fr\/actualites\/le-patron-darsenal-mikel-arteta-laisse-la-porte-ouverte-a-la-direction-de-langleterre-apres-la-nomination-de-thomas-tuchel\/"},"modified":"2024-10-23T03:48:24","modified_gmt":"2024-10-23T01:48:24","slug":"le-patron-darsenal-mikel-arteta-laisse-la-porte-ouverte-a-la-direction-de-langleterre-apres-la-nomination-de-thomas-tuchel","status":"publish","type":"post","link":"https:\/\/footdavant.fr\/actualites\/le-patron-darsenal-mikel-arteta-laisse-la-porte-ouverte-a-la-direction-de-langleterre-apres-la-nomination-de-thomas-tuchel\/","title":{"rendered":"Le patron d&#39;Arsenal, Mikel Arteta, laisse la porte ouverte \u00e0 la direction de l&#39;Angleterre apr\u00e8s la nomination de Thomas Tuchel"},"content":{"rendered":"<p>L&#39;entra\u00eeneur-chef d&#39;Arsenal, Mikel Arteta, discute de la possibilit\u00e9 de diriger l&#39;Angleterre \u00e0 l&#39;avenir suite \u00e0 la nomination de Thomas Tuchel plus t\u00f4t cette semaine.<\/p>\n<div id=\"article_body\" itemprop=\"articleBody\">\n<h3 class=\"firstPara\">\n<strong class=\"autotag\">Arsenal<\/strong> entra\u00eeneur-chef <strong class=\"autotag\">Mikel Arteta<\/strong> a laiss\u00e9 la porte ouverte \u00e0 la gestion <strong class=\"autotag\">Angleterre<\/strong> \u00e0 l&#39;avenir.<\/h3>\n<p>Les Trois Lions annonc\u00e9s <strong class=\"autotag\">Gareth Southgate<\/strong>le successeur permanent de <strong>mercredi apr\u00e8s-midi<\/strong>quand <strong class=\"autotag\">Thomas Tuchel<\/strong> a \u00e9t\u00e9 d\u00e9voil\u00e9 aux m\u00e9dias au stade de Wembley \u00e0 Londres.<\/p>\n<p>Il a sign\u00e9 un contrat de 18 mois avec la Football Association, le menant jusqu&#39;\u00e0 la conclusion de la Coupe du monde 2026 \u00e0 48 \u00e9quipes en Am\u00e9rique du Nord.<\/p>\n<p>Tuchel prendra ses fonctions de nouvel entra\u00eeneur le 1er janvier 2025, avant deux matches en mars et le d\u00e9but des qualifications pour le tournoi mondial de football.<\/p>\n<p>L&#39;Allemand est au ch\u00f4mage depuis qu&#39;il a quitt\u00e9 le g\u00e9ant de la Bundesliga, le Bayern Munich, \u00e0 la fin de la saison 2023-24. <strong class=\"autotag\">Vincent Kompany<\/strong> d\u00e9sormais responsable de l&#39;Allianz Arena.<\/p>\n<p class=\"imgI\">\n<h2 class=\"k3\">\u00ab\u00a0Je vais vous le dire tout de suite\u00a0\u00bb \u2013 Arteta discute de l&#39;avenir possible de l&#39;Angleterre<\/h2>\n<p>S&#39;exprimant avant la Premier League d&#39;Arsenal <strong>voyage \u00e0 Bournemouth<\/strong> Samedi soir, Arteta a discut\u00e9 de sa relation avec l&#39;Angleterre lorsqu&#39;il a \u00e9t\u00e9 interrog\u00e9 sur la possibilit\u00e9 qu&#39;il assume le r\u00f4le des Trois Lions dans le futur.<\/p>\n<p>L&#39;Espagnol a d\u00e9clar\u00e9 : \u00ab\u00a0J&#39;ai l&#39;air anglais. Je suis ici depuis si longtemps. Je vais vous le dire tout de suite, le sentiment que j&#39;ai pour moi, c&#39;est comme chez moi. Je suis ici depuis 22 ans\u00a0\u00bb.<\/p>\n<p>\u00ab\u00a0J&#39;ai ce sentiment envers (ce pays) parce que je me sens toujours respect\u00e9, accueilli et inspir\u00e9 par ce pays et par l&#39;histoire du football et par la fa\u00e7on dont on est trait\u00e9 au quotidien. Je pense que c&#39;est quelque chose dont vous devriez \u00eatre vraiment fier en tant que pays. \u00ab\u00a0<\/p>\n<p>Le joueur de 42 ans n&#39;a pas fait grand-chose pour emp\u00eacher les esprits de s&#39;interroger sur un avenir dans lequel il dirigerait l&#39;\u00e9quipe nationale anglaise, m\u00eame si cela ne devrait pas devenir une r\u00e9alit\u00e9 dans un avenir proche.<\/p>\n<p>Depuis qu&#39;il a pris la t\u00eate des Gunners en d\u00e9cembre 2019, Arteta a remport\u00e9 147 de ses 242 matches \u00e0 la t\u00eate, mais n&#39;a pas encore guid\u00e9 l&#39;\u00e9quipe du nord de Londres vers le titre de Premier League.<\/p>\n<p class=\"imgI\"><img decoding=\"async\" loading=\"lazy\" class=\"l\" src=\"https:\/\/footdavant.fr\/actualites\/wp-content\/uploads\/2024\/10\/1729648102_554_Le-patron-d39Arsenal-Mikel-Arteta-laisse-la-porte-ouverte-a.jpg\" title=\"Mikel Arteta, manager d&#39;Arsenal, photographi\u00e9 le 22 septembre 2024\" alt=\"Mikel Arteta, manager d&#39;Arsenal, photographi\u00e9 le 22 septembre 2024\" width=\"640\" height=\"480\"><\/p>\n<h2 class=\"k3\">Le transfert rat\u00e9 d&#39;Arteta en Angleterre<\/h2>\n<p>Malgr\u00e9 une carri\u00e8re de joueur respectable en Premier League \u00e0 Everton et Arsenal, Arteta n&#39;a pas pu d\u00e9crocher une s\u00e9lection pour l&#39;Espagne avant sa retraite.<\/p>\n<p>Cherchant \u00e0 profiter du football international, l\u2019ancien milieu de terrain \u00e9tait enthousiaste \u00e0 l\u2019id\u00e9e de changer d\u2019all\u00e9geance en Angleterre d\u00e9but 2010.<\/p>\n<p>Areta a rencontr\u00e9 <strong class=\"autotag\">Fabio Capello<\/strong> &#8211; qui dirigeait les Trois Lions \u00e0 l&#39;\u00e9poque &#8211; pour discuter du changement, mais les r\u00e8gles de la FIFA ont emp\u00each\u00e9 la conclusion de l&#39;accord.<\/p>\n<\/div>\n","protected":false},"excerpt":{"rendered":"<p>L&#39;entra\u00eeneur-chef d&#39;Arsenal, Mikel Arteta, discute de la possibilit\u00e9 de diriger l&#39;Angleterre \u00e0 l&#39;avenir suite \u00e0 la nomination de Thomas Tuchel plus t\u00f4t cette semaine. Arsenal<\/p>\n","protected":false},"author":1,"featured_media":15131,"comment_status":"closed","ping_status":"","sticky":false,"template":"","format":"standard","meta":{"footnotes":""},"categories":[5],"tags":[25,211,4221,4170,4294,2203,210,3355,3723,231,594,235,2298],"yoast_head":"<!-- This site is optimized with the Yoast SEO plugin v21.0 - https:\/\/yoast.com\/wordpress\/plugins\/seo\/ -->\n<title>Le patron d&#039;Arsenal, Mikel Arteta, laisse la porte ouverte \u00e0 la direction de l&#039;Angleterre apr\u00e8s la nomination de Thomas Tuchel<\/title>\n<meta name=\"robots\" content=\"index, follow, max-snippet:-1, max-image-preview:large, max-video-preview:-1\" \/>\n<link rel=\"canonical\" href=\"https:\/\/footdavant.fr\/actualites\/le-patron-darsenal-mikel-arteta-laisse-la-porte-ouverte-a-la-direction-de-langleterre-apres-la-nomination-de-thomas-tuchel\/\" \/>\n<meta property=\"og:locale\" content=\"fr_FR\" \/>\n<meta property=\"og:type\" content=\"article\" \/>\n<meta property=\"og:title\" content=\"Le patron d&#039;Arsenal, Mikel Arteta, laisse la porte ouverte \u00e0 la direction de l&#039;Angleterre apr\u00e8s la nomination de Thomas Tuchel\" \/>\n<meta property=\"og:description\" content=\"L&#039;entra\u00eeneur-chef d&#039;Arsenal, Mikel Arteta, discute de la possibilit\u00e9 de diriger l&#039;Angleterre \u00e0 l&#039;avenir suite \u00e0 la nomination de Thomas Tuchel plus t\u00f4t cette semaine. Arsenal\" \/>\n<meta property=\"og:url\" content=\"https:\/\/footdavant.fr\/actualites\/le-patron-darsenal-mikel-arteta-laisse-la-porte-ouverte-a-la-direction-de-langleterre-apres-la-nomination-de-thomas-tuchel\/\" \/>\n<meta property=\"og:site_name\" content=\"Foot d&#039;avant\" \/>\n<meta property=\"article:publisher\" content=\"https:\/\/www.facebook.com\/Footdavant\/\" \/>\n<meta property=\"article:published_time\" content=\"2024-10-23T01:48:22+00:00\" \/>\n<meta property=\"article:modified_time\" content=\"2024-10-23T01:48:24+00:00\" \/>\n<meta property=\"og:image\" content=\"https:\/\/footdavant.fr\/actualites\/wp-content\/uploads\/2024\/10\/Le-patron-d39Arsenal-Mikel-Arteta-laisse-la-porte-ouverte-a.jpg\" \/>\n\t<meta property=\"og:image:width\" content=\"640\" \/>\n\t<meta property=\"og:image:height\" content=\"480\" \/>\n\t<meta property=\"og:image:type\" content=\"image\/jpeg\" \/>\n<meta name=\"author\" content=\"Cl\u00e9ment\" \/>\n<meta name=\"twitter:card\" content=\"summary_large_image\" \/>\n<meta name=\"twitter:creator\" content=\"@FootdavantFr\" \/>\n<meta name=\"twitter:site\" content=\"@FootdavantFr\" \/>\n<meta name=\"twitter:label1\" content=\"\u00c9crit par\" \/>\n\t<meta name=\"twitter:data1\" content=\"Cl\u00e9ment\" \/>\n\t<meta name=\"twitter:label2\" content=\"Dur\u00e9e de lecture estim\u00e9e\" \/>\n\t<meta name=\"twitter:data2\" content=\"2 minutes\" \/>\n<script type=\"application\/ld+json\" class=\"yoast-schema-graph\">{\"@context\":\"https:\/\/schema.org\",\"@graph\":[{\"@type\":\"Article\",\"@id\":\"https:\/\/footdavant.fr\/actualites\/le-patron-darsenal-mikel-arteta-laisse-la-porte-ouverte-a-la-direction-de-langleterre-apres-la-nomination-de-thomas-tuchel\/#article\",\"isPartOf\":{\"@id\":\"https:\/\/footdavant.fr\/actualites\/le-patron-darsenal-mikel-arteta-laisse-la-porte-ouverte-a-la-direction-de-langleterre-apres-la-nomination-de-thomas-tuchel\/\"},\"author\":{\"name\":\"Cl\u00e9ment\",\"@id\":\"https:\/\/footdavant.fr\/actualites\/#\/schema\/person\/bc222566d95871b37e597b3ed3ba5e1d\"},\"headline\":\"Le patron d&#39;Arsenal, Mikel Arteta, laisse la porte ouverte \u00e0 la direction de l&#39;Angleterre apr\u00e8s la nomination de Thomas Tuchel\",\"datePublished\":\"2024-10-23T01:48:22+00:00\",\"dateModified\":\"2024-10-23T01:48:24+00:00\",\"mainEntityOfPage\":{\"@id\":\"https:\/\/footdavant.fr\/actualites\/le-patron-darsenal-mikel-arteta-laisse-la-porte-ouverte-a-la-direction-de-langleterre-apres-la-nomination-de-thomas-tuchel\/\"},\"wordCount\":511,\"publisher\":{\"@id\":\"https:\/\/footdavant.fr\/actualites\/#organization\"},\"keywords\":[\"apr\u00e8s\",\"Arteta\",\"d39Arsenal\",\"direction\",\"l39Angleterre\",\"laisse\",\"Mikel\",\"nomination\",\"ouverte\",\"patron\",\"porte\",\"Thomas\",\"Tuchel\"],\"articleSection\":[\"Premier League\"],\"inLanguage\":\"fr-FR\"},{\"@type\":\"WebPage\",\"@id\":\"https:\/\/footdavant.fr\/actualites\/le-patron-darsenal-mikel-arteta-laisse-la-porte-ouverte-a-la-direction-de-langleterre-apres-la-nomination-de-thomas-tuchel\/\",\"url\":\"https:\/\/footdavant.fr\/actualites\/le-patron-darsenal-mikel-arteta-laisse-la-porte-ouverte-a-la-direction-de-langleterre-apres-la-nomination-de-thomas-tuchel\/\",\"name\":\"Le patron d&#39;Arsenal, Mikel Arteta, laisse la porte ouverte \u00e0 la direction de l&#39;Angleterre apr\u00e8s la nomination de Thomas Tuchel\",\"isPartOf\":{\"@id\":\"https:\/\/footdavant.fr\/actualites\/#website\"},\"datePublished\":\"2024-10-23T01:48:22+00:00\",\"dateModified\":\"2024-10-23T01:48:24+00:00\",\"breadcrumb\":{\"@id\":\"https:\/\/footdavant.fr\/actualites\/le-patron-darsenal-mikel-arteta-laisse-la-porte-ouverte-a-la-direction-de-langleterre-apres-la-nomination-de-thomas-tuchel\/#breadcrumb\"},\"inLanguage\":\"fr-FR\",\"potentialAction\":[{\"@type\":\"ReadAction\",\"target\":[\"https:\/\/footdavant.fr\/actualites\/le-patron-darsenal-mikel-arteta-laisse-la-porte-ouverte-a-la-direction-de-langleterre-apres-la-nomination-de-thomas-tuchel\/\"]}]},{\"@type\":\"BreadcrumbList\",\"@id\":\"https:\/\/footdavant.fr\/actualites\/le-patron-darsenal-mikel-arteta-laisse-la-porte-ouverte-a-la-direction-de-langleterre-apres-la-nomination-de-thomas-tuchel\/#breadcrumb\",\"itemListElement\":[{\"@type\":\"ListItem\",\"position\":1,\"name\":\"Accueil\",\"item\":\"https:\/\/footdavant.fr\/actualites\/\"},{\"@type\":\"ListItem\",\"position\":2,\"name\":\"Le patron d&#39;Arsenal, Mikel Arteta, laisse la porte ouverte \u00e0 la direction de l&#39;Angleterre apr\u00e8s la nomination de Thomas Tuchel\"}]},{\"@type\":\"WebSite\",\"@id\":\"https:\/\/footdavant.fr\/actualites\/#website\",\"url\":\"https:\/\/footdavant.fr\/actualites\/\",\"name\":\"Foot d'avant\",\"description\":\"\",\"publisher\":{\"@id\":\"https:\/\/footdavant.fr\/actualites\/#organization\"},\"potentialAction\":[{\"@type\":\"SearchAction\",\"target\":{\"@type\":\"EntryPoint\",\"urlTemplate\":\"https:\/\/footdavant.fr\/actualites\/?s={search_term_string}\"},\"query-input\":\"required name=search_term_string\"}],\"inLanguage\":\"fr-FR\"},{\"@type\":\"Organization\",\"@id\":\"https:\/\/footdavant.fr\/actualites\/#organization\",\"name\":\"Foot d'avant\",\"url\":\"https:\/\/footdavant.fr\/actualites\/\",\"logo\":{\"@type\":\"ImageObject\",\"inLanguage\":\"fr-FR\",\"@id\":\"https:\/\/footdavant.fr\/actualites\/#\/schema\/logo\/image\/\",\"url\":\"https:\/\/footdavant.fr\/actualites\/wp-content\/uploads\/2023\/09\/Copy-of-FootDavant-Logo.png\",\"contentUrl\":\"https:\/\/footdavant.fr\/actualites\/wp-content\/uploads\/2023\/09\/Copy-of-FootDavant-Logo.png\",\"width\":936,\"height\":549,\"caption\":\"Foot d'avant\"},\"image\":{\"@id\":\"https:\/\/footdavant.fr\/actualites\/#\/schema\/logo\/image\/\"},\"sameAs\":[\"https:\/\/www.facebook.com\/Footdavant\/\",\"https:\/\/twitter.com\/FootdavantFr\",\"https:\/\/www.instagram.com\/footdavant.fr\/\"]},{\"@type\":\"Person\",\"@id\":\"https:\/\/footdavant.fr\/actualites\/#\/schema\/person\/bc222566d95871b37e597b3ed3ba5e1d\",\"name\":\"Cl\u00e9ment\",\"image\":{\"@type\":\"ImageObject\",\"inLanguage\":\"fr-FR\",\"@id\":\"https:\/\/footdavant.fr\/actualites\/#\/schema\/person\/image\/\",\"url\":\"https:\/\/secure.gravatar.com\/avatar\/7728b29aac2719421e1a9159b2254c44?s=96&d=mm&r=g\",\"contentUrl\":\"https:\/\/secure.gravatar.com\/avatar\/7728b29aac2719421e1a9159b2254c44?s=96&d=mm&r=g\",\"caption\":\"Cl\u00e9ment\"},\"sameAs\":[\"https:\/\/footdavant.fr\/\"]}]}<\/script>\n<!-- \/ Yoast SEO plugin. -->","yoast_head_json":{"title":"Le patron d&#39;Arsenal, Mikel Arteta, laisse la porte ouverte \u00e0 la direction de l&#39;Angleterre apr\u00e8s la nomination de Thomas Tuchel","robots":{"index":"index","follow":"follow","max-snippet":"max-snippet:-1","max-image-preview":"max-image-preview:large","max-video-preview":"max-video-preview:-1"},"canonical":"https:\/\/footdavant.fr\/actualites\/le-patron-darsenal-mikel-arteta-laisse-la-porte-ouverte-a-la-direction-de-langleterre-apres-la-nomination-de-thomas-tuchel\/","og_locale":"fr_FR","og_type":"article","og_title":"Le patron d&#39;Arsenal, Mikel Arteta, laisse la porte ouverte \u00e0 la direction de l&#39;Angleterre apr\u00e8s la nomination de Thomas Tuchel","og_description":"L&#39;entra\u00eeneur-chef d&#39;Arsenal, Mikel Arteta, discute de la possibilit\u00e9 de diriger l&#39;Angleterre \u00e0 l&#39;avenir suite \u00e0 la nomination de Thomas Tuchel plus t\u00f4t cette semaine. Arsenal","og_url":"https:\/\/footdavant.fr\/actualites\/le-patron-darsenal-mikel-arteta-laisse-la-porte-ouverte-a-la-direction-de-langleterre-apres-la-nomination-de-thomas-tuchel\/","og_site_name":"Foot d&#039;avant","article_publisher":"https:\/\/www.facebook.com\/Footdavant\/","article_published_time":"2024-10-23T01:48:22+00:00","article_modified_time":"2024-10-23T01:48:24+00:00","og_image":[{"width":640,"height":480,"url":"https:\/\/footdavant.fr\/actualites\/wp-content\/uploads\/2024\/10\/Le-patron-d39Arsenal-Mikel-Arteta-laisse-la-porte-ouverte-a.jpg","type":"image\/jpeg"}],"author":"Cl\u00e9ment","twitter_card":"summary_large_image","twitter_creator":"@FootdavantFr","twitter_site":"@FootdavantFr","twitter_misc":{"\u00c9crit par":"Cl\u00e9ment","Dur\u00e9e de lecture estim\u00e9e":"2 minutes"},"schema":{"@context":"https:\/\/schema.org","@graph":[{"@type":"Article","@id":"https:\/\/footdavant.fr\/actualites\/le-patron-darsenal-mikel-arteta-laisse-la-porte-ouverte-a-la-direction-de-langleterre-apres-la-nomination-de-thomas-tuchel\/#article","isPartOf":{"@id":"https:\/\/footdavant.fr\/actualites\/le-patron-darsenal-mikel-arteta-laisse-la-porte-ouverte-a-la-direction-de-langleterre-apres-la-nomination-de-thomas-tuchel\/"},"author":{"name":"Cl\u00e9ment","@id":"https:\/\/footdavant.fr\/actualites\/#\/schema\/person\/bc222566d95871b37e597b3ed3ba5e1d"},"headline":"Le patron d&#39;Arsenal, Mikel Arteta, laisse la porte ouverte \u00e0 la direction de l&#39;Angleterre apr\u00e8s la nomination de Thomas Tuchel","datePublished":"2024-10-23T01:48:22+00:00","dateModified":"2024-10-23T01:48:24+00:00","mainEntityOfPage":{"@id":"https:\/\/footdavant.fr\/actualites\/le-patron-darsenal-mikel-arteta-laisse-la-porte-ouverte-a-la-direction-de-langleterre-apres-la-nomination-de-thomas-tuchel\/"},"wordCount":511,"publisher":{"@id":"https:\/\/footdavant.fr\/actualites\/#organization"},"keywords":["apr\u00e8s","Arteta","d39Arsenal","direction","l39Angleterre","laisse","Mikel","nomination","ouverte","patron","porte","Thomas","Tuchel"],"articleSection":["Premier League"],"inLanguage":"fr-FR"},{"@type":"WebPage","@id":"https:\/\/footdavant.fr\/actualites\/le-patron-darsenal-mikel-arteta-laisse-la-porte-ouverte-a-la-direction-de-langleterre-apres-la-nomination-de-thomas-tuchel\/","url":"https:\/\/footdavant.fr\/actualites\/le-patron-darsenal-mikel-arteta-laisse-la-porte-ouverte-a-la-direction-de-langleterre-apres-la-nomination-de-thomas-tuchel\/","name":"Le patron d&#39;Arsenal, Mikel Arteta, laisse la porte ouverte \u00e0 la direction de l&#39;Angleterre apr\u00e8s la nomination de Thomas Tuchel","isPartOf":{"@id":"https:\/\/footdavant.fr\/actualites\/#website"},"datePublished":"2024-10-23T01:48:22+00:00","dateModified":"2024-10-23T01:48:24+00:00","breadcrumb":{"@id":"https:\/\/footdavant.fr\/actualites\/le-patron-darsenal-mikel-arteta-laisse-la-porte-ouverte-a-la-direction-de-langleterre-apres-la-nomination-de-thomas-tuchel\/#breadcrumb"},"inLanguage":"fr-FR","potentialAction":[{"@type":"ReadAction","target":["https:\/\/footdavant.fr\/actualites\/le-patron-darsenal-mikel-arteta-laisse-la-porte-ouverte-a-la-direction-de-langleterre-apres-la-nomination-de-thomas-tuchel\/"]}]},{"@type":"BreadcrumbList","@id":"https:\/\/footdavant.fr\/actualites\/le-patron-darsenal-mikel-arteta-laisse-la-porte-ouverte-a-la-direction-de-langleterre-apres-la-nomination-de-thomas-tuchel\/#breadcrumb","itemListElement":[{"@type":"ListItem","position":1,"name":"Accueil","item":"https:\/\/footdavant.fr\/actualites\/"},{"@type":"ListItem","position":2,"name":"Le patron d&#39;Arsenal, Mikel Arteta, laisse la porte ouverte \u00e0 la direction de l&#39;Angleterre apr\u00e8s la nomination de Thomas Tuchel"}]},{"@type":"WebSite","@id":"https:\/\/footdavant.fr\/actualites\/#website","url":"https:\/\/footdavant.fr\/actualites\/","name":"Foot d'avant","description":"","publisher":{"@id":"https:\/\/footdavant.fr\/actualites\/#organization"},"potentialAction":[{"@type":"SearchAction","target":{"@type":"EntryPoint","urlTemplate":"https:\/\/footdavant.fr\/actualites\/?s={search_term_string}"},"query-input":"required name=search_term_string"}],"inLanguage":"fr-FR"},{"@type":"Organization","@id":"https:\/\/footdavant.fr\/actualites\/#organization","name":"Foot d'avant","url":"https:\/\/footdavant.fr\/actualites\/","logo":{"@type":"ImageObject","inLanguage":"fr-FR","@id":"https:\/\/footdavant.fr\/actualites\/#\/schema\/logo\/image\/","url":"https:\/\/footdavant.fr\/actualites\/wp-content\/uploads\/2023\/09\/Copy-of-FootDavant-Logo.png","contentUrl":"https:\/\/footdavant.fr\/actualites\/wp-content\/uploads\/2023\/09\/Copy-of-FootDavant-Logo.png","width":936,"height":549,"caption":"Foot d'avant"},"image":{"@id":"https:\/\/footdavant.fr\/actualites\/#\/schema\/logo\/image\/"},"sameAs":["https:\/\/www.facebook.com\/Footdavant\/","https:\/\/twitter.com\/FootdavantFr","https:\/\/www.instagram.com\/footdavant.fr\/"]},{"@type":"Person","@id":"https:\/\/footdavant.fr\/actualites\/#\/schema\/person\/bc222566d95871b37e597b3ed3ba5e1d","name":"Cl\u00e9ment","image":{"@type":"ImageObject","inLanguage":"fr-FR","@id":"https:\/\/footdavant.fr\/actualites\/#\/schema\/person\/image\/","url":"https:\/\/secure.gravatar.com\/avatar\/7728b29aac2719421e1a9159b2254c44?s=96&d=mm&r=g","contentUrl":"https:\/\/secure.gravatar.com\/avatar\/7728b29aac2719421e1a9159b2254c44?s=96&d=mm&r=g","caption":"Cl\u00e9ment"},"sameAs":["https:\/\/footdavant.fr\/"]}]}},"_links":{"self":[{"href":"https:\/\/footdavant.fr\/actualites\/wp-json\/wp\/v2\/posts\/15130"}],"collection":[{"href":"https:\/\/footdavant.fr\/actualites\/wp-json\/wp\/v2\/posts"}],"about":[{"href":"https:\/\/footdavant.fr\/actualites\/wp-json\/wp\/v2\/types\/post"}],"author":[{"embeddable":true,"href":"https:\/\/footdavant.fr\/actualites\/wp-json\/wp\/v2\/users\/1"}],"replies":[{"embeddable":true,"href":"https:\/\/footdavant.fr\/actualites\/wp-json\/wp\/v2\/comments?post=15130"}],"version-history":[{"count":1,"href":"https:\/\/footdavant.fr\/actualites\/wp-json\/wp\/v2\/posts\/15130\/revisions"}],"predecessor-version":[{"id":15132,"href":"https:\/\/footdavant.fr\/actualites\/wp-json\/wp\/v2\/posts\/15130\/revisions\/15132"}],"wp:featuredmedia":[{"embeddable":true,"href":"https:\/\/footdavant.fr\/actualites\/wp-json\/wp\/v2\/media\/15131"}],"wp:attachment":[{"href":"https:\/\/footdavant.fr\/actualites\/wp-json\/wp\/v2\/media?parent=15130"}],"wp:term":[{"taxonomy":"category","embeddable":true,"href":"https:\/\/footdavant.fr\/actualites\/wp-json\/wp\/v2\/categories?post=15130"},{"taxonomy":"post_tag","embeddable":true,"href":"https:\/\/footdavant.fr\/actualites\/wp-json\/wp\/v2\/tags?post=15130"}],"curies":[{"name":"wp","href":"https:\/\/api.w.org\/{rel}","templated":true}]}}