{"id":15139,"date":"2024-10-23T09:48:09","date_gmt":"2024-10-23T07:48:09","guid":{"rendered":"https:\/\/footdavant.fr\/actualites\/vinicius-jr-marque-un-triple-aveuglant-en-2e-mi-temps\/"},"modified":"2024-10-23T09:48:11","modified_gmt":"2024-10-23T07:48:11","slug":"vinicius-jr-marque-un-triple-aveuglant-en-2e-mi-temps","status":"publish","type":"post","link":"https:\/\/footdavant.fr\/actualites\/vinicius-jr-marque-un-triple-aveuglant-en-2e-mi-temps\/","title":{"rendered":"Vinicius Jr. marque un tripl\u00e9 aveuglant en 2e mi-temps"},"content":{"rendered":"<div>\n<p>L&#39;embl\u00e9matique stade Santiago Bernabeu, au c\u0153ur de Madrid, a \u00e9t\u00e9 t\u00e9moin d&#39;un autre retour l\u00e9gendaire du champion d&#39;Europe en titre, le Real Madrid, mardi soir (22 octobre), alors qu&#39;il a produit une performance aveuglante en seconde p\u00e9riode pour remporter une victoire 5-2 sur le Borussia Dortmund. Vinicius Jr., favori du Ballon d&#39;Or, a remport\u00e9 le titre d&#39;Homme du match lors de la troisi\u00e8me journ\u00e9e de la saison 2024-25 de l&#39;UEFA Champions League, gr\u00e2ce \u00e0 son tripl\u00e9 sensationnel.<\/p>\n<h2>Le Borussia Dortmund domine la premi\u00e8re mi-temps au Bernabeu<\/h2>\n<p>Le Borussia Dortmund de Nuri Sahin est entr\u00e9 dans le match avec une bonne humeur. Ils avaient remport\u00e9 leurs deux premiers matches de Ligue des Champions, marquant 10 buts, et esp\u00e9raient pouvoir se battre contre l&#39;\u00e9quipe qui les avait battus en finale le 1er juin. Les visiteurs ont bien commenc\u00e9, mettant la pression sur le All- Des blancs tout en conservant leur forme. Leur attaque calcul\u00e9e a port\u00e9 ses fruits \u00e0 la 30e minute lorsque Serhou Guirassy a servi Donyell Malen pour le premier match. Le Real Madrid n&#39;a tout simplement pas pu d\u00e9gager le ballon de la surface, permettant \u00e0 Guirassy de faire passer le ballon pour Mallen. Le N\u00e9erlandais a r\u00e9alis\u00e9 une superbe premi\u00e8re fois pour porter le score \u00e0 1-0 pour Dortmund.<\/p>\n<p>Quatre minutes plus tard, Dortmund doublait sa mise, alors qu&#39;un Jamie Gittens non marqu\u00e9 p\u00e9n\u00e9trait dans la surface par la gauche et envoyait le ballon de Malen derri\u00e8re Thibaut Courtois. Le Real Madrid a marqu\u00e9 presque imm\u00e9diatement apr\u00e8s avoir perdu 2-0, mais Jude Bellingham, non marqu\u00e9, a envoy\u00e9 sa t\u00eate directement au gardien de but. La minute suivante, la barre transversale venait \u00e0 la rescousse de Dortmund, refusant coup sur coup Rodrygo et Bellingham.<\/p>\n<h2>Vinicius Jr. alimente le retour par excellence du Real Madrid en seconde p\u00e9riode<\/h2>\n<p>Men\u00e9 2-0, le Real Madrid savait qu&#39;il devait mettre la barre plus haut dans les 45 secondes. Toute l&#39;\u00e9quipe a compris la gravit\u00e9 de la t\u00e2che qui l&#39;attendait et s&#39;est mise au travail. \u00c0 l\u2019heure de jeu, Kylian Mbappe a lanc\u00e9 un d\u00e9licieux centre dans la surface, permettant \u00e0 Antonio Rudiger de le placer au fond des filets. Quelques minutes plus tard, Mbapp\u00e9 marquait le but mais un superbe tacle lui volait l&#39;occasion de tirer. Malheureusement pour Dortmund, le ballon est all\u00e9 directement \u00e0 Vinicius Jr., qui l&#39;a tap\u00e9 depuis le c\u00f4t\u00e9 gauche de la surface.<\/p>\n<p>De retour \u00e0 \u00e9galit\u00e9, le Real Madrid avait la queue haute et les Allemands ne pouvaient pas revenir en arri\u00e8re. Ils ont \u00e9touff\u00e9 Dortmund avec des attaques incessantes et ont obtenu \u00e0 juste titre le feu vert \u00e0 la 83e minute. B\u00e9n\u00e9ficiant d&#39;une d\u00e9viation, le capitaine Lucas Vazquez s&#39;est pr\u00e9cipit\u00e9 dans la surface par la droite et a appliqu\u00e9 une finition fracassante pour trouver le coin sup\u00e9rieur gauche sous un angle serr\u00e9.<\/p>\n<p>Trois minutes apr\u00e8s le but de Vazquez, Bellingham a d\u00e9poss\u00e9d\u00e9 Emre Can au fond de la moiti\u00e9 de terrain madril\u00e8ne et a jou\u00e9 une simple passe en avant pour Vinicius Jr. Malheureusement pour les hommes de Sahin, c&#39;\u00e9tait tout l&#39;encouragement dont Vinicius Jr. avait besoin pour tenter sa chance. Le Br\u00e9silien a parcouru presque tout le terrain avant de couper \u00e0 l&#39;int\u00e9rieur et de d\u00e9cocher le ballon depuis le bord de la surface. Le ballon, frapp\u00e9 avec suffisamment de puissance, s&#39;est enfonc\u00e9 dans le coin inf\u00e9rieur droit du filet.<\/p>\n<p>Pour le plus grand plaisir des fid\u00e8les du Santiago Bernabeu, leur num\u00e9ro 7 n&#39;\u00e9tait pas encore termin\u00e9. Dans la troisi\u00e8me minute du temps additionnel, l&#39;ailier gauche au talon d&#39;avion a facilement battu Niclas Sule et Waldemar Anton avant de trouver le toit des filets d&#39;un tir du pied gauche, remportant ainsi son premier tripl\u00e9 en UEFA Champions League et scellant une victoire \u00e9crasante de 5-2 pour Madrid.<\/p>\n<\/p><\/div>\n","protected":false},"excerpt":{"rendered":"<p>L&#39;embl\u00e9matique stade Santiago Bernabeu, au c\u0153ur de Madrid, a \u00e9t\u00e9 t\u00e9moin d&#39;un autre retour l\u00e9gendaire du champion d&#39;Europe en titre, le Real Madrid, mardi soir<\/p>\n","protected":false},"author":1,"featured_media":15140,"comment_status":"closed","ping_status":"","sticky":false,"template":"","format":"standard","meta":{"footnotes":""},"categories":[3],"tags":[6826,274,3633,439,1877],"yoast_head":"<!-- This site is optimized with the Yoast SEO plugin v21.0 - https:\/\/yoast.com\/wordpress\/plugins\/seo\/ -->\n<title>Vinicius Jr. marque un tripl\u00e9 aveuglant en 2e mi-temps<\/title>\n<meta name=\"robots\" content=\"index, follow, max-snippet:-1, max-image-preview:large, max-video-preview:-1\" \/>\n<link rel=\"canonical\" href=\"https:\/\/footdavant.fr\/actualites\/vinicius-jr-marque-un-triple-aveuglant-en-2e-mi-temps\/\" \/>\n<meta property=\"og:locale\" content=\"fr_FR\" \/>\n<meta property=\"og:type\" content=\"article\" \/>\n<meta property=\"og:title\" content=\"Vinicius Jr. marque un tripl\u00e9 aveuglant en 2e mi-temps\" \/>\n<meta property=\"og:description\" content=\"L&#039;embl\u00e9matique stade Santiago Bernabeu, au c\u0153ur de Madrid, a \u00e9t\u00e9 t\u00e9moin d&#039;un autre retour l\u00e9gendaire du champion d&#039;Europe en titre, le Real Madrid, mardi soir\" \/>\n<meta property=\"og:url\" content=\"https:\/\/footdavant.fr\/actualites\/vinicius-jr-marque-un-triple-aveuglant-en-2e-mi-temps\/\" \/>\n<meta property=\"og:site_name\" content=\"Foot d&#039;avant\" \/>\n<meta property=\"article:publisher\" content=\"https:\/\/www.facebook.com\/Footdavant\/\" \/>\n<meta property=\"article:published_time\" content=\"2024-10-23T07:48:09+00:00\" \/>\n<meta property=\"article:modified_time\" content=\"2024-10-23T07:48:11+00:00\" \/>\n<meta property=\"og:image\" content=\"https:\/\/footdavant.fr\/actualites\/wp-content\/uploads\/2024\/10\/Vinicius-Jr-marque-un-triple-aveuglant-en-2e-mi-temps.jpg\" \/>\n\t<meta property=\"og:image:width\" content=\"1200\" \/>\n\t<meta property=\"og:image:height\" content=\"675\" \/>\n\t<meta property=\"og:image:type\" content=\"image\/jpeg\" \/>\n<meta name=\"author\" content=\"Cl\u00e9ment\" \/>\n<meta name=\"twitter:card\" content=\"summary_large_image\" \/>\n<meta name=\"twitter:creator\" content=\"@FootdavantFr\" \/>\n<meta name=\"twitter:site\" content=\"@FootdavantFr\" \/>\n<meta name=\"twitter:label1\" content=\"\u00c9crit par\" \/>\n\t<meta name=\"twitter:data1\" content=\"Cl\u00e9ment\" \/>\n\t<meta name=\"twitter:label2\" content=\"Dur\u00e9e de lecture estim\u00e9e\" \/>\n\t<meta name=\"twitter:data2\" content=\"3 minutes\" \/>\n<script type=\"application\/ld+json\" class=\"yoast-schema-graph\">{\"@context\":\"https:\/\/schema.org\",\"@graph\":[{\"@type\":\"Article\",\"@id\":\"https:\/\/footdavant.fr\/actualites\/vinicius-jr-marque-un-triple-aveuglant-en-2e-mi-temps\/#article\",\"isPartOf\":{\"@id\":\"https:\/\/footdavant.fr\/actualites\/vinicius-jr-marque-un-triple-aveuglant-en-2e-mi-temps\/\"},\"author\":{\"name\":\"Cl\u00e9ment\",\"@id\":\"https:\/\/footdavant.fr\/actualites\/#\/schema\/person\/bc222566d95871b37e597b3ed3ba5e1d\"},\"headline\":\"Vinicius Jr. marque un tripl\u00e9 aveuglant en 2e mi-temps\",\"datePublished\":\"2024-10-23T07:48:09+00:00\",\"dateModified\":\"2024-10-23T07:48:11+00:00\",\"mainEntityOfPage\":{\"@id\":\"https:\/\/footdavant.fr\/actualites\/vinicius-jr-marque-un-triple-aveuglant-en-2e-mi-temps\/\"},\"wordCount\":684,\"publisher\":{\"@id\":\"https:\/\/footdavant.fr\/actualites\/#organization\"},\"keywords\":[\"aveuglant\",\"marqu\u00e9\",\"mitemps\",\"tripl\u00e9\",\"Vinicius\"],\"articleSection\":[\"Football\"],\"inLanguage\":\"fr-FR\"},{\"@type\":\"WebPage\",\"@id\":\"https:\/\/footdavant.fr\/actualites\/vinicius-jr-marque-un-triple-aveuglant-en-2e-mi-temps\/\",\"url\":\"https:\/\/footdavant.fr\/actualites\/vinicius-jr-marque-un-triple-aveuglant-en-2e-mi-temps\/\",\"name\":\"Vinicius Jr. marque un tripl\u00e9 aveuglant en 2e mi-temps\",\"isPartOf\":{\"@id\":\"https:\/\/footdavant.fr\/actualites\/#website\"},\"datePublished\":\"2024-10-23T07:48:09+00:00\",\"dateModified\":\"2024-10-23T07:48:11+00:00\",\"breadcrumb\":{\"@id\":\"https:\/\/footdavant.fr\/actualites\/vinicius-jr-marque-un-triple-aveuglant-en-2e-mi-temps\/#breadcrumb\"},\"inLanguage\":\"fr-FR\",\"potentialAction\":[{\"@type\":\"ReadAction\",\"target\":[\"https:\/\/footdavant.fr\/actualites\/vinicius-jr-marque-un-triple-aveuglant-en-2e-mi-temps\/\"]}]},{\"@type\":\"BreadcrumbList\",\"@id\":\"https:\/\/footdavant.fr\/actualites\/vinicius-jr-marque-un-triple-aveuglant-en-2e-mi-temps\/#breadcrumb\",\"itemListElement\":[{\"@type\":\"ListItem\",\"position\":1,\"name\":\"Accueil\",\"item\":\"https:\/\/footdavant.fr\/actualites\/\"},{\"@type\":\"ListItem\",\"position\":2,\"name\":\"Vinicius Jr. marque un tripl\u00e9 aveuglant en 2e mi-temps\"}]},{\"@type\":\"WebSite\",\"@id\":\"https:\/\/footdavant.fr\/actualites\/#website\",\"url\":\"https:\/\/footdavant.fr\/actualites\/\",\"name\":\"Foot d'avant\",\"description\":\"\",\"publisher\":{\"@id\":\"https:\/\/footdavant.fr\/actualites\/#organization\"},\"potentialAction\":[{\"@type\":\"SearchAction\",\"target\":{\"@type\":\"EntryPoint\",\"urlTemplate\":\"https:\/\/footdavant.fr\/actualites\/?s={search_term_string}\"},\"query-input\":\"required name=search_term_string\"}],\"inLanguage\":\"fr-FR\"},{\"@type\":\"Organization\",\"@id\":\"https:\/\/footdavant.fr\/actualites\/#organization\",\"name\":\"Foot d'avant\",\"url\":\"https:\/\/footdavant.fr\/actualites\/\",\"logo\":{\"@type\":\"ImageObject\",\"inLanguage\":\"fr-FR\",\"@id\":\"https:\/\/footdavant.fr\/actualites\/#\/schema\/logo\/image\/\",\"url\":\"https:\/\/footdavant.fr\/actualites\/wp-content\/uploads\/2023\/09\/Copy-of-FootDavant-Logo.png\",\"contentUrl\":\"https:\/\/footdavant.fr\/actualites\/wp-content\/uploads\/2023\/09\/Copy-of-FootDavant-Logo.png\",\"width\":936,\"height\":549,\"caption\":\"Foot d'avant\"},\"image\":{\"@id\":\"https:\/\/footdavant.fr\/actualites\/#\/schema\/logo\/image\/\"},\"sameAs\":[\"https:\/\/www.facebook.com\/Footdavant\/\",\"https:\/\/twitter.com\/FootdavantFr\",\"https:\/\/www.instagram.com\/footdavant.fr\/\"]},{\"@type\":\"Person\",\"@id\":\"https:\/\/footdavant.fr\/actualites\/#\/schema\/person\/bc222566d95871b37e597b3ed3ba5e1d\",\"name\":\"Cl\u00e9ment\",\"image\":{\"@type\":\"ImageObject\",\"inLanguage\":\"fr-FR\",\"@id\":\"https:\/\/footdavant.fr\/actualites\/#\/schema\/person\/image\/\",\"url\":\"https:\/\/secure.gravatar.com\/avatar\/7728b29aac2719421e1a9159b2254c44?s=96&d=mm&r=g\",\"contentUrl\":\"https:\/\/secure.gravatar.com\/avatar\/7728b29aac2719421e1a9159b2254c44?s=96&d=mm&r=g\",\"caption\":\"Cl\u00e9ment\"},\"sameAs\":[\"https:\/\/footdavant.fr\/\"]}]}<\/script>\n<!-- \/ Yoast SEO plugin. -->","yoast_head_json":{"title":"Vinicius Jr. marque un tripl\u00e9 aveuglant en 2e mi-temps","robots":{"index":"index","follow":"follow","max-snippet":"max-snippet:-1","max-image-preview":"max-image-preview:large","max-video-preview":"max-video-preview:-1"},"canonical":"https:\/\/footdavant.fr\/actualites\/vinicius-jr-marque-un-triple-aveuglant-en-2e-mi-temps\/","og_locale":"fr_FR","og_type":"article","og_title":"Vinicius Jr. marque un tripl\u00e9 aveuglant en 2e mi-temps","og_description":"L&#39;embl\u00e9matique stade Santiago Bernabeu, au c\u0153ur de Madrid, a \u00e9t\u00e9 t\u00e9moin d&#39;un autre retour l\u00e9gendaire du champion d&#39;Europe en titre, le Real Madrid, mardi soir","og_url":"https:\/\/footdavant.fr\/actualites\/vinicius-jr-marque-un-triple-aveuglant-en-2e-mi-temps\/","og_site_name":"Foot d&#039;avant","article_publisher":"https:\/\/www.facebook.com\/Footdavant\/","article_published_time":"2024-10-23T07:48:09+00:00","article_modified_time":"2024-10-23T07:48:11+00:00","og_image":[{"width":1200,"height":675,"url":"https:\/\/footdavant.fr\/actualites\/wp-content\/uploads\/2024\/10\/Vinicius-Jr-marque-un-triple-aveuglant-en-2e-mi-temps.jpg","type":"image\/jpeg"}],"author":"Cl\u00e9ment","twitter_card":"summary_large_image","twitter_creator":"@FootdavantFr","twitter_site":"@FootdavantFr","twitter_misc":{"\u00c9crit par":"Cl\u00e9ment","Dur\u00e9e de lecture estim\u00e9e":"3 minutes"},"schema":{"@context":"https:\/\/schema.org","@graph":[{"@type":"Article","@id":"https:\/\/footdavant.fr\/actualites\/vinicius-jr-marque-un-triple-aveuglant-en-2e-mi-temps\/#article","isPartOf":{"@id":"https:\/\/footdavant.fr\/actualites\/vinicius-jr-marque-un-triple-aveuglant-en-2e-mi-temps\/"},"author":{"name":"Cl\u00e9ment","@id":"https:\/\/footdavant.fr\/actualites\/#\/schema\/person\/bc222566d95871b37e597b3ed3ba5e1d"},"headline":"Vinicius Jr. marque un tripl\u00e9 aveuglant en 2e mi-temps","datePublished":"2024-10-23T07:48:09+00:00","dateModified":"2024-10-23T07:48:11+00:00","mainEntityOfPage":{"@id":"https:\/\/footdavant.fr\/actualites\/vinicius-jr-marque-un-triple-aveuglant-en-2e-mi-temps\/"},"wordCount":684,"publisher":{"@id":"https:\/\/footdavant.fr\/actualites\/#organization"},"keywords":["aveuglant","marqu\u00e9","mitemps","tripl\u00e9","Vinicius"],"articleSection":["Football"],"inLanguage":"fr-FR"},{"@type":"WebPage","@id":"https:\/\/footdavant.fr\/actualites\/vinicius-jr-marque-un-triple-aveuglant-en-2e-mi-temps\/","url":"https:\/\/footdavant.fr\/actualites\/vinicius-jr-marque-un-triple-aveuglant-en-2e-mi-temps\/","name":"Vinicius Jr. marque un tripl\u00e9 aveuglant en 2e mi-temps","isPartOf":{"@id":"https:\/\/footdavant.fr\/actualites\/#website"},"datePublished":"2024-10-23T07:48:09+00:00","dateModified":"2024-10-23T07:48:11+00:00","breadcrumb":{"@id":"https:\/\/footdavant.fr\/actualites\/vinicius-jr-marque-un-triple-aveuglant-en-2e-mi-temps\/#breadcrumb"},"inLanguage":"fr-FR","potentialAction":[{"@type":"ReadAction","target":["https:\/\/footdavant.fr\/actualites\/vinicius-jr-marque-un-triple-aveuglant-en-2e-mi-temps\/"]}]},{"@type":"BreadcrumbList","@id":"https:\/\/footdavant.fr\/actualites\/vinicius-jr-marque-un-triple-aveuglant-en-2e-mi-temps\/#breadcrumb","itemListElement":[{"@type":"ListItem","position":1,"name":"Accueil","item":"https:\/\/footdavant.fr\/actualites\/"},{"@type":"ListItem","position":2,"name":"Vinicius Jr. marque un tripl\u00e9 aveuglant en 2e mi-temps"}]},{"@type":"WebSite","@id":"https:\/\/footdavant.fr\/actualites\/#website","url":"https:\/\/footdavant.fr\/actualites\/","name":"Foot d'avant","description":"","publisher":{"@id":"https:\/\/footdavant.fr\/actualites\/#organization"},"potentialAction":[{"@type":"SearchAction","target":{"@type":"EntryPoint","urlTemplate":"https:\/\/footdavant.fr\/actualites\/?s={search_term_string}"},"query-input":"required name=search_term_string"}],"inLanguage":"fr-FR"},{"@type":"Organization","@id":"https:\/\/footdavant.fr\/actualites\/#organization","name":"Foot d'avant","url":"https:\/\/footdavant.fr\/actualites\/","logo":{"@type":"ImageObject","inLanguage":"fr-FR","@id":"https:\/\/footdavant.fr\/actualites\/#\/schema\/logo\/image\/","url":"https:\/\/footdavant.fr\/actualites\/wp-content\/uploads\/2023\/09\/Copy-of-FootDavant-Logo.png","contentUrl":"https:\/\/footdavant.fr\/actualites\/wp-content\/uploads\/2023\/09\/Copy-of-FootDavant-Logo.png","width":936,"height":549,"caption":"Foot d'avant"},"image":{"@id":"https:\/\/footdavant.fr\/actualites\/#\/schema\/logo\/image\/"},"sameAs":["https:\/\/www.facebook.com\/Footdavant\/","https:\/\/twitter.com\/FootdavantFr","https:\/\/www.instagram.com\/footdavant.fr\/"]},{"@type":"Person","@id":"https:\/\/footdavant.fr\/actualites\/#\/schema\/person\/bc222566d95871b37e597b3ed3ba5e1d","name":"Cl\u00e9ment","image":{"@type":"ImageObject","inLanguage":"fr-FR","@id":"https:\/\/footdavant.fr\/actualites\/#\/schema\/person\/image\/","url":"https:\/\/secure.gravatar.com\/avatar\/7728b29aac2719421e1a9159b2254c44?s=96&d=mm&r=g","contentUrl":"https:\/\/secure.gravatar.com\/avatar\/7728b29aac2719421e1a9159b2254c44?s=96&d=mm&r=g","caption":"Cl\u00e9ment"},"sameAs":["https:\/\/footdavant.fr\/"]}]}},"_links":{"self":[{"href":"https:\/\/footdavant.fr\/actualites\/wp-json\/wp\/v2\/posts\/15139"}],"collection":[{"href":"https:\/\/footdavant.fr\/actualites\/wp-json\/wp\/v2\/posts"}],"about":[{"href":"https:\/\/footdavant.fr\/actualites\/wp-json\/wp\/v2\/types\/post"}],"author":[{"embeddable":true,"href":"https:\/\/footdavant.fr\/actualites\/wp-json\/wp\/v2\/users\/1"}],"replies":[{"embeddable":true,"href":"https:\/\/footdavant.fr\/actualites\/wp-json\/wp\/v2\/comments?post=15139"}],"version-history":[{"count":1,"href":"https:\/\/footdavant.fr\/actualites\/wp-json\/wp\/v2\/posts\/15139\/revisions"}],"predecessor-version":[{"id":15141,"href":"https:\/\/footdavant.fr\/actualites\/wp-json\/wp\/v2\/posts\/15139\/revisions\/15141"}],"wp:featuredmedia":[{"embeddable":true,"href":"https:\/\/footdavant.fr\/actualites\/wp-json\/wp\/v2\/media\/15140"}],"wp:attachment":[{"href":"https:\/\/footdavant.fr\/actualites\/wp-json\/wp\/v2\/media?parent=15139"}],"wp:term":[{"taxonomy":"category","embeddable":true,"href":"https:\/\/footdavant.fr\/actualites\/wp-json\/wp\/v2\/categories?post=15139"},{"taxonomy":"post_tag","embeddable":true,"href":"https:\/\/footdavant.fr\/actualites\/wp-json\/wp\/v2\/tags?post=15139"}],"curies":[{"name":"wp","href":"https:\/\/api.w.org\/{rel}","templated":true}]}}