{"id":15142,"date":"2024-10-23T10:48:43","date_gmt":"2024-10-23T08:48:43","guid":{"rendered":"https:\/\/footdavant.fr\/actualites\/aston-villa-2-0-bologne-unai-emery-defend-la-reaction-de-jhon-duran-au-remplacement-lors-de-la-victoire-en-ligue-des-champions\/"},"modified":"2024-10-23T10:48:46","modified_gmt":"2024-10-23T08:48:46","slug":"aston-villa-2-0-bologne-unai-emery-defend-la-reaction-de-jhon-duran-au-remplacement-lors-de-la-victoire-en-ligue-des-champions","status":"publish","type":"post","link":"https:\/\/footdavant.fr\/actualites\/aston-villa-2-0-bologne-unai-emery-defend-la-reaction-de-jhon-duran-au-remplacement-lors-de-la-victoire-en-ligue-des-champions\/","title":{"rendered":"Aston Villa 2-0 Bologne : Unai Emery d\u00e9fend la r\u00e9action de Jhon Duran au remplacement lors de la victoire en Ligue des champions"},"content":{"rendered":"<p>L&#39;entra\u00eeneur-chef d&#39;Aston Villa, Unai Emery, d\u00e9fend la r\u00e9action de Jhon Duran apr\u00e8s son remplacement alors que l&#39;\u00e9quipe de Premier League a enregistr\u00e9 une victoire 2-0 sur Bologne en Ligue des champions. <\/p>\n<div id=\"article_body\" itemprop=\"articleBody\">\n<h3 class=\"firstPara\">\n<strong class=\"autotag\">Villa Aston<\/strong> entra\u00eeneur-chef <strong class=\"autotag\">Unai Emery<\/strong> a refus\u00e9 de critiquer <strong class=\"autotag\">John Duran<\/strong>la r\u00e9action frustr\u00e9e d&#39;\u00eatre remplac\u00e9 pendant <strong>la victoire 2-0 sur Bologne<\/strong>.<\/h3>\n<p>L&#39;\u00e9quipe de Premier League est entr\u00e9e en comp\u00e9tition mardi <strong class=\"autotag\">Ligue des champions<\/strong> rencontre cherchant \u00e0 enregistrer leur troisi\u00e8me victoire cons\u00e9cutive dans la comp\u00e9tition.<\/p>\n<p>Malgr\u00e9 quatre modifications et la menace de Bologne en premi\u00e8re mi-temps, Villa a r\u00e9ussi \u00e0 marquer trois autres points et une cage inviol\u00e9e.<\/p>\n<p><strong class=\"autotag\">John McGinn<\/strong>Le coup franc de depuis l&#39;ext\u00e9rieur a \u00e9chapp\u00e9 \u00e0 tout le monde pour donner l&#39;avantage \u00e0 Villa \u00e0 la 56e minute avant que Duran ne poursuive ses incroyables exploits de but en 2024-25.<\/p>\n<p>La passe intelligente de Morgan Rogers depuis la droite \u00e9tait parfaite pour que l&#39;international colombien aide le ballon dans le coin le plus bas \u00e0 bout portant.<\/p>\n<p class=\"imgI\">\n<h2 class=\"k3\">\u00ab\u00a0Il a fait du tr\u00e8s bon travail\u00a0\u00bb<\/h2>\n<p>Bien qu&#39;il ait marqu\u00e9 son septi\u00e8me but de la saison, Duran n&#39;en \u00e9tait qu&#39;\u00e0 son deuxi\u00e8me d\u00e9part de la campagne apr\u00e8s avoir jou\u00e9 le r\u00f4le de rempla\u00e7ant pour <strong class=\"autotag\">Ollie Watkins<\/strong> au cours des deux derniers mois.<\/p>\n<p>Imm\u00e9diatement apr\u00e8s avoir doubl\u00e9 l&#39;avance de Villa, le joueur de 20 ans a \u00e9t\u00e9 remplac\u00e9 par Watkins, ce qui a provoqu\u00e9 une r\u00e9action de col\u00e8re une fois qu&#39;il a regagn\u00e9 l&#39;abri.<\/p>\n<p>N\u00e9anmoins, Emery a choisi de ne pas critiquer l&#39;homme vedette de la campagne du club, reconnaissant qu&#39;il s&#39;agissait simplement d&#39;une frustration de \u00ab\u00a0vouloir plus\u00a0\u00bb.<\/p>\n<p>Parler \u00e0 <em>TNT Sports<\/em>l&#39;Espagnol a d\u00e9clar\u00e9 : \u00ab\u00a0Ils travaillent bien. L&#39;engagement d&#39;aider l&#39;\u00e9quipe avec qualit\u00e9 et en essayant de comprendre aussi. <\/p>\n<p>\u00ab\u00a0Il (Duran) a marqu\u00e9 le but et c&#39;\u00e9tait fantastique et il en voulait plus parce qu&#39;il pensait qu&#39;il pourrait marquer plus de buts. Il a fait du tr\u00e8s bon travail et les derni\u00e8res minutes sont pour Watkins et continuez.\u00a0\u00bb<\/p>\n<p class=\"imgI\">\n<h2 class=\"k3\">Que signifie la victoire pour Villa ?<\/h2>\n<p>Avant les matches de mercredi, o\u00f9 quatre \u00e9quipes d\u00e9fendent des records \u00e0 100 %, Villa est la seule \u00e9quipe \u00e0 enregistrer des victoires lors de ses trois premiers matches.<\/p>\n<p>En r\u00e9alit\u00e9, l&#39;\u00e9quipe d&#39;Emery n&#39;a besoin que d&#39;\u00e9viter la d\u00e9faite lors d&#39;un de ses cinq matches restants pour garantir une place dans le top 24, mais elle sera fermement concentr\u00e9e sur une finition dans le top huit, ce qui lui permettra de se qualifier pour les huiti\u00e8mes de finale.<\/p>\n<p>La prochaine \u00e9tape en Europe est un d\u00e9placement chez une \u00e9quipe du Club de Bruges qui compte trois points au tableau, une victoire serr\u00e9e au Sturm Graz prise en sandwich entre les d\u00e9faites contre le Borussia Dortmund et l&#39;AC Milan.<\/p>\n<\/div>\n","protected":false},"excerpt":{"rendered":"<p>L&#39;entra\u00eeneur-chef d&#39;Aston Villa, Unai Emery, d\u00e9fend la r\u00e9action de Jhon Duran apr\u00e8s son remplacement alors que l&#39;\u00e9quipe de Premier League a enregistr\u00e9 une victoire 2-0<\/p>\n","protected":false},"author":1,"featured_media":15143,"comment_status":"closed","ping_status":"","sticky":false,"template":"","format":"standard","meta":{"footnotes":""},"categories":[4],"tags":[369,4613,31,789,12,5226,641,5225,30,64,1805,2147,640,26,370],"yoast_head":"<!-- This site is optimized with the Yoast SEO plugin v21.0 - https:\/\/yoast.com\/wordpress\/plugins\/seo\/ -->\n<title>Aston Villa 2-0 Bologne : Unai Emery d\u00e9fend la r\u00e9action de Jhon Duran au remplacement lors de la victoire en Ligue des champions<\/title>\n<meta name=\"robots\" content=\"index, follow, max-snippet:-1, max-image-preview:large, max-video-preview:-1\" \/>\n<link rel=\"canonical\" href=\"https:\/\/footdavant.fr\/actualites\/aston-villa-2-0-bologne-unai-emery-defend-la-reaction-de-jhon-duran-au-remplacement-lors-de-la-victoire-en-ligue-des-champions\/\" \/>\n<meta property=\"og:locale\" content=\"fr_FR\" \/>\n<meta property=\"og:type\" content=\"article\" \/>\n<meta property=\"og:title\" content=\"Aston Villa 2-0 Bologne : Unai Emery d\u00e9fend la r\u00e9action de Jhon Duran au remplacement lors de la victoire en Ligue des champions\" \/>\n<meta property=\"og:description\" content=\"L&#039;entra\u00eeneur-chef d&#039;Aston Villa, Unai Emery, d\u00e9fend la r\u00e9action de Jhon Duran apr\u00e8s son remplacement alors que l&#039;\u00e9quipe de Premier League a enregistr\u00e9 une victoire 2-0\" \/>\n<meta property=\"og:url\" content=\"https:\/\/footdavant.fr\/actualites\/aston-villa-2-0-bologne-unai-emery-defend-la-reaction-de-jhon-duran-au-remplacement-lors-de-la-victoire-en-ligue-des-champions\/\" \/>\n<meta property=\"og:site_name\" content=\"Foot d&#039;avant\" \/>\n<meta property=\"article:publisher\" content=\"https:\/\/www.facebook.com\/Footdavant\/\" \/>\n<meta property=\"article:published_time\" content=\"2024-10-23T08:48:43+00:00\" \/>\n<meta property=\"article:modified_time\" content=\"2024-10-23T08:48:46+00:00\" \/>\n<meta property=\"og:image\" content=\"https:\/\/footdavant.fr\/actualites\/wp-content\/uploads\/2024\/10\/Aston-Villa-2-0-Bologne-Unai-Emery-defend-la-reaction.jpg\" \/>\n\t<meta property=\"og:image:width\" content=\"1280\" \/>\n\t<meta property=\"og:image:height\" content=\"960\" \/>\n\t<meta property=\"og:image:type\" content=\"image\/jpeg\" \/>\n<meta name=\"author\" content=\"Cl\u00e9ment\" \/>\n<meta name=\"twitter:card\" content=\"summary_large_image\" \/>\n<meta name=\"twitter:creator\" content=\"@FootdavantFr\" \/>\n<meta name=\"twitter:site\" content=\"@FootdavantFr\" \/>\n<meta name=\"twitter:label1\" content=\"\u00c9crit par\" \/>\n\t<meta name=\"twitter:data1\" content=\"Cl\u00e9ment\" \/>\n\t<meta name=\"twitter:label2\" content=\"Dur\u00e9e de lecture estim\u00e9e\" \/>\n\t<meta name=\"twitter:data2\" content=\"2 minutes\" \/>\n<script type=\"application\/ld+json\" class=\"yoast-schema-graph\">{\"@context\":\"https:\/\/schema.org\",\"@graph\":[{\"@type\":\"Article\",\"@id\":\"https:\/\/footdavant.fr\/actualites\/aston-villa-2-0-bologne-unai-emery-defend-la-reaction-de-jhon-duran-au-remplacement-lors-de-la-victoire-en-ligue-des-champions\/#article\",\"isPartOf\":{\"@id\":\"https:\/\/footdavant.fr\/actualites\/aston-villa-2-0-bologne-unai-emery-defend-la-reaction-de-jhon-duran-au-remplacement-lors-de-la-victoire-en-ligue-des-champions\/\"},\"author\":{\"name\":\"Cl\u00e9ment\",\"@id\":\"https:\/\/footdavant.fr\/actualites\/#\/schema\/person\/bc222566d95871b37e597b3ed3ba5e1d\"},\"headline\":\"Aston Villa 2-0 Bologne : Unai Emery d\u00e9fend la r\u00e9action de Jhon Duran au remplacement lors de la victoire en Ligue des champions\",\"datePublished\":\"2024-10-23T08:48:43+00:00\",\"dateModified\":\"2024-10-23T08:48:46+00:00\",\"mainEntityOfPage\":{\"@id\":\"https:\/\/footdavant.fr\/actualites\/aston-villa-2-0-bologne-unai-emery-defend-la-reaction-de-jhon-duran-au-remplacement-lors-de-la-victoire-en-ligue-des-champions\/\"},\"wordCount\":520,\"publisher\":{\"@id\":\"https:\/\/footdavant.fr\/actualites\/#organization\"},\"keywords\":[\"Aston\",\"Bologne\",\"champions\",\"d\u00e9fend\",\"des\",\"Duran\",\"Emery\",\"Jhon\",\"Ligue\",\"lors\",\"r\u00e9action\",\"remplacement\",\"Unai\",\"victoire\",\"Villa\"],\"articleSection\":[\"Champions League\"],\"inLanguage\":\"fr-FR\"},{\"@type\":\"WebPage\",\"@id\":\"https:\/\/footdavant.fr\/actualites\/aston-villa-2-0-bologne-unai-emery-defend-la-reaction-de-jhon-duran-au-remplacement-lors-de-la-victoire-en-ligue-des-champions\/\",\"url\":\"https:\/\/footdavant.fr\/actualites\/aston-villa-2-0-bologne-unai-emery-defend-la-reaction-de-jhon-duran-au-remplacement-lors-de-la-victoire-en-ligue-des-champions\/\",\"name\":\"Aston Villa 2-0 Bologne : Unai Emery d\u00e9fend la r\u00e9action de Jhon Duran au remplacement lors de la victoire en Ligue des champions\",\"isPartOf\":{\"@id\":\"https:\/\/footdavant.fr\/actualites\/#website\"},\"datePublished\":\"2024-10-23T08:48:43+00:00\",\"dateModified\":\"2024-10-23T08:48:46+00:00\",\"breadcrumb\":{\"@id\":\"https:\/\/footdavant.fr\/actualites\/aston-villa-2-0-bologne-unai-emery-defend-la-reaction-de-jhon-duran-au-remplacement-lors-de-la-victoire-en-ligue-des-champions\/#breadcrumb\"},\"inLanguage\":\"fr-FR\",\"potentialAction\":[{\"@type\":\"ReadAction\",\"target\":[\"https:\/\/footdavant.fr\/actualites\/aston-villa-2-0-bologne-unai-emery-defend-la-reaction-de-jhon-duran-au-remplacement-lors-de-la-victoire-en-ligue-des-champions\/\"]}]},{\"@type\":\"BreadcrumbList\",\"@id\":\"https:\/\/footdavant.fr\/actualites\/aston-villa-2-0-bologne-unai-emery-defend-la-reaction-de-jhon-duran-au-remplacement-lors-de-la-victoire-en-ligue-des-champions\/#breadcrumb\",\"itemListElement\":[{\"@type\":\"ListItem\",\"position\":1,\"name\":\"Accueil\",\"item\":\"https:\/\/footdavant.fr\/actualites\/\"},{\"@type\":\"ListItem\",\"position\":2,\"name\":\"Aston Villa 2-0 Bologne : Unai Emery d\u00e9fend la r\u00e9action de Jhon Duran au remplacement lors de la victoire en Ligue des champions\"}]},{\"@type\":\"WebSite\",\"@id\":\"https:\/\/footdavant.fr\/actualites\/#website\",\"url\":\"https:\/\/footdavant.fr\/actualites\/\",\"name\":\"Foot d'avant\",\"description\":\"\",\"publisher\":{\"@id\":\"https:\/\/footdavant.fr\/actualites\/#organization\"},\"potentialAction\":[{\"@type\":\"SearchAction\",\"target\":{\"@type\":\"EntryPoint\",\"urlTemplate\":\"https:\/\/footdavant.fr\/actualites\/?s={search_term_string}\"},\"query-input\":\"required name=search_term_string\"}],\"inLanguage\":\"fr-FR\"},{\"@type\":\"Organization\",\"@id\":\"https:\/\/footdavant.fr\/actualites\/#organization\",\"name\":\"Foot d'avant\",\"url\":\"https:\/\/footdavant.fr\/actualites\/\",\"logo\":{\"@type\":\"ImageObject\",\"inLanguage\":\"fr-FR\",\"@id\":\"https:\/\/footdavant.fr\/actualites\/#\/schema\/logo\/image\/\",\"url\":\"https:\/\/footdavant.fr\/actualites\/wp-content\/uploads\/2023\/09\/Copy-of-FootDavant-Logo.png\",\"contentUrl\":\"https:\/\/footdavant.fr\/actualites\/wp-content\/uploads\/2023\/09\/Copy-of-FootDavant-Logo.png\",\"width\":936,\"height\":549,\"caption\":\"Foot d'avant\"},\"image\":{\"@id\":\"https:\/\/footdavant.fr\/actualites\/#\/schema\/logo\/image\/\"},\"sameAs\":[\"https:\/\/www.facebook.com\/Footdavant\/\",\"https:\/\/twitter.com\/FootdavantFr\",\"https:\/\/www.instagram.com\/footdavant.fr\/\"]},{\"@type\":\"Person\",\"@id\":\"https:\/\/footdavant.fr\/actualites\/#\/schema\/person\/bc222566d95871b37e597b3ed3ba5e1d\",\"name\":\"Cl\u00e9ment\",\"image\":{\"@type\":\"ImageObject\",\"inLanguage\":\"fr-FR\",\"@id\":\"https:\/\/footdavant.fr\/actualites\/#\/schema\/person\/image\/\",\"url\":\"https:\/\/secure.gravatar.com\/avatar\/7728b29aac2719421e1a9159b2254c44?s=96&d=mm&r=g\",\"contentUrl\":\"https:\/\/secure.gravatar.com\/avatar\/7728b29aac2719421e1a9159b2254c44?s=96&d=mm&r=g\",\"caption\":\"Cl\u00e9ment\"},\"sameAs\":[\"https:\/\/footdavant.fr\/\"]}]}<\/script>\n<!-- \/ Yoast SEO plugin. -->","yoast_head_json":{"title":"Aston Villa 2-0 Bologne : Unai Emery d\u00e9fend la r\u00e9action de Jhon Duran au remplacement lors de la victoire en Ligue des champions","robots":{"index":"index","follow":"follow","max-snippet":"max-snippet:-1","max-image-preview":"max-image-preview:large","max-video-preview":"max-video-preview:-1"},"canonical":"https:\/\/footdavant.fr\/actualites\/aston-villa-2-0-bologne-unai-emery-defend-la-reaction-de-jhon-duran-au-remplacement-lors-de-la-victoire-en-ligue-des-champions\/","og_locale":"fr_FR","og_type":"article","og_title":"Aston Villa 2-0 Bologne : Unai Emery d\u00e9fend la r\u00e9action de Jhon Duran au remplacement lors de la victoire en Ligue des champions","og_description":"L&#39;entra\u00eeneur-chef d&#39;Aston Villa, Unai Emery, d\u00e9fend la r\u00e9action de Jhon Duran apr\u00e8s son remplacement alors que l&#39;\u00e9quipe de Premier League a enregistr\u00e9 une victoire 2-0","og_url":"https:\/\/footdavant.fr\/actualites\/aston-villa-2-0-bologne-unai-emery-defend-la-reaction-de-jhon-duran-au-remplacement-lors-de-la-victoire-en-ligue-des-champions\/","og_site_name":"Foot d&#039;avant","article_publisher":"https:\/\/www.facebook.com\/Footdavant\/","article_published_time":"2024-10-23T08:48:43+00:00","article_modified_time":"2024-10-23T08:48:46+00:00","og_image":[{"width":1280,"height":960,"url":"https:\/\/footdavant.fr\/actualites\/wp-content\/uploads\/2024\/10\/Aston-Villa-2-0-Bologne-Unai-Emery-defend-la-reaction.jpg","type":"image\/jpeg"}],"author":"Cl\u00e9ment","twitter_card":"summary_large_image","twitter_creator":"@FootdavantFr","twitter_site":"@FootdavantFr","twitter_misc":{"\u00c9crit par":"Cl\u00e9ment","Dur\u00e9e de lecture estim\u00e9e":"2 minutes"},"schema":{"@context":"https:\/\/schema.org","@graph":[{"@type":"Article","@id":"https:\/\/footdavant.fr\/actualites\/aston-villa-2-0-bologne-unai-emery-defend-la-reaction-de-jhon-duran-au-remplacement-lors-de-la-victoire-en-ligue-des-champions\/#article","isPartOf":{"@id":"https:\/\/footdavant.fr\/actualites\/aston-villa-2-0-bologne-unai-emery-defend-la-reaction-de-jhon-duran-au-remplacement-lors-de-la-victoire-en-ligue-des-champions\/"},"author":{"name":"Cl\u00e9ment","@id":"https:\/\/footdavant.fr\/actualites\/#\/schema\/person\/bc222566d95871b37e597b3ed3ba5e1d"},"headline":"Aston Villa 2-0 Bologne : Unai Emery d\u00e9fend la r\u00e9action de Jhon Duran au remplacement lors de la victoire en Ligue des champions","datePublished":"2024-10-23T08:48:43+00:00","dateModified":"2024-10-23T08:48:46+00:00","mainEntityOfPage":{"@id":"https:\/\/footdavant.fr\/actualites\/aston-villa-2-0-bologne-unai-emery-defend-la-reaction-de-jhon-duran-au-remplacement-lors-de-la-victoire-en-ligue-des-champions\/"},"wordCount":520,"publisher":{"@id":"https:\/\/footdavant.fr\/actualites\/#organization"},"keywords":["Aston","Bologne","champions","d\u00e9fend","des","Duran","Emery","Jhon","Ligue","lors","r\u00e9action","remplacement","Unai","victoire","Villa"],"articleSection":["Champions League"],"inLanguage":"fr-FR"},{"@type":"WebPage","@id":"https:\/\/footdavant.fr\/actualites\/aston-villa-2-0-bologne-unai-emery-defend-la-reaction-de-jhon-duran-au-remplacement-lors-de-la-victoire-en-ligue-des-champions\/","url":"https:\/\/footdavant.fr\/actualites\/aston-villa-2-0-bologne-unai-emery-defend-la-reaction-de-jhon-duran-au-remplacement-lors-de-la-victoire-en-ligue-des-champions\/","name":"Aston Villa 2-0 Bologne : Unai Emery d\u00e9fend la r\u00e9action de Jhon Duran au remplacement lors de la victoire en Ligue des champions","isPartOf":{"@id":"https:\/\/footdavant.fr\/actualites\/#website"},"datePublished":"2024-10-23T08:48:43+00:00","dateModified":"2024-10-23T08:48:46+00:00","breadcrumb":{"@id":"https:\/\/footdavant.fr\/actualites\/aston-villa-2-0-bologne-unai-emery-defend-la-reaction-de-jhon-duran-au-remplacement-lors-de-la-victoire-en-ligue-des-champions\/#breadcrumb"},"inLanguage":"fr-FR","potentialAction":[{"@type":"ReadAction","target":["https:\/\/footdavant.fr\/actualites\/aston-villa-2-0-bologne-unai-emery-defend-la-reaction-de-jhon-duran-au-remplacement-lors-de-la-victoire-en-ligue-des-champions\/"]}]},{"@type":"BreadcrumbList","@id":"https:\/\/footdavant.fr\/actualites\/aston-villa-2-0-bologne-unai-emery-defend-la-reaction-de-jhon-duran-au-remplacement-lors-de-la-victoire-en-ligue-des-champions\/#breadcrumb","itemListElement":[{"@type":"ListItem","position":1,"name":"Accueil","item":"https:\/\/footdavant.fr\/actualites\/"},{"@type":"ListItem","position":2,"name":"Aston Villa 2-0 Bologne : Unai Emery d\u00e9fend la r\u00e9action de Jhon Duran au remplacement lors de la victoire en Ligue des champions"}]},{"@type":"WebSite","@id":"https:\/\/footdavant.fr\/actualites\/#website","url":"https:\/\/footdavant.fr\/actualites\/","name":"Foot d'avant","description":"","publisher":{"@id":"https:\/\/footdavant.fr\/actualites\/#organization"},"potentialAction":[{"@type":"SearchAction","target":{"@type":"EntryPoint","urlTemplate":"https:\/\/footdavant.fr\/actualites\/?s={search_term_string}"},"query-input":"required name=search_term_string"}],"inLanguage":"fr-FR"},{"@type":"Organization","@id":"https:\/\/footdavant.fr\/actualites\/#organization","name":"Foot d'avant","url":"https:\/\/footdavant.fr\/actualites\/","logo":{"@type":"ImageObject","inLanguage":"fr-FR","@id":"https:\/\/footdavant.fr\/actualites\/#\/schema\/logo\/image\/","url":"https:\/\/footdavant.fr\/actualites\/wp-content\/uploads\/2023\/09\/Copy-of-FootDavant-Logo.png","contentUrl":"https:\/\/footdavant.fr\/actualites\/wp-content\/uploads\/2023\/09\/Copy-of-FootDavant-Logo.png","width":936,"height":549,"caption":"Foot d'avant"},"image":{"@id":"https:\/\/footdavant.fr\/actualites\/#\/schema\/logo\/image\/"},"sameAs":["https:\/\/www.facebook.com\/Footdavant\/","https:\/\/twitter.com\/FootdavantFr","https:\/\/www.instagram.com\/footdavant.fr\/"]},{"@type":"Person","@id":"https:\/\/footdavant.fr\/actualites\/#\/schema\/person\/bc222566d95871b37e597b3ed3ba5e1d","name":"Cl\u00e9ment","image":{"@type":"ImageObject","inLanguage":"fr-FR","@id":"https:\/\/footdavant.fr\/actualites\/#\/schema\/person\/image\/","url":"https:\/\/secure.gravatar.com\/avatar\/7728b29aac2719421e1a9159b2254c44?s=96&d=mm&r=g","contentUrl":"https:\/\/secure.gravatar.com\/avatar\/7728b29aac2719421e1a9159b2254c44?s=96&d=mm&r=g","caption":"Cl\u00e9ment"},"sameAs":["https:\/\/footdavant.fr\/"]}]}},"_links":{"self":[{"href":"https:\/\/footdavant.fr\/actualites\/wp-json\/wp\/v2\/posts\/15142"}],"collection":[{"href":"https:\/\/footdavant.fr\/actualites\/wp-json\/wp\/v2\/posts"}],"about":[{"href":"https:\/\/footdavant.fr\/actualites\/wp-json\/wp\/v2\/types\/post"}],"author":[{"embeddable":true,"href":"https:\/\/footdavant.fr\/actualites\/wp-json\/wp\/v2\/users\/1"}],"replies":[{"embeddable":true,"href":"https:\/\/footdavant.fr\/actualites\/wp-json\/wp\/v2\/comments?post=15142"}],"version-history":[{"count":1,"href":"https:\/\/footdavant.fr\/actualites\/wp-json\/wp\/v2\/posts\/15142\/revisions"}],"predecessor-version":[{"id":15144,"href":"https:\/\/footdavant.fr\/actualites\/wp-json\/wp\/v2\/posts\/15142\/revisions\/15144"}],"wp:featuredmedia":[{"embeddable":true,"href":"https:\/\/footdavant.fr\/actualites\/wp-json\/wp\/v2\/media\/15143"}],"wp:attachment":[{"href":"https:\/\/footdavant.fr\/actualites\/wp-json\/wp\/v2\/media?parent=15142"}],"wp:term":[{"taxonomy":"category","embeddable":true,"href":"https:\/\/footdavant.fr\/actualites\/wp-json\/wp\/v2\/categories?post=15142"},{"taxonomy":"post_tag","embeddable":true,"href":"https:\/\/footdavant.fr\/actualites\/wp-json\/wp\/v2\/tags?post=15142"}],"curies":[{"name":"wp","href":"https:\/\/api.w.org\/{rel}","templated":true}]}}