{"id":15151,"date":"2024-10-23T14:48:27","date_gmt":"2024-10-23T12:48:27","guid":{"rendered":"https:\/\/footdavant.fr\/actualites\/real-madrid-5-2-notes-des-joueurs-du-borussia-dortmund-vinicius-junior-vole-la-vedette-avec-un-superbe-triple\/"},"modified":"2024-10-23T14:48:30","modified_gmt":"2024-10-23T12:48:30","slug":"real-madrid-5-2-notes-des-joueurs-du-borussia-dortmund-vinicius-junior-vole-la-vedette-avec-un-superbe-triple","status":"publish","type":"post","link":"https:\/\/footdavant.fr\/actualites\/real-madrid-5-2-notes-des-joueurs-du-borussia-dortmund-vinicius-junior-vole-la-vedette-avec-un-superbe-triple\/","title":{"rendered":"Real Madrid 5-2 Notes des joueurs du Borussia Dortmund : Vinicius Junior vole la vedette avec un superbe tripl\u00e9"},"content":{"rendered":"<p>Sports Mole examine les performances de chaque joueur lors de la victoire 5-2 du Real Madrid contre le Borussia Dortmund en Ligue des Champions \u00e0 Bernabeu.<\/p>\n<div id=\"article_body\" itemprop=\"articleBody\">\n<p class=\"firstPara\"><strong class=\"autotag\">Vinicius Junior<\/strong> a marqu\u00e9 trois fois alors que <strong class=\"autotag\">R\u00e9al Madrid<\/strong> surv\u00e9cu \u00e0 une frayeur pour enregistrer un <strong>Victoire 5-2<\/strong> sur <strong class=\"autotag\">Borussia Dortmund<\/strong> le mardi <strong class=\"autotag\">Ligue des champions<\/strong> concours dans la capitale espagnole.<\/p>\n<p>Dortmund menait 2-0 \u00e0 la pause gr\u00e2ce aux buts de <strong class=\"autotag\">Donyell Malen<\/strong> et <strong class=\"autotag\">Jamie Bynoe-Gittens<\/strong>mais le Real Madrid a marqu\u00e9 cinq fois en seconde p\u00e9riode, avec <strong class=\"autotag\">Antonio R\u00fcdiger<\/strong> et <strong class=\"autotag\">Lucas V\u00e1zquez<\/strong> s&#39;inscrivant aux c\u00f4t\u00e9s d&#39;un tripl\u00e9 de Vinicius, pour assurer les trois points aux d\u00e9tenteurs du prestigieux troph\u00e9e.<\/p>\n<p>Le r\u00e9sultat a permis \u00e0 Los Blancos de se hisser \u00e0 la neuvi\u00e8me position du classement. <strong>Tableau de la Ligue des Champions<\/strong>avec six points en trois matches, tandis que Dortmund occupe la cinqui\u00e8me place malgr\u00e9 le revers, \u00e9galement avec six points en trois matches.<\/p>\n<p>Ici, <strong>Taupe de sport<\/strong> examine de pr\u00e8s les performances de chaque joueur lors du choc de la Ligue des Champions, le Real Madrid montrant sa classe apr\u00e8s 45 minutes d&#39;ouverture difficiles.<\/p>\n<hr>\n<h2>Notes des joueurs du Real Madrid contre le Borussia Dortmund : Mbappe joue son r\u00f4le malgr\u00e9 son \u00e9chec \u00e0 marquer<\/h2>\n<p class=\"imgI\">\n<h3>GARDIEN DE BUT<\/h3>\n<h3>\n<strong class=\"autotag\">Thibaut Courtois<\/strong>&#8211; 6\/10<\/h3>\n<p>J&#39;ai fait un gros arr\u00eat pour refuser <strong class=\"autotag\">Maximilien Beier<\/strong> peu avant que le Real Madrid n&#39;en marque un troisi\u00e8me, ce qui s&#39;est r\u00e9v\u00e9l\u00e9 \u00eatre un moment crucial du match. Pendant ce temps, Courtois ne pouvait rien faire avec l&#39;un ou l&#39;autre but de Dortmund, le gardien ayant besoin d&#39;une meilleure protection.<\/p>\n<h3>D\u00c9FENSE<\/h3>\n<h3>Lucas V\u00e1zquez \u2013 7\/10<\/h3>\n<p>A eu des difficult\u00e9s d\u00e9fensivement, en particulier pour le deuxi\u00e8me but de Dortmund, mais il a inscrit un but massif pour porter le score \u00e0 3-2 contre les h\u00f4tes \u00e0 la 83e minute, ce qui a plus que compens\u00e9 ses difficult\u00e9s en premi\u00e8re mi-temps.<\/p>\n<h3>\n<strong class=\"autotag\">Eder Militao<\/strong> &#8211; 6\/10<\/h3>\n<p>Certainement l&#39;un des meilleurs d\u00e9fenseurs centraux du football mondial, mais Militao a eu du mal en premi\u00e8re mi-temps face \u00e0 une attaque rapide et intelligente de Dortmund.<\/p>\n<h3>Antonio R\u00fcdiger &#8211; 7\/10<\/h3>\n<p>A marqu\u00e9 le premier but du Real Madrid \u00e0 l&#39;heure de jeu et il dirigeait l&#39;\u00e9quipe depuis une position d\u00e9fensive. Le type de personnage dont on a besoin dans les moments difficiles.<\/p>\n<h3>\n<strong class=\"autotag\">Ferland Mendy<\/strong> &#8211; 6\/10<\/h3>\n<p>Les deux d\u00e9fenses ont eu du mal mardi soir, et ce n&#39;\u00e9tait pas l&#39;une des meilleures performances de Mendy, mais comme plusieurs de ses co\u00e9quipiers, l&#39;arri\u00e8re gauche s&#39;est am\u00e9lior\u00e9 au fil du match.<\/p>\n<h3>MILIEU DE TERRAIN<\/h3>\n<h3>\n<strong class=\"autotag\">Federico Valverde<\/strong> &#8211; 6\/10<\/h3>\n<p>Pas \u00e0 son meilleur niveau d&#39;\u00e9nergie, avec l&#39;international uruguayen tr\u00e8s calme en premi\u00e8re mi-temps et pas trop impliqu\u00e9 en seconde, mais il a d\u00e9j\u00e0 v\u00e9cu beaucoup de grands moments pour le Real Madrid cette saison.<\/p>\n<h3>\n<strong class=\"autotag\">Luka Modri\u0107<\/strong> &#8211; 7\/10<\/h3>\n<p>Il n&#39;\u00e9tait pas \u00e0 son meilleur niveau dans les 45 premi\u00e8res minutes, Dortmund remportant la bataille au milieu de terrain, mais son excellente passe vers <strong class=\"autotag\">Kylian Mbapp\u00e9<\/strong> a permis au Real Madrid d&#39;\u00e9galiser le score \u00e0 2-2.<\/p>\n<h3>\n<strong class=\"autotag\">Jude Bellingham<\/strong> &#8211; 6\/10<\/h3>\n<p>Il a touch\u00e9 la barre transversale en premi\u00e8re mi-temps et a \u00e9t\u00e9 frustr\u00e9 pendant de longues p\u00e9riodes ; l&#39;Anglais a bien pr\u00e9par\u00e9 Vinicius pour le deuxi\u00e8me du match du Br\u00e9silien, mais il \u00e9tait encore une fois loin d&#39;\u00eatre \u00e0 son meilleur pour Los Blancos.<\/p>\n<h3>ATTAQUE<\/h3>\n<h3>\n<strong class=\"autotag\">Rodrygo<\/strong> &#8211; 6\/10<\/h3>\n<p>Il n&#39;a pas pu entrer en jeu en premi\u00e8re mi-temps, mais il a jou\u00e9 son r\u00f4le dans le retour du Real Madrid avant de quitter le terrain avec une blessure apparente peu apr\u00e8s que les h\u00f4tes aient marqu\u00e9 le troisi\u00e8me but.<\/p>\n<h3>Kylian Mbapp\u00e9 \u2013 7\/10<\/h3>\n<p>Pendant de longues \u00e9tapes, il semblait que ce serait une soir\u00e9e frustrante pour le Fran\u00e7ais, mais il a servi Rudiger sur le premier but du Real Madrid et a ensuite jou\u00e9 un grand r\u00f4le dans le deuxi\u00e8me, l&#39;attaquant terminant le match sur une note positive.<\/p>\n<h3>Vinicius Junior \u2013 9\/10<\/h3>\n<p>Il n&#39;atteint qu&#39;un 10 en raison de ses difficult\u00e9s en premi\u00e8re mi-temps, mais ce fut une performance tout simplement \u00e9poustouflante en seconde p\u00e9riode de la part du Br\u00e9silien, qui a inscrit trois buts pour d\u00e9montrer pourquoi il est le favori du Ballon d&#39;Or.<\/p>\n<h3>SUBSTITUTS<\/h3>\n<h3>\n<strong class=\"autotag\">Eduardo Camavinga<\/strong> &#8211; 7\/10<\/h3>\n<p>A remplac\u00e9 Modric \u00e0 2-2, le Real Madrid recherchant plus d&#39;\u00e9nergie au milieu de terrain, et le Fran\u00e7ais a jou\u00e9 un r\u00f4le important pour Los Blancos dans les 20 derni\u00e8res minutes de la comp\u00e9tition.<\/p>\n<h3>\n<strong class=\"autotag\">Aur\u00e9lien Tchouameni<\/strong> &#8211; 6\/10<\/h3>\n<p>Il aurait \u00e9t\u00e9 d\u00e9\u00e7u de ne pas \u00eatre titularis\u00e9, mais il a \u00e9t\u00e9 entr\u00e9 en jeu \u00e0 la 85e minute du match et le Real Madrid a marqu\u00e9 deux buts alors que le Fran\u00e7ais \u00e9tait sur le terrain.<\/p>\n<h3>\n<strong class=\"autotag\">Daniel Ceballos<\/strong> &#8211; 6\/10<\/h3>\n<p>Introduit seulement \u00e0 la 90e minute, mais il a \u00e9t\u00e9 impliqu\u00e9 dans le but du tripl\u00e9 de Vinicius.<\/p>\n<h3>\n<strong class=\"autotag\">Arda G\u00fcler<\/strong> &#8211; N \/ A<\/h3>\n<p>A peine touch\u00e9 le ballon dans ce qui \u00e9tait une apparition tr\u00e8s tardive pour l&#39;international turc.<\/p>\n<hr>\n<h2>Notes des joueurs du Borussia Dortmund contre le Real Madrid : Bynoe-Gittens et Malen impressionnent pour le BVB<\/h2>\n<p class=\"imgI\">\n<h3>GARDIEN DE BUT<\/h3>\n<h3>\n<strong class=\"autotag\">Gregor Kobel<\/strong> &#8211; 6\/10<\/h3>\n<p>A r\u00e9alis\u00e9 quelques arr\u00eats intelligents dans la premi\u00e8re moiti\u00e9 de l&#39;action, mais a ensuite vu cinq buts le d\u00e9passer dans les 30 derni\u00e8res minutes d&#39;action. J&#39;avais d\u00e9sesp\u00e9r\u00e9ment besoin d&#39;une meilleure protection lorsque les h\u00f4tes ont commenc\u00e9 \u00e0 passer \u00e0 la vitesse sup\u00e9rieure.<\/p>\n<h3>D\u00c9FENSE<\/h3>\n<h3>\n<strong class=\"autotag\">Ryerson<\/strong> &#8211; 6\/10<\/h3>\n<p>Comme plusieurs de ses co\u00e9quipiers, il a \u00e9t\u00e9 fort dans la premi\u00e8re mi-temps, mais il a subi une pression croissante de Vinicius en seconde p\u00e9riode, ce qui a conduit \u00e0 son retrait \u00e0 la 76e minute.<\/p>\n<h3>\n<strong class=\"autotag\">Nicolas Sule<\/strong> &#8211; 6\/10<\/h3>\n<p>Il avait l&#39;air d&#39;un d\u00e9fenseur central dominant dans la premi\u00e8re moiti\u00e9 de l&#39;action, et il a bien fait contre Mbappe pendant de longues p\u00e9riodes, mais la d\u00e9fense de Dortmund a \u00e9t\u00e9 tir\u00e9e sur tout le terrain en deuxi\u00e8me p\u00e9riode.<\/p>\n<h3>\n<strong class=\"autotag\">Nico Schlotterbeck<\/strong> &#8211; 6\/10<\/h3>\n<p>Il a r\u00e9alis\u00e9 d&#39;excellents contres en premi\u00e8re p\u00e9riode et a jou\u00e9 un r\u00f4le essentiel en rendant la t\u00e2che difficile au Real Madrid, mais tout a chang\u00e9 apr\u00e8s la pause, Los Blancos refusant de se laisser battre.<\/p>\n<h3>\n<strong class=\"autotag\">Ramy Bensebaini<\/strong> &#8211; 6\/10<\/h3>\n<p>Je peux \u00eatre satisfait de sa performance contre Rodrygo, car le Br\u00e9silien est rest\u00e9 silencieux pendant de longues p\u00e9riodes, mais le troisi\u00e8me du match du Real Madrid est tomb\u00e9 du c\u00f4t\u00e9 de Bensebaini, avec Vazquez faisant irruption dans la surface.<\/p>\n<h3>MILIEU DE TERRAIN<\/h3>\n<h3>\n<strong class=\"autotag\">F\u00e9lix Nmecha<\/strong> &#8211; 7\/10<\/h3>\n<p>A \u00e9t\u00e9 brillant dans la premi\u00e8re mi-temps, avec son \u00e9nergie et son utilisation du ballon permettant au BVB de causer beaucoup de probl\u00e8mes, mais il s&#39;est \u00e9vanoui en deuxi\u00e8me p\u00e9riode et a \u00e9t\u00e9 remplac\u00e9 \u00e0 la 76e minute.<\/p>\n<h3>\n<strong class=\"autotag\">Julien Brandt<\/strong> &#8211; 6\/10<\/h3>\n<p>Il a commenc\u00e9 et termin\u00e9 le match \u00e0 Bernabeu, et il \u00e9tait souvent en possession du ballon proprement et bien rang\u00e9, mais l&#39;attaquant n&#39;a pas \u00e9t\u00e9 en mesure d&#39;aider son \u00e9quipe \u00e0 porter une menace dans la seconde p\u00e9riode.<\/p>\n<h3>\n<strong class=\"autotag\">Marcel Sabitzer<\/strong> &#8211; 6\/10<\/h3>\n<p>Il a r\u00e9alis\u00e9 une performance pleine d&#39;\u00e9nergie dans la premi\u00e8re mi-temps, le BVB remportant la bataille au milieu de terrain, mais il s&#39;est souvent retrouv\u00e9 d\u00e9pass\u00e9 dans la deuxi\u00e8me p\u00e9riode du match dans la capitale espagnole.<\/p>\n<h3>ATTAQUE<\/h3>\n<h3>Donyell Malen \u2013 8\/10<\/h3>\n<p>Il a r\u00e9alis\u00e9 une excellente premi\u00e8re p\u00e9riode, r\u00e9alisant la perc\u00e9e avec une finition intelligente avant de devenir passeur pour la deuxi\u00e8me p\u00e9riode de Dortmund, mais il a \u00e9t\u00e9 \u00e9tonnamment remplac\u00e9 \u00e0 une p\u00e9riode o\u00f9 le BVB subissait de s\u00e9rieuses pressions.<\/p>\n<h3>\n<strong class=\"autotag\">Serhou Guirassy<\/strong> &#8211; 7\/10<\/h3>\n<p>Il n&#39;a pas pu ajouter \u00e0 son total de buts pour la saison, mais son excellente passe d\u00e9cisive a permis au BVB de faire la perc\u00e9e. L&#39;attaquant a cependant connu des difficult\u00e9s apr\u00e8s le remplacement de Bynoe-Gittens et de Malen.<\/p>\n<h3>Jamie Bynoe-Gittens \u2013 8\/10<\/h3>\n<p>Il est devenu le plus jeune Anglais \u00e0 marquer contre le Real Madrid en Ligue des Champions avec son but en premi\u00e8re mi-temps, et ce fut une performance tr\u00e8s positive de la part du joueur de 20 ans, remplac\u00e9 au d\u00e9but de la deuxi\u00e8me p\u00e9riode.<\/p>\n<h3>SUBSTITUTS<\/h3>\n<h3>\n<strong class=\"autotag\">Waldemar Anton<\/strong> &#8211; 5\/10<\/h3>\n<p>Anton a \u00e9t\u00e9 engag\u00e9 dans le but d&#39;emp\u00eacher le Real Madrid de faire son retour, en remplacement de Bynoe-Gittens, mais cela ne s&#39;est pas av\u00e9r\u00e9 \u00eatre un changement r\u00e9ussi d&#39;entra\u00eeneur-chef. <strong class=\"autotag\">Nuri Sahin<\/strong>.<\/p>\n<h3>\n<strong class=\"autotag\">Pascal Gross<\/strong> &#8211; 6\/10<\/h3>\n<p>A remplac\u00e9 l&#39;excellent Malen \u00e0 la 64e minute, mais il n&#39;a pas pu porter le m\u00eame genre de menace que l&#39;international n\u00e9erlandais, qui avait caus\u00e9 toutes sortes de probl\u00e8mes en premi\u00e8re p\u00e9riode.<\/p>\n<h3>\n<strong class=\"autotag\">Emre Can<\/strong> &#8211; 4\/10<\/h3>\n<p>A \u00e9t\u00e9 amen\u00e9 \u00e0 s&#39;occuper de Vinicius, mais il a trouv\u00e9 cela incroyablement difficile contre le Br\u00e9silien. Can est un footballeur brillant qui a eu une excellente carri\u00e8re, mais ce fut une apparition tr\u00e8s, tr\u00e8s difficile contre un joueur \u00e9poustouflant.<\/p>\n<h3>Maximilien Beier &#8211; 6\/10<\/h3>\n<p>A eu une grosse chance de marquer un troisi\u00e8me pour Dortmund \u00e0 2-2, mais elle a \u00e9t\u00e9 refus\u00e9e par Courtois. L&#39;attaquant \u00e9tait certainement une menace dans les derni\u00e8res \u00e9tapes et peut \u00eatre satisfait de sa contribution mardi soir.<\/p>\n<hr>\n<\/div>\n","protected":false},"excerpt":{"rendered":"<p>Sports Mole examine les performances de chaque joueur lors de la victoire 5-2 du Real Madrid contre le Borussia Dortmund en Ligue des Champions \u00e0<\/p>\n","protected":false},"author":1,"featured_media":15152,"comment_status":"closed","ping_status":"","sticky":false,"template":"","format":"standard","meta":{"footnotes":""},"categories":[4],"tags":[91,96,12,107,220,3192,303,2823,302,3055,439,4554,1877,2093],"yoast_head":"<!-- This site is optimized with the Yoast SEO plugin v21.0 - https:\/\/yoast.com\/wordpress\/plugins\/seo\/ -->\n<title>Real Madrid 5-2 Notes des joueurs du Borussia Dortmund : Vinicius Junior vole la vedette avec un superbe tripl\u00e9<\/title>\n<meta name=\"robots\" content=\"index, follow, max-snippet:-1, max-image-preview:large, max-video-preview:-1\" \/>\n<link rel=\"canonical\" href=\"https:\/\/footdavant.fr\/actualites\/real-madrid-5-2-notes-des-joueurs-du-borussia-dortmund-vinicius-junior-vole-la-vedette-avec-un-superbe-triple\/\" \/>\n<meta property=\"og:locale\" content=\"fr_FR\" \/>\n<meta property=\"og:type\" content=\"article\" \/>\n<meta property=\"og:title\" content=\"Real Madrid 5-2 Notes des joueurs du Borussia Dortmund : Vinicius Junior vole la vedette avec un superbe tripl\u00e9\" \/>\n<meta property=\"og:description\" content=\"Sports Mole examine les performances de chaque joueur lors de la victoire 5-2 du Real Madrid contre le Borussia Dortmund en Ligue des Champions \u00e0\" \/>\n<meta property=\"og:url\" content=\"https:\/\/footdavant.fr\/actualites\/real-madrid-5-2-notes-des-joueurs-du-borussia-dortmund-vinicius-junior-vole-la-vedette-avec-un-superbe-triple\/\" \/>\n<meta property=\"og:site_name\" content=\"Foot d&#039;avant\" \/>\n<meta property=\"article:publisher\" content=\"https:\/\/www.facebook.com\/Footdavant\/\" \/>\n<meta property=\"article:published_time\" content=\"2024-10-23T12:48:27+00:00\" \/>\n<meta property=\"article:modified_time\" content=\"2024-10-23T12:48:30+00:00\" \/>\n<meta property=\"og:image\" content=\"https:\/\/footdavant.fr\/actualites\/wp-content\/uploads\/2024\/10\/Real-Madrid-5-2-Notes-des-joueurs-du-Borussia-Dortmund.jpg\" \/>\n\t<meta property=\"og:image:width\" content=\"1280\" \/>\n\t<meta property=\"og:image:height\" content=\"960\" \/>\n\t<meta property=\"og:image:type\" content=\"image\/jpeg\" \/>\n<meta name=\"author\" content=\"Cl\u00e9ment\" \/>\n<meta name=\"twitter:card\" content=\"summary_large_image\" \/>\n<meta name=\"twitter:creator\" content=\"@FootdavantFr\" \/>\n<meta name=\"twitter:site\" content=\"@FootdavantFr\" \/>\n<meta name=\"twitter:label1\" content=\"\u00c9crit par\" \/>\n\t<meta name=\"twitter:data1\" content=\"Cl\u00e9ment\" \/>\n\t<meta name=\"twitter:label2\" content=\"Dur\u00e9e de lecture estim\u00e9e\" \/>\n\t<meta name=\"twitter:data2\" content=\"8 minutes\" \/>\n<script type=\"application\/ld+json\" class=\"yoast-schema-graph\">{\"@context\":\"https:\/\/schema.org\",\"@graph\":[{\"@type\":\"Article\",\"@id\":\"https:\/\/footdavant.fr\/actualites\/real-madrid-5-2-notes-des-joueurs-du-borussia-dortmund-vinicius-junior-vole-la-vedette-avec-un-superbe-triple\/#article\",\"isPartOf\":{\"@id\":\"https:\/\/footdavant.fr\/actualites\/real-madrid-5-2-notes-des-joueurs-du-borussia-dortmund-vinicius-junior-vole-la-vedette-avec-un-superbe-triple\/\"},\"author\":{\"name\":\"Cl\u00e9ment\",\"@id\":\"https:\/\/footdavant.fr\/actualites\/#\/schema\/person\/bc222566d95871b37e597b3ed3ba5e1d\"},\"headline\":\"Real Madrid 5-2 Notes des joueurs du Borussia Dortmund : Vinicius Junior vole la vedette avec un superbe tripl\u00e9\",\"datePublished\":\"2024-10-23T12:48:27+00:00\",\"dateModified\":\"2024-10-23T12:48:30+00:00\",\"mainEntityOfPage\":{\"@id\":\"https:\/\/footdavant.fr\/actualites\/real-madrid-5-2-notes-des-joueurs-du-borussia-dortmund-vinicius-junior-vole-la-vedette-avec-un-superbe-triple\/\"},\"wordCount\":1609,\"publisher\":{\"@id\":\"https:\/\/footdavant.fr\/actualites\/#organization\"},\"keywords\":[\"avec\",\"Borussia\",\"des\",\"Dortmund\",\"joueurs\",\"Junior\",\"Madrid\",\"Notes\",\"Real\",\"superbe\",\"tripl\u00e9\",\"vedette\",\"Vinicius\",\"vole\"],\"articleSection\":[\"Champions League\"],\"inLanguage\":\"fr-FR\"},{\"@type\":\"WebPage\",\"@id\":\"https:\/\/footdavant.fr\/actualites\/real-madrid-5-2-notes-des-joueurs-du-borussia-dortmund-vinicius-junior-vole-la-vedette-avec-un-superbe-triple\/\",\"url\":\"https:\/\/footdavant.fr\/actualites\/real-madrid-5-2-notes-des-joueurs-du-borussia-dortmund-vinicius-junior-vole-la-vedette-avec-un-superbe-triple\/\",\"name\":\"Real Madrid 5-2 Notes des joueurs du Borussia Dortmund : Vinicius Junior vole la vedette avec un superbe tripl\u00e9\",\"isPartOf\":{\"@id\":\"https:\/\/footdavant.fr\/actualites\/#website\"},\"datePublished\":\"2024-10-23T12:48:27+00:00\",\"dateModified\":\"2024-10-23T12:48:30+00:00\",\"breadcrumb\":{\"@id\":\"https:\/\/footdavant.fr\/actualites\/real-madrid-5-2-notes-des-joueurs-du-borussia-dortmund-vinicius-junior-vole-la-vedette-avec-un-superbe-triple\/#breadcrumb\"},\"inLanguage\":\"fr-FR\",\"potentialAction\":[{\"@type\":\"ReadAction\",\"target\":[\"https:\/\/footdavant.fr\/actualites\/real-madrid-5-2-notes-des-joueurs-du-borussia-dortmund-vinicius-junior-vole-la-vedette-avec-un-superbe-triple\/\"]}]},{\"@type\":\"BreadcrumbList\",\"@id\":\"https:\/\/footdavant.fr\/actualites\/real-madrid-5-2-notes-des-joueurs-du-borussia-dortmund-vinicius-junior-vole-la-vedette-avec-un-superbe-triple\/#breadcrumb\",\"itemListElement\":[{\"@type\":\"ListItem\",\"position\":1,\"name\":\"Accueil\",\"item\":\"https:\/\/footdavant.fr\/actualites\/\"},{\"@type\":\"ListItem\",\"position\":2,\"name\":\"Real Madrid 5-2 Notes des joueurs du Borussia Dortmund : Vinicius Junior vole la vedette avec un superbe tripl\u00e9\"}]},{\"@type\":\"WebSite\",\"@id\":\"https:\/\/footdavant.fr\/actualites\/#website\",\"url\":\"https:\/\/footdavant.fr\/actualites\/\",\"name\":\"Foot d'avant\",\"description\":\"\",\"publisher\":{\"@id\":\"https:\/\/footdavant.fr\/actualites\/#organization\"},\"potentialAction\":[{\"@type\":\"SearchAction\",\"target\":{\"@type\":\"EntryPoint\",\"urlTemplate\":\"https:\/\/footdavant.fr\/actualites\/?s={search_term_string}\"},\"query-input\":\"required name=search_term_string\"}],\"inLanguage\":\"fr-FR\"},{\"@type\":\"Organization\",\"@id\":\"https:\/\/footdavant.fr\/actualites\/#organization\",\"name\":\"Foot d'avant\",\"url\":\"https:\/\/footdavant.fr\/actualites\/\",\"logo\":{\"@type\":\"ImageObject\",\"inLanguage\":\"fr-FR\",\"@id\":\"https:\/\/footdavant.fr\/actualites\/#\/schema\/logo\/image\/\",\"url\":\"https:\/\/footdavant.fr\/actualites\/wp-content\/uploads\/2023\/09\/Copy-of-FootDavant-Logo.png\",\"contentUrl\":\"https:\/\/footdavant.fr\/actualites\/wp-content\/uploads\/2023\/09\/Copy-of-FootDavant-Logo.png\",\"width\":936,\"height\":549,\"caption\":\"Foot d'avant\"},\"image\":{\"@id\":\"https:\/\/footdavant.fr\/actualites\/#\/schema\/logo\/image\/\"},\"sameAs\":[\"https:\/\/www.facebook.com\/Footdavant\/\",\"https:\/\/twitter.com\/FootdavantFr\",\"https:\/\/www.instagram.com\/footdavant.fr\/\"]},{\"@type\":\"Person\",\"@id\":\"https:\/\/footdavant.fr\/actualites\/#\/schema\/person\/bc222566d95871b37e597b3ed3ba5e1d\",\"name\":\"Cl\u00e9ment\",\"image\":{\"@type\":\"ImageObject\",\"inLanguage\":\"fr-FR\",\"@id\":\"https:\/\/footdavant.fr\/actualites\/#\/schema\/person\/image\/\",\"url\":\"https:\/\/secure.gravatar.com\/avatar\/7728b29aac2719421e1a9159b2254c44?s=96&d=mm&r=g\",\"contentUrl\":\"https:\/\/secure.gravatar.com\/avatar\/7728b29aac2719421e1a9159b2254c44?s=96&d=mm&r=g\",\"caption\":\"Cl\u00e9ment\"},\"sameAs\":[\"https:\/\/footdavant.fr\/\"]}]}<\/script>\n<!-- \/ Yoast SEO plugin. -->","yoast_head_json":{"title":"Real Madrid 5-2 Notes des joueurs du Borussia Dortmund : Vinicius Junior vole la vedette avec un superbe tripl\u00e9","robots":{"index":"index","follow":"follow","max-snippet":"max-snippet:-1","max-image-preview":"max-image-preview:large","max-video-preview":"max-video-preview:-1"},"canonical":"https:\/\/footdavant.fr\/actualites\/real-madrid-5-2-notes-des-joueurs-du-borussia-dortmund-vinicius-junior-vole-la-vedette-avec-un-superbe-triple\/","og_locale":"fr_FR","og_type":"article","og_title":"Real Madrid 5-2 Notes des joueurs du Borussia Dortmund : Vinicius Junior vole la vedette avec un superbe tripl\u00e9","og_description":"Sports Mole examine les performances de chaque joueur lors de la victoire 5-2 du Real Madrid contre le Borussia Dortmund en Ligue des Champions \u00e0","og_url":"https:\/\/footdavant.fr\/actualites\/real-madrid-5-2-notes-des-joueurs-du-borussia-dortmund-vinicius-junior-vole-la-vedette-avec-un-superbe-triple\/","og_site_name":"Foot d&#039;avant","article_publisher":"https:\/\/www.facebook.com\/Footdavant\/","article_published_time":"2024-10-23T12:48:27+00:00","article_modified_time":"2024-10-23T12:48:30+00:00","og_image":[{"width":1280,"height":960,"url":"https:\/\/footdavant.fr\/actualites\/wp-content\/uploads\/2024\/10\/Real-Madrid-5-2-Notes-des-joueurs-du-Borussia-Dortmund.jpg","type":"image\/jpeg"}],"author":"Cl\u00e9ment","twitter_card":"summary_large_image","twitter_creator":"@FootdavantFr","twitter_site":"@FootdavantFr","twitter_misc":{"\u00c9crit par":"Cl\u00e9ment","Dur\u00e9e de lecture estim\u00e9e":"8 minutes"},"schema":{"@context":"https:\/\/schema.org","@graph":[{"@type":"Article","@id":"https:\/\/footdavant.fr\/actualites\/real-madrid-5-2-notes-des-joueurs-du-borussia-dortmund-vinicius-junior-vole-la-vedette-avec-un-superbe-triple\/#article","isPartOf":{"@id":"https:\/\/footdavant.fr\/actualites\/real-madrid-5-2-notes-des-joueurs-du-borussia-dortmund-vinicius-junior-vole-la-vedette-avec-un-superbe-triple\/"},"author":{"name":"Cl\u00e9ment","@id":"https:\/\/footdavant.fr\/actualites\/#\/schema\/person\/bc222566d95871b37e597b3ed3ba5e1d"},"headline":"Real Madrid 5-2 Notes des joueurs du Borussia Dortmund : Vinicius Junior vole la vedette avec un superbe tripl\u00e9","datePublished":"2024-10-23T12:48:27+00:00","dateModified":"2024-10-23T12:48:30+00:00","mainEntityOfPage":{"@id":"https:\/\/footdavant.fr\/actualites\/real-madrid-5-2-notes-des-joueurs-du-borussia-dortmund-vinicius-junior-vole-la-vedette-avec-un-superbe-triple\/"},"wordCount":1609,"publisher":{"@id":"https:\/\/footdavant.fr\/actualites\/#organization"},"keywords":["avec","Borussia","des","Dortmund","joueurs","Junior","Madrid","Notes","Real","superbe","tripl\u00e9","vedette","Vinicius","vole"],"articleSection":["Champions League"],"inLanguage":"fr-FR"},{"@type":"WebPage","@id":"https:\/\/footdavant.fr\/actualites\/real-madrid-5-2-notes-des-joueurs-du-borussia-dortmund-vinicius-junior-vole-la-vedette-avec-un-superbe-triple\/","url":"https:\/\/footdavant.fr\/actualites\/real-madrid-5-2-notes-des-joueurs-du-borussia-dortmund-vinicius-junior-vole-la-vedette-avec-un-superbe-triple\/","name":"Real Madrid 5-2 Notes des joueurs du Borussia Dortmund : Vinicius Junior vole la vedette avec un superbe tripl\u00e9","isPartOf":{"@id":"https:\/\/footdavant.fr\/actualites\/#website"},"datePublished":"2024-10-23T12:48:27+00:00","dateModified":"2024-10-23T12:48:30+00:00","breadcrumb":{"@id":"https:\/\/footdavant.fr\/actualites\/real-madrid-5-2-notes-des-joueurs-du-borussia-dortmund-vinicius-junior-vole-la-vedette-avec-un-superbe-triple\/#breadcrumb"},"inLanguage":"fr-FR","potentialAction":[{"@type":"ReadAction","target":["https:\/\/footdavant.fr\/actualites\/real-madrid-5-2-notes-des-joueurs-du-borussia-dortmund-vinicius-junior-vole-la-vedette-avec-un-superbe-triple\/"]}]},{"@type":"BreadcrumbList","@id":"https:\/\/footdavant.fr\/actualites\/real-madrid-5-2-notes-des-joueurs-du-borussia-dortmund-vinicius-junior-vole-la-vedette-avec-un-superbe-triple\/#breadcrumb","itemListElement":[{"@type":"ListItem","position":1,"name":"Accueil","item":"https:\/\/footdavant.fr\/actualites\/"},{"@type":"ListItem","position":2,"name":"Real Madrid 5-2 Notes des joueurs du Borussia Dortmund : Vinicius Junior vole la vedette avec un superbe tripl\u00e9"}]},{"@type":"WebSite","@id":"https:\/\/footdavant.fr\/actualites\/#website","url":"https:\/\/footdavant.fr\/actualites\/","name":"Foot d'avant","description":"","publisher":{"@id":"https:\/\/footdavant.fr\/actualites\/#organization"},"potentialAction":[{"@type":"SearchAction","target":{"@type":"EntryPoint","urlTemplate":"https:\/\/footdavant.fr\/actualites\/?s={search_term_string}"},"query-input":"required name=search_term_string"}],"inLanguage":"fr-FR"},{"@type":"Organization","@id":"https:\/\/footdavant.fr\/actualites\/#organization","name":"Foot d'avant","url":"https:\/\/footdavant.fr\/actualites\/","logo":{"@type":"ImageObject","inLanguage":"fr-FR","@id":"https:\/\/footdavant.fr\/actualites\/#\/schema\/logo\/image\/","url":"https:\/\/footdavant.fr\/actualites\/wp-content\/uploads\/2023\/09\/Copy-of-FootDavant-Logo.png","contentUrl":"https:\/\/footdavant.fr\/actualites\/wp-content\/uploads\/2023\/09\/Copy-of-FootDavant-Logo.png","width":936,"height":549,"caption":"Foot d'avant"},"image":{"@id":"https:\/\/footdavant.fr\/actualites\/#\/schema\/logo\/image\/"},"sameAs":["https:\/\/www.facebook.com\/Footdavant\/","https:\/\/twitter.com\/FootdavantFr","https:\/\/www.instagram.com\/footdavant.fr\/"]},{"@type":"Person","@id":"https:\/\/footdavant.fr\/actualites\/#\/schema\/person\/bc222566d95871b37e597b3ed3ba5e1d","name":"Cl\u00e9ment","image":{"@type":"ImageObject","inLanguage":"fr-FR","@id":"https:\/\/footdavant.fr\/actualites\/#\/schema\/person\/image\/","url":"https:\/\/secure.gravatar.com\/avatar\/7728b29aac2719421e1a9159b2254c44?s=96&d=mm&r=g","contentUrl":"https:\/\/secure.gravatar.com\/avatar\/7728b29aac2719421e1a9159b2254c44?s=96&d=mm&r=g","caption":"Cl\u00e9ment"},"sameAs":["https:\/\/footdavant.fr\/"]}]}},"_links":{"self":[{"href":"https:\/\/footdavant.fr\/actualites\/wp-json\/wp\/v2\/posts\/15151"}],"collection":[{"href":"https:\/\/footdavant.fr\/actualites\/wp-json\/wp\/v2\/posts"}],"about":[{"href":"https:\/\/footdavant.fr\/actualites\/wp-json\/wp\/v2\/types\/post"}],"author":[{"embeddable":true,"href":"https:\/\/footdavant.fr\/actualites\/wp-json\/wp\/v2\/users\/1"}],"replies":[{"embeddable":true,"href":"https:\/\/footdavant.fr\/actualites\/wp-json\/wp\/v2\/comments?post=15151"}],"version-history":[{"count":1,"href":"https:\/\/footdavant.fr\/actualites\/wp-json\/wp\/v2\/posts\/15151\/revisions"}],"predecessor-version":[{"id":15153,"href":"https:\/\/footdavant.fr\/actualites\/wp-json\/wp\/v2\/posts\/15151\/revisions\/15153"}],"wp:featuredmedia":[{"embeddable":true,"href":"https:\/\/footdavant.fr\/actualites\/wp-json\/wp\/v2\/media\/15152"}],"wp:attachment":[{"href":"https:\/\/footdavant.fr\/actualites\/wp-json\/wp\/v2\/media?parent=15151"}],"wp:term":[{"taxonomy":"category","embeddable":true,"href":"https:\/\/footdavant.fr\/actualites\/wp-json\/wp\/v2\/categories?post=15151"},{"taxonomy":"post_tag","embeddable":true,"href":"https:\/\/footdavant.fr\/actualites\/wp-json\/wp\/v2\/tags?post=15151"}],"curies":[{"name":"wp","href":"https:\/\/api.w.org\/{rel}","templated":true}]}}