{"id":15157,"date":"2024-10-23T17:48:18","date_gmt":"2024-10-23T15:48:18","guid":{"rendered":"https:\/\/footdavant.fr\/actualites\/manchester-united-pret-a-bouger-en-janvier-pour-le-prochain-phil-foden-franco-mastantuono-rapport\/"},"modified":"2024-10-23T17:48:21","modified_gmt":"2024-10-23T15:48:21","slug":"manchester-united-pret-a-bouger-en-janvier-pour-le-prochain-phil-foden-franco-mastantuono-rapport","status":"publish","type":"post","link":"https:\/\/footdavant.fr\/actualites\/manchester-united-pret-a-bouger-en-janvier-pour-le-prochain-phil-foden-franco-mastantuono-rapport\/","title":{"rendered":"Manchester United pr\u00eat \u00e0 bouger en janvier pour le \u00ab prochain Phil Foden \u00bb Franco Mastantuono \u2013 rapport \u2013"},"content":{"rendered":"<div id=\"penci-post-entry-inner\">\n<p>\t\t\t<i class=\"penci-post-countview-number-check\" style=\"display:none\">1<\/i><\/p>\n<p>Manchester United est \u00ab amoureux \u00bb du prodige argentin Franco Mastantuono et pourrait d\u00e9m\u00e9nager pour lui d\u00e8s janvier, selon des informations dans son pays d\u2019origine.<\/p>\n<p>Mastantuono, 17 ans, joue comme milieu offensif pour River Plate, et selon ESPN Argentine, un \u00ab g\u00e9ant mondial \u00bb a \u00ab d\u00e9cid\u00e9 d&#39;acc\u00e9l\u00e9rer \u00bb pour sa signature \u2013 le g\u00e9ant en question est United.<\/p>\n<p>Le rapport indique que United \u00ab le suit depuis de nombreuses ann\u00e9es \u00bb et est \u00ab amoureux des performances du joueur de River \u00bb.<\/p>\n<p>Mastantuono a \u00e9t\u00e9 surnomm\u00e9 \u00ab le prochain Phil Foden \u00bb en raison de sa capacit\u00e9 avec le ballon et de sa forme de tir.<\/p>\n<p>L&#39;Argentin est consid\u00e9r\u00e9 comme l&#39;un des jeunes joueurs les plus excitants d&#39;Am\u00e9rique du Sud et est \u00e9troitement li\u00e9 \u00e0 Arsenal et au Real Madrid. <\/p>\n<p>Chelsea, Manchester City et Chelsea ont \u00e9galement \u00e9t\u00e9 cr\u00e9dit\u00e9s d&#39;un int\u00e9r\u00eat pour le joueur, mais ESPN Argentine insiste sur le fait que United est \u00ab\u00a0pr\u00e9par\u00e9\u00a0\u00bb et \u00ab\u00a0analyse\u00a0\u00bb pour faire un pas en sa faveur en janvier.<\/p>\n<p>Le joueur de 17 ans a marqu\u00e9 quatre buts et aid\u00e9 deux fois en 34 matchs toutes comp\u00e9titions confondues cette saison, jouant principalement en tant que milieu offensif avec des matchs occasionnels sur l&#39;aile droite.<\/p>\n<p>Il n&#39;a jou\u00e9 qu&#39;une seule fois 90 minutes compl\u00e8tes jusqu&#39;\u00e0 pr\u00e9sent, lorsqu&#39;il a marqu\u00e9 le but vainqueur pour son club contre Sarmiento Junin, mais a \u00e9t\u00e9 remplac\u00e9 par intermittence dans presque tous les matches de River Plate alors qu&#39;il trouve ses marques dans la Liga Profesional Argentine. <\/p>\n<p>La poursuite par United de cette perspective int\u00e9ressante correspond \u00e0 sa r\u00e9cente approche consistant \u00e0 recruter des adolescents talentueux, elle pourrait donc \u00eatre \u00e0 surveiller.<\/p>\n<p>L&#39;ailier de 17 ans Samuel Lusale a \u00e9t\u00e9 recrut\u00e9 de Crystal Palace au cours de l&#39;\u00e9t\u00e9 et l&#39;attaquant de 16 ans Chido Obi-Martin est r\u00e9cemment arriv\u00e9 d&#39;Arsenal pour renforcer les rangs de l&#39;\u00e9quipe de jeunes.<\/p>\n<p>Le milieu de terrain malien de 18 ans Sekou Kone a rejoint le club malien du Guidars FC pour 1,2 million de livres sterling et vient de s&#39;entra\u00eener pour la premi\u00e8re fois avec l&#39;\u00e9quipe premi\u00e8re alors qu&#39;Erik ten Hag maintient ouvert le lien entre l&#39;acad\u00e9mie et l&#39;\u00e9quipe premi\u00e8re.<\/p>\n<p>Mastantuono a particip\u00e9 \u00e0 quelques matches amicaux internationaux pour les moins de 20 ans d&#39;Argentine et a marqu\u00e9 un but lors d&#39;une victoire 2-0 contre les moins de 20 ans d&#39;Ouzb\u00e9kistan au d\u00e9but du mois.<\/p>\n<\/p>\n<p><!-- CONTENT END 3 --><\/p><\/div>\n","protected":false},"excerpt":{"rendered":"<p>1 Manchester United est \u00ab amoureux \u00bb du prodige argentin Franco Mastantuono et pourrait d\u00e9m\u00e9nager pour lui d\u00e8s janvier, selon des informations dans son pays<\/p>\n","protected":false},"author":1,"featured_media":15158,"comment_status":"closed","ping_status":"","sticky":false,"template":"","format":"standard","meta":{"footnotes":""},"categories":[3],"tags":[6828,1836,6829,166,11,6830,1835,51,165,1257,918,13],"yoast_head":"<!-- This site is optimized with the Yoast SEO plugin v21.0 - https:\/\/yoast.com\/wordpress\/plugins\/seo\/ -->\n<title>Manchester United pr\u00eat \u00e0 bouger en janvier pour le \u00ab prochain Phil Foden \u00bb Franco Mastantuono \u2013 rapport \u2013<\/title>\n<meta name=\"robots\" content=\"index, follow, max-snippet:-1, max-image-preview:large, max-video-preview:-1\" \/>\n<link rel=\"canonical\" href=\"https:\/\/footdavant.fr\/actualites\/manchester-united-pret-a-bouger-en-janvier-pour-le-prochain-phil-foden-franco-mastantuono-rapport\/\" \/>\n<meta property=\"og:locale\" content=\"fr_FR\" \/>\n<meta property=\"og:type\" content=\"article\" \/>\n<meta property=\"og:title\" content=\"Manchester United pr\u00eat \u00e0 bouger en janvier pour le \u00ab prochain Phil Foden \u00bb Franco Mastantuono \u2013 rapport \u2013\" \/>\n<meta property=\"og:description\" content=\"1 Manchester United est \u00ab amoureux \u00bb du prodige argentin Franco Mastantuono et pourrait d\u00e9m\u00e9nager pour lui d\u00e8s janvier, selon des informations dans son pays\" \/>\n<meta property=\"og:url\" content=\"https:\/\/footdavant.fr\/actualites\/manchester-united-pret-a-bouger-en-janvier-pour-le-prochain-phil-foden-franco-mastantuono-rapport\/\" \/>\n<meta property=\"og:site_name\" content=\"Foot d&#039;avant\" \/>\n<meta property=\"article:publisher\" content=\"https:\/\/www.facebook.com\/Footdavant\/\" \/>\n<meta property=\"article:published_time\" content=\"2024-10-23T15:48:18+00:00\" \/>\n<meta property=\"article:modified_time\" content=\"2024-10-23T15:48:21+00:00\" \/>\n<meta property=\"og:image\" content=\"https:\/\/footdavant.fr\/actualites\/wp-content\/uploads\/2024\/10\/Manchester-United-pret-a-bouger-en-janvier-pour-le.jpg\" \/>\n\t<meta property=\"og:image:width\" content=\"1600\" \/>\n\t<meta property=\"og:image:height\" content=\"710\" \/>\n\t<meta property=\"og:image:type\" content=\"image\/jpeg\" \/>\n<meta name=\"author\" content=\"Cl\u00e9ment\" \/>\n<meta name=\"twitter:card\" content=\"summary_large_image\" \/>\n<meta name=\"twitter:creator\" content=\"@FootdavantFr\" \/>\n<meta name=\"twitter:site\" content=\"@FootdavantFr\" \/>\n<meta name=\"twitter:label1\" content=\"\u00c9crit par\" \/>\n\t<meta name=\"twitter:data1\" content=\"Cl\u00e9ment\" \/>\n\t<meta name=\"twitter:label2\" content=\"Dur\u00e9e de lecture estim\u00e9e\" \/>\n\t<meta name=\"twitter:data2\" content=\"2 minutes\" \/>\n<script type=\"application\/ld+json\" class=\"yoast-schema-graph\">{\"@context\":\"https:\/\/schema.org\",\"@graph\":[{\"@type\":\"Article\",\"@id\":\"https:\/\/footdavant.fr\/actualites\/manchester-united-pret-a-bouger-en-janvier-pour-le-prochain-phil-foden-franco-mastantuono-rapport\/#article\",\"isPartOf\":{\"@id\":\"https:\/\/footdavant.fr\/actualites\/manchester-united-pret-a-bouger-en-janvier-pour-le-prochain-phil-foden-franco-mastantuono-rapport\/\"},\"author\":{\"name\":\"Cl\u00e9ment\",\"@id\":\"https:\/\/footdavant.fr\/actualites\/#\/schema\/person\/bc222566d95871b37e597b3ed3ba5e1d\"},\"headline\":\"Manchester United pr\u00eat \u00e0 bouger en janvier pour le \u00ab prochain Phil Foden \u00bb Franco Mastantuono \u2013 rapport \u2013\",\"datePublished\":\"2024-10-23T15:48:18+00:00\",\"dateModified\":\"2024-10-23T15:48:21+00:00\",\"mainEntityOfPage\":{\"@id\":\"https:\/\/footdavant.fr\/actualites\/manchester-united-pret-a-bouger-en-janvier-pour-le-prochain-phil-foden-franco-mastantuono-rapport\/\"},\"wordCount\":432,\"publisher\":{\"@id\":\"https:\/\/footdavant.fr\/actualites\/#organization\"},\"keywords\":[\"bouger\",\"Foden\",\"Franco\",\"janvier\",\"Manchester\",\"Mastantuono\",\"Phil\",\"pour\",\"pr\u00eat\",\"prochain\",\"rapport\",\"United\"],\"articleSection\":[\"Football\"],\"inLanguage\":\"fr-FR\"},{\"@type\":\"WebPage\",\"@id\":\"https:\/\/footdavant.fr\/actualites\/manchester-united-pret-a-bouger-en-janvier-pour-le-prochain-phil-foden-franco-mastantuono-rapport\/\",\"url\":\"https:\/\/footdavant.fr\/actualites\/manchester-united-pret-a-bouger-en-janvier-pour-le-prochain-phil-foden-franco-mastantuono-rapport\/\",\"name\":\"Manchester United pr\u00eat \u00e0 bouger en janvier pour le \u00ab prochain Phil Foden \u00bb Franco Mastantuono \u2013 rapport \u2013\",\"isPartOf\":{\"@id\":\"https:\/\/footdavant.fr\/actualites\/#website\"},\"datePublished\":\"2024-10-23T15:48:18+00:00\",\"dateModified\":\"2024-10-23T15:48:21+00:00\",\"breadcrumb\":{\"@id\":\"https:\/\/footdavant.fr\/actualites\/manchester-united-pret-a-bouger-en-janvier-pour-le-prochain-phil-foden-franco-mastantuono-rapport\/#breadcrumb\"},\"inLanguage\":\"fr-FR\",\"potentialAction\":[{\"@type\":\"ReadAction\",\"target\":[\"https:\/\/footdavant.fr\/actualites\/manchester-united-pret-a-bouger-en-janvier-pour-le-prochain-phil-foden-franco-mastantuono-rapport\/\"]}]},{\"@type\":\"BreadcrumbList\",\"@id\":\"https:\/\/footdavant.fr\/actualites\/manchester-united-pret-a-bouger-en-janvier-pour-le-prochain-phil-foden-franco-mastantuono-rapport\/#breadcrumb\",\"itemListElement\":[{\"@type\":\"ListItem\",\"position\":1,\"name\":\"Accueil\",\"item\":\"https:\/\/footdavant.fr\/actualites\/\"},{\"@type\":\"ListItem\",\"position\":2,\"name\":\"Manchester United pr\u00eat \u00e0 bouger en janvier pour le \u00ab prochain Phil Foden \u00bb Franco Mastantuono \u2013 rapport \u2013\"}]},{\"@type\":\"WebSite\",\"@id\":\"https:\/\/footdavant.fr\/actualites\/#website\",\"url\":\"https:\/\/footdavant.fr\/actualites\/\",\"name\":\"Foot d'avant\",\"description\":\"\",\"publisher\":{\"@id\":\"https:\/\/footdavant.fr\/actualites\/#organization\"},\"potentialAction\":[{\"@type\":\"SearchAction\",\"target\":{\"@type\":\"EntryPoint\",\"urlTemplate\":\"https:\/\/footdavant.fr\/actualites\/?s={search_term_string}\"},\"query-input\":\"required name=search_term_string\"}],\"inLanguage\":\"fr-FR\"},{\"@type\":\"Organization\",\"@id\":\"https:\/\/footdavant.fr\/actualites\/#organization\",\"name\":\"Foot d'avant\",\"url\":\"https:\/\/footdavant.fr\/actualites\/\",\"logo\":{\"@type\":\"ImageObject\",\"inLanguage\":\"fr-FR\",\"@id\":\"https:\/\/footdavant.fr\/actualites\/#\/schema\/logo\/image\/\",\"url\":\"https:\/\/footdavant.fr\/actualites\/wp-content\/uploads\/2023\/09\/Copy-of-FootDavant-Logo.png\",\"contentUrl\":\"https:\/\/footdavant.fr\/actualites\/wp-content\/uploads\/2023\/09\/Copy-of-FootDavant-Logo.png\",\"width\":936,\"height\":549,\"caption\":\"Foot d'avant\"},\"image\":{\"@id\":\"https:\/\/footdavant.fr\/actualites\/#\/schema\/logo\/image\/\"},\"sameAs\":[\"https:\/\/www.facebook.com\/Footdavant\/\",\"https:\/\/twitter.com\/FootdavantFr\",\"https:\/\/www.instagram.com\/footdavant.fr\/\"]},{\"@type\":\"Person\",\"@id\":\"https:\/\/footdavant.fr\/actualites\/#\/schema\/person\/bc222566d95871b37e597b3ed3ba5e1d\",\"name\":\"Cl\u00e9ment\",\"image\":{\"@type\":\"ImageObject\",\"inLanguage\":\"fr-FR\",\"@id\":\"https:\/\/footdavant.fr\/actualites\/#\/schema\/person\/image\/\",\"url\":\"https:\/\/secure.gravatar.com\/avatar\/7728b29aac2719421e1a9159b2254c44?s=96&d=mm&r=g\",\"contentUrl\":\"https:\/\/secure.gravatar.com\/avatar\/7728b29aac2719421e1a9159b2254c44?s=96&d=mm&r=g\",\"caption\":\"Cl\u00e9ment\"},\"sameAs\":[\"https:\/\/footdavant.fr\/\"]}]}<\/script>\n<!-- \/ Yoast SEO plugin. -->","yoast_head_json":{"title":"Manchester United pr\u00eat \u00e0 bouger en janvier pour le \u00ab prochain Phil Foden \u00bb Franco Mastantuono \u2013 rapport \u2013","robots":{"index":"index","follow":"follow","max-snippet":"max-snippet:-1","max-image-preview":"max-image-preview:large","max-video-preview":"max-video-preview:-1"},"canonical":"https:\/\/footdavant.fr\/actualites\/manchester-united-pret-a-bouger-en-janvier-pour-le-prochain-phil-foden-franco-mastantuono-rapport\/","og_locale":"fr_FR","og_type":"article","og_title":"Manchester United pr\u00eat \u00e0 bouger en janvier pour le \u00ab prochain Phil Foden \u00bb Franco Mastantuono \u2013 rapport \u2013","og_description":"1 Manchester United est \u00ab amoureux \u00bb du prodige argentin Franco Mastantuono et pourrait d\u00e9m\u00e9nager pour lui d\u00e8s janvier, selon des informations dans son pays","og_url":"https:\/\/footdavant.fr\/actualites\/manchester-united-pret-a-bouger-en-janvier-pour-le-prochain-phil-foden-franco-mastantuono-rapport\/","og_site_name":"Foot d&#039;avant","article_publisher":"https:\/\/www.facebook.com\/Footdavant\/","article_published_time":"2024-10-23T15:48:18+00:00","article_modified_time":"2024-10-23T15:48:21+00:00","og_image":[{"width":1600,"height":710,"url":"https:\/\/footdavant.fr\/actualites\/wp-content\/uploads\/2024\/10\/Manchester-United-pret-a-bouger-en-janvier-pour-le.jpg","type":"image\/jpeg"}],"author":"Cl\u00e9ment","twitter_card":"summary_large_image","twitter_creator":"@FootdavantFr","twitter_site":"@FootdavantFr","twitter_misc":{"\u00c9crit par":"Cl\u00e9ment","Dur\u00e9e de lecture estim\u00e9e":"2 minutes"},"schema":{"@context":"https:\/\/schema.org","@graph":[{"@type":"Article","@id":"https:\/\/footdavant.fr\/actualites\/manchester-united-pret-a-bouger-en-janvier-pour-le-prochain-phil-foden-franco-mastantuono-rapport\/#article","isPartOf":{"@id":"https:\/\/footdavant.fr\/actualites\/manchester-united-pret-a-bouger-en-janvier-pour-le-prochain-phil-foden-franco-mastantuono-rapport\/"},"author":{"name":"Cl\u00e9ment","@id":"https:\/\/footdavant.fr\/actualites\/#\/schema\/person\/bc222566d95871b37e597b3ed3ba5e1d"},"headline":"Manchester United pr\u00eat \u00e0 bouger en janvier pour le \u00ab prochain Phil Foden \u00bb Franco Mastantuono \u2013 rapport \u2013","datePublished":"2024-10-23T15:48:18+00:00","dateModified":"2024-10-23T15:48:21+00:00","mainEntityOfPage":{"@id":"https:\/\/footdavant.fr\/actualites\/manchester-united-pret-a-bouger-en-janvier-pour-le-prochain-phil-foden-franco-mastantuono-rapport\/"},"wordCount":432,"publisher":{"@id":"https:\/\/footdavant.fr\/actualites\/#organization"},"keywords":["bouger","Foden","Franco","janvier","Manchester","Mastantuono","Phil","pour","pr\u00eat","prochain","rapport","United"],"articleSection":["Football"],"inLanguage":"fr-FR"},{"@type":"WebPage","@id":"https:\/\/footdavant.fr\/actualites\/manchester-united-pret-a-bouger-en-janvier-pour-le-prochain-phil-foden-franco-mastantuono-rapport\/","url":"https:\/\/footdavant.fr\/actualites\/manchester-united-pret-a-bouger-en-janvier-pour-le-prochain-phil-foden-franco-mastantuono-rapport\/","name":"Manchester United pr\u00eat \u00e0 bouger en janvier pour le \u00ab prochain Phil Foden \u00bb Franco Mastantuono \u2013 rapport \u2013","isPartOf":{"@id":"https:\/\/footdavant.fr\/actualites\/#website"},"datePublished":"2024-10-23T15:48:18+00:00","dateModified":"2024-10-23T15:48:21+00:00","breadcrumb":{"@id":"https:\/\/footdavant.fr\/actualites\/manchester-united-pret-a-bouger-en-janvier-pour-le-prochain-phil-foden-franco-mastantuono-rapport\/#breadcrumb"},"inLanguage":"fr-FR","potentialAction":[{"@type":"ReadAction","target":["https:\/\/footdavant.fr\/actualites\/manchester-united-pret-a-bouger-en-janvier-pour-le-prochain-phil-foden-franco-mastantuono-rapport\/"]}]},{"@type":"BreadcrumbList","@id":"https:\/\/footdavant.fr\/actualites\/manchester-united-pret-a-bouger-en-janvier-pour-le-prochain-phil-foden-franco-mastantuono-rapport\/#breadcrumb","itemListElement":[{"@type":"ListItem","position":1,"name":"Accueil","item":"https:\/\/footdavant.fr\/actualites\/"},{"@type":"ListItem","position":2,"name":"Manchester United pr\u00eat \u00e0 bouger en janvier pour le \u00ab prochain Phil Foden \u00bb Franco Mastantuono \u2013 rapport \u2013"}]},{"@type":"WebSite","@id":"https:\/\/footdavant.fr\/actualites\/#website","url":"https:\/\/footdavant.fr\/actualites\/","name":"Foot d'avant","description":"","publisher":{"@id":"https:\/\/footdavant.fr\/actualites\/#organization"},"potentialAction":[{"@type":"SearchAction","target":{"@type":"EntryPoint","urlTemplate":"https:\/\/footdavant.fr\/actualites\/?s={search_term_string}"},"query-input":"required name=search_term_string"}],"inLanguage":"fr-FR"},{"@type":"Organization","@id":"https:\/\/footdavant.fr\/actualites\/#organization","name":"Foot d'avant","url":"https:\/\/footdavant.fr\/actualites\/","logo":{"@type":"ImageObject","inLanguage":"fr-FR","@id":"https:\/\/footdavant.fr\/actualites\/#\/schema\/logo\/image\/","url":"https:\/\/footdavant.fr\/actualites\/wp-content\/uploads\/2023\/09\/Copy-of-FootDavant-Logo.png","contentUrl":"https:\/\/footdavant.fr\/actualites\/wp-content\/uploads\/2023\/09\/Copy-of-FootDavant-Logo.png","width":936,"height":549,"caption":"Foot d'avant"},"image":{"@id":"https:\/\/footdavant.fr\/actualites\/#\/schema\/logo\/image\/"},"sameAs":["https:\/\/www.facebook.com\/Footdavant\/","https:\/\/twitter.com\/FootdavantFr","https:\/\/www.instagram.com\/footdavant.fr\/"]},{"@type":"Person","@id":"https:\/\/footdavant.fr\/actualites\/#\/schema\/person\/bc222566d95871b37e597b3ed3ba5e1d","name":"Cl\u00e9ment","image":{"@type":"ImageObject","inLanguage":"fr-FR","@id":"https:\/\/footdavant.fr\/actualites\/#\/schema\/person\/image\/","url":"https:\/\/secure.gravatar.com\/avatar\/7728b29aac2719421e1a9159b2254c44?s=96&d=mm&r=g","contentUrl":"https:\/\/secure.gravatar.com\/avatar\/7728b29aac2719421e1a9159b2254c44?s=96&d=mm&r=g","caption":"Cl\u00e9ment"},"sameAs":["https:\/\/footdavant.fr\/"]}]}},"_links":{"self":[{"href":"https:\/\/footdavant.fr\/actualites\/wp-json\/wp\/v2\/posts\/15157"}],"collection":[{"href":"https:\/\/footdavant.fr\/actualites\/wp-json\/wp\/v2\/posts"}],"about":[{"href":"https:\/\/footdavant.fr\/actualites\/wp-json\/wp\/v2\/types\/post"}],"author":[{"embeddable":true,"href":"https:\/\/footdavant.fr\/actualites\/wp-json\/wp\/v2\/users\/1"}],"replies":[{"embeddable":true,"href":"https:\/\/footdavant.fr\/actualites\/wp-json\/wp\/v2\/comments?post=15157"}],"version-history":[{"count":1,"href":"https:\/\/footdavant.fr\/actualites\/wp-json\/wp\/v2\/posts\/15157\/revisions"}],"predecessor-version":[{"id":15159,"href":"https:\/\/footdavant.fr\/actualites\/wp-json\/wp\/v2\/posts\/15157\/revisions\/15159"}],"wp:featuredmedia":[{"embeddable":true,"href":"https:\/\/footdavant.fr\/actualites\/wp-json\/wp\/v2\/media\/15158"}],"wp:attachment":[{"href":"https:\/\/footdavant.fr\/actualites\/wp-json\/wp\/v2\/media?parent=15157"}],"wp:term":[{"taxonomy":"category","embeddable":true,"href":"https:\/\/footdavant.fr\/actualites\/wp-json\/wp\/v2\/categories?post=15157"},{"taxonomy":"post_tag","embeddable":true,"href":"https:\/\/footdavant.fr\/actualites\/wp-json\/wp\/v2\/tags?post=15157"}],"curies":[{"name":"wp","href":"https:\/\/api.w.org\/{rel}","templated":true}]}}