{"id":1518,"date":"2023-11-27T17:37:45","date_gmt":"2023-11-27T16:37:45","guid":{"rendered":"https:\/\/footdavant.fr\/actualites\/ryan-kent-de-fenerbahce-flirte-avec-sheffield-united-avant-sa-sortie-en-janvier\/"},"modified":"2023-11-27T17:37:46","modified_gmt":"2023-11-27T16:37:46","slug":"ryan-kent-de-fenerbahce-flirte-avec-sheffield-united-avant-sa-sortie-en-janvier","status":"publish","type":"post","link":"https:\/\/footdavant.fr\/actualites\/ryan-kent-de-fenerbahce-flirte-avec-sheffield-united-avant-sa-sortie-en-janvier\/","title":{"rendered":"Ryan Kent de Fenerbah\u00e7e \u00ab\u00a0flirte avec Sheffield United avant sa sortie en janvier\u00a0\u00bb"},"content":{"rendered":"<p>Ryan Kent serait en train de \u00ab\u00a0flirter\u00a0\u00bb avec les lutteurs de Premier League Sheffield United, les Canaries jaunes cherchant \u00e0 se d\u00e9barrasser de l&rsquo;ancien attaquant des Rangers en janvier.<\/p>\n<div id=\"article_body\" itemprop=\"articleBody\">\n<h3 class=\"firstPara\">\n<strong class=\"autotag\">Ryan Kent<\/strong> serait pr\u00eat \u00e0 quitter la Super Lig turque <strong class=\"autotag\">Fenerbah\u00e7e<\/strong> apr\u00e8s seulement une demi-saison afin de rejoindre les lutteurs de Premier League <strong class=\"autotag\">Sheffield United<\/strong>.<\/h3>\n<p>Le joueur de 27 ans a quitt\u00e9 la Grande-Bretagne dans une perspective de football pour la premi\u00e8re fois cet \u00e9t\u00e9 depuis un pr\u00eat \u00e0 Fribourg lors de la saison 2017-18, rejoignant les Canaries jaunes apr\u00e8s l&rsquo;expiration de son contrat avec les Rangers.<\/p>\n<p>Kent \u00e9tait un habitu\u00e9 du club bas\u00e9 \u00e0 Glasgow alors qu&rsquo;il atteignait la finale de la Ligue Europa sous la direction de <strong class=\"autotag\">Giovanni Van Bronckhorst<\/strong>tout en remportant \u00e9galement le titre de Premiership \u00e9cossaise en 2021.<\/p>\n<p>L&rsquo;ailier a jou\u00e9 175 fois pour les Rangers \u2013 inscrivant 27 buts au passage \u2013 mais le temps de jeu en Turquie a \u00e9t\u00e9 beaucoup plus difficile \u00e0 trouver pour le dipl\u00f4m\u00e9 de l&rsquo;acad\u00e9mie de Liverpool.<\/p>\n<p>Selon un m\u00e9dia turc <em>Milliyet<\/em>Fenerbahce est pr\u00eat \u00e0 se s\u00e9parer de Kent lors du prochain mercato de janvier, bien que l&rsquo;attaquant ne l&rsquo;ait rejoint qu&rsquo;en \u00e9t\u00e9.<\/p>\n<p class=\"imgI\">\n<p>Le rapport affirme que l&rsquo;ancien homme des Rangers \u00ab\u00a0flirte\u00a0\u00bb avec Sheffield United, les Blades \u00e9tant de fervents admirateurs du joueur depuis que les Blades ont gagn\u00e9 leur place en Premier League en mai.<\/p>\n<p>Il est bien compris que <strong class=\"autotag\">Paul Heckingbottom<\/strong> \u00e9tait tr\u00e8s enthousiasm\u00e9 par la possibilit\u00e9 de faire venir Kent avant la saison 2023-24, mais l&rsquo;ailier a opt\u00e9 pour un nouveau d\u00e9fi en Super Lig.<\/p>\n<p>Le plus grand d\u00e9fi de l&rsquo;ancien joueur de Barnsley depuis son arriv\u00e9e en Turquie a \u00e9t\u00e9 de gagner du temps de jeu r\u00e9gulier sous la direction de <strong class=\"autotag\">Isma\u00efl Kartal<\/strong>qui n&rsquo;aurait pas Kent dans ses plans pour le reste de la campagne.<\/p>\n<p>N&rsquo;ayant jou\u00e9 que sept fois en Super Lig cette saison &#8211; avec une seule de ces apparitions depuis le d\u00e9but &#8211; l&rsquo;attaquant serait frustr\u00e9 en raison d&rsquo;un manque d&rsquo;action comp\u00e9titive.<\/p>\n<p>Avec une multitude d&rsquo;options d\u00e9fensives de Fenerbahce actuellement mises \u00e0 l&rsquo;\u00e9cart, telles que <strong class=\"autotag\">Alexandre Djiku<\/strong> et <strong class=\"autotag\">Rodrigo Bec\u00e3o<\/strong>les Canaries jaunes concentrent leurs activit\u00e9s de janvier sur la recherche de recrues pour leur ligne arri\u00e8re, la sortie potentielle de Kent lib\u00e9rant de l&rsquo;espace dans l&rsquo;\u00e9quipe.<\/p>\n<p class=\"imgI\"><img decoding=\"async\" loading=\"lazy\" class=\"l\" src=\"https:\/\/footdavant.fr\/actualites\/wp-content\/uploads\/2023\/11\/1701103065_848_Ryan-Kent-de-Fenerbahce-flirte-avec-Sheffield-United-avant-sa.jpg\" title=\"L'entra\u00eeneur de Fenerbahce, Ismail Kartal, sera pr\u00e9sent le 21 septembre 2023.\" alt=\"L'entra\u00eeneur de Fenerbahce, Ismail Kartal, sera pr\u00e9sent le 21 septembre 2023.\" width=\"640\" height=\"480\"><\/p>\n<p>On pense que l&rsquo;\u00e9quipe de Kartal serait ouverte \u00e0 un accord temporaire ou permanent avec Sheffield United pour Kent, l&rsquo;option de pr\u00eat offrant de plus grandes garanties financi\u00e8res aux Blades s&rsquo;ils effectuaient un retour imm\u00e9diat au championnat en mai.<\/p>\n<p>Une s\u00e9rie de six d\u00e9faites cons\u00e9cutives en Premier League a menac\u00e9 de relever Heckingbottom de ses fonctions de manager dans le Yorkshire, mais une derni\u00e8re victoire contre Wolverhampton Wanderers et un match nul \u00e0 Brighton &#038; Hove Albion ont l\u00e9g\u00e8rement apais\u00e9 les inqui\u00e9tudes de rel\u00e9gation.<\/p>\n<p>Les Blades ont r\u00e9ussi \u00e0 grimper au 18e rang du classement de l&rsquo;\u00e9lite pendant la tr\u00eave internationale gr\u00e2ce \u00e0 la d\u00e9duction de 10 points inflig\u00e9e \u00e0 Everton, bien que la r\u00e9cente s\u00e9rie de quatre matchs sans d\u00e9faite des Toffees sugg\u00e8re qu&rsquo;ils ne seront pas dans le groupe. les trois derniers pendant trop longtemps.<\/p>\n<p>L&rsquo;\u00e9quipe de Heckingbottom reviendra de la pause internationale pour affronter des \u00e9quipes qui sont \u00e9galement de s\u00e9rieux candidats au retrait, United accueillant Bournemouth le 25 novembre avant de se rendre \u00e0 <strong class=\"autotag\">Vincent Kompany<\/strong>\u00e0 Burnley le 2 d\u00e9cembre.<\/p>\n<\/div>\n","protected":false},"excerpt":{"rendered":"<p>Ryan Kent serait en train de \u00ab\u00a0flirter\u00a0\u00bb avec les lutteurs de Premier League Sheffield United, les Canaries jaunes cherchant \u00e0 se d\u00e9barrasser de l&rsquo;ancien attaquant<\/p>\n","protected":false},"author":1,"featured_media":1519,"comment_status":"closed","ping_status":"","sticky":false,"template":"","format":"standard","meta":{"footnotes":""},"categories":[5],"tags":[491,91,1633,1634,166,1632,1631,179,1263,13],"yoast_head":"<!-- This site is optimized with the Yoast SEO plugin v21.0 - https:\/\/yoast.com\/wordpress\/plugins\/seo\/ -->\n<title>Ryan Kent de Fenerbah\u00e7e &quot;flirte avec Sheffield United avant sa sortie en janvier&quot;<\/title>\n<meta name=\"robots\" content=\"index, follow, max-snippet:-1, max-image-preview:large, max-video-preview:-1\" \/>\n<link rel=\"canonical\" href=\"https:\/\/footdavant.fr\/actualites\/ryan-kent-de-fenerbahce-flirte-avec-sheffield-united-avant-sa-sortie-en-janvier\/\" \/>\n<meta property=\"og:locale\" content=\"fr_FR\" \/>\n<meta property=\"og:type\" content=\"article\" \/>\n<meta property=\"og:title\" content=\"Ryan Kent de Fenerbah\u00e7e &quot;flirte avec Sheffield United avant sa sortie en janvier&quot;\" \/>\n<meta property=\"og:description\" content=\"Ryan Kent serait en train de \u00ab\u00a0flirter\u00a0\u00bb avec les lutteurs de Premier League Sheffield United, les Canaries jaunes cherchant \u00e0 se d\u00e9barrasser de l&rsquo;ancien attaquant\" \/>\n<meta property=\"og:url\" content=\"https:\/\/footdavant.fr\/actualites\/ryan-kent-de-fenerbahce-flirte-avec-sheffield-united-avant-sa-sortie-en-janvier\/\" \/>\n<meta property=\"og:site_name\" content=\"Foot d&#039;avant\" \/>\n<meta property=\"article:publisher\" content=\"https:\/\/www.facebook.com\/Footdavant\/\" \/>\n<meta property=\"article:published_time\" content=\"2023-11-27T16:37:45+00:00\" \/>\n<meta property=\"article:modified_time\" content=\"2023-11-27T16:37:46+00:00\" \/>\n<meta property=\"og:image\" content=\"https:\/\/footdavant.fr\/actualites\/wp-content\/uploads\/2023\/11\/Ryan-Kent-de-Fenerbahce-flirte-avec-Sheffield-United-avant-sa.jpg\" \/>\n\t<meta property=\"og:image:width\" content=\"640\" \/>\n\t<meta property=\"og:image:height\" content=\"480\" \/>\n\t<meta property=\"og:image:type\" content=\"image\/jpeg\" \/>\n<meta name=\"author\" content=\"Cl\u00e9ment\" \/>\n<meta name=\"twitter:card\" content=\"summary_large_image\" \/>\n<meta name=\"twitter:creator\" content=\"@FootdavantFr\" \/>\n<meta name=\"twitter:site\" content=\"@FootdavantFr\" \/>\n<meta name=\"twitter:label1\" content=\"\u00c9crit par\" \/>\n\t<meta name=\"twitter:data1\" content=\"Cl\u00e9ment\" \/>\n\t<meta name=\"twitter:label2\" content=\"Dur\u00e9e de lecture estim\u00e9e\" \/>\n\t<meta name=\"twitter:data2\" content=\"3 minutes\" \/>\n<script type=\"application\/ld+json\" class=\"yoast-schema-graph\">{\"@context\":\"https:\/\/schema.org\",\"@graph\":[{\"@type\":\"Article\",\"@id\":\"https:\/\/footdavant.fr\/actualites\/ryan-kent-de-fenerbahce-flirte-avec-sheffield-united-avant-sa-sortie-en-janvier\/#article\",\"isPartOf\":{\"@id\":\"https:\/\/footdavant.fr\/actualites\/ryan-kent-de-fenerbahce-flirte-avec-sheffield-united-avant-sa-sortie-en-janvier\/\"},\"author\":{\"name\":\"Cl\u00e9ment\",\"@id\":\"https:\/\/footdavant.fr\/actualites\/#\/schema\/person\/bc222566d95871b37e597b3ed3ba5e1d\"},\"headline\":\"Ryan Kent de Fenerbah\u00e7e \u00ab\u00a0flirte avec Sheffield United avant sa sortie en janvier\u00a0\u00bb\",\"datePublished\":\"2023-11-27T16:37:45+00:00\",\"dateModified\":\"2023-11-27T16:37:46+00:00\",\"mainEntityOfPage\":{\"@id\":\"https:\/\/footdavant.fr\/actualites\/ryan-kent-de-fenerbahce-flirte-avec-sheffield-united-avant-sa-sortie-en-janvier\/\"},\"wordCount\":590,\"publisher\":{\"@id\":\"https:\/\/footdavant.fr\/actualites\/#organization\"},\"keywords\":[\"avant\",\"avec\",\"Fenerbah\u00e7e\",\"flirte\",\"janvier\",\"Kent\",\"Ryan\",\"Sheffield\",\"sortie\",\"United\"],\"articleSection\":[\"Premier League\"],\"inLanguage\":\"fr-FR\"},{\"@type\":\"WebPage\",\"@id\":\"https:\/\/footdavant.fr\/actualites\/ryan-kent-de-fenerbahce-flirte-avec-sheffield-united-avant-sa-sortie-en-janvier\/\",\"url\":\"https:\/\/footdavant.fr\/actualites\/ryan-kent-de-fenerbahce-flirte-avec-sheffield-united-avant-sa-sortie-en-janvier\/\",\"name\":\"Ryan Kent de Fenerbah\u00e7e \\\"flirte avec Sheffield United avant sa sortie en janvier\\\"\",\"isPartOf\":{\"@id\":\"https:\/\/footdavant.fr\/actualites\/#website\"},\"datePublished\":\"2023-11-27T16:37:45+00:00\",\"dateModified\":\"2023-11-27T16:37:46+00:00\",\"breadcrumb\":{\"@id\":\"https:\/\/footdavant.fr\/actualites\/ryan-kent-de-fenerbahce-flirte-avec-sheffield-united-avant-sa-sortie-en-janvier\/#breadcrumb\"},\"inLanguage\":\"fr-FR\",\"potentialAction\":[{\"@type\":\"ReadAction\",\"target\":[\"https:\/\/footdavant.fr\/actualites\/ryan-kent-de-fenerbahce-flirte-avec-sheffield-united-avant-sa-sortie-en-janvier\/\"]}]},{\"@type\":\"BreadcrumbList\",\"@id\":\"https:\/\/footdavant.fr\/actualites\/ryan-kent-de-fenerbahce-flirte-avec-sheffield-united-avant-sa-sortie-en-janvier\/#breadcrumb\",\"itemListElement\":[{\"@type\":\"ListItem\",\"position\":1,\"name\":\"Accueil\",\"item\":\"https:\/\/footdavant.fr\/actualites\/\"},{\"@type\":\"ListItem\",\"position\":2,\"name\":\"Ryan Kent de Fenerbah\u00e7e \u00ab\u00a0flirte avec Sheffield United avant sa sortie en janvier\u00a0\u00bb\"}]},{\"@type\":\"WebSite\",\"@id\":\"https:\/\/footdavant.fr\/actualites\/#website\",\"url\":\"https:\/\/footdavant.fr\/actualites\/\",\"name\":\"Foot d'avant\",\"description\":\"\",\"publisher\":{\"@id\":\"https:\/\/footdavant.fr\/actualites\/#organization\"},\"potentialAction\":[{\"@type\":\"SearchAction\",\"target\":{\"@type\":\"EntryPoint\",\"urlTemplate\":\"https:\/\/footdavant.fr\/actualites\/?s={search_term_string}\"},\"query-input\":\"required name=search_term_string\"}],\"inLanguage\":\"fr-FR\"},{\"@type\":\"Organization\",\"@id\":\"https:\/\/footdavant.fr\/actualites\/#organization\",\"name\":\"Foot d'avant\",\"url\":\"https:\/\/footdavant.fr\/actualites\/\",\"logo\":{\"@type\":\"ImageObject\",\"inLanguage\":\"fr-FR\",\"@id\":\"https:\/\/footdavant.fr\/actualites\/#\/schema\/logo\/image\/\",\"url\":\"https:\/\/footdavant.fr\/actualites\/wp-content\/uploads\/2023\/09\/Copy-of-FootDavant-Logo.png\",\"contentUrl\":\"https:\/\/footdavant.fr\/actualites\/wp-content\/uploads\/2023\/09\/Copy-of-FootDavant-Logo.png\",\"width\":936,\"height\":549,\"caption\":\"Foot d'avant\"},\"image\":{\"@id\":\"https:\/\/footdavant.fr\/actualites\/#\/schema\/logo\/image\/\"},\"sameAs\":[\"https:\/\/www.facebook.com\/Footdavant\/\",\"https:\/\/twitter.com\/FootdavantFr\",\"https:\/\/www.instagram.com\/footdavant.fr\/\"]},{\"@type\":\"Person\",\"@id\":\"https:\/\/footdavant.fr\/actualites\/#\/schema\/person\/bc222566d95871b37e597b3ed3ba5e1d\",\"name\":\"Cl\u00e9ment\",\"image\":{\"@type\":\"ImageObject\",\"inLanguage\":\"fr-FR\",\"@id\":\"https:\/\/footdavant.fr\/actualites\/#\/schema\/person\/image\/\",\"url\":\"https:\/\/secure.gravatar.com\/avatar\/7728b29aac2719421e1a9159b2254c44?s=96&d=mm&r=g\",\"contentUrl\":\"https:\/\/secure.gravatar.com\/avatar\/7728b29aac2719421e1a9159b2254c44?s=96&d=mm&r=g\",\"caption\":\"Cl\u00e9ment\"},\"sameAs\":[\"https:\/\/footdavant.fr\/\"]}]}<\/script>\n<!-- \/ Yoast SEO plugin. -->","yoast_head_json":{"title":"Ryan Kent de Fenerbah\u00e7e \"flirte avec Sheffield United avant sa sortie en janvier\"","robots":{"index":"index","follow":"follow","max-snippet":"max-snippet:-1","max-image-preview":"max-image-preview:large","max-video-preview":"max-video-preview:-1"},"canonical":"https:\/\/footdavant.fr\/actualites\/ryan-kent-de-fenerbahce-flirte-avec-sheffield-united-avant-sa-sortie-en-janvier\/","og_locale":"fr_FR","og_type":"article","og_title":"Ryan Kent de Fenerbah\u00e7e \"flirte avec Sheffield United avant sa sortie en janvier\"","og_description":"Ryan Kent serait en train de \u00ab\u00a0flirter\u00a0\u00bb avec les lutteurs de Premier League Sheffield United, les Canaries jaunes cherchant \u00e0 se d\u00e9barrasser de l&rsquo;ancien attaquant","og_url":"https:\/\/footdavant.fr\/actualites\/ryan-kent-de-fenerbahce-flirte-avec-sheffield-united-avant-sa-sortie-en-janvier\/","og_site_name":"Foot d&#039;avant","article_publisher":"https:\/\/www.facebook.com\/Footdavant\/","article_published_time":"2023-11-27T16:37:45+00:00","article_modified_time":"2023-11-27T16:37:46+00:00","og_image":[{"width":640,"height":480,"url":"https:\/\/footdavant.fr\/actualites\/wp-content\/uploads\/2023\/11\/Ryan-Kent-de-Fenerbahce-flirte-avec-Sheffield-United-avant-sa.jpg","type":"image\/jpeg"}],"author":"Cl\u00e9ment","twitter_card":"summary_large_image","twitter_creator":"@FootdavantFr","twitter_site":"@FootdavantFr","twitter_misc":{"\u00c9crit par":"Cl\u00e9ment","Dur\u00e9e de lecture estim\u00e9e":"3 minutes"},"schema":{"@context":"https:\/\/schema.org","@graph":[{"@type":"Article","@id":"https:\/\/footdavant.fr\/actualites\/ryan-kent-de-fenerbahce-flirte-avec-sheffield-united-avant-sa-sortie-en-janvier\/#article","isPartOf":{"@id":"https:\/\/footdavant.fr\/actualites\/ryan-kent-de-fenerbahce-flirte-avec-sheffield-united-avant-sa-sortie-en-janvier\/"},"author":{"name":"Cl\u00e9ment","@id":"https:\/\/footdavant.fr\/actualites\/#\/schema\/person\/bc222566d95871b37e597b3ed3ba5e1d"},"headline":"Ryan Kent de Fenerbah\u00e7e \u00ab\u00a0flirte avec Sheffield United avant sa sortie en janvier\u00a0\u00bb","datePublished":"2023-11-27T16:37:45+00:00","dateModified":"2023-11-27T16:37:46+00:00","mainEntityOfPage":{"@id":"https:\/\/footdavant.fr\/actualites\/ryan-kent-de-fenerbahce-flirte-avec-sheffield-united-avant-sa-sortie-en-janvier\/"},"wordCount":590,"publisher":{"@id":"https:\/\/footdavant.fr\/actualites\/#organization"},"keywords":["avant","avec","Fenerbah\u00e7e","flirte","janvier","Kent","Ryan","Sheffield","sortie","United"],"articleSection":["Premier League"],"inLanguage":"fr-FR"},{"@type":"WebPage","@id":"https:\/\/footdavant.fr\/actualites\/ryan-kent-de-fenerbahce-flirte-avec-sheffield-united-avant-sa-sortie-en-janvier\/","url":"https:\/\/footdavant.fr\/actualites\/ryan-kent-de-fenerbahce-flirte-avec-sheffield-united-avant-sa-sortie-en-janvier\/","name":"Ryan Kent de Fenerbah\u00e7e \"flirte avec Sheffield United avant sa sortie en janvier\"","isPartOf":{"@id":"https:\/\/footdavant.fr\/actualites\/#website"},"datePublished":"2023-11-27T16:37:45+00:00","dateModified":"2023-11-27T16:37:46+00:00","breadcrumb":{"@id":"https:\/\/footdavant.fr\/actualites\/ryan-kent-de-fenerbahce-flirte-avec-sheffield-united-avant-sa-sortie-en-janvier\/#breadcrumb"},"inLanguage":"fr-FR","potentialAction":[{"@type":"ReadAction","target":["https:\/\/footdavant.fr\/actualites\/ryan-kent-de-fenerbahce-flirte-avec-sheffield-united-avant-sa-sortie-en-janvier\/"]}]},{"@type":"BreadcrumbList","@id":"https:\/\/footdavant.fr\/actualites\/ryan-kent-de-fenerbahce-flirte-avec-sheffield-united-avant-sa-sortie-en-janvier\/#breadcrumb","itemListElement":[{"@type":"ListItem","position":1,"name":"Accueil","item":"https:\/\/footdavant.fr\/actualites\/"},{"@type":"ListItem","position":2,"name":"Ryan Kent de Fenerbah\u00e7e \u00ab\u00a0flirte avec Sheffield United avant sa sortie en janvier\u00a0\u00bb"}]},{"@type":"WebSite","@id":"https:\/\/footdavant.fr\/actualites\/#website","url":"https:\/\/footdavant.fr\/actualites\/","name":"Foot d'avant","description":"","publisher":{"@id":"https:\/\/footdavant.fr\/actualites\/#organization"},"potentialAction":[{"@type":"SearchAction","target":{"@type":"EntryPoint","urlTemplate":"https:\/\/footdavant.fr\/actualites\/?s={search_term_string}"},"query-input":"required name=search_term_string"}],"inLanguage":"fr-FR"},{"@type":"Organization","@id":"https:\/\/footdavant.fr\/actualites\/#organization","name":"Foot d'avant","url":"https:\/\/footdavant.fr\/actualites\/","logo":{"@type":"ImageObject","inLanguage":"fr-FR","@id":"https:\/\/footdavant.fr\/actualites\/#\/schema\/logo\/image\/","url":"https:\/\/footdavant.fr\/actualites\/wp-content\/uploads\/2023\/09\/Copy-of-FootDavant-Logo.png","contentUrl":"https:\/\/footdavant.fr\/actualites\/wp-content\/uploads\/2023\/09\/Copy-of-FootDavant-Logo.png","width":936,"height":549,"caption":"Foot d'avant"},"image":{"@id":"https:\/\/footdavant.fr\/actualites\/#\/schema\/logo\/image\/"},"sameAs":["https:\/\/www.facebook.com\/Footdavant\/","https:\/\/twitter.com\/FootdavantFr","https:\/\/www.instagram.com\/footdavant.fr\/"]},{"@type":"Person","@id":"https:\/\/footdavant.fr\/actualites\/#\/schema\/person\/bc222566d95871b37e597b3ed3ba5e1d","name":"Cl\u00e9ment","image":{"@type":"ImageObject","inLanguage":"fr-FR","@id":"https:\/\/footdavant.fr\/actualites\/#\/schema\/person\/image\/","url":"https:\/\/secure.gravatar.com\/avatar\/7728b29aac2719421e1a9159b2254c44?s=96&d=mm&r=g","contentUrl":"https:\/\/secure.gravatar.com\/avatar\/7728b29aac2719421e1a9159b2254c44?s=96&d=mm&r=g","caption":"Cl\u00e9ment"},"sameAs":["https:\/\/footdavant.fr\/"]}]}},"_links":{"self":[{"href":"https:\/\/footdavant.fr\/actualites\/wp-json\/wp\/v2\/posts\/1518"}],"collection":[{"href":"https:\/\/footdavant.fr\/actualites\/wp-json\/wp\/v2\/posts"}],"about":[{"href":"https:\/\/footdavant.fr\/actualites\/wp-json\/wp\/v2\/types\/post"}],"author":[{"embeddable":true,"href":"https:\/\/footdavant.fr\/actualites\/wp-json\/wp\/v2\/users\/1"}],"replies":[{"embeddable":true,"href":"https:\/\/footdavant.fr\/actualites\/wp-json\/wp\/v2\/comments?post=1518"}],"version-history":[{"count":1,"href":"https:\/\/footdavant.fr\/actualites\/wp-json\/wp\/v2\/posts\/1518\/revisions"}],"predecessor-version":[{"id":1520,"href":"https:\/\/footdavant.fr\/actualites\/wp-json\/wp\/v2\/posts\/1518\/revisions\/1520"}],"wp:featuredmedia":[{"embeddable":true,"href":"https:\/\/footdavant.fr\/actualites\/wp-json\/wp\/v2\/media\/1519"}],"wp:attachment":[{"href":"https:\/\/footdavant.fr\/actualites\/wp-json\/wp\/v2\/media?parent=1518"}],"wp:term":[{"taxonomy":"category","embeddable":true,"href":"https:\/\/footdavant.fr\/actualites\/wp-json\/wp\/v2\/categories?post=1518"},{"taxonomy":"post_tag","embeddable":true,"href":"https:\/\/footdavant.fr\/actualites\/wp-json\/wp\/v2\/tags?post=1518"}],"curies":[{"name":"wp","href":"https:\/\/api.w.org\/{rel}","templated":true}]}}