{"id":15272,"date":"2024-10-25T23:49:40","date_gmt":"2024-10-25T21:49:40","guid":{"rendered":"https:\/\/footdavant.fr\/actualites\/liverpool-recoit-une-mise-a-jour-sur-les-blessures-de-diogo-jota-avant-le-choc-de-premier-league-contre-arsenal\/"},"modified":"2024-10-25T23:49:41","modified_gmt":"2024-10-25T21:49:41","slug":"liverpool-recoit-une-mise-a-jour-sur-les-blessures-de-diogo-jota-avant-le-choc-de-premier-league-contre-arsenal","status":"publish","type":"post","link":"https:\/\/footdavant.fr\/actualites\/liverpool-recoit-une-mise-a-jour-sur-les-blessures-de-diogo-jota-avant-le-choc-de-premier-league-contre-arsenal\/","title":{"rendered":"Liverpool \u00ab re\u00e7oit une mise \u00e0 jour sur les blessures \u00bb de Diogo Jota avant le choc de Premier League contre Arsenal"},"content":{"rendered":"<p>L&#39;attaquant de Liverpool Diogo Jota ne serait pas disponible pour le match de Premier League des Reds contre Arsenal \u00e0 l&#39;Emirates Stadium dimanche.<\/p>\n<div id=\"article_body\" itemprop=\"articleBody\">\n<h3 class=\"firstPara\">\n<strong class=\"autotag\">Liverpool<\/strong> attaquant <strong class=\"autotag\">Diogo Jota<\/strong> sera probablement indisponible pour le match de Premier League des Reds contre <strong class=\"autotag\">Arsenal<\/strong> dimanche, selon un rapport. <\/h3>\n<p>L&#39;attaquant portugais s&#39;est bless\u00e9 dimanche dernier lorsque le d\u00e9fenseur de Chelsea <strong class=\"autotag\">Tosin Adarabioyo<\/strong> a atterri maladroitement sur lui apr\u00e8s que les deux se soient lanc\u00e9s dans un d\u00e9fi.<\/p>\n<p>Le joueur de 27 ans a \u00e9t\u00e9 contraint de quitter le terrain apr\u00e8s seulement 30 minutes lors de la victoire 2-1 de Liverpool \u00e0 Anfield et a \u00e9t\u00e9 remplac\u00e9 par <strong class=\"autotag\">Darwin Nu\u00f1ez<\/strong>. <\/p>\n<p>Jota a r\u00e9alis\u00e9 un d\u00e9but de saison impressionnant sous <strong class=\"autotag\">Machine \u00e0 sous Arne<\/strong>enregistrant deux passes d\u00e9cisives et deux buts en sept matches de championnat cette saison, bien qu&#39;il n&#39;ait pas voyag\u00e9 avec l&#39;\u00e9quipe pour le match de Ligue des Champions contre le RB Leipzig en milieu de semaine.<\/p>\n<p class=\"imgI\">\n<h2 class=\"k3\">Jota manquera probablement la confrontation avec Arsenal<\/h2>\n<p>Les Reds devraient affronter Arsenal lors d&#39;un match crucial de Premier League \u00e0 l&#39;Emirates Stadium ce week-end, et selon <em>Initi\u00e9 au football<\/em>Jota devrait rester \u00e0 l&#39;\u00e9cart pour le voyage dans le nord de Londres. <\/p>\n<p>Le rapport ajoute que l&#39;\u00e9quipe m\u00e9dicale de Liverpool \u00e9value la blessure du joueur de 27 ans pour d\u00e9terminer s&#39;il a subi une contusion ou une fracture des c\u00f4tes.<\/p>\n<p>Il est entendu que si l&#39;attaquant portugais souffrait d&#39;une contusion aux c\u00f4tes, son absence durerait entre une et deux semaines. Cependant, s&#39;il s&#39;agit d&#39;une fracture d&#39;une c\u00f4te, il pourrait \u00eatre absent pendant quatre \u00e0 six semaines.<\/p>\n<p>Interrog\u00e9 lors de sa conf\u00e9rence de presse d&#39;avant-match contre Leipzig au sujet de la blessure de Jota, Slot est rest\u00e9 assez discret, d\u00e9clarant : \u00ab\u00a0C&#39;est toujours tr\u00e8s difficile avec les blessures, surtout si cela arrive, de voir o\u00f9 elles en sont apr\u00e8s quelques jours.<\/p>\n<p>\u00ab\u00a0Il a re\u00e7u un coup, comme nous l&#39;avons tous vu, alors qu&#39;il essayait d&#39;aller au but, il a \u00e9t\u00e9 renvers\u00e9 \u2013 ce n&#39;\u00e9tait pas le plus gros probl\u00e8me \u2013 mais l&#39;autre joueur est tomb\u00e9 sur lui.<\/p>\n<p>\u00ab\u00a0Cela lui a fait tellement mal qu&#39;il n&#39;a pas pu continuer \u00e0 jouer, et il ne pouvait pas venir avec nous pour l&#39;instant (\u00e0 Leipzig).\u00a0\u00bb<\/p>\n<p>La blessure survient \u00e0 un moment crucial pour Liverpool, alors que les Merseysiders devraient disputer trois matches la semaine prochaine.<\/p>\n<p class=\"imgI\"><img decoding=\"async\" loading=\"lazy\" class=\"l\" src=\"https:\/\/footdavant.fr\/actualites\/wp-content\/uploads\/2024\/10\/1729892980_655_Liverpool-recoit-une-mise-a-jour-sur-les-blessures.jpg\" title=\"Alisson Becker de Liverpool photographi\u00e9 le 1er septembre 2024\" alt=\"Alisson Becker de Liverpool photographi\u00e9 le 1er septembre 2024\" width=\"640\" height=\"480\"><\/p>\n<h2 class=\"k3\">L&#39;absence de Jota s&#39;ajoute aux blessures de Liverpool<\/h2>\n<p>Si la blessure de Jota est loin d&#39;\u00eatre id\u00e9ale pour les Reds avant une semaine charg\u00e9e, il n&#39;est pas le seul joueur dont la participation ce week-end est mise en doute. <\/p>\n<p>En d\u00e9fense, <strong class=\"autotag\">Alisson Becker<\/strong> est exclu pour quelques semaines suppl\u00e9mentaires en raison d&#39;une blessure aux ischio-jambiers et <strong class=\"autotag\">Conor Bradley<\/strong> est signal\u00e9 comme un doute majeur ayant rat\u00e9 les deux derniers matchs de Liverpool pour des raisons inexpliqu\u00e9es. <\/p>\n<p>Plus en amont, <strong class=\"autotag\">Harvey Elliott<\/strong> est toujours en train de se r\u00e9tablir compl\u00e8tement apr\u00e8s avoir subi une fracture du pied avec les moins de 21 ans d&#39;Angleterre et <strong class=\"autotag\">Federico Chiesa<\/strong> est absent en raison d&#39;un manque de forme physique. <\/p>\n<p>Liverpool a l&#39;opportunit\u00e9 d&#39;\u00e9tendre son avance sur Arsenal, pr\u00e9tendant au titre de Premier League, \u00e0 sept points lors du choc principal de dimanche aux Emirats.<\/p>\n<\/div>\n","protected":false},"excerpt":{"rendered":"<p>L&#39;attaquant de Liverpool Diogo Jota ne serait pas disponible pour le match de Premier League des Reds contre Arsenal \u00e0 l&#39;Emirates Stadium dimanche. Liverpool attaquant<\/p>\n","protected":false},"author":1,"featured_media":15273,"comment_status":"closed","ping_status":"","sticky":false,"template":"","format":"standard","meta":{"footnotes":""},"categories":[5],"tags":[67,491,155,332,20,1355,1590,328,202,93,53,327,201,488,103,92],"yoast_head":"<!-- This site is optimized with the Yoast SEO plugin v21.0 - https:\/\/yoast.com\/wordpress\/plugins\/seo\/ -->\n<title>Liverpool \u00ab re\u00e7oit une mise \u00e0 jour sur les blessures \u00bb de Diogo Jota avant le choc de Premier League contre Arsenal<\/title>\n<meta name=\"robots\" content=\"index, follow, max-snippet:-1, max-image-preview:large, max-video-preview:-1\" \/>\n<link rel=\"canonical\" href=\"https:\/\/footdavant.fr\/actualites\/liverpool-recoit-une-mise-a-jour-sur-les-blessures-de-diogo-jota-avant-le-choc-de-premier-league-contre-arsenal\/\" \/>\n<meta property=\"og:locale\" content=\"fr_FR\" \/>\n<meta property=\"og:type\" content=\"article\" \/>\n<meta property=\"og:title\" content=\"Liverpool \u00ab re\u00e7oit une mise \u00e0 jour sur les blessures \u00bb de Diogo Jota avant le choc de Premier League contre Arsenal\" \/>\n<meta property=\"og:description\" content=\"L&#039;attaquant de Liverpool Diogo Jota ne serait pas disponible pour le match de Premier League des Reds contre Arsenal \u00e0 l&#039;Emirates Stadium dimanche. Liverpool attaquant\" \/>\n<meta property=\"og:url\" content=\"https:\/\/footdavant.fr\/actualites\/liverpool-recoit-une-mise-a-jour-sur-les-blessures-de-diogo-jota-avant-le-choc-de-premier-league-contre-arsenal\/\" \/>\n<meta property=\"og:site_name\" content=\"Foot d&#039;avant\" \/>\n<meta property=\"article:publisher\" content=\"https:\/\/www.facebook.com\/Footdavant\/\" \/>\n<meta property=\"article:published_time\" content=\"2024-10-25T21:49:40+00:00\" \/>\n<meta property=\"article:modified_time\" content=\"2024-10-25T21:49:41+00:00\" \/>\n<meta property=\"og:image\" content=\"https:\/\/footdavant.fr\/actualites\/wp-content\/uploads\/2024\/10\/Liverpool-recoit-une-mise-a-jour-sur-les-blessures.jpg\" \/>\n\t<meta property=\"og:image:width\" content=\"640\" \/>\n\t<meta property=\"og:image:height\" content=\"480\" \/>\n\t<meta property=\"og:image:type\" content=\"image\/jpeg\" \/>\n<meta name=\"author\" content=\"Cl\u00e9ment\" \/>\n<meta name=\"twitter:card\" content=\"summary_large_image\" \/>\n<meta name=\"twitter:creator\" content=\"@FootdavantFr\" \/>\n<meta name=\"twitter:site\" content=\"@FootdavantFr\" \/>\n<meta name=\"twitter:label1\" content=\"\u00c9crit par\" \/>\n\t<meta name=\"twitter:data1\" content=\"Cl\u00e9ment\" \/>\n\t<meta name=\"twitter:label2\" content=\"Dur\u00e9e de lecture estim\u00e9e\" \/>\n\t<meta name=\"twitter:data2\" content=\"3 minutes\" \/>\n<script type=\"application\/ld+json\" class=\"yoast-schema-graph\">{\"@context\":\"https:\/\/schema.org\",\"@graph\":[{\"@type\":\"Article\",\"@id\":\"https:\/\/footdavant.fr\/actualites\/liverpool-recoit-une-mise-a-jour-sur-les-blessures-de-diogo-jota-avant-le-choc-de-premier-league-contre-arsenal\/#article\",\"isPartOf\":{\"@id\":\"https:\/\/footdavant.fr\/actualites\/liverpool-recoit-une-mise-a-jour-sur-les-blessures-de-diogo-jota-avant-le-choc-de-premier-league-contre-arsenal\/\"},\"author\":{\"name\":\"Cl\u00e9ment\",\"@id\":\"https:\/\/footdavant.fr\/actualites\/#\/schema\/person\/bc222566d95871b37e597b3ed3ba5e1d\"},\"headline\":\"Liverpool \u00ab re\u00e7oit une mise \u00e0 jour sur les blessures \u00bb de Diogo Jota avant le choc de Premier League contre Arsenal\",\"datePublished\":\"2024-10-25T21:49:40+00:00\",\"dateModified\":\"2024-10-25T21:49:41+00:00\",\"mainEntityOfPage\":{\"@id\":\"https:\/\/footdavant.fr\/actualites\/liverpool-recoit-une-mise-a-jour-sur-les-blessures-de-diogo-jota-avant-le-choc-de-premier-league-contre-arsenal\/\"},\"wordCount\":591,\"publisher\":{\"@id\":\"https:\/\/footdavant.fr\/actualites\/#organization\"},\"keywords\":[\"Arsenal\",\"avant\",\"blessures\",\"choc\",\"contre\",\"Diogo\",\"Jota\",\"jour\",\"League\",\"les\",\"Liverpool\",\"mise\",\"Premier\",\"re\u00e7oit\",\"sur\",\"une\"],\"articleSection\":[\"Premier League\"],\"inLanguage\":\"fr-FR\"},{\"@type\":\"WebPage\",\"@id\":\"https:\/\/footdavant.fr\/actualites\/liverpool-recoit-une-mise-a-jour-sur-les-blessures-de-diogo-jota-avant-le-choc-de-premier-league-contre-arsenal\/\",\"url\":\"https:\/\/footdavant.fr\/actualites\/liverpool-recoit-une-mise-a-jour-sur-les-blessures-de-diogo-jota-avant-le-choc-de-premier-league-contre-arsenal\/\",\"name\":\"Liverpool \u00ab re\u00e7oit une mise \u00e0 jour sur les blessures \u00bb de Diogo Jota avant le choc de Premier League contre Arsenal\",\"isPartOf\":{\"@id\":\"https:\/\/footdavant.fr\/actualites\/#website\"},\"datePublished\":\"2024-10-25T21:49:40+00:00\",\"dateModified\":\"2024-10-25T21:49:41+00:00\",\"breadcrumb\":{\"@id\":\"https:\/\/footdavant.fr\/actualites\/liverpool-recoit-une-mise-a-jour-sur-les-blessures-de-diogo-jota-avant-le-choc-de-premier-league-contre-arsenal\/#breadcrumb\"},\"inLanguage\":\"fr-FR\",\"potentialAction\":[{\"@type\":\"ReadAction\",\"target\":[\"https:\/\/footdavant.fr\/actualites\/liverpool-recoit-une-mise-a-jour-sur-les-blessures-de-diogo-jota-avant-le-choc-de-premier-league-contre-arsenal\/\"]}]},{\"@type\":\"BreadcrumbList\",\"@id\":\"https:\/\/footdavant.fr\/actualites\/liverpool-recoit-une-mise-a-jour-sur-les-blessures-de-diogo-jota-avant-le-choc-de-premier-league-contre-arsenal\/#breadcrumb\",\"itemListElement\":[{\"@type\":\"ListItem\",\"position\":1,\"name\":\"Accueil\",\"item\":\"https:\/\/footdavant.fr\/actualites\/\"},{\"@type\":\"ListItem\",\"position\":2,\"name\":\"Liverpool \u00ab re\u00e7oit une mise \u00e0 jour sur les blessures \u00bb de Diogo Jota avant le choc de Premier League contre Arsenal\"}]},{\"@type\":\"WebSite\",\"@id\":\"https:\/\/footdavant.fr\/actualites\/#website\",\"url\":\"https:\/\/footdavant.fr\/actualites\/\",\"name\":\"Foot d'avant\",\"description\":\"\",\"publisher\":{\"@id\":\"https:\/\/footdavant.fr\/actualites\/#organization\"},\"potentialAction\":[{\"@type\":\"SearchAction\",\"target\":{\"@type\":\"EntryPoint\",\"urlTemplate\":\"https:\/\/footdavant.fr\/actualites\/?s={search_term_string}\"},\"query-input\":\"required name=search_term_string\"}],\"inLanguage\":\"fr-FR\"},{\"@type\":\"Organization\",\"@id\":\"https:\/\/footdavant.fr\/actualites\/#organization\",\"name\":\"Foot d'avant\",\"url\":\"https:\/\/footdavant.fr\/actualites\/\",\"logo\":{\"@type\":\"ImageObject\",\"inLanguage\":\"fr-FR\",\"@id\":\"https:\/\/footdavant.fr\/actualites\/#\/schema\/logo\/image\/\",\"url\":\"https:\/\/footdavant.fr\/actualites\/wp-content\/uploads\/2023\/09\/Copy-of-FootDavant-Logo.png\",\"contentUrl\":\"https:\/\/footdavant.fr\/actualites\/wp-content\/uploads\/2023\/09\/Copy-of-FootDavant-Logo.png\",\"width\":936,\"height\":549,\"caption\":\"Foot d'avant\"},\"image\":{\"@id\":\"https:\/\/footdavant.fr\/actualites\/#\/schema\/logo\/image\/\"},\"sameAs\":[\"https:\/\/www.facebook.com\/Footdavant\/\",\"https:\/\/twitter.com\/FootdavantFr\",\"https:\/\/www.instagram.com\/footdavant.fr\/\"]},{\"@type\":\"Person\",\"@id\":\"https:\/\/footdavant.fr\/actualites\/#\/schema\/person\/bc222566d95871b37e597b3ed3ba5e1d\",\"name\":\"Cl\u00e9ment\",\"image\":{\"@type\":\"ImageObject\",\"inLanguage\":\"fr-FR\",\"@id\":\"https:\/\/footdavant.fr\/actualites\/#\/schema\/person\/image\/\",\"url\":\"https:\/\/secure.gravatar.com\/avatar\/7728b29aac2719421e1a9159b2254c44?s=96&d=mm&r=g\",\"contentUrl\":\"https:\/\/secure.gravatar.com\/avatar\/7728b29aac2719421e1a9159b2254c44?s=96&d=mm&r=g\",\"caption\":\"Cl\u00e9ment\"},\"sameAs\":[\"https:\/\/footdavant.fr\/\"]}]}<\/script>\n<!-- \/ Yoast SEO plugin. -->","yoast_head_json":{"title":"Liverpool \u00ab re\u00e7oit une mise \u00e0 jour sur les blessures \u00bb de Diogo Jota avant le choc de Premier League contre Arsenal","robots":{"index":"index","follow":"follow","max-snippet":"max-snippet:-1","max-image-preview":"max-image-preview:large","max-video-preview":"max-video-preview:-1"},"canonical":"https:\/\/footdavant.fr\/actualites\/liverpool-recoit-une-mise-a-jour-sur-les-blessures-de-diogo-jota-avant-le-choc-de-premier-league-contre-arsenal\/","og_locale":"fr_FR","og_type":"article","og_title":"Liverpool \u00ab re\u00e7oit une mise \u00e0 jour sur les blessures \u00bb de Diogo Jota avant le choc de Premier League contre Arsenal","og_description":"L&#39;attaquant de Liverpool Diogo Jota ne serait pas disponible pour le match de Premier League des Reds contre Arsenal \u00e0 l&#39;Emirates Stadium dimanche. Liverpool attaquant","og_url":"https:\/\/footdavant.fr\/actualites\/liverpool-recoit-une-mise-a-jour-sur-les-blessures-de-diogo-jota-avant-le-choc-de-premier-league-contre-arsenal\/","og_site_name":"Foot d&#039;avant","article_publisher":"https:\/\/www.facebook.com\/Footdavant\/","article_published_time":"2024-10-25T21:49:40+00:00","article_modified_time":"2024-10-25T21:49:41+00:00","og_image":[{"width":640,"height":480,"url":"https:\/\/footdavant.fr\/actualites\/wp-content\/uploads\/2024\/10\/Liverpool-recoit-une-mise-a-jour-sur-les-blessures.jpg","type":"image\/jpeg"}],"author":"Cl\u00e9ment","twitter_card":"summary_large_image","twitter_creator":"@FootdavantFr","twitter_site":"@FootdavantFr","twitter_misc":{"\u00c9crit par":"Cl\u00e9ment","Dur\u00e9e de lecture estim\u00e9e":"3 minutes"},"schema":{"@context":"https:\/\/schema.org","@graph":[{"@type":"Article","@id":"https:\/\/footdavant.fr\/actualites\/liverpool-recoit-une-mise-a-jour-sur-les-blessures-de-diogo-jota-avant-le-choc-de-premier-league-contre-arsenal\/#article","isPartOf":{"@id":"https:\/\/footdavant.fr\/actualites\/liverpool-recoit-une-mise-a-jour-sur-les-blessures-de-diogo-jota-avant-le-choc-de-premier-league-contre-arsenal\/"},"author":{"name":"Cl\u00e9ment","@id":"https:\/\/footdavant.fr\/actualites\/#\/schema\/person\/bc222566d95871b37e597b3ed3ba5e1d"},"headline":"Liverpool \u00ab re\u00e7oit une mise \u00e0 jour sur les blessures \u00bb de Diogo Jota avant le choc de Premier League contre Arsenal","datePublished":"2024-10-25T21:49:40+00:00","dateModified":"2024-10-25T21:49:41+00:00","mainEntityOfPage":{"@id":"https:\/\/footdavant.fr\/actualites\/liverpool-recoit-une-mise-a-jour-sur-les-blessures-de-diogo-jota-avant-le-choc-de-premier-league-contre-arsenal\/"},"wordCount":591,"publisher":{"@id":"https:\/\/footdavant.fr\/actualites\/#organization"},"keywords":["Arsenal","avant","blessures","choc","contre","Diogo","Jota","jour","League","les","Liverpool","mise","Premier","re\u00e7oit","sur","une"],"articleSection":["Premier League"],"inLanguage":"fr-FR"},{"@type":"WebPage","@id":"https:\/\/footdavant.fr\/actualites\/liverpool-recoit-une-mise-a-jour-sur-les-blessures-de-diogo-jota-avant-le-choc-de-premier-league-contre-arsenal\/","url":"https:\/\/footdavant.fr\/actualites\/liverpool-recoit-une-mise-a-jour-sur-les-blessures-de-diogo-jota-avant-le-choc-de-premier-league-contre-arsenal\/","name":"Liverpool \u00ab re\u00e7oit une mise \u00e0 jour sur les blessures \u00bb de Diogo Jota avant le choc de Premier League contre Arsenal","isPartOf":{"@id":"https:\/\/footdavant.fr\/actualites\/#website"},"datePublished":"2024-10-25T21:49:40+00:00","dateModified":"2024-10-25T21:49:41+00:00","breadcrumb":{"@id":"https:\/\/footdavant.fr\/actualites\/liverpool-recoit-une-mise-a-jour-sur-les-blessures-de-diogo-jota-avant-le-choc-de-premier-league-contre-arsenal\/#breadcrumb"},"inLanguage":"fr-FR","potentialAction":[{"@type":"ReadAction","target":["https:\/\/footdavant.fr\/actualites\/liverpool-recoit-une-mise-a-jour-sur-les-blessures-de-diogo-jota-avant-le-choc-de-premier-league-contre-arsenal\/"]}]},{"@type":"BreadcrumbList","@id":"https:\/\/footdavant.fr\/actualites\/liverpool-recoit-une-mise-a-jour-sur-les-blessures-de-diogo-jota-avant-le-choc-de-premier-league-contre-arsenal\/#breadcrumb","itemListElement":[{"@type":"ListItem","position":1,"name":"Accueil","item":"https:\/\/footdavant.fr\/actualites\/"},{"@type":"ListItem","position":2,"name":"Liverpool \u00ab re\u00e7oit une mise \u00e0 jour sur les blessures \u00bb de Diogo Jota avant le choc de Premier League contre Arsenal"}]},{"@type":"WebSite","@id":"https:\/\/footdavant.fr\/actualites\/#website","url":"https:\/\/footdavant.fr\/actualites\/","name":"Foot d'avant","description":"","publisher":{"@id":"https:\/\/footdavant.fr\/actualites\/#organization"},"potentialAction":[{"@type":"SearchAction","target":{"@type":"EntryPoint","urlTemplate":"https:\/\/footdavant.fr\/actualites\/?s={search_term_string}"},"query-input":"required name=search_term_string"}],"inLanguage":"fr-FR"},{"@type":"Organization","@id":"https:\/\/footdavant.fr\/actualites\/#organization","name":"Foot d'avant","url":"https:\/\/footdavant.fr\/actualites\/","logo":{"@type":"ImageObject","inLanguage":"fr-FR","@id":"https:\/\/footdavant.fr\/actualites\/#\/schema\/logo\/image\/","url":"https:\/\/footdavant.fr\/actualites\/wp-content\/uploads\/2023\/09\/Copy-of-FootDavant-Logo.png","contentUrl":"https:\/\/footdavant.fr\/actualites\/wp-content\/uploads\/2023\/09\/Copy-of-FootDavant-Logo.png","width":936,"height":549,"caption":"Foot d'avant"},"image":{"@id":"https:\/\/footdavant.fr\/actualites\/#\/schema\/logo\/image\/"},"sameAs":["https:\/\/www.facebook.com\/Footdavant\/","https:\/\/twitter.com\/FootdavantFr","https:\/\/www.instagram.com\/footdavant.fr\/"]},{"@type":"Person","@id":"https:\/\/footdavant.fr\/actualites\/#\/schema\/person\/bc222566d95871b37e597b3ed3ba5e1d","name":"Cl\u00e9ment","image":{"@type":"ImageObject","inLanguage":"fr-FR","@id":"https:\/\/footdavant.fr\/actualites\/#\/schema\/person\/image\/","url":"https:\/\/secure.gravatar.com\/avatar\/7728b29aac2719421e1a9159b2254c44?s=96&d=mm&r=g","contentUrl":"https:\/\/secure.gravatar.com\/avatar\/7728b29aac2719421e1a9159b2254c44?s=96&d=mm&r=g","caption":"Cl\u00e9ment"},"sameAs":["https:\/\/footdavant.fr\/"]}]}},"_links":{"self":[{"href":"https:\/\/footdavant.fr\/actualites\/wp-json\/wp\/v2\/posts\/15272"}],"collection":[{"href":"https:\/\/footdavant.fr\/actualites\/wp-json\/wp\/v2\/posts"}],"about":[{"href":"https:\/\/footdavant.fr\/actualites\/wp-json\/wp\/v2\/types\/post"}],"author":[{"embeddable":true,"href":"https:\/\/footdavant.fr\/actualites\/wp-json\/wp\/v2\/users\/1"}],"replies":[{"embeddable":true,"href":"https:\/\/footdavant.fr\/actualites\/wp-json\/wp\/v2\/comments?post=15272"}],"version-history":[{"count":1,"href":"https:\/\/footdavant.fr\/actualites\/wp-json\/wp\/v2\/posts\/15272\/revisions"}],"predecessor-version":[{"id":15274,"href":"https:\/\/footdavant.fr\/actualites\/wp-json\/wp\/v2\/posts\/15272\/revisions\/15274"}],"wp:featuredmedia":[{"embeddable":true,"href":"https:\/\/footdavant.fr\/actualites\/wp-json\/wp\/v2\/media\/15273"}],"wp:attachment":[{"href":"https:\/\/footdavant.fr\/actualites\/wp-json\/wp\/v2\/media?parent=15272"}],"wp:term":[{"taxonomy":"category","embeddable":true,"href":"https:\/\/footdavant.fr\/actualites\/wp-json\/wp\/v2\/categories?post=15272"},{"taxonomy":"post_tag","embeddable":true,"href":"https:\/\/footdavant.fr\/actualites\/wp-json\/wp\/v2\/tags?post=15272"}],"curies":[{"name":"wp","href":"https:\/\/api.w.org\/{rel}","templated":true}]}}