{"id":15275,"date":"2024-10-26T01:49:03","date_gmt":"2024-10-25T23:49:03","guid":{"rendered":"https:\/\/footdavant.fr\/actualites\/trent-alexander-arnold-planifiait-la-celebration-de-gerrard-depuis-sept-ans\/"},"modified":"2024-10-26T01:49:08","modified_gmt":"2024-10-25T23:49:08","slug":"trent-alexander-arnold-planifiait-la-celebration-de-gerrard-depuis-sept-ans","status":"publish","type":"post","link":"https:\/\/footdavant.fr\/actualites\/trent-alexander-arnold-planifiait-la-celebration-de-gerrard-depuis-sept-ans\/","title":{"rendered":"Trent Alexander-Arnold planifiait la c\u00e9l\u00e9bration de Gerrard depuis sept ans"},"content":{"rendered":"<div id=\"article-body\">\n<!-- Article Start --><\/p>\n<p>Trent Alexander-Arnold est l&#39;un de nos joueurs les plus talentueux et c&#39;est l&#39;une des principales raisons pour lesquelles nous sommes si nombreux \u00e0 vouloir qu&#39;il signe un nouveau contrat, ainsi que pourquoi il est l&#39;un des hommes les plus importants de l&#39;\u00e9quipe.<\/p>\n<p>En r\u00e9fl\u00e9chissant \u00e0 un moment du d\u00e9but de la campagne, le Scouser a partag\u00e9 une histoire qui apportera \u00e0 la fois un sourire et un peu de chagrin \u00e0 nos fans.<\/p>\n<p>S&#39;adressant \u00e0 Sky Sports, le dipl\u00f4m\u00e9 de l&#39;acad\u00e9mie a r\u00e9v\u00e9l\u00e9 comment sa c\u00e9l\u00e9bration inspir\u00e9e par Steven Gerrard, qu&#39;il a organis\u00e9e contre Manchester United plus t\u00f4t dans la campagne, \u00e9tait le produit de sept ann\u00e9es de planification.<\/p>\n<p>Le jeune homme de 26 ans avait tellement envie que cette c\u00e9l\u00e9bration soit aussi embl\u00e9matique que lorsque Steven Gerrard a ex\u00e9cut\u00e9 le m\u00eame acte en 2014, pour ensuite se le voir cruellement retir\u00e9.<\/p>\n<p>Le VAR \u00e9tant responsable de cela, il semble que la planification devra se poursuivre chaque fois que le meneur de jeu n\u00e9 dans le West Derby pourra reproduire un moment c\u00e9l\u00e8bre.<\/p>\n<p><\/p>\n<h2>Trent Alexander-Arnold voulait reproduire Steven Gerrard<\/h2>\n<figure id=\"attachment_263116\" aria-describedby=\"caption-attachment-263116\" style=\"width: 770px\" class=\"wp-caption alignnone\"><picture><source type=\"image\/webp\" data- data-><\/source><\/picture><\/figure>\n<p>Au cours de l&#39;interview, il a ensuite confirm\u00e9 que des plans \u00e9taient pr\u00e9par\u00e9s pour une restitution \u00e0 Anfield et que nous pouvons d\u00e9sormais tous attendre avec impatience le moment o\u00f9 cela pourra se concr\u00e9tiser.<\/p>\n<p>Bien s\u00fbr, il y a un moyen pour que cela n&#39;arrive pas et c&#39;est si notre homme ne signe pas de nouveau contrat et que nous le voyons jouer pour un autre club la saison prochaine, \u00e0 la fin de son contrat actuel.<\/p>\n<p>On croise les doigts pour que ce ne soit jamais le cas et que l&#39;int\u00e9r\u00eat signal\u00e9 du Real Madrid reste fermement dans les colonnes des potins et non dans une histoire publi\u00e9e sur le site officiel du club.<\/p>\n<p>Pour l\u2019instant, nous pouvons tous au moins esp\u00e9rer que la prochaine fois que nous affronterons nos anciens rivaux en L4, nous pourrons voir ce moment embl\u00e9matique se d\u00e9rouler sous nos yeux.<\/p>\n<\/p>\n<blockquote class=\"twitter-lazy tweet-img lazyload\" data-width=\"500\" data-dnt=\"true\">\n<p lang=\"en\" dir=\"ltr\">\u00ab\u00a0Cette c\u00e9l\u00e9bration \u00e9tait pr\u00e9vue depuis environ SEPT ans !\u00a0\u00bb \ud83d\ude05<\/p>\n<p>Trent Alexander-Arnold \u00e0 propos de sa c\u00e9l\u00e9bration \u00e0 Old Trafford \ud83c\udfdf\ufe0f <a rel=\"nofollow\" href=\"https:\/\/t.co\/Hz6aKP5uLn\">pic.twitter.com\/Hz6aKP5uLn<\/a><\/p>\n<p>\u2013 Sky Sports Premier League (@SkySportsPL) <a rel=\"nofollow\" href=\"https:\/\/twitter.com\/SkySportsPL\/status\/1849828266137305571?ref_src=twsrc%5Etfw\">25 octobre 2024<\/a><\/p>\n<\/blockquote>\n<p><span class=\"embed-youtube\" style=\"text-align:center; display: block;\"><\/span><\/p>\n<p><!-- Article End -->\t\t\t\t<\/div>\n<p><script async src=\"https:\/\/platform.twitter.com\/widgets.js\" charset=\"utf-8\"><\/script><\/p>\n","protected":false},"excerpt":{"rendered":"<p>Trent Alexander-Arnold est l&#39;un de nos joueurs les plus talentueux et c&#39;est l&#39;une des principales raisons pour lesquelles nous sommes si nombreux \u00e0 vouloir qu&#39;il<\/p>\n","protected":false},"author":1,"featured_media":15276,"comment_status":"closed","ping_status":"","sticky":false,"template":"","format":"standard","meta":{"footnotes":""},"categories":[3],"tags":[1740,209,1742,695,1234,6858,881,1739],"yoast_head":"<!-- This site is optimized with the Yoast SEO plugin v21.0 - https:\/\/yoast.com\/wordpress\/plugins\/seo\/ -->\n<title>Trent Alexander-Arnold planifiait la c\u00e9l\u00e9bration de Gerrard depuis sept ans<\/title>\n<meta name=\"robots\" content=\"index, follow, max-snippet:-1, max-image-preview:large, max-video-preview:-1\" \/>\n<link rel=\"canonical\" href=\"https:\/\/footdavant.fr\/actualites\/trent-alexander-arnold-planifiait-la-celebration-de-gerrard-depuis-sept-ans\/\" \/>\n<meta property=\"og:locale\" content=\"fr_FR\" \/>\n<meta property=\"og:type\" content=\"article\" \/>\n<meta property=\"og:title\" content=\"Trent Alexander-Arnold planifiait la c\u00e9l\u00e9bration de Gerrard depuis sept ans\" \/>\n<meta property=\"og:description\" content=\"Trent Alexander-Arnold est l&#039;un de nos joueurs les plus talentueux et c&#039;est l&#039;une des principales raisons pour lesquelles nous sommes si nombreux \u00e0 vouloir qu&#039;il\" \/>\n<meta property=\"og:url\" content=\"https:\/\/footdavant.fr\/actualites\/trent-alexander-arnold-planifiait-la-celebration-de-gerrard-depuis-sept-ans\/\" \/>\n<meta property=\"og:site_name\" content=\"Foot d&#039;avant\" \/>\n<meta property=\"article:publisher\" content=\"https:\/\/www.facebook.com\/Footdavant\/\" \/>\n<meta property=\"article:published_time\" content=\"2024-10-25T23:49:03+00:00\" \/>\n<meta property=\"article:modified_time\" content=\"2024-10-25T23:49:08+00:00\" \/>\n<meta property=\"og:image\" content=\"https:\/\/footdavant.fr\/actualites\/wp-content\/uploads\/2024\/10\/1729900143_Trent-Alexander-Arnold-planifiait-la-celebration-de-Gerrard-depuis-sept-ans.jpg\" \/>\n\t<meta property=\"og:image:width\" content=\"1920\" \/>\n\t<meta property=\"og:image:height\" content=\"960\" \/>\n\t<meta property=\"og:image:type\" content=\"image\/jpeg\" \/>\n<meta name=\"author\" content=\"Cl\u00e9ment\" \/>\n<meta name=\"twitter:card\" content=\"summary_large_image\" \/>\n<meta name=\"twitter:creator\" content=\"@FootdavantFr\" \/>\n<meta name=\"twitter:site\" content=\"@FootdavantFr\" \/>\n<meta name=\"twitter:label1\" content=\"\u00c9crit par\" \/>\n\t<meta name=\"twitter:data1\" content=\"Cl\u00e9ment\" \/>\n\t<meta name=\"twitter:label2\" content=\"Dur\u00e9e de lecture estim\u00e9e\" \/>\n\t<meta name=\"twitter:data2\" content=\"2 minutes\" \/>\n<script type=\"application\/ld+json\" class=\"yoast-schema-graph\">{\"@context\":\"https:\/\/schema.org\",\"@graph\":[{\"@type\":\"Article\",\"@id\":\"https:\/\/footdavant.fr\/actualites\/trent-alexander-arnold-planifiait-la-celebration-de-gerrard-depuis-sept-ans\/#article\",\"isPartOf\":{\"@id\":\"https:\/\/footdavant.fr\/actualites\/trent-alexander-arnold-planifiait-la-celebration-de-gerrard-depuis-sept-ans\/\"},\"author\":{\"name\":\"Cl\u00e9ment\",\"@id\":\"https:\/\/footdavant.fr\/actualites\/#\/schema\/person\/bc222566d95871b37e597b3ed3ba5e1d\"},\"headline\":\"Trent Alexander-Arnold planifiait la c\u00e9l\u00e9bration de Gerrard depuis sept ans\",\"datePublished\":\"2024-10-25T23:49:03+00:00\",\"dateModified\":\"2024-10-25T23:49:08+00:00\",\"mainEntityOfPage\":{\"@id\":\"https:\/\/footdavant.fr\/actualites\/trent-alexander-arnold-planifiait-la-celebration-de-gerrard-depuis-sept-ans\/\"},\"wordCount\":406,\"publisher\":{\"@id\":\"https:\/\/footdavant.fr\/actualites\/#organization\"},\"keywords\":[\"AlexanderArnold\",\"ans\",\"c\u00e9l\u00e9bration\",\"depuis\",\"Gerrard\",\"planifiait\",\"sept\",\"Trent\"],\"articleSection\":[\"Football\"],\"inLanguage\":\"fr-FR\"},{\"@type\":\"WebPage\",\"@id\":\"https:\/\/footdavant.fr\/actualites\/trent-alexander-arnold-planifiait-la-celebration-de-gerrard-depuis-sept-ans\/\",\"url\":\"https:\/\/footdavant.fr\/actualites\/trent-alexander-arnold-planifiait-la-celebration-de-gerrard-depuis-sept-ans\/\",\"name\":\"Trent Alexander-Arnold planifiait la c\u00e9l\u00e9bration de Gerrard depuis sept ans\",\"isPartOf\":{\"@id\":\"https:\/\/footdavant.fr\/actualites\/#website\"},\"datePublished\":\"2024-10-25T23:49:03+00:00\",\"dateModified\":\"2024-10-25T23:49:08+00:00\",\"breadcrumb\":{\"@id\":\"https:\/\/footdavant.fr\/actualites\/trent-alexander-arnold-planifiait-la-celebration-de-gerrard-depuis-sept-ans\/#breadcrumb\"},\"inLanguage\":\"fr-FR\",\"potentialAction\":[{\"@type\":\"ReadAction\",\"target\":[\"https:\/\/footdavant.fr\/actualites\/trent-alexander-arnold-planifiait-la-celebration-de-gerrard-depuis-sept-ans\/\"]}]},{\"@type\":\"BreadcrumbList\",\"@id\":\"https:\/\/footdavant.fr\/actualites\/trent-alexander-arnold-planifiait-la-celebration-de-gerrard-depuis-sept-ans\/#breadcrumb\",\"itemListElement\":[{\"@type\":\"ListItem\",\"position\":1,\"name\":\"Accueil\",\"item\":\"https:\/\/footdavant.fr\/actualites\/\"},{\"@type\":\"ListItem\",\"position\":2,\"name\":\"Trent Alexander-Arnold planifiait la c\u00e9l\u00e9bration de Gerrard depuis sept ans\"}]},{\"@type\":\"WebSite\",\"@id\":\"https:\/\/footdavant.fr\/actualites\/#website\",\"url\":\"https:\/\/footdavant.fr\/actualites\/\",\"name\":\"Foot d'avant\",\"description\":\"\",\"publisher\":{\"@id\":\"https:\/\/footdavant.fr\/actualites\/#organization\"},\"potentialAction\":[{\"@type\":\"SearchAction\",\"target\":{\"@type\":\"EntryPoint\",\"urlTemplate\":\"https:\/\/footdavant.fr\/actualites\/?s={search_term_string}\"},\"query-input\":\"required name=search_term_string\"}],\"inLanguage\":\"fr-FR\"},{\"@type\":\"Organization\",\"@id\":\"https:\/\/footdavant.fr\/actualites\/#organization\",\"name\":\"Foot d'avant\",\"url\":\"https:\/\/footdavant.fr\/actualites\/\",\"logo\":{\"@type\":\"ImageObject\",\"inLanguage\":\"fr-FR\",\"@id\":\"https:\/\/footdavant.fr\/actualites\/#\/schema\/logo\/image\/\",\"url\":\"https:\/\/footdavant.fr\/actualites\/wp-content\/uploads\/2023\/09\/Copy-of-FootDavant-Logo.png\",\"contentUrl\":\"https:\/\/footdavant.fr\/actualites\/wp-content\/uploads\/2023\/09\/Copy-of-FootDavant-Logo.png\",\"width\":936,\"height\":549,\"caption\":\"Foot d'avant\"},\"image\":{\"@id\":\"https:\/\/footdavant.fr\/actualites\/#\/schema\/logo\/image\/\"},\"sameAs\":[\"https:\/\/www.facebook.com\/Footdavant\/\",\"https:\/\/twitter.com\/FootdavantFr\",\"https:\/\/www.instagram.com\/footdavant.fr\/\"]},{\"@type\":\"Person\",\"@id\":\"https:\/\/footdavant.fr\/actualites\/#\/schema\/person\/bc222566d95871b37e597b3ed3ba5e1d\",\"name\":\"Cl\u00e9ment\",\"image\":{\"@type\":\"ImageObject\",\"inLanguage\":\"fr-FR\",\"@id\":\"https:\/\/footdavant.fr\/actualites\/#\/schema\/person\/image\/\",\"url\":\"https:\/\/secure.gravatar.com\/avatar\/7728b29aac2719421e1a9159b2254c44?s=96&d=mm&r=g\",\"contentUrl\":\"https:\/\/secure.gravatar.com\/avatar\/7728b29aac2719421e1a9159b2254c44?s=96&d=mm&r=g\",\"caption\":\"Cl\u00e9ment\"},\"sameAs\":[\"https:\/\/footdavant.fr\/\"]}]}<\/script>\n<!-- \/ Yoast SEO plugin. -->","yoast_head_json":{"title":"Trent Alexander-Arnold planifiait la c\u00e9l\u00e9bration de Gerrard depuis sept ans","robots":{"index":"index","follow":"follow","max-snippet":"max-snippet:-1","max-image-preview":"max-image-preview:large","max-video-preview":"max-video-preview:-1"},"canonical":"https:\/\/footdavant.fr\/actualites\/trent-alexander-arnold-planifiait-la-celebration-de-gerrard-depuis-sept-ans\/","og_locale":"fr_FR","og_type":"article","og_title":"Trent Alexander-Arnold planifiait la c\u00e9l\u00e9bration de Gerrard depuis sept ans","og_description":"Trent Alexander-Arnold est l&#39;un de nos joueurs les plus talentueux et c&#39;est l&#39;une des principales raisons pour lesquelles nous sommes si nombreux \u00e0 vouloir qu&#39;il","og_url":"https:\/\/footdavant.fr\/actualites\/trent-alexander-arnold-planifiait-la-celebration-de-gerrard-depuis-sept-ans\/","og_site_name":"Foot d&#039;avant","article_publisher":"https:\/\/www.facebook.com\/Footdavant\/","article_published_time":"2024-10-25T23:49:03+00:00","article_modified_time":"2024-10-25T23:49:08+00:00","og_image":[{"width":1920,"height":960,"url":"https:\/\/footdavant.fr\/actualites\/wp-content\/uploads\/2024\/10\/1729900143_Trent-Alexander-Arnold-planifiait-la-celebration-de-Gerrard-depuis-sept-ans.jpg","type":"image\/jpeg"}],"author":"Cl\u00e9ment","twitter_card":"summary_large_image","twitter_creator":"@FootdavantFr","twitter_site":"@FootdavantFr","twitter_misc":{"\u00c9crit par":"Cl\u00e9ment","Dur\u00e9e de lecture estim\u00e9e":"2 minutes"},"schema":{"@context":"https:\/\/schema.org","@graph":[{"@type":"Article","@id":"https:\/\/footdavant.fr\/actualites\/trent-alexander-arnold-planifiait-la-celebration-de-gerrard-depuis-sept-ans\/#article","isPartOf":{"@id":"https:\/\/footdavant.fr\/actualites\/trent-alexander-arnold-planifiait-la-celebration-de-gerrard-depuis-sept-ans\/"},"author":{"name":"Cl\u00e9ment","@id":"https:\/\/footdavant.fr\/actualites\/#\/schema\/person\/bc222566d95871b37e597b3ed3ba5e1d"},"headline":"Trent Alexander-Arnold planifiait la c\u00e9l\u00e9bration de Gerrard depuis sept ans","datePublished":"2024-10-25T23:49:03+00:00","dateModified":"2024-10-25T23:49:08+00:00","mainEntityOfPage":{"@id":"https:\/\/footdavant.fr\/actualites\/trent-alexander-arnold-planifiait-la-celebration-de-gerrard-depuis-sept-ans\/"},"wordCount":406,"publisher":{"@id":"https:\/\/footdavant.fr\/actualites\/#organization"},"keywords":["AlexanderArnold","ans","c\u00e9l\u00e9bration","depuis","Gerrard","planifiait","sept","Trent"],"articleSection":["Football"],"inLanguage":"fr-FR"},{"@type":"WebPage","@id":"https:\/\/footdavant.fr\/actualites\/trent-alexander-arnold-planifiait-la-celebration-de-gerrard-depuis-sept-ans\/","url":"https:\/\/footdavant.fr\/actualites\/trent-alexander-arnold-planifiait-la-celebration-de-gerrard-depuis-sept-ans\/","name":"Trent Alexander-Arnold planifiait la c\u00e9l\u00e9bration de Gerrard depuis sept ans","isPartOf":{"@id":"https:\/\/footdavant.fr\/actualites\/#website"},"datePublished":"2024-10-25T23:49:03+00:00","dateModified":"2024-10-25T23:49:08+00:00","breadcrumb":{"@id":"https:\/\/footdavant.fr\/actualites\/trent-alexander-arnold-planifiait-la-celebration-de-gerrard-depuis-sept-ans\/#breadcrumb"},"inLanguage":"fr-FR","potentialAction":[{"@type":"ReadAction","target":["https:\/\/footdavant.fr\/actualites\/trent-alexander-arnold-planifiait-la-celebration-de-gerrard-depuis-sept-ans\/"]}]},{"@type":"BreadcrumbList","@id":"https:\/\/footdavant.fr\/actualites\/trent-alexander-arnold-planifiait-la-celebration-de-gerrard-depuis-sept-ans\/#breadcrumb","itemListElement":[{"@type":"ListItem","position":1,"name":"Accueil","item":"https:\/\/footdavant.fr\/actualites\/"},{"@type":"ListItem","position":2,"name":"Trent Alexander-Arnold planifiait la c\u00e9l\u00e9bration de Gerrard depuis sept ans"}]},{"@type":"WebSite","@id":"https:\/\/footdavant.fr\/actualites\/#website","url":"https:\/\/footdavant.fr\/actualites\/","name":"Foot d'avant","description":"","publisher":{"@id":"https:\/\/footdavant.fr\/actualites\/#organization"},"potentialAction":[{"@type":"SearchAction","target":{"@type":"EntryPoint","urlTemplate":"https:\/\/footdavant.fr\/actualites\/?s={search_term_string}"},"query-input":"required name=search_term_string"}],"inLanguage":"fr-FR"},{"@type":"Organization","@id":"https:\/\/footdavant.fr\/actualites\/#organization","name":"Foot d'avant","url":"https:\/\/footdavant.fr\/actualites\/","logo":{"@type":"ImageObject","inLanguage":"fr-FR","@id":"https:\/\/footdavant.fr\/actualites\/#\/schema\/logo\/image\/","url":"https:\/\/footdavant.fr\/actualites\/wp-content\/uploads\/2023\/09\/Copy-of-FootDavant-Logo.png","contentUrl":"https:\/\/footdavant.fr\/actualites\/wp-content\/uploads\/2023\/09\/Copy-of-FootDavant-Logo.png","width":936,"height":549,"caption":"Foot d'avant"},"image":{"@id":"https:\/\/footdavant.fr\/actualites\/#\/schema\/logo\/image\/"},"sameAs":["https:\/\/www.facebook.com\/Footdavant\/","https:\/\/twitter.com\/FootdavantFr","https:\/\/www.instagram.com\/footdavant.fr\/"]},{"@type":"Person","@id":"https:\/\/footdavant.fr\/actualites\/#\/schema\/person\/bc222566d95871b37e597b3ed3ba5e1d","name":"Cl\u00e9ment","image":{"@type":"ImageObject","inLanguage":"fr-FR","@id":"https:\/\/footdavant.fr\/actualites\/#\/schema\/person\/image\/","url":"https:\/\/secure.gravatar.com\/avatar\/7728b29aac2719421e1a9159b2254c44?s=96&d=mm&r=g","contentUrl":"https:\/\/secure.gravatar.com\/avatar\/7728b29aac2719421e1a9159b2254c44?s=96&d=mm&r=g","caption":"Cl\u00e9ment"},"sameAs":["https:\/\/footdavant.fr\/"]}]}},"_links":{"self":[{"href":"https:\/\/footdavant.fr\/actualites\/wp-json\/wp\/v2\/posts\/15275"}],"collection":[{"href":"https:\/\/footdavant.fr\/actualites\/wp-json\/wp\/v2\/posts"}],"about":[{"href":"https:\/\/footdavant.fr\/actualites\/wp-json\/wp\/v2\/types\/post"}],"author":[{"embeddable":true,"href":"https:\/\/footdavant.fr\/actualites\/wp-json\/wp\/v2\/users\/1"}],"replies":[{"embeddable":true,"href":"https:\/\/footdavant.fr\/actualites\/wp-json\/wp\/v2\/comments?post=15275"}],"version-history":[{"count":1,"href":"https:\/\/footdavant.fr\/actualites\/wp-json\/wp\/v2\/posts\/15275\/revisions"}],"predecessor-version":[{"id":15277,"href":"https:\/\/footdavant.fr\/actualites\/wp-json\/wp\/v2\/posts\/15275\/revisions\/15277"}],"wp:featuredmedia":[{"embeddable":true,"href":"https:\/\/footdavant.fr\/actualites\/wp-json\/wp\/v2\/media\/15276"}],"wp:attachment":[{"href":"https:\/\/footdavant.fr\/actualites\/wp-json\/wp\/v2\/media?parent=15275"}],"wp:term":[{"taxonomy":"category","embeddable":true,"href":"https:\/\/footdavant.fr\/actualites\/wp-json\/wp\/v2\/categories?post=15275"},{"taxonomy":"post_tag","embeddable":true,"href":"https:\/\/footdavant.fr\/actualites\/wp-json\/wp\/v2\/tags?post=15275"}],"curies":[{"name":"wp","href":"https:\/\/api.w.org\/{rel}","templated":true}]}}