{"id":15278,"date":"2024-10-26T02:48:16","date_gmt":"2024-10-26T00:48:16","guid":{"rendered":"https:\/\/footdavant.fr\/actualites\/le-duo-darsenal-manque-lentrainement-de-lequipe-avant-le-choc-du-shakhtar-apres-le-point-sur-la-blessure-de-mikel-arteta\/"},"modified":"2024-10-26T02:48:18","modified_gmt":"2024-10-26T00:48:18","slug":"le-duo-darsenal-manque-lentrainement-de-lequipe-avant-le-choc-du-shakhtar-apres-le-point-sur-la-blessure-de-mikel-arteta","status":"publish","type":"post","link":"https:\/\/footdavant.fr\/actualites\/le-duo-darsenal-manque-lentrainement-de-lequipe-avant-le-choc-du-shakhtar-apres-le-point-sur-la-blessure-de-mikel-arteta\/","title":{"rendered":"Le duo d\u2019Arsenal manque l\u2019entra\u00eenement de l\u2019\u00e9quipe avant le choc du Shakhtar apr\u00e8s le point sur la blessure de Mikel Arteta"},"content":{"rendered":"<p>Le duo d&#39;Arsenal Bukayo Saka et Jurrien Timber sont tous deux absents de la s\u00e9ance d&#39;entra\u00eenement des Gunners avant le choc de la Ligue des champions de mardi avec le Shakhtar Donetsk.<\/p>\n<div id=\"article_body\" itemprop=\"articleBody\">\n<h3 class=\"firstPara\">\n<strong class=\"autotag\">Arsenal<\/strong> duo <strong class=\"autotag\">Bukayo Saka<\/strong> et <strong class=\"autotag\">Jurrien Bois<\/strong> \u00e9taient tous deux absents de l&#39;entra\u00eenement de l&#39;\u00e9quipe avant le match de mardi <strong class=\"autotag\">Ligue des champions<\/strong> entrer en conflit avec <strong class=\"autotag\">Chakhtar Donetsk<\/strong> aux Emirats.<\/h3>\n<p><strong class=\"autotag\">Mikel Arteta<\/strong> a d\u00e9clar\u00e9 lors de la conf\u00e9rence de presse d&#39;avant-match de lundi que <strong>les deux hommes \u00e9taient \u00ab sur le point \u00bb de revenir de leurs blessures respectives<\/strong>mais il n&#39;a offert aucune garantie sur leur forme physique.<\/p>\n<p>Timber n&#39;a pas jou\u00e9 depuis qu&#39;il a subi un probl\u00e8me musculaire contre le Paris Saint-Germain le 1er octobre, tandis que Saka s&#39;est bless\u00e9 aux ischio-jambiers lors de l&#39;attaque. <strong>D\u00e9faite de l&#39;Angleterre en UEFA Nations League contre la Gr\u00e8ce<\/strong> ce mois-ci.<\/p>\n<p>Ce dernier esp\u00e9rait soi-disant \u00eatre impliqu\u00e9 dans le choc de Premier League contre Bournemouth ce week-end, mais il n&#39;a finalement pas r\u00e9ussi \u00e0 se qualifier. <strong>Arsenal s&#39;incline 2-0<\/strong>.<\/p>\n<p>Les chances de Saka d&#39;\u00eatre apte \u00e0 la visite du Shakhtar semblent \u00e9galement minces, puisque ni lui ni Timber n&#39;ont \u00e9t\u00e9 rep\u00e9r\u00e9s au d\u00e9but de la s\u00e9ance d&#39;entra\u00eenement, qui a \u00e9t\u00e9 ouverte aux m\u00e9dias.<\/p>\n<h2 class=\"k3\">Saka et Timber manqueront probablement le match du Shakhtar<\/h2>\n<blockquote class=\"twitter-tweet\">\n<p lang=\"en\" dir=\"ltr\">\ud83d\udcf8 Bukayo Saka n&#39;a PAS \u00e9merg\u00e9 avec le reste de l&#39;\u00e9quipe d&#39;Arsenal pour l&#39;\u00e9chauffement initial de leur s\u00e9ance d&#39;entra\u00eenement maintenant. <a rel=\"nofollow\" href=\"https:\/\/t.co\/a1dx8dwzKy\">pic.twitter.com\/a1dx8dwzKy<\/a><\/p>\n<p>\u2013 Connor Humm (@TikiTakaConnor) <a rel=\"nofollow\" href=\"https:\/\/twitter.com\/TikiTakaConnor\/status\/1848359042395099621?ref_src=twsrc%5Etfw\">21 octobre 2024<\/a>\n<\/p><\/blockquote>\n<p>Outre l&#39;attaquant anglais et le d\u00e9fenseur n\u00e9erlandais, le capitaine Martin Odegaard \u00e9tait \u00e9galement absent du groupe, m\u00eame si Arteta avait d\u00e9j\u00e0 exclu l&#39;international norv\u00e9gien du match de mardi.<\/p>\n<p><strong class=\"autotag\">Takehiro Tomiyasu<\/strong>OMS <strong>vient de subir un nouveau revers<\/strong> imm\u00e9diatement apr\u00e8s son retour d&#39;un probl\u00e8me au genou, \u00e9tait introuvable non plus, et victime des ischio-jambiers <strong class=\"autotag\">Kieran Tierney<\/strong> ne devrait pas \u00eatre impliqu\u00e9 mardi.<\/p>\n<p>Cependant, <strong class=\"autotag\">William Saliba<\/strong> sera en mesure de jouer malgr\u00e9 son expulsion lors de la d\u00e9faite de Bournemouth, car sa suspension ne s&#39;applique qu&#39;aux matchs nationaux, mais il sera absent pour le choc crucial avec Liverpool ce week-end.<\/p>\n<p>Gardien de deuxi\u00e8me choix <strong class=\"autotag\">N\u00e9to<\/strong> devrait \u00e9galement \u00eatre de retour dans l&#39;\u00e9quipe apr\u00e8s avoir \u00e9t\u00e9 in\u00e9ligible pour affronter le club parent de Bournemouth ce week-end, alors qu&#39;Arsenal vise une deuxi\u00e8me victoire en trois matches europ\u00e9ens cette saison.<\/p>\n<p><strong>Les hommes d&#39;Arteta ont battu le Paris Saint-Germain 2-0<\/strong> le 1er octobre, deux semaines apr\u00e8s leur match nul et vierge contre l&#39;Atalanta BC, vainqueur de la Ligue Europa, et les Gunners occupent la 13e place du classement de la phase de ligue.<\/p>\n<h2 class=\"k3\">L&#39;absence de Saka pourrait-elle conduire \u00e0 <strong class=\"autotag\">Ethan Nwaneri<\/strong> commencer?<\/h2>\n<p class=\"imgI\">\n<p>Avec Saka absent ce week-end, <strong class=\"autotag\">Raheem Sterling<\/strong> a d\u00e9but\u00e9 sur l&#39;aile droite au Vitality Stadium, mais le pr\u00eat\u00e9 de Chelsea a \u00e9t\u00e9 le joueur malheureux \u00e0 \u00eatre sacrifi\u00e9 pour un d\u00e9fenseur suppl\u00e9mentaire lorsque Saliba a re\u00e7u ses ordres de marche.<\/p>\n<p>Sterling aura probablement une autre chance sur le c\u00f4t\u00e9 droit apr\u00e8s avoir \u00e9t\u00e9 expuls\u00e9 sans faute de sa part ce week-end, mais le prot\u00e9g\u00e9 de 17 ans Ethan Nwaneri est une autre option en attendant ses d\u00e9buts en Ligue des champions.<\/p>\n<p>Arteta a \u00e9t\u00e9 interrog\u00e9 lors de sa conf\u00e9rence de presse d&#39;avant-match si l&#39;adolescent anglais pouvait \u00eatre vu d\u00e8s le premier coup de sifflet mardi, bien qu&#39;il ait laiss\u00e9 entendre qu&#39;il continuerait avec son approche prudente.<\/p>\n<p>\u00ab\u00a0Je pense qu&#39;il s&#39;agit d&#39;identifier les moments, de comprendre o\u00f9 il se trouve, o\u00f9 se trouve l&#39;\u00e9quipe et quel est le moment optimal pour lancer un joueur dans ce contexte\u00a0\u00bb, a d\u00e9clar\u00e9 Arteta. \u00ab\u00a0Il a d\u00e9j\u00e0 fait beaucoup de choses en tr\u00e8s peu de temps. Alors allons-y \u00e9tape par \u00e9tape et assurons-nous que ces \u00e9tapes sont coh\u00e9rentes et peuvent lui permettre de grandir de la mani\u00e8re et de la forme que nous voulons qu&#39;il soit dans l&#39;\u00e9quipe.\u00a0\u00bb<\/p>\n<p>Arsenal a battu le Shakhtar Donetsk lors de ses deux matchs pr\u00e9c\u00e9dents aux Emirats, et ses visiteurs attendent toujours leur premi\u00e8re victoire et leur premier but du tournoi, faisant match nul 0-0 avec Bologne en premier avant une d\u00e9faite 3-0 contre l&#39;Atalanta la derni\u00e8re fois. .<\/p>\n<\/div>\n<p><script async src=\"https:\/\/platform.twitter.com\/widgets.js\" charset=\"utf-8\"><\/script><\/p>\n","protected":false},"excerpt":{"rendered":"<p>Le duo d&#39;Arsenal Bukayo Saka et Jurrien Timber sont tous deux absents de la s\u00e9ance d&#39;entra\u00eenement des Gunners avant le choc de la Ligue des<\/p>\n","protected":false},"author":1,"featured_media":15128,"comment_status":"closed","ping_status":"","sticky":false,"template":"","format":"standard","meta":{"footnotes":""},"categories":[4],"tags":[25,211,491,15,332,59,469,519,9,476,210,153,158,103],"yoast_head":"<!-- This site is optimized with the Yoast SEO plugin v21.0 - https:\/\/yoast.com\/wordpress\/plugins\/seo\/ -->\n<title>Le duo d\u2019Arsenal manque l\u2019entra\u00eenement de l\u2019\u00e9quipe avant le choc du Shakhtar apr\u00e8s le point sur la blessure de Mikel Arteta<\/title>\n<meta name=\"robots\" content=\"index, follow, max-snippet:-1, max-image-preview:large, max-video-preview:-1\" \/>\n<link rel=\"canonical\" href=\"https:\/\/footdavant.fr\/actualites\/le-duo-darsenal-manque-lentrainement-de-lequipe-avant-le-choc-du-shakhtar-apres-le-point-sur-la-blessure-de-mikel-arteta\/\" \/>\n<meta property=\"og:locale\" content=\"fr_FR\" \/>\n<meta property=\"og:type\" content=\"article\" \/>\n<meta property=\"og:title\" content=\"Le duo d\u2019Arsenal manque l\u2019entra\u00eenement de l\u2019\u00e9quipe avant le choc du Shakhtar apr\u00e8s le point sur la blessure de Mikel Arteta\" \/>\n<meta property=\"og:description\" content=\"Le duo d&#039;Arsenal Bukayo Saka et Jurrien Timber sont tous deux absents de la s\u00e9ance d&#039;entra\u00eenement des Gunners avant le choc de la Ligue des\" \/>\n<meta property=\"og:url\" content=\"https:\/\/footdavant.fr\/actualites\/le-duo-darsenal-manque-lentrainement-de-lequipe-avant-le-choc-du-shakhtar-apres-le-point-sur-la-blessure-de-mikel-arteta\/\" \/>\n<meta property=\"og:site_name\" content=\"Foot d&#039;avant\" \/>\n<meta property=\"article:publisher\" content=\"https:\/\/www.facebook.com\/Footdavant\/\" \/>\n<meta property=\"article:published_time\" content=\"2024-10-26T00:48:16+00:00\" \/>\n<meta property=\"article:modified_time\" content=\"2024-10-26T00:48:18+00:00\" \/>\n<meta property=\"og:image\" content=\"https:\/\/footdavant.fr\/actualites\/wp-content\/uploads\/2024\/10\/Blessure-a-Arsenal-liste-des-suspensions-et-dates-de-retour.jpg\" \/>\n\t<meta property=\"og:image:width\" content=\"1280\" \/>\n\t<meta property=\"og:image:height\" content=\"960\" \/>\n\t<meta property=\"og:image:type\" content=\"image\/jpeg\" \/>\n<meta name=\"author\" content=\"Cl\u00e9ment\" \/>\n<meta name=\"twitter:card\" content=\"summary_large_image\" \/>\n<meta name=\"twitter:creator\" content=\"@FootdavantFr\" \/>\n<meta name=\"twitter:site\" content=\"@FootdavantFr\" \/>\n<meta name=\"twitter:label1\" content=\"\u00c9crit par\" \/>\n\t<meta name=\"twitter:data1\" content=\"Cl\u00e9ment\" \/>\n\t<meta name=\"twitter:label2\" content=\"Dur\u00e9e de lecture estim\u00e9e\" \/>\n\t<meta name=\"twitter:data2\" content=\"4 minutes\" \/>\n<script type=\"application\/ld+json\" class=\"yoast-schema-graph\">{\"@context\":\"https:\/\/schema.org\",\"@graph\":[{\"@type\":\"Article\",\"@id\":\"https:\/\/footdavant.fr\/actualites\/le-duo-darsenal-manque-lentrainement-de-lequipe-avant-le-choc-du-shakhtar-apres-le-point-sur-la-blessure-de-mikel-arteta\/#article\",\"isPartOf\":{\"@id\":\"https:\/\/footdavant.fr\/actualites\/le-duo-darsenal-manque-lentrainement-de-lequipe-avant-le-choc-du-shakhtar-apres-le-point-sur-la-blessure-de-mikel-arteta\/\"},\"author\":{\"name\":\"Cl\u00e9ment\",\"@id\":\"https:\/\/footdavant.fr\/actualites\/#\/schema\/person\/bc222566d95871b37e597b3ed3ba5e1d\"},\"headline\":\"Le duo d\u2019Arsenal manque l\u2019entra\u00eenement de l\u2019\u00e9quipe avant le choc du Shakhtar apr\u00e8s le point sur la blessure de Mikel Arteta\",\"datePublished\":\"2024-10-26T00:48:16+00:00\",\"dateModified\":\"2024-10-26T00:48:18+00:00\",\"mainEntityOfPage\":{\"@id\":\"https:\/\/footdavant.fr\/actualites\/le-duo-darsenal-manque-lentrainement-de-lequipe-avant-le-choc-du-shakhtar-apres-le-point-sur-la-blessure-de-mikel-arteta\/\"},\"wordCount\":781,\"publisher\":{\"@id\":\"https:\/\/footdavant.fr\/actualites\/#organization\"},\"keywords\":[\"apr\u00e8s\",\"Arteta\",\"avant\",\"Blessure\",\"choc\",\"dArsenal\",\"duo\",\"lentra\u00eenement\",\"l\u00e9quipe\",\"manque\",\"Mikel\",\"point\",\"Shakhtar\",\"sur\"],\"articleSection\":[\"Champions League\"],\"inLanguage\":\"fr-FR\"},{\"@type\":\"WebPage\",\"@id\":\"https:\/\/footdavant.fr\/actualites\/le-duo-darsenal-manque-lentrainement-de-lequipe-avant-le-choc-du-shakhtar-apres-le-point-sur-la-blessure-de-mikel-arteta\/\",\"url\":\"https:\/\/footdavant.fr\/actualites\/le-duo-darsenal-manque-lentrainement-de-lequipe-avant-le-choc-du-shakhtar-apres-le-point-sur-la-blessure-de-mikel-arteta\/\",\"name\":\"Le duo d\u2019Arsenal manque l\u2019entra\u00eenement de l\u2019\u00e9quipe avant le choc du Shakhtar apr\u00e8s le point sur la blessure de Mikel Arteta\",\"isPartOf\":{\"@id\":\"https:\/\/footdavant.fr\/actualites\/#website\"},\"datePublished\":\"2024-10-26T00:48:16+00:00\",\"dateModified\":\"2024-10-26T00:48:18+00:00\",\"breadcrumb\":{\"@id\":\"https:\/\/footdavant.fr\/actualites\/le-duo-darsenal-manque-lentrainement-de-lequipe-avant-le-choc-du-shakhtar-apres-le-point-sur-la-blessure-de-mikel-arteta\/#breadcrumb\"},\"inLanguage\":\"fr-FR\",\"potentialAction\":[{\"@type\":\"ReadAction\",\"target\":[\"https:\/\/footdavant.fr\/actualites\/le-duo-darsenal-manque-lentrainement-de-lequipe-avant-le-choc-du-shakhtar-apres-le-point-sur-la-blessure-de-mikel-arteta\/\"]}]},{\"@type\":\"BreadcrumbList\",\"@id\":\"https:\/\/footdavant.fr\/actualites\/le-duo-darsenal-manque-lentrainement-de-lequipe-avant-le-choc-du-shakhtar-apres-le-point-sur-la-blessure-de-mikel-arteta\/#breadcrumb\",\"itemListElement\":[{\"@type\":\"ListItem\",\"position\":1,\"name\":\"Accueil\",\"item\":\"https:\/\/footdavant.fr\/actualites\/\"},{\"@type\":\"ListItem\",\"position\":2,\"name\":\"Le duo d\u2019Arsenal manque l\u2019entra\u00eenement de l\u2019\u00e9quipe avant le choc du Shakhtar apr\u00e8s le point sur la blessure de Mikel Arteta\"}]},{\"@type\":\"WebSite\",\"@id\":\"https:\/\/footdavant.fr\/actualites\/#website\",\"url\":\"https:\/\/footdavant.fr\/actualites\/\",\"name\":\"Foot d'avant\",\"description\":\"\",\"publisher\":{\"@id\":\"https:\/\/footdavant.fr\/actualites\/#organization\"},\"potentialAction\":[{\"@type\":\"SearchAction\",\"target\":{\"@type\":\"EntryPoint\",\"urlTemplate\":\"https:\/\/footdavant.fr\/actualites\/?s={search_term_string}\"},\"query-input\":\"required name=search_term_string\"}],\"inLanguage\":\"fr-FR\"},{\"@type\":\"Organization\",\"@id\":\"https:\/\/footdavant.fr\/actualites\/#organization\",\"name\":\"Foot d'avant\",\"url\":\"https:\/\/footdavant.fr\/actualites\/\",\"logo\":{\"@type\":\"ImageObject\",\"inLanguage\":\"fr-FR\",\"@id\":\"https:\/\/footdavant.fr\/actualites\/#\/schema\/logo\/image\/\",\"url\":\"https:\/\/footdavant.fr\/actualites\/wp-content\/uploads\/2023\/09\/Copy-of-FootDavant-Logo.png\",\"contentUrl\":\"https:\/\/footdavant.fr\/actualites\/wp-content\/uploads\/2023\/09\/Copy-of-FootDavant-Logo.png\",\"width\":936,\"height\":549,\"caption\":\"Foot d'avant\"},\"image\":{\"@id\":\"https:\/\/footdavant.fr\/actualites\/#\/schema\/logo\/image\/\"},\"sameAs\":[\"https:\/\/www.facebook.com\/Footdavant\/\",\"https:\/\/twitter.com\/FootdavantFr\",\"https:\/\/www.instagram.com\/footdavant.fr\/\"]},{\"@type\":\"Person\",\"@id\":\"https:\/\/footdavant.fr\/actualites\/#\/schema\/person\/bc222566d95871b37e597b3ed3ba5e1d\",\"name\":\"Cl\u00e9ment\",\"image\":{\"@type\":\"ImageObject\",\"inLanguage\":\"fr-FR\",\"@id\":\"https:\/\/footdavant.fr\/actualites\/#\/schema\/person\/image\/\",\"url\":\"https:\/\/secure.gravatar.com\/avatar\/7728b29aac2719421e1a9159b2254c44?s=96&d=mm&r=g\",\"contentUrl\":\"https:\/\/secure.gravatar.com\/avatar\/7728b29aac2719421e1a9159b2254c44?s=96&d=mm&r=g\",\"caption\":\"Cl\u00e9ment\"},\"sameAs\":[\"https:\/\/footdavant.fr\/\"]}]}<\/script>\n<!-- \/ Yoast SEO plugin. -->","yoast_head_json":{"title":"Le duo d\u2019Arsenal manque l\u2019entra\u00eenement de l\u2019\u00e9quipe avant le choc du Shakhtar apr\u00e8s le point sur la blessure de Mikel Arteta","robots":{"index":"index","follow":"follow","max-snippet":"max-snippet:-1","max-image-preview":"max-image-preview:large","max-video-preview":"max-video-preview:-1"},"canonical":"https:\/\/footdavant.fr\/actualites\/le-duo-darsenal-manque-lentrainement-de-lequipe-avant-le-choc-du-shakhtar-apres-le-point-sur-la-blessure-de-mikel-arteta\/","og_locale":"fr_FR","og_type":"article","og_title":"Le duo d\u2019Arsenal manque l\u2019entra\u00eenement de l\u2019\u00e9quipe avant le choc du Shakhtar apr\u00e8s le point sur la blessure de Mikel Arteta","og_description":"Le duo d&#39;Arsenal Bukayo Saka et Jurrien Timber sont tous deux absents de la s\u00e9ance d&#39;entra\u00eenement des Gunners avant le choc de la Ligue des","og_url":"https:\/\/footdavant.fr\/actualites\/le-duo-darsenal-manque-lentrainement-de-lequipe-avant-le-choc-du-shakhtar-apres-le-point-sur-la-blessure-de-mikel-arteta\/","og_site_name":"Foot d&#039;avant","article_publisher":"https:\/\/www.facebook.com\/Footdavant\/","article_published_time":"2024-10-26T00:48:16+00:00","article_modified_time":"2024-10-26T00:48:18+00:00","og_image":[{"width":1280,"height":960,"url":"https:\/\/footdavant.fr\/actualites\/wp-content\/uploads\/2024\/10\/Blessure-a-Arsenal-liste-des-suspensions-et-dates-de-retour.jpg","type":"image\/jpeg"}],"author":"Cl\u00e9ment","twitter_card":"summary_large_image","twitter_creator":"@FootdavantFr","twitter_site":"@FootdavantFr","twitter_misc":{"\u00c9crit par":"Cl\u00e9ment","Dur\u00e9e de lecture estim\u00e9e":"4 minutes"},"schema":{"@context":"https:\/\/schema.org","@graph":[{"@type":"Article","@id":"https:\/\/footdavant.fr\/actualites\/le-duo-darsenal-manque-lentrainement-de-lequipe-avant-le-choc-du-shakhtar-apres-le-point-sur-la-blessure-de-mikel-arteta\/#article","isPartOf":{"@id":"https:\/\/footdavant.fr\/actualites\/le-duo-darsenal-manque-lentrainement-de-lequipe-avant-le-choc-du-shakhtar-apres-le-point-sur-la-blessure-de-mikel-arteta\/"},"author":{"name":"Cl\u00e9ment","@id":"https:\/\/footdavant.fr\/actualites\/#\/schema\/person\/bc222566d95871b37e597b3ed3ba5e1d"},"headline":"Le duo d\u2019Arsenal manque l\u2019entra\u00eenement de l\u2019\u00e9quipe avant le choc du Shakhtar apr\u00e8s le point sur la blessure de Mikel Arteta","datePublished":"2024-10-26T00:48:16+00:00","dateModified":"2024-10-26T00:48:18+00:00","mainEntityOfPage":{"@id":"https:\/\/footdavant.fr\/actualites\/le-duo-darsenal-manque-lentrainement-de-lequipe-avant-le-choc-du-shakhtar-apres-le-point-sur-la-blessure-de-mikel-arteta\/"},"wordCount":781,"publisher":{"@id":"https:\/\/footdavant.fr\/actualites\/#organization"},"keywords":["apr\u00e8s","Arteta","avant","Blessure","choc","dArsenal","duo","lentra\u00eenement","l\u00e9quipe","manque","Mikel","point","Shakhtar","sur"],"articleSection":["Champions League"],"inLanguage":"fr-FR"},{"@type":"WebPage","@id":"https:\/\/footdavant.fr\/actualites\/le-duo-darsenal-manque-lentrainement-de-lequipe-avant-le-choc-du-shakhtar-apres-le-point-sur-la-blessure-de-mikel-arteta\/","url":"https:\/\/footdavant.fr\/actualites\/le-duo-darsenal-manque-lentrainement-de-lequipe-avant-le-choc-du-shakhtar-apres-le-point-sur-la-blessure-de-mikel-arteta\/","name":"Le duo d\u2019Arsenal manque l\u2019entra\u00eenement de l\u2019\u00e9quipe avant le choc du Shakhtar apr\u00e8s le point sur la blessure de Mikel Arteta","isPartOf":{"@id":"https:\/\/footdavant.fr\/actualites\/#website"},"datePublished":"2024-10-26T00:48:16+00:00","dateModified":"2024-10-26T00:48:18+00:00","breadcrumb":{"@id":"https:\/\/footdavant.fr\/actualites\/le-duo-darsenal-manque-lentrainement-de-lequipe-avant-le-choc-du-shakhtar-apres-le-point-sur-la-blessure-de-mikel-arteta\/#breadcrumb"},"inLanguage":"fr-FR","potentialAction":[{"@type":"ReadAction","target":["https:\/\/footdavant.fr\/actualites\/le-duo-darsenal-manque-lentrainement-de-lequipe-avant-le-choc-du-shakhtar-apres-le-point-sur-la-blessure-de-mikel-arteta\/"]}]},{"@type":"BreadcrumbList","@id":"https:\/\/footdavant.fr\/actualites\/le-duo-darsenal-manque-lentrainement-de-lequipe-avant-le-choc-du-shakhtar-apres-le-point-sur-la-blessure-de-mikel-arteta\/#breadcrumb","itemListElement":[{"@type":"ListItem","position":1,"name":"Accueil","item":"https:\/\/footdavant.fr\/actualites\/"},{"@type":"ListItem","position":2,"name":"Le duo d\u2019Arsenal manque l\u2019entra\u00eenement de l\u2019\u00e9quipe avant le choc du Shakhtar apr\u00e8s le point sur la blessure de Mikel Arteta"}]},{"@type":"WebSite","@id":"https:\/\/footdavant.fr\/actualites\/#website","url":"https:\/\/footdavant.fr\/actualites\/","name":"Foot d'avant","description":"","publisher":{"@id":"https:\/\/footdavant.fr\/actualites\/#organization"},"potentialAction":[{"@type":"SearchAction","target":{"@type":"EntryPoint","urlTemplate":"https:\/\/footdavant.fr\/actualites\/?s={search_term_string}"},"query-input":"required name=search_term_string"}],"inLanguage":"fr-FR"},{"@type":"Organization","@id":"https:\/\/footdavant.fr\/actualites\/#organization","name":"Foot d'avant","url":"https:\/\/footdavant.fr\/actualites\/","logo":{"@type":"ImageObject","inLanguage":"fr-FR","@id":"https:\/\/footdavant.fr\/actualites\/#\/schema\/logo\/image\/","url":"https:\/\/footdavant.fr\/actualites\/wp-content\/uploads\/2023\/09\/Copy-of-FootDavant-Logo.png","contentUrl":"https:\/\/footdavant.fr\/actualites\/wp-content\/uploads\/2023\/09\/Copy-of-FootDavant-Logo.png","width":936,"height":549,"caption":"Foot d'avant"},"image":{"@id":"https:\/\/footdavant.fr\/actualites\/#\/schema\/logo\/image\/"},"sameAs":["https:\/\/www.facebook.com\/Footdavant\/","https:\/\/twitter.com\/FootdavantFr","https:\/\/www.instagram.com\/footdavant.fr\/"]},{"@type":"Person","@id":"https:\/\/footdavant.fr\/actualites\/#\/schema\/person\/bc222566d95871b37e597b3ed3ba5e1d","name":"Cl\u00e9ment","image":{"@type":"ImageObject","inLanguage":"fr-FR","@id":"https:\/\/footdavant.fr\/actualites\/#\/schema\/person\/image\/","url":"https:\/\/secure.gravatar.com\/avatar\/7728b29aac2719421e1a9159b2254c44?s=96&d=mm&r=g","contentUrl":"https:\/\/secure.gravatar.com\/avatar\/7728b29aac2719421e1a9159b2254c44?s=96&d=mm&r=g","caption":"Cl\u00e9ment"},"sameAs":["https:\/\/footdavant.fr\/"]}]}},"_links":{"self":[{"href":"https:\/\/footdavant.fr\/actualites\/wp-json\/wp\/v2\/posts\/15278"}],"collection":[{"href":"https:\/\/footdavant.fr\/actualites\/wp-json\/wp\/v2\/posts"}],"about":[{"href":"https:\/\/footdavant.fr\/actualites\/wp-json\/wp\/v2\/types\/post"}],"author":[{"embeddable":true,"href":"https:\/\/footdavant.fr\/actualites\/wp-json\/wp\/v2\/users\/1"}],"replies":[{"embeddable":true,"href":"https:\/\/footdavant.fr\/actualites\/wp-json\/wp\/v2\/comments?post=15278"}],"version-history":[{"count":1,"href":"https:\/\/footdavant.fr\/actualites\/wp-json\/wp\/v2\/posts\/15278\/revisions"}],"predecessor-version":[{"id":15279,"href":"https:\/\/footdavant.fr\/actualites\/wp-json\/wp\/v2\/posts\/15278\/revisions\/15279"}],"wp:featuredmedia":[{"embeddable":true,"href":"https:\/\/footdavant.fr\/actualites\/wp-json\/wp\/v2\/media\/15128"}],"wp:attachment":[{"href":"https:\/\/footdavant.fr\/actualites\/wp-json\/wp\/v2\/media?parent=15278"}],"wp:term":[{"taxonomy":"category","embeddable":true,"href":"https:\/\/footdavant.fr\/actualites\/wp-json\/wp\/v2\/categories?post=15278"},{"taxonomy":"post_tag","embeddable":true,"href":"https:\/\/footdavant.fr\/actualites\/wp-json\/wp\/v2\/tags?post=15278"}],"curies":[{"name":"wp","href":"https:\/\/api.w.org\/{rel}","templated":true}]}}