{"id":15280,"date":"2024-10-26T03:50:05","date_gmt":"2024-10-26T01:50:05","guid":{"rendered":"https:\/\/footdavant.fr\/actualites\/pur-talent-man-united-envisage-t-il-de-recruter-le-prodige-argentin-lie-a-liverpool\/"},"modified":"2024-10-26T03:50:06","modified_gmt":"2024-10-26T01:50:06","slug":"pur-talent-man-united-envisage-t-il-de-recruter-le-prodige-argentin-lie-a-liverpool","status":"publish","type":"post","link":"https:\/\/footdavant.fr\/actualites\/pur-talent-man-united-envisage-t-il-de-recruter-le-prodige-argentin-lie-a-liverpool\/","title":{"rendered":"\u00ab\u00a0Pur talent\u00a0\u00bb &#8211; Man United envisage-t-il de recruter le prodige argentin li\u00e9 \u00e0 Liverpool ?"},"content":{"rendered":"<p>Manchester United suivrait l&#39;international argentin des moins de 23 ans Julio Soler, en vue d&#39;un \u00e9ventuel transfert futur de l&#39;arri\u00e8re gauche tr\u00e8s appr\u00e9ci\u00e9. <\/p>\n<div id=\"article_body\" itemprop=\"articleBody\">\n<h3 class=\"firstPara\">\n<strong class=\"autotag\">Manchester United<\/strong> auraient suivi l&#39;international argentin des moins de 23 ans <strong class=\"autotag\">Julio Soler<\/strong>en vue d\u2019un \u00e9ventuel transfert futur.<\/h3>\n<p>Les Diables Rouges ont connu un \u00e9t\u00e9 charg\u00e9, INEOS ayant pris des mesures importantes pour renforcer l&#39;\u00e9quipe suite \u00e0 leur r\u00e9cent rachat.<\/p>\n<p>United a fait venir des joueurs comme <strong class=\"autotag\">L\u00e9ny Yoro<\/strong>, <strong class=\"autotag\">Josu\u00e9 Zirkzee<\/strong> et <strong class=\"autotag\">Manuel Ugart\u00e9<\/strong>et m\u00eame s&#39;il y avait des rumeurs selon lesquelles ils envisageaient une d\u00e9cision pour <strong class=\"autotag\">Ben Chilwell<\/strong>rien ne s&#39;est concr\u00e9tis\u00e9. <\/p>\n<p>Par cons\u00e9quent, <strong class=\"autotag\">Erik Ten Hag<\/strong>L&#39;\u00e9quipe de s&#39;est retrouv\u00e9e sans arri\u00e8re gauche reconnu cette saison, les deux <strong class=\"autotag\">Luc Shaw<\/strong> et <strong class=\"autotag\">Tyrell Malacia<\/strong> mis \u00e0 l&#39;\u00e9cart depuis le d\u00e9but de la pr\u00e9-saison. <\/p>\n<p>Le Bayern Munich <strong class=\"autotag\">Alphonso Davies<\/strong> et ancien dipl\u00f4m\u00e9 de la United Academy <strong class=\"autotag\">\u00c1lvaro Fern\u00e1ndez<\/strong> font partie des joueurs qui ont r\u00e9cemment \u00e9t\u00e9 associ\u00e9s \u00e0 un transfert \u00e0 Old Trafford, mais les Red Devils ont peut-\u00eatre maintenant trouv\u00e9 une solution potentielle \u00e0 long terme \u00e0 leur probl\u00e8me d&#39;arri\u00e8re gauche. <\/p>\n<p class=\"imgI\">\n<h2 class=\"k3\">Man United envisage une d\u00e9cision pour Julio Soler<\/h2>\n<p>Selon <em>Football TBR<\/em>Man United a ajout\u00e9 Soler \u00e0 sa liste de cibles arri\u00e8re et le surveille actuellement pour un \u00e9ventuel transfert futur.<\/p>\n<p>A seulement 19 ans, le <strong class=\"autotag\">Lanus<\/strong> La sensation a d\u00e9j\u00e0 \u00e9t\u00e9 convoqu\u00e9e dans l&#39;\u00e9quipe senior d&#39;Argentine et a repr\u00e9sent\u00e9 son pays aux Jeux olympiques de Paris 2024 au cours de l&#39;\u00e9t\u00e9. <\/p>\n<p>Le rapport ajoute que le talent de Soler n&#39;est pas pass\u00e9 inaper\u00e7u, plusieurs clubs europ\u00e9ens, dont Liverpool, ayant manifest\u00e9 leur int\u00e9r\u00eat ces derniers mois. <\/p>\n<p>L&#39;adolescent argentin est largement consid\u00e9r\u00e9 comme un \u00ab\u00a0pur talent\u00a0\u00bb et son contrat avec son employeur actuel court jusqu&#39;\u00e0 l&#39;\u00e9t\u00e9 2026. <\/p>\n<p>Ten Hag a d\u00fb se d\u00e9ployer <strong class=\"autotag\">Diogo Dalot<\/strong>naturellement arri\u00e8re droit, sur le c\u00f4t\u00e9 gauche pour la plupart des matches cette saison, tandis qu&#39;une nouvelle recrue <strong class=\"autotag\">Noussair Mazraoui<\/strong> a \u00e9galement remplac\u00e9 en cas de besoin.<\/p>\n<p class=\"imgI\"><img decoding=\"async\" loading=\"lazy\" class=\"l\" src=\"https:\/\/footdavant.fr\/actualites\/wp-content\/uploads\/2024\/10\/1729907405_316_Pur-talent-Man-United-envisage-t-il-de-recruter-le-prodige.jpg\" title=\"Le d\u00e9fenseur de Manchester United Luke Shaw le 18 f\u00e9vrier 2024\" alt=\"Le d\u00e9fenseur de Manchester United Luke Shaw le 18 f\u00e9vrier 2024\" width=\"640\" height=\"480\"> <\/p>\n<h2 class=\"k3\">Man United donnera la priorit\u00e9 \u00e0 la nouvelle signature d&#39;arri\u00e8re gauche<\/h2>\n<p>Man United a fait un tr\u00e8s mauvais d\u00e9but de Premier League cette saison, et bien qu&#39;ils aient d\u00e9pens\u00e9 de l&#39;argent au cours de l&#39;\u00e9t\u00e9 pour de nouvelles recrues, la plupart des fans conviennent que les Red Devils doivent donner la priorit\u00e9 \u00e0 un arri\u00e8re gauche en janvier. <\/p>\n<p>Shaw a \u00e9t\u00e9 en proie \u00e0 des blessures au cours des 12 \u00e0 18 derniers mois et a rat\u00e9 la majeure partie de la saison derni\u00e8re, alors qu&#39;il n&#39;a pas encore fait son apparition pour le club dans cette campagne. <\/p>\n<p>Malacia n&#39;a pas disput\u00e9 de match de comp\u00e9tition pour United depuis mai 2023 en raison d&#39;une grave blessure au genou, et m\u00eame s&#39;il aurait fait des progr\u00e8s positifs dans sa convalescence, il est peu probable qu&#39;il soit en pleine forme dans un avenir proche. <\/p>\n<p>Lors des s\u00e9ances d&#39;entra\u00eenement \u00e0 Carrington, le N\u00e9erlandais s&#39;est activement engag\u00e9 dans des exercices d&#39;\u00e9chauffement et les m\u00e9decins du club sont optimistes que l&#39;agilit\u00e9 requise lors de ces exercices acc\u00e9l\u00e9rera sa r\u00e9\u00e9ducation.<\/p>\n<\/div>\n","protected":false},"excerpt":{"rendered":"<p>Manchester United suivrait l&#39;international argentin des moins de 23 ans Julio Soler, en vue d&#39;un \u00e9ventuel transfert futur de l&#39;arri\u00e8re gauche tr\u00e8s appr\u00e9ci\u00e9. Manchester United<\/p>\n","protected":false},"author":1,"featured_media":15281,"comment_status":"closed","ping_status":"","sticky":false,"template":"","format":"standard","meta":{"footnotes":""},"categories":[5],"tags":[6860,262,301,53,24,4217,6859,1284,3794,13],"yoast_head":"<!-- This site is optimized with the Yoast SEO plugin v21.0 - https:\/\/yoast.com\/wordpress\/plugins\/seo\/ -->\n<title>&quot;Pur talent&quot; - Man United envisage-t-il de recruter le prodige argentin li\u00e9 \u00e0 Liverpool ?<\/title>\n<meta name=\"robots\" content=\"index, follow, max-snippet:-1, max-image-preview:large, max-video-preview:-1\" \/>\n<link rel=\"canonical\" href=\"https:\/\/footdavant.fr\/actualites\/pur-talent-man-united-envisage-t-il-de-recruter-le-prodige-argentin-lie-a-liverpool\/\" \/>\n<meta property=\"og:locale\" content=\"fr_FR\" \/>\n<meta property=\"og:type\" content=\"article\" \/>\n<meta property=\"og:title\" content=\"&quot;Pur talent&quot; - Man United envisage-t-il de recruter le prodige argentin li\u00e9 \u00e0 Liverpool ?\" \/>\n<meta property=\"og:description\" content=\"Manchester United suivrait l&#039;international argentin des moins de 23 ans Julio Soler, en vue d&#039;un \u00e9ventuel transfert futur de l&#039;arri\u00e8re gauche tr\u00e8s appr\u00e9ci\u00e9. Manchester United\" \/>\n<meta property=\"og:url\" content=\"https:\/\/footdavant.fr\/actualites\/pur-talent-man-united-envisage-t-il-de-recruter-le-prodige-argentin-lie-a-liverpool\/\" \/>\n<meta property=\"og:site_name\" content=\"Foot d&#039;avant\" \/>\n<meta property=\"article:publisher\" content=\"https:\/\/www.facebook.com\/Footdavant\/\" \/>\n<meta property=\"article:published_time\" content=\"2024-10-26T01:50:05+00:00\" \/>\n<meta property=\"article:modified_time\" content=\"2024-10-26T01:50:06+00:00\" \/>\n<meta property=\"og:image\" content=\"https:\/\/footdavant.fr\/actualites\/wp-content\/uploads\/2024\/10\/Pur-talent-Man-United-envisage-t-il-de-recruter-le-prodige.jpg\" \/>\n\t<meta property=\"og:image:width\" content=\"640\" \/>\n\t<meta property=\"og:image:height\" content=\"480\" \/>\n\t<meta property=\"og:image:type\" content=\"image\/jpeg\" \/>\n<meta name=\"author\" content=\"Cl\u00e9ment\" \/>\n<meta name=\"twitter:card\" content=\"summary_large_image\" \/>\n<meta name=\"twitter:creator\" content=\"@FootdavantFr\" \/>\n<meta name=\"twitter:site\" content=\"@FootdavantFr\" \/>\n<meta name=\"twitter:label1\" content=\"\u00c9crit par\" \/>\n\t<meta name=\"twitter:data1\" content=\"Cl\u00e9ment\" \/>\n\t<meta name=\"twitter:label2\" content=\"Dur\u00e9e de lecture estim\u00e9e\" \/>\n\t<meta name=\"twitter:data2\" content=\"3 minutes\" \/>\n<script type=\"application\/ld+json\" class=\"yoast-schema-graph\">{\"@context\":\"https:\/\/schema.org\",\"@graph\":[{\"@type\":\"Article\",\"@id\":\"https:\/\/footdavant.fr\/actualites\/pur-talent-man-united-envisage-t-il-de-recruter-le-prodige-argentin-lie-a-liverpool\/#article\",\"isPartOf\":{\"@id\":\"https:\/\/footdavant.fr\/actualites\/pur-talent-man-united-envisage-t-il-de-recruter-le-prodige-argentin-lie-a-liverpool\/\"},\"author\":{\"name\":\"Cl\u00e9ment\",\"@id\":\"https:\/\/footdavant.fr\/actualites\/#\/schema\/person\/bc222566d95871b37e597b3ed3ba5e1d\"},\"headline\":\"\u00ab\u00a0Pur talent\u00a0\u00bb &#8211; Man United envisage-t-il de recruter le prodige argentin li\u00e9 \u00e0 Liverpool ?\",\"datePublished\":\"2024-10-26T01:50:05+00:00\",\"dateModified\":\"2024-10-26T01:50:06+00:00\",\"mainEntityOfPage\":{\"@id\":\"https:\/\/footdavant.fr\/actualites\/pur-talent-man-united-envisage-t-il-de-recruter-le-prodige-argentin-lie-a-liverpool\/\"},\"wordCount\":562,\"publisher\":{\"@id\":\"https:\/\/footdavant.fr\/actualites\/#organization\"},\"keywords\":[\"argentin\",\"envisagetil\",\"li\u00e9\",\"Liverpool\",\"Man\",\"prodige\",\"Pur\",\"recruter\",\"talent\",\"United\"],\"articleSection\":[\"Premier League\"],\"inLanguage\":\"fr-FR\"},{\"@type\":\"WebPage\",\"@id\":\"https:\/\/footdavant.fr\/actualites\/pur-talent-man-united-envisage-t-il-de-recruter-le-prodige-argentin-lie-a-liverpool\/\",\"url\":\"https:\/\/footdavant.fr\/actualites\/pur-talent-man-united-envisage-t-il-de-recruter-le-prodige-argentin-lie-a-liverpool\/\",\"name\":\"\\\"Pur talent\\\" - Man United envisage-t-il de recruter le prodige argentin li\u00e9 \u00e0 Liverpool ?\",\"isPartOf\":{\"@id\":\"https:\/\/footdavant.fr\/actualites\/#website\"},\"datePublished\":\"2024-10-26T01:50:05+00:00\",\"dateModified\":\"2024-10-26T01:50:06+00:00\",\"breadcrumb\":{\"@id\":\"https:\/\/footdavant.fr\/actualites\/pur-talent-man-united-envisage-t-il-de-recruter-le-prodige-argentin-lie-a-liverpool\/#breadcrumb\"},\"inLanguage\":\"fr-FR\",\"potentialAction\":[{\"@type\":\"ReadAction\",\"target\":[\"https:\/\/footdavant.fr\/actualites\/pur-talent-man-united-envisage-t-il-de-recruter-le-prodige-argentin-lie-a-liverpool\/\"]}]},{\"@type\":\"BreadcrumbList\",\"@id\":\"https:\/\/footdavant.fr\/actualites\/pur-talent-man-united-envisage-t-il-de-recruter-le-prodige-argentin-lie-a-liverpool\/#breadcrumb\",\"itemListElement\":[{\"@type\":\"ListItem\",\"position\":1,\"name\":\"Accueil\",\"item\":\"https:\/\/footdavant.fr\/actualites\/\"},{\"@type\":\"ListItem\",\"position\":2,\"name\":\"\u00ab\u00a0Pur talent\u00a0\u00bb &#8211; Man United envisage-t-il de recruter le prodige argentin li\u00e9 \u00e0 Liverpool ?\"}]},{\"@type\":\"WebSite\",\"@id\":\"https:\/\/footdavant.fr\/actualites\/#website\",\"url\":\"https:\/\/footdavant.fr\/actualites\/\",\"name\":\"Foot d'avant\",\"description\":\"\",\"publisher\":{\"@id\":\"https:\/\/footdavant.fr\/actualites\/#organization\"},\"potentialAction\":[{\"@type\":\"SearchAction\",\"target\":{\"@type\":\"EntryPoint\",\"urlTemplate\":\"https:\/\/footdavant.fr\/actualites\/?s={search_term_string}\"},\"query-input\":\"required name=search_term_string\"}],\"inLanguage\":\"fr-FR\"},{\"@type\":\"Organization\",\"@id\":\"https:\/\/footdavant.fr\/actualites\/#organization\",\"name\":\"Foot d'avant\",\"url\":\"https:\/\/footdavant.fr\/actualites\/\",\"logo\":{\"@type\":\"ImageObject\",\"inLanguage\":\"fr-FR\",\"@id\":\"https:\/\/footdavant.fr\/actualites\/#\/schema\/logo\/image\/\",\"url\":\"https:\/\/footdavant.fr\/actualites\/wp-content\/uploads\/2023\/09\/Copy-of-FootDavant-Logo.png\",\"contentUrl\":\"https:\/\/footdavant.fr\/actualites\/wp-content\/uploads\/2023\/09\/Copy-of-FootDavant-Logo.png\",\"width\":936,\"height\":549,\"caption\":\"Foot d'avant\"},\"image\":{\"@id\":\"https:\/\/footdavant.fr\/actualites\/#\/schema\/logo\/image\/\"},\"sameAs\":[\"https:\/\/www.facebook.com\/Footdavant\/\",\"https:\/\/twitter.com\/FootdavantFr\",\"https:\/\/www.instagram.com\/footdavant.fr\/\"]},{\"@type\":\"Person\",\"@id\":\"https:\/\/footdavant.fr\/actualites\/#\/schema\/person\/bc222566d95871b37e597b3ed3ba5e1d\",\"name\":\"Cl\u00e9ment\",\"image\":{\"@type\":\"ImageObject\",\"inLanguage\":\"fr-FR\",\"@id\":\"https:\/\/footdavant.fr\/actualites\/#\/schema\/person\/image\/\",\"url\":\"https:\/\/secure.gravatar.com\/avatar\/7728b29aac2719421e1a9159b2254c44?s=96&d=mm&r=g\",\"contentUrl\":\"https:\/\/secure.gravatar.com\/avatar\/7728b29aac2719421e1a9159b2254c44?s=96&d=mm&r=g\",\"caption\":\"Cl\u00e9ment\"},\"sameAs\":[\"https:\/\/footdavant.fr\/\"]}]}<\/script>\n<!-- \/ Yoast SEO plugin. -->","yoast_head_json":{"title":"\"Pur talent\" - Man United envisage-t-il de recruter le prodige argentin li\u00e9 \u00e0 Liverpool ?","robots":{"index":"index","follow":"follow","max-snippet":"max-snippet:-1","max-image-preview":"max-image-preview:large","max-video-preview":"max-video-preview:-1"},"canonical":"https:\/\/footdavant.fr\/actualites\/pur-talent-man-united-envisage-t-il-de-recruter-le-prodige-argentin-lie-a-liverpool\/","og_locale":"fr_FR","og_type":"article","og_title":"\"Pur talent\" - Man United envisage-t-il de recruter le prodige argentin li\u00e9 \u00e0 Liverpool ?","og_description":"Manchester United suivrait l&#39;international argentin des moins de 23 ans Julio Soler, en vue d&#39;un \u00e9ventuel transfert futur de l&#39;arri\u00e8re gauche tr\u00e8s appr\u00e9ci\u00e9. Manchester United","og_url":"https:\/\/footdavant.fr\/actualites\/pur-talent-man-united-envisage-t-il-de-recruter-le-prodige-argentin-lie-a-liverpool\/","og_site_name":"Foot d&#039;avant","article_publisher":"https:\/\/www.facebook.com\/Footdavant\/","article_published_time":"2024-10-26T01:50:05+00:00","article_modified_time":"2024-10-26T01:50:06+00:00","og_image":[{"width":640,"height":480,"url":"https:\/\/footdavant.fr\/actualites\/wp-content\/uploads\/2024\/10\/Pur-talent-Man-United-envisage-t-il-de-recruter-le-prodige.jpg","type":"image\/jpeg"}],"author":"Cl\u00e9ment","twitter_card":"summary_large_image","twitter_creator":"@FootdavantFr","twitter_site":"@FootdavantFr","twitter_misc":{"\u00c9crit par":"Cl\u00e9ment","Dur\u00e9e de lecture estim\u00e9e":"3 minutes"},"schema":{"@context":"https:\/\/schema.org","@graph":[{"@type":"Article","@id":"https:\/\/footdavant.fr\/actualites\/pur-talent-man-united-envisage-t-il-de-recruter-le-prodige-argentin-lie-a-liverpool\/#article","isPartOf":{"@id":"https:\/\/footdavant.fr\/actualites\/pur-talent-man-united-envisage-t-il-de-recruter-le-prodige-argentin-lie-a-liverpool\/"},"author":{"name":"Cl\u00e9ment","@id":"https:\/\/footdavant.fr\/actualites\/#\/schema\/person\/bc222566d95871b37e597b3ed3ba5e1d"},"headline":"\u00ab\u00a0Pur talent\u00a0\u00bb &#8211; Man United envisage-t-il de recruter le prodige argentin li\u00e9 \u00e0 Liverpool ?","datePublished":"2024-10-26T01:50:05+00:00","dateModified":"2024-10-26T01:50:06+00:00","mainEntityOfPage":{"@id":"https:\/\/footdavant.fr\/actualites\/pur-talent-man-united-envisage-t-il-de-recruter-le-prodige-argentin-lie-a-liverpool\/"},"wordCount":562,"publisher":{"@id":"https:\/\/footdavant.fr\/actualites\/#organization"},"keywords":["argentin","envisagetil","li\u00e9","Liverpool","Man","prodige","Pur","recruter","talent","United"],"articleSection":["Premier League"],"inLanguage":"fr-FR"},{"@type":"WebPage","@id":"https:\/\/footdavant.fr\/actualites\/pur-talent-man-united-envisage-t-il-de-recruter-le-prodige-argentin-lie-a-liverpool\/","url":"https:\/\/footdavant.fr\/actualites\/pur-talent-man-united-envisage-t-il-de-recruter-le-prodige-argentin-lie-a-liverpool\/","name":"\"Pur talent\" - Man United envisage-t-il de recruter le prodige argentin li\u00e9 \u00e0 Liverpool ?","isPartOf":{"@id":"https:\/\/footdavant.fr\/actualites\/#website"},"datePublished":"2024-10-26T01:50:05+00:00","dateModified":"2024-10-26T01:50:06+00:00","breadcrumb":{"@id":"https:\/\/footdavant.fr\/actualites\/pur-talent-man-united-envisage-t-il-de-recruter-le-prodige-argentin-lie-a-liverpool\/#breadcrumb"},"inLanguage":"fr-FR","potentialAction":[{"@type":"ReadAction","target":["https:\/\/footdavant.fr\/actualites\/pur-talent-man-united-envisage-t-il-de-recruter-le-prodige-argentin-lie-a-liverpool\/"]}]},{"@type":"BreadcrumbList","@id":"https:\/\/footdavant.fr\/actualites\/pur-talent-man-united-envisage-t-il-de-recruter-le-prodige-argentin-lie-a-liverpool\/#breadcrumb","itemListElement":[{"@type":"ListItem","position":1,"name":"Accueil","item":"https:\/\/footdavant.fr\/actualites\/"},{"@type":"ListItem","position":2,"name":"\u00ab\u00a0Pur talent\u00a0\u00bb &#8211; Man United envisage-t-il de recruter le prodige argentin li\u00e9 \u00e0 Liverpool ?"}]},{"@type":"WebSite","@id":"https:\/\/footdavant.fr\/actualites\/#website","url":"https:\/\/footdavant.fr\/actualites\/","name":"Foot d'avant","description":"","publisher":{"@id":"https:\/\/footdavant.fr\/actualites\/#organization"},"potentialAction":[{"@type":"SearchAction","target":{"@type":"EntryPoint","urlTemplate":"https:\/\/footdavant.fr\/actualites\/?s={search_term_string}"},"query-input":"required name=search_term_string"}],"inLanguage":"fr-FR"},{"@type":"Organization","@id":"https:\/\/footdavant.fr\/actualites\/#organization","name":"Foot d'avant","url":"https:\/\/footdavant.fr\/actualites\/","logo":{"@type":"ImageObject","inLanguage":"fr-FR","@id":"https:\/\/footdavant.fr\/actualites\/#\/schema\/logo\/image\/","url":"https:\/\/footdavant.fr\/actualites\/wp-content\/uploads\/2023\/09\/Copy-of-FootDavant-Logo.png","contentUrl":"https:\/\/footdavant.fr\/actualites\/wp-content\/uploads\/2023\/09\/Copy-of-FootDavant-Logo.png","width":936,"height":549,"caption":"Foot d'avant"},"image":{"@id":"https:\/\/footdavant.fr\/actualites\/#\/schema\/logo\/image\/"},"sameAs":["https:\/\/www.facebook.com\/Footdavant\/","https:\/\/twitter.com\/FootdavantFr","https:\/\/www.instagram.com\/footdavant.fr\/"]},{"@type":"Person","@id":"https:\/\/footdavant.fr\/actualites\/#\/schema\/person\/bc222566d95871b37e597b3ed3ba5e1d","name":"Cl\u00e9ment","image":{"@type":"ImageObject","inLanguage":"fr-FR","@id":"https:\/\/footdavant.fr\/actualites\/#\/schema\/person\/image\/","url":"https:\/\/secure.gravatar.com\/avatar\/7728b29aac2719421e1a9159b2254c44?s=96&d=mm&r=g","contentUrl":"https:\/\/secure.gravatar.com\/avatar\/7728b29aac2719421e1a9159b2254c44?s=96&d=mm&r=g","caption":"Cl\u00e9ment"},"sameAs":["https:\/\/footdavant.fr\/"]}]}},"_links":{"self":[{"href":"https:\/\/footdavant.fr\/actualites\/wp-json\/wp\/v2\/posts\/15280"}],"collection":[{"href":"https:\/\/footdavant.fr\/actualites\/wp-json\/wp\/v2\/posts"}],"about":[{"href":"https:\/\/footdavant.fr\/actualites\/wp-json\/wp\/v2\/types\/post"}],"author":[{"embeddable":true,"href":"https:\/\/footdavant.fr\/actualites\/wp-json\/wp\/v2\/users\/1"}],"replies":[{"embeddable":true,"href":"https:\/\/footdavant.fr\/actualites\/wp-json\/wp\/v2\/comments?post=15280"}],"version-history":[{"count":1,"href":"https:\/\/footdavant.fr\/actualites\/wp-json\/wp\/v2\/posts\/15280\/revisions"}],"predecessor-version":[{"id":15282,"href":"https:\/\/footdavant.fr\/actualites\/wp-json\/wp\/v2\/posts\/15280\/revisions\/15282"}],"wp:featuredmedia":[{"embeddable":true,"href":"https:\/\/footdavant.fr\/actualites\/wp-json\/wp\/v2\/media\/15281"}],"wp:attachment":[{"href":"https:\/\/footdavant.fr\/actualites\/wp-json\/wp\/v2\/media?parent=15280"}],"wp:term":[{"taxonomy":"category","embeddable":true,"href":"https:\/\/footdavant.fr\/actualites\/wp-json\/wp\/v2\/categories?post=15280"},{"taxonomy":"post_tag","embeddable":true,"href":"https:\/\/footdavant.fr\/actualites\/wp-json\/wp\/v2\/tags?post=15280"}],"curies":[{"name":"wp","href":"https:\/\/api.w.org\/{rel}","templated":true}]}}