{"id":15295,"date":"2024-10-26T10:48:41","date_gmt":"2024-10-26T08:48:41","guid":{"rendered":"https:\/\/footdavant.fr\/actualites\/composition-du-rb-leipzig-contre-liverpool-xi-prevu-pour-le-choc-de-la-ligue-des-champions\/"},"modified":"2024-10-26T10:48:44","modified_gmt":"2024-10-26T08:48:44","slug":"composition-du-rb-leipzig-contre-liverpool-xi-prevu-pour-le-choc-de-la-ligue-des-champions","status":"publish","type":"post","link":"https:\/\/footdavant.fr\/actualites\/composition-du-rb-leipzig-contre-liverpool-xi-prevu-pour-le-choc-de-la-ligue-des-champions\/","title":{"rendered":"Composition du RB Leipzig contre Liverpool\u00a0: XI pr\u00e9vu pour le choc de la Ligue des champions"},"content":{"rendered":"<p>Sports Mole examine en profondeur la fa\u00e7on dont le RB Leipzig pourrait s&#39;aligner pour le choc de la phase de championnat de la Ligue des champions mercredi avec Liverpool.<\/p>\n<div id=\"article_body\" itemprop=\"articleBody\">\n<p class=\"firstPara\"><strong class=\"autotag\">RB Leipzig<\/strong> partira \u00e0 la recherche de son premier <strong class=\"autotag\">Ligue des Champions<\/strong> victoire &#8211; et m\u00eame des points &#8211; de la saison lorsqu&#39;ils accueillent <strong class=\"autotag\">Liverpool<\/strong> lors de la rencontre de la phase de championnat de mercredi.<\/p>\n<p><strong class=\"autotag\">Marc Rose<\/strong>L&#39;\u00e9quipe de Madrid a d\u00e9j\u00e0 \u00e9t\u00e9 battue par la Juventus et l&#39;Atletico Madrid lors de la campagne en cours, mais elle a remport\u00e9 ses deux derni\u00e8res victoires en Bundesliga contre Heidenheim et plus r\u00e9cemment Mayence 05.<\/p>\n<p>Gr\u00e9viste <strong class=\"autotag\">Lois Openda<\/strong> et milieu de terrain <strong class=\"autotag\">Amadou Ha\u00efdara<\/strong> a subi des coups lors de ce match, mais les deux hommes sont optimistes quant \u00e0 leur r\u00e9cup\u00e9ration \u00e0 temps pour l&#39;affaire du milieu de semaine, o\u00f9 le premier contribuera \u00e0 contenir une attaque mesquine.<\/p>\n<p>Openda devrait former une force de frappe \u00e0 deux avec <strong class=\"autotag\">Benjamin Sesko<\/strong>auteur des trois buts de Leipzig lors de la campagne actuelle de la Ligue des Champions, tandis que le maestro n\u00e9erlandais <strong class=\"autotag\">Xavi Simons<\/strong> tire les ficelles dans la fente num\u00e9ro 10.<\/p>\n<p>Le retour rapide \u00e0 la forme physique de Haidara verra le milieu de terrain malien s&#39;associer \u00e0 celui de l&#39;Atletico. <strong class=\"autotag\">Arthur Vermeeren<\/strong> au centre, comme <strong class=\"autotag\">Antonio Nusa<\/strong> et <strong class=\"autotag\">Lutsharel Geertruida<\/strong> &#8211; un ancien fid\u00e8le de <strong class=\"autotag\">Machine \u00e0 sous Arne<\/strong>C&#39;est Feyenoord &#8211; bombardez les flancs.<\/p>\n<p>Des retrouvailles s&#39;annoncent aussi en d\u00e9fense, comme l&#39;ex-gardien de Liverpool <strong class=\"autotag\">Peter Gulacsi<\/strong> affronte son ancien club, et le Hongrois devrait \u00eatre prot\u00e9g\u00e9 par <strong class=\"autotag\">Ch\u00e2teau Lukeba<\/strong> et le service de longue date <strong class=\"autotag\">Lucas Klostermann<\/strong> et <strong class=\"autotag\">Willi Orb\u00e1n<\/strong>.<\/p>\n<p><strong class=\"autotag\">Xaver Schlager<\/strong> (LCA), <strong class=\"autotag\">David Raum<\/strong> (ligament), <strong class=\"autotag\">Nicolas Seiwald<\/strong> (aine) et <strong class=\"autotag\">Assan Ou\u00e9draogo<\/strong> (genou) sont tous absents du match de mercredi en raison d&#39;une blessure des h\u00f4tes.<\/p>\n<p><strong>Onze de d\u00e9part possibles du RB Leipzig :<\/strong><br \/>Gulacsi; Orban, Klostermann, Lukeba ; Geertruida, Haidara, Vermeeren, Nusa\u00a0; Simons\u00a0; Sesko, Openda<\/p>\n<p><strong>> Cliquez ici pour voir comment Liverpool pourrait s&#39;aligner pour ce match<\/strong><\/p>\n<\/div>\n","protected":false},"excerpt":{"rendered":"<p>Sports Mole examine en profondeur la fa\u00e7on dont le RB Leipzig pourrait s&#39;aligner pour le choc de la phase de championnat de la Ligue des<\/p>\n","protected":false},"author":1,"featured_media":15296,"comment_status":"closed","ping_status":"","sticky":false,"template":"","format":"standard","meta":{"footnotes":""},"categories":[4],"tags":[31,332,2291,20,12,434,30,53,51,3924],"yoast_head":"<!-- This site is optimized with the Yoast SEO plugin v21.0 - https:\/\/yoast.com\/wordpress\/plugins\/seo\/ -->\n<title>Composition du RB Leipzig contre Liverpool\u00a0: XI pr\u00e9vu pour le choc de la Ligue des champions<\/title>\n<meta name=\"robots\" content=\"index, follow, max-snippet:-1, max-image-preview:large, max-video-preview:-1\" \/>\n<link rel=\"canonical\" href=\"https:\/\/footdavant.fr\/actualites\/composition-du-rb-leipzig-contre-liverpool-xi-prevu-pour-le-choc-de-la-ligue-des-champions\/\" \/>\n<meta property=\"og:locale\" content=\"fr_FR\" \/>\n<meta property=\"og:type\" content=\"article\" \/>\n<meta property=\"og:title\" content=\"Composition du RB Leipzig contre Liverpool\u00a0: XI pr\u00e9vu pour le choc de la Ligue des champions\" \/>\n<meta property=\"og:description\" content=\"Sports Mole examine en profondeur la fa\u00e7on dont le RB Leipzig pourrait s&#039;aligner pour le choc de la phase de championnat de la Ligue des\" \/>\n<meta property=\"og:url\" content=\"https:\/\/footdavant.fr\/actualites\/composition-du-rb-leipzig-contre-liverpool-xi-prevu-pour-le-choc-de-la-ligue-des-champions\/\" \/>\n<meta property=\"og:site_name\" content=\"Foot d&#039;avant\" \/>\n<meta property=\"article:publisher\" content=\"https:\/\/www.facebook.com\/Footdavant\/\" \/>\n<meta property=\"article:published_time\" content=\"2024-10-26T08:48:41+00:00\" \/>\n<meta property=\"article:modified_time\" content=\"2024-10-26T08:48:44+00:00\" \/>\n<meta property=\"og:image\" content=\"https:\/\/footdavant.fr\/actualites\/wp-content\/uploads\/2024\/10\/Composition-du-RB-Leipzig-contre-Liverpool-XI-prevu-pour-le.jpg\" \/>\n\t<meta property=\"og:image:width\" content=\"1280\" \/>\n\t<meta property=\"og:image:height\" content=\"960\" \/>\n\t<meta property=\"og:image:type\" content=\"image\/jpeg\" \/>\n<meta name=\"author\" content=\"Cl\u00e9ment\" \/>\n<meta name=\"twitter:card\" content=\"summary_large_image\" \/>\n<meta name=\"twitter:creator\" content=\"@FootdavantFr\" \/>\n<meta name=\"twitter:site\" content=\"@FootdavantFr\" \/>\n<meta name=\"twitter:label1\" content=\"\u00c9crit par\" \/>\n\t<meta name=\"twitter:data1\" content=\"Cl\u00e9ment\" \/>\n\t<meta name=\"twitter:label2\" content=\"Dur\u00e9e de lecture estim\u00e9e\" \/>\n\t<meta name=\"twitter:data2\" content=\"2 minutes\" \/>\n<script type=\"application\/ld+json\" class=\"yoast-schema-graph\">{\"@context\":\"https:\/\/schema.org\",\"@graph\":[{\"@type\":\"Article\",\"@id\":\"https:\/\/footdavant.fr\/actualites\/composition-du-rb-leipzig-contre-liverpool-xi-prevu-pour-le-choc-de-la-ligue-des-champions\/#article\",\"isPartOf\":{\"@id\":\"https:\/\/footdavant.fr\/actualites\/composition-du-rb-leipzig-contre-liverpool-xi-prevu-pour-le-choc-de-la-ligue-des-champions\/\"},\"author\":{\"name\":\"Cl\u00e9ment\",\"@id\":\"https:\/\/footdavant.fr\/actualites\/#\/schema\/person\/bc222566d95871b37e597b3ed3ba5e1d\"},\"headline\":\"Composition du RB Leipzig contre Liverpool\u00a0: XI pr\u00e9vu pour le choc de la Ligue des champions\",\"datePublished\":\"2024-10-26T08:48:41+00:00\",\"dateModified\":\"2024-10-26T08:48:44+00:00\",\"mainEntityOfPage\":{\"@id\":\"https:\/\/footdavant.fr\/actualites\/composition-du-rb-leipzig-contre-liverpool-xi-prevu-pour-le-choc-de-la-ligue-des-champions\/\"},\"wordCount\":361,\"publisher\":{\"@id\":\"https:\/\/footdavant.fr\/actualites\/#organization\"},\"keywords\":[\"champions\",\"choc\",\"composition\",\"contre\",\"des\",\"Leipzig\",\"Ligue\",\"Liverpool\",\"pour\",\"pr\u00e9vu\"],\"articleSection\":[\"Champions League\"],\"inLanguage\":\"fr-FR\"},{\"@type\":\"WebPage\",\"@id\":\"https:\/\/footdavant.fr\/actualites\/composition-du-rb-leipzig-contre-liverpool-xi-prevu-pour-le-choc-de-la-ligue-des-champions\/\",\"url\":\"https:\/\/footdavant.fr\/actualites\/composition-du-rb-leipzig-contre-liverpool-xi-prevu-pour-le-choc-de-la-ligue-des-champions\/\",\"name\":\"Composition du RB Leipzig contre Liverpool\u00a0: XI pr\u00e9vu pour le choc de la Ligue des champions\",\"isPartOf\":{\"@id\":\"https:\/\/footdavant.fr\/actualites\/#website\"},\"datePublished\":\"2024-10-26T08:48:41+00:00\",\"dateModified\":\"2024-10-26T08:48:44+00:00\",\"breadcrumb\":{\"@id\":\"https:\/\/footdavant.fr\/actualites\/composition-du-rb-leipzig-contre-liverpool-xi-prevu-pour-le-choc-de-la-ligue-des-champions\/#breadcrumb\"},\"inLanguage\":\"fr-FR\",\"potentialAction\":[{\"@type\":\"ReadAction\",\"target\":[\"https:\/\/footdavant.fr\/actualites\/composition-du-rb-leipzig-contre-liverpool-xi-prevu-pour-le-choc-de-la-ligue-des-champions\/\"]}]},{\"@type\":\"BreadcrumbList\",\"@id\":\"https:\/\/footdavant.fr\/actualites\/composition-du-rb-leipzig-contre-liverpool-xi-prevu-pour-le-choc-de-la-ligue-des-champions\/#breadcrumb\",\"itemListElement\":[{\"@type\":\"ListItem\",\"position\":1,\"name\":\"Accueil\",\"item\":\"https:\/\/footdavant.fr\/actualites\/\"},{\"@type\":\"ListItem\",\"position\":2,\"name\":\"Composition du RB Leipzig contre Liverpool\u00a0: XI pr\u00e9vu pour le choc de la Ligue des champions\"}]},{\"@type\":\"WebSite\",\"@id\":\"https:\/\/footdavant.fr\/actualites\/#website\",\"url\":\"https:\/\/footdavant.fr\/actualites\/\",\"name\":\"Foot d'avant\",\"description\":\"\",\"publisher\":{\"@id\":\"https:\/\/footdavant.fr\/actualites\/#organization\"},\"potentialAction\":[{\"@type\":\"SearchAction\",\"target\":{\"@type\":\"EntryPoint\",\"urlTemplate\":\"https:\/\/footdavant.fr\/actualites\/?s={search_term_string}\"},\"query-input\":\"required name=search_term_string\"}],\"inLanguage\":\"fr-FR\"},{\"@type\":\"Organization\",\"@id\":\"https:\/\/footdavant.fr\/actualites\/#organization\",\"name\":\"Foot d'avant\",\"url\":\"https:\/\/footdavant.fr\/actualites\/\",\"logo\":{\"@type\":\"ImageObject\",\"inLanguage\":\"fr-FR\",\"@id\":\"https:\/\/footdavant.fr\/actualites\/#\/schema\/logo\/image\/\",\"url\":\"https:\/\/footdavant.fr\/actualites\/wp-content\/uploads\/2023\/09\/Copy-of-FootDavant-Logo.png\",\"contentUrl\":\"https:\/\/footdavant.fr\/actualites\/wp-content\/uploads\/2023\/09\/Copy-of-FootDavant-Logo.png\",\"width\":936,\"height\":549,\"caption\":\"Foot d'avant\"},\"image\":{\"@id\":\"https:\/\/footdavant.fr\/actualites\/#\/schema\/logo\/image\/\"},\"sameAs\":[\"https:\/\/www.facebook.com\/Footdavant\/\",\"https:\/\/twitter.com\/FootdavantFr\",\"https:\/\/www.instagram.com\/footdavant.fr\/\"]},{\"@type\":\"Person\",\"@id\":\"https:\/\/footdavant.fr\/actualites\/#\/schema\/person\/bc222566d95871b37e597b3ed3ba5e1d\",\"name\":\"Cl\u00e9ment\",\"image\":{\"@type\":\"ImageObject\",\"inLanguage\":\"fr-FR\",\"@id\":\"https:\/\/footdavant.fr\/actualites\/#\/schema\/person\/image\/\",\"url\":\"https:\/\/secure.gravatar.com\/avatar\/7728b29aac2719421e1a9159b2254c44?s=96&d=mm&r=g\",\"contentUrl\":\"https:\/\/secure.gravatar.com\/avatar\/7728b29aac2719421e1a9159b2254c44?s=96&d=mm&r=g\",\"caption\":\"Cl\u00e9ment\"},\"sameAs\":[\"https:\/\/footdavant.fr\/\"]}]}<\/script>\n<!-- \/ Yoast SEO plugin. -->","yoast_head_json":{"title":"Composition du RB Leipzig contre Liverpool\u00a0: XI pr\u00e9vu pour le choc de la Ligue des champions","robots":{"index":"index","follow":"follow","max-snippet":"max-snippet:-1","max-image-preview":"max-image-preview:large","max-video-preview":"max-video-preview:-1"},"canonical":"https:\/\/footdavant.fr\/actualites\/composition-du-rb-leipzig-contre-liverpool-xi-prevu-pour-le-choc-de-la-ligue-des-champions\/","og_locale":"fr_FR","og_type":"article","og_title":"Composition du RB Leipzig contre Liverpool\u00a0: XI pr\u00e9vu pour le choc de la Ligue des champions","og_description":"Sports Mole examine en profondeur la fa\u00e7on dont le RB Leipzig pourrait s&#39;aligner pour le choc de la phase de championnat de la Ligue des","og_url":"https:\/\/footdavant.fr\/actualites\/composition-du-rb-leipzig-contre-liverpool-xi-prevu-pour-le-choc-de-la-ligue-des-champions\/","og_site_name":"Foot d&#039;avant","article_publisher":"https:\/\/www.facebook.com\/Footdavant\/","article_published_time":"2024-10-26T08:48:41+00:00","article_modified_time":"2024-10-26T08:48:44+00:00","og_image":[{"width":1280,"height":960,"url":"https:\/\/footdavant.fr\/actualites\/wp-content\/uploads\/2024\/10\/Composition-du-RB-Leipzig-contre-Liverpool-XI-prevu-pour-le.jpg","type":"image\/jpeg"}],"author":"Cl\u00e9ment","twitter_card":"summary_large_image","twitter_creator":"@FootdavantFr","twitter_site":"@FootdavantFr","twitter_misc":{"\u00c9crit par":"Cl\u00e9ment","Dur\u00e9e de lecture estim\u00e9e":"2 minutes"},"schema":{"@context":"https:\/\/schema.org","@graph":[{"@type":"Article","@id":"https:\/\/footdavant.fr\/actualites\/composition-du-rb-leipzig-contre-liverpool-xi-prevu-pour-le-choc-de-la-ligue-des-champions\/#article","isPartOf":{"@id":"https:\/\/footdavant.fr\/actualites\/composition-du-rb-leipzig-contre-liverpool-xi-prevu-pour-le-choc-de-la-ligue-des-champions\/"},"author":{"name":"Cl\u00e9ment","@id":"https:\/\/footdavant.fr\/actualites\/#\/schema\/person\/bc222566d95871b37e597b3ed3ba5e1d"},"headline":"Composition du RB Leipzig contre Liverpool\u00a0: XI pr\u00e9vu pour le choc de la Ligue des champions","datePublished":"2024-10-26T08:48:41+00:00","dateModified":"2024-10-26T08:48:44+00:00","mainEntityOfPage":{"@id":"https:\/\/footdavant.fr\/actualites\/composition-du-rb-leipzig-contre-liverpool-xi-prevu-pour-le-choc-de-la-ligue-des-champions\/"},"wordCount":361,"publisher":{"@id":"https:\/\/footdavant.fr\/actualites\/#organization"},"keywords":["champions","choc","composition","contre","des","Leipzig","Ligue","Liverpool","pour","pr\u00e9vu"],"articleSection":["Champions League"],"inLanguage":"fr-FR"},{"@type":"WebPage","@id":"https:\/\/footdavant.fr\/actualites\/composition-du-rb-leipzig-contre-liverpool-xi-prevu-pour-le-choc-de-la-ligue-des-champions\/","url":"https:\/\/footdavant.fr\/actualites\/composition-du-rb-leipzig-contre-liverpool-xi-prevu-pour-le-choc-de-la-ligue-des-champions\/","name":"Composition du RB Leipzig contre Liverpool\u00a0: XI pr\u00e9vu pour le choc de la Ligue des champions","isPartOf":{"@id":"https:\/\/footdavant.fr\/actualites\/#website"},"datePublished":"2024-10-26T08:48:41+00:00","dateModified":"2024-10-26T08:48:44+00:00","breadcrumb":{"@id":"https:\/\/footdavant.fr\/actualites\/composition-du-rb-leipzig-contre-liverpool-xi-prevu-pour-le-choc-de-la-ligue-des-champions\/#breadcrumb"},"inLanguage":"fr-FR","potentialAction":[{"@type":"ReadAction","target":["https:\/\/footdavant.fr\/actualites\/composition-du-rb-leipzig-contre-liverpool-xi-prevu-pour-le-choc-de-la-ligue-des-champions\/"]}]},{"@type":"BreadcrumbList","@id":"https:\/\/footdavant.fr\/actualites\/composition-du-rb-leipzig-contre-liverpool-xi-prevu-pour-le-choc-de-la-ligue-des-champions\/#breadcrumb","itemListElement":[{"@type":"ListItem","position":1,"name":"Accueil","item":"https:\/\/footdavant.fr\/actualites\/"},{"@type":"ListItem","position":2,"name":"Composition du RB Leipzig contre Liverpool\u00a0: XI pr\u00e9vu pour le choc de la Ligue des champions"}]},{"@type":"WebSite","@id":"https:\/\/footdavant.fr\/actualites\/#website","url":"https:\/\/footdavant.fr\/actualites\/","name":"Foot d'avant","description":"","publisher":{"@id":"https:\/\/footdavant.fr\/actualites\/#organization"},"potentialAction":[{"@type":"SearchAction","target":{"@type":"EntryPoint","urlTemplate":"https:\/\/footdavant.fr\/actualites\/?s={search_term_string}"},"query-input":"required name=search_term_string"}],"inLanguage":"fr-FR"},{"@type":"Organization","@id":"https:\/\/footdavant.fr\/actualites\/#organization","name":"Foot d'avant","url":"https:\/\/footdavant.fr\/actualites\/","logo":{"@type":"ImageObject","inLanguage":"fr-FR","@id":"https:\/\/footdavant.fr\/actualites\/#\/schema\/logo\/image\/","url":"https:\/\/footdavant.fr\/actualites\/wp-content\/uploads\/2023\/09\/Copy-of-FootDavant-Logo.png","contentUrl":"https:\/\/footdavant.fr\/actualites\/wp-content\/uploads\/2023\/09\/Copy-of-FootDavant-Logo.png","width":936,"height":549,"caption":"Foot d'avant"},"image":{"@id":"https:\/\/footdavant.fr\/actualites\/#\/schema\/logo\/image\/"},"sameAs":["https:\/\/www.facebook.com\/Footdavant\/","https:\/\/twitter.com\/FootdavantFr","https:\/\/www.instagram.com\/footdavant.fr\/"]},{"@type":"Person","@id":"https:\/\/footdavant.fr\/actualites\/#\/schema\/person\/bc222566d95871b37e597b3ed3ba5e1d","name":"Cl\u00e9ment","image":{"@type":"ImageObject","inLanguage":"fr-FR","@id":"https:\/\/footdavant.fr\/actualites\/#\/schema\/person\/image\/","url":"https:\/\/secure.gravatar.com\/avatar\/7728b29aac2719421e1a9159b2254c44?s=96&d=mm&r=g","contentUrl":"https:\/\/secure.gravatar.com\/avatar\/7728b29aac2719421e1a9159b2254c44?s=96&d=mm&r=g","caption":"Cl\u00e9ment"},"sameAs":["https:\/\/footdavant.fr\/"]}]}},"_links":{"self":[{"href":"https:\/\/footdavant.fr\/actualites\/wp-json\/wp\/v2\/posts\/15295"}],"collection":[{"href":"https:\/\/footdavant.fr\/actualites\/wp-json\/wp\/v2\/posts"}],"about":[{"href":"https:\/\/footdavant.fr\/actualites\/wp-json\/wp\/v2\/types\/post"}],"author":[{"embeddable":true,"href":"https:\/\/footdavant.fr\/actualites\/wp-json\/wp\/v2\/users\/1"}],"replies":[{"embeddable":true,"href":"https:\/\/footdavant.fr\/actualites\/wp-json\/wp\/v2\/comments?post=15295"}],"version-history":[{"count":1,"href":"https:\/\/footdavant.fr\/actualites\/wp-json\/wp\/v2\/posts\/15295\/revisions"}],"predecessor-version":[{"id":15297,"href":"https:\/\/footdavant.fr\/actualites\/wp-json\/wp\/v2\/posts\/15295\/revisions\/15297"}],"wp:featuredmedia":[{"embeddable":true,"href":"https:\/\/footdavant.fr\/actualites\/wp-json\/wp\/v2\/media\/15296"}],"wp:attachment":[{"href":"https:\/\/footdavant.fr\/actualites\/wp-json\/wp\/v2\/media?parent=15295"}],"wp:term":[{"taxonomy":"category","embeddable":true,"href":"https:\/\/footdavant.fr\/actualites\/wp-json\/wp\/v2\/categories?post=15295"},{"taxonomy":"post_tag","embeddable":true,"href":"https:\/\/footdavant.fr\/actualites\/wp-json\/wp\/v2\/tags?post=15295"}],"curies":[{"name":"wp","href":"https:\/\/api.w.org\/{rel}","templated":true}]}}