{"id":15307,"date":"2024-10-26T17:48:10","date_gmt":"2024-10-26T15:48:10","guid":{"rendered":"https:\/\/footdavant.fr\/actualites\/joey-tu-aimes-les-films-sur-les-gladiateurs\/"},"modified":"2024-10-26T17:48:13","modified_gmt":"2024-10-26T15:48:13","slug":"joey-tu-aimes-les-films-sur-les-gladiateurs","status":"publish","type":"post","link":"https:\/\/footdavant.fr\/actualites\/joey-tu-aimes-les-films-sur-les-gladiateurs\/","title":{"rendered":"Joey, tu aimes les films sur les gladiateurs ?"},"content":{"rendered":"<div>\n<p>Matin.<\/p>\n<p>Comme pr\u00e9vu, Mikel Arteta n&#39;a pas r\u00e9v\u00e9l\u00e9 grand-chose lors de sa conf\u00e9rence de presse de vendredi concernant les joueurs qui pourraient ou non \u00eatre disponibles pour la rencontre de demain avec Liverpool. \u00c0 propos de Bukayo Saka, Jurrien Timber et Riccardo Calafiori, il a d\u00e9clar\u00e9\u00a0:<\/p>\n<blockquote>\n<p>Nous allons faire de notre mieux pour les rendre disponibles, mais c&#39;est tr\u00e8s incertain.<\/p>\n<\/blockquote>\n<p>Il y avait un peu plus sur la fa\u00e7on dont Saka s&#39;\u00e9tait un peu entra\u00een\u00e9 sur l&#39;herbe ; Timber pourrait \u00eatre en action lors d&#39;une s\u00e9ance de formation \u00e0 l&#39;issue de laquelle une d\u00e9cision pourrait \u00eatre prise\u00a0; et la capacit\u00e9 de Calafiori \u00e0 r\u00e9cup\u00e9rer rapidement lorsque nous pensons qu&#39;il est bless\u00e9 ; mais pas beaucoup plus que \u00e7a. C\u2019est exactement ce que l\u2019on attend de lui avant un grand match.<\/p>\n<p>Il s&#39;est \u00e9galement av\u00e9r\u00e9 qu&#39;il y avait une question lors de la conf\u00e9rence de presse, sur le contr\u00f4le des informations qui sont dans le domaine public, \u00e0 laquelle Arteta a r\u00e9pondu\u00a0:<\/p>\n<blockquote>\n<p>Nous avons beaucoup d&#39;informations, beaucoup d&#39;informations sensibles, beaucoup d&#39;informations que les gens veulent avoir et partager, et c&#39;est notre obligation et notre devoir de maintenir et de prot\u00e9ger le club et l&#39;\u00e9quipe de la meilleure fa\u00e7on possible.<\/p>\n<\/blockquote>\n<p>Je sais que cela frustre certaines personnes, mais cela ne me d\u00e9range pas du tout. Le travail d&#39;Arteta est de gagner des matchs de football, et s&#39;il pense que garder autant de choses sous son chapeau peut jouer ne serait-ce qu&#39;un petit r\u00f4le dans notre r\u00e9ussite, alors c&#39;est assez juste. Quoi qu\u2019il en soit, nous pourrons parler davantage demain des compositions possibles, des quatre permutations arri\u00e8re et de tout le reste.<\/p>\n<p>Ce qui ressort clairement de sa conf\u00e9rence de presse d&#39;hier, c&#39;est le message que le manager tenait \u00e0 envoyer. Qu&#39;il s&#39;agisse des fans, des joueurs ou simplement de mani\u00e8re g\u00e9n\u00e9rale, le message \u00e9tait que s&#39;apitoyer sur son sort \u00e0 cause des blessures, des suspensions et des absences ne ferait de bien \u00e0 personne. Il a dit :<\/p>\n<blockquote>\n<p>C&#39;est le jeu. \u00c9videmment, nous ne voulions pas nous retrouver dans cette situation, mais nous avons aussi beaucoup de chance d&#39;avoir l&#39;\u00e9quipe que nous avons, d&#39;avoir les joueurs que nous avons, d&#39;avoir l&#39;attitude que nous avons.<\/p>\n<p>Continuez, montrez vos dents, montrez \u00e0 quel point vous le voulez, l&#39;incroyable opportunit\u00e9 pour les autres, l&#39;incroyable opportunit\u00e9 pour nous en tant qu&#39;\u00e9quipe de nous rebeller contre certaines situations, nous avons davantage besoin de la foule. Gardez la m\u00eame conviction que m\u00eame ainsi, nous sommes une grande \u00e9quipe.<\/p>\n<\/blockquote>\n<p>Se lancer dans un match aussi important que celui-ci avec tous les probl\u00e8mes que nous avons n\u2019est pas id\u00e9al, mais j\u2019aime cette attitude. Il y a des managers qui utiliseraient leur conf\u00e9rence de presse pour pr\u00e9parer le terrain pour des excuses s&#39;ils devaient potentiellement jouer sans quatre ou cinq joueurs cl\u00e9s, mais une grande partie de ce qu&#39;Arteta a fait \u00e0 Arsenal concerne l&#39;\u00e9tat d&#39;esprit de son \u00e9quipe. Serait-il mieux si nous avions Saka, Timber, Odegaard, Tomiyasu, Saliba, etc. en pleine forme pour demain ? Bien s\u00fbr. Est-ce que cela servira \u00e0 quelque chose aux joueurs de pleurer ou d\u2019en faire toute une histoire ? Non, ce serait extr\u00eamement contre-productif.<\/p>\n<p>C\u2019est donc une approche assez \u00e9vidente pour Arteta, et ce message r\u00e9sonnera \u00e9galement aupr\u00e8s des fans. Nous \u00ab ressentons \u00bb \u00e9videmment chaque blessure et chaque absence de joueur, et comme le font les fans de football, nous nous inqui\u00e9tons. Nous devenons anxieux. Nous nous inqui\u00e9tons. C&#39;est juste la nature de la chose. Mais une fois le coup de sifflet donn\u00e9 dimanche, les joueurs ont un travail \u00e0 faire, et tout ce que nous pouvons faire, c&#39;est regarder.<\/p>\n<p>Cela ressemble peut-\u00eatre \u00e0 un sc\u00e9nario o\u00f9 vous \u00eates sur un vol et qu&#39;il y a un peu de turbulence. En tant que passagers, nous nous inqui\u00e9tons. Nous devenons anxieux. Nous nous inqui\u00e9tons. Ensuite, vous regardez le personnel de cabine et ils vaquent \u00e0 leurs occupations sans se soucier, et vous vous sentez r\u00e9confort\u00e9 par cela. Donc, demain, les joueurs sont le personnel de cabine qui ne paniquera pas malgr\u00e9 que les choses soient un peu chaotiques, et dans le cockpit, nous cherchons Mikel Arteta pour nous faire descendre en toute s\u00e9curit\u00e9 avec les trois points.<\/p>\n<p>Et sur cette note relative \u00e0 l&#39;avion, je vais simplement poser la grande question, celle qui est sur toutes les l\u00e8vres : quel est notre vecteur, Victor ?<\/p>\n<p>Exactement.<\/p>\n<p>Si vous souhaitez \u00e9couter quelque chose, nous avons un podcast d&#39;avant-premi\u00e8re de Liverpool sur Patreon, dans lequel nous discutons des options que l&#39;entra\u00eeneur pourrait avoir pour ses quatre d\u00e9fenseurs, ainsi que de l&#39;impact potentiel sur d&#39;autres zones du terrain. . Obtenez-le ici.<\/p>\n<p>Pour l&#39;instant, passez un bon samedi et je serai de retour demain avec un aper\u00e7u complet du jeu.<\/p>\n<\/div>\n","protected":false},"excerpt":{"rendered":"<p>Matin. Comme pr\u00e9vu, Mikel Arteta n&#39;a pas r\u00e9v\u00e9l\u00e9 grand-chose lors de sa conf\u00e9rence de presse de vendredi concernant les joueurs qui pourraient ou non \u00eatre<\/p>\n","protected":false},"author":1,"featured_media":15308,"comment_status":"closed","ping_status":"","sticky":false,"template":"","format":"standard","meta":{"footnotes":""},"categories":[3],"tags":[6869,6870,6871,6623,93,103],"yoast_head":"<!-- This site is optimized with the Yoast SEO plugin v21.0 - https:\/\/yoast.com\/wordpress\/plugins\/seo\/ -->\n<title>Joey, tu aimes les films sur les gladiateurs ?<\/title>\n<meta name=\"robots\" content=\"index, follow, max-snippet:-1, max-image-preview:large, max-video-preview:-1\" \/>\n<link rel=\"canonical\" href=\"https:\/\/footdavant.fr\/actualites\/joey-tu-aimes-les-films-sur-les-gladiateurs\/\" \/>\n<meta property=\"og:locale\" content=\"fr_FR\" \/>\n<meta property=\"og:type\" content=\"article\" \/>\n<meta property=\"og:title\" content=\"Joey, tu aimes les films sur les gladiateurs ?\" \/>\n<meta property=\"og:description\" content=\"Matin. Comme pr\u00e9vu, Mikel Arteta n&#039;a pas r\u00e9v\u00e9l\u00e9 grand-chose lors de sa conf\u00e9rence de presse de vendredi concernant les joueurs qui pourraient ou non \u00eatre\" \/>\n<meta property=\"og:url\" content=\"https:\/\/footdavant.fr\/actualites\/joey-tu-aimes-les-films-sur-les-gladiateurs\/\" \/>\n<meta property=\"og:site_name\" content=\"Foot d&#039;avant\" \/>\n<meta property=\"article:publisher\" content=\"https:\/\/www.facebook.com\/Footdavant\/\" \/>\n<meta property=\"article:published_time\" content=\"2024-10-26T15:48:10+00:00\" \/>\n<meta property=\"article:modified_time\" content=\"2024-10-26T15:48:13+00:00\" \/>\n<meta property=\"og:image\" content=\"https:\/\/footdavant.fr\/actualites\/wp-content\/uploads\/2024\/10\/Joey-tu-aimes-les-films-sur-les-gladiateurs.jpg\" \/>\n\t<meta property=\"og:image:width\" content=\"1500\" \/>\n\t<meta property=\"og:image:height\" content=\"750\" \/>\n\t<meta property=\"og:image:type\" content=\"image\/jpeg\" \/>\n<meta name=\"author\" content=\"Cl\u00e9ment\" \/>\n<meta name=\"twitter:card\" content=\"summary_large_image\" \/>\n<meta name=\"twitter:creator\" content=\"@FootdavantFr\" \/>\n<meta name=\"twitter:site\" content=\"@FootdavantFr\" \/>\n<meta name=\"twitter:label1\" content=\"\u00c9crit par\" \/>\n\t<meta name=\"twitter:data1\" content=\"Cl\u00e9ment\" \/>\n\t<meta name=\"twitter:label2\" content=\"Dur\u00e9e de lecture estim\u00e9e\" \/>\n\t<meta name=\"twitter:data2\" content=\"4 minutes\" \/>\n<script type=\"application\/ld+json\" class=\"yoast-schema-graph\">{\"@context\":\"https:\/\/schema.org\",\"@graph\":[{\"@type\":\"Article\",\"@id\":\"https:\/\/footdavant.fr\/actualites\/joey-tu-aimes-les-films-sur-les-gladiateurs\/#article\",\"isPartOf\":{\"@id\":\"https:\/\/footdavant.fr\/actualites\/joey-tu-aimes-les-films-sur-les-gladiateurs\/\"},\"author\":{\"name\":\"Cl\u00e9ment\",\"@id\":\"https:\/\/footdavant.fr\/actualites\/#\/schema\/person\/bc222566d95871b37e597b3ed3ba5e1d\"},\"headline\":\"Joey, tu aimes les films sur les gladiateurs ?\",\"datePublished\":\"2024-10-26T15:48:10+00:00\",\"dateModified\":\"2024-10-26T15:48:13+00:00\",\"mainEntityOfPage\":{\"@id\":\"https:\/\/footdavant.fr\/actualites\/joey-tu-aimes-les-films-sur-les-gladiateurs\/\"},\"wordCount\":868,\"publisher\":{\"@id\":\"https:\/\/footdavant.fr\/actualites\/#organization\"},\"keywords\":[\"aimes\",\"films\",\"gladiateurs\",\"Joey\",\"les\",\"sur\"],\"articleSection\":[\"Football\"],\"inLanguage\":\"fr-FR\"},{\"@type\":\"WebPage\",\"@id\":\"https:\/\/footdavant.fr\/actualites\/joey-tu-aimes-les-films-sur-les-gladiateurs\/\",\"url\":\"https:\/\/footdavant.fr\/actualites\/joey-tu-aimes-les-films-sur-les-gladiateurs\/\",\"name\":\"Joey, tu aimes les films sur les gladiateurs ?\",\"isPartOf\":{\"@id\":\"https:\/\/footdavant.fr\/actualites\/#website\"},\"datePublished\":\"2024-10-26T15:48:10+00:00\",\"dateModified\":\"2024-10-26T15:48:13+00:00\",\"breadcrumb\":{\"@id\":\"https:\/\/footdavant.fr\/actualites\/joey-tu-aimes-les-films-sur-les-gladiateurs\/#breadcrumb\"},\"inLanguage\":\"fr-FR\",\"potentialAction\":[{\"@type\":\"ReadAction\",\"target\":[\"https:\/\/footdavant.fr\/actualites\/joey-tu-aimes-les-films-sur-les-gladiateurs\/\"]}]},{\"@type\":\"BreadcrumbList\",\"@id\":\"https:\/\/footdavant.fr\/actualites\/joey-tu-aimes-les-films-sur-les-gladiateurs\/#breadcrumb\",\"itemListElement\":[{\"@type\":\"ListItem\",\"position\":1,\"name\":\"Accueil\",\"item\":\"https:\/\/footdavant.fr\/actualites\/\"},{\"@type\":\"ListItem\",\"position\":2,\"name\":\"Joey, tu aimes les films sur les gladiateurs ?\"}]},{\"@type\":\"WebSite\",\"@id\":\"https:\/\/footdavant.fr\/actualites\/#website\",\"url\":\"https:\/\/footdavant.fr\/actualites\/\",\"name\":\"Foot d'avant\",\"description\":\"\",\"publisher\":{\"@id\":\"https:\/\/footdavant.fr\/actualites\/#organization\"},\"potentialAction\":[{\"@type\":\"SearchAction\",\"target\":{\"@type\":\"EntryPoint\",\"urlTemplate\":\"https:\/\/footdavant.fr\/actualites\/?s={search_term_string}\"},\"query-input\":\"required name=search_term_string\"}],\"inLanguage\":\"fr-FR\"},{\"@type\":\"Organization\",\"@id\":\"https:\/\/footdavant.fr\/actualites\/#organization\",\"name\":\"Foot d'avant\",\"url\":\"https:\/\/footdavant.fr\/actualites\/\",\"logo\":{\"@type\":\"ImageObject\",\"inLanguage\":\"fr-FR\",\"@id\":\"https:\/\/footdavant.fr\/actualites\/#\/schema\/logo\/image\/\",\"url\":\"https:\/\/footdavant.fr\/actualites\/wp-content\/uploads\/2023\/09\/Copy-of-FootDavant-Logo.png\",\"contentUrl\":\"https:\/\/footdavant.fr\/actualites\/wp-content\/uploads\/2023\/09\/Copy-of-FootDavant-Logo.png\",\"width\":936,\"height\":549,\"caption\":\"Foot d'avant\"},\"image\":{\"@id\":\"https:\/\/footdavant.fr\/actualites\/#\/schema\/logo\/image\/\"},\"sameAs\":[\"https:\/\/www.facebook.com\/Footdavant\/\",\"https:\/\/twitter.com\/FootdavantFr\",\"https:\/\/www.instagram.com\/footdavant.fr\/\"]},{\"@type\":\"Person\",\"@id\":\"https:\/\/footdavant.fr\/actualites\/#\/schema\/person\/bc222566d95871b37e597b3ed3ba5e1d\",\"name\":\"Cl\u00e9ment\",\"image\":{\"@type\":\"ImageObject\",\"inLanguage\":\"fr-FR\",\"@id\":\"https:\/\/footdavant.fr\/actualites\/#\/schema\/person\/image\/\",\"url\":\"https:\/\/secure.gravatar.com\/avatar\/7728b29aac2719421e1a9159b2254c44?s=96&d=mm&r=g\",\"contentUrl\":\"https:\/\/secure.gravatar.com\/avatar\/7728b29aac2719421e1a9159b2254c44?s=96&d=mm&r=g\",\"caption\":\"Cl\u00e9ment\"},\"sameAs\":[\"https:\/\/footdavant.fr\/\"]}]}<\/script>\n<!-- \/ Yoast SEO plugin. -->","yoast_head_json":{"title":"Joey, tu aimes les films sur les gladiateurs ?","robots":{"index":"index","follow":"follow","max-snippet":"max-snippet:-1","max-image-preview":"max-image-preview:large","max-video-preview":"max-video-preview:-1"},"canonical":"https:\/\/footdavant.fr\/actualites\/joey-tu-aimes-les-films-sur-les-gladiateurs\/","og_locale":"fr_FR","og_type":"article","og_title":"Joey, tu aimes les films sur les gladiateurs ?","og_description":"Matin. Comme pr\u00e9vu, Mikel Arteta n&#39;a pas r\u00e9v\u00e9l\u00e9 grand-chose lors de sa conf\u00e9rence de presse de vendredi concernant les joueurs qui pourraient ou non \u00eatre","og_url":"https:\/\/footdavant.fr\/actualites\/joey-tu-aimes-les-films-sur-les-gladiateurs\/","og_site_name":"Foot d&#039;avant","article_publisher":"https:\/\/www.facebook.com\/Footdavant\/","article_published_time":"2024-10-26T15:48:10+00:00","article_modified_time":"2024-10-26T15:48:13+00:00","og_image":[{"width":1500,"height":750,"url":"https:\/\/footdavant.fr\/actualites\/wp-content\/uploads\/2024\/10\/Joey-tu-aimes-les-films-sur-les-gladiateurs.jpg","type":"image\/jpeg"}],"author":"Cl\u00e9ment","twitter_card":"summary_large_image","twitter_creator":"@FootdavantFr","twitter_site":"@FootdavantFr","twitter_misc":{"\u00c9crit par":"Cl\u00e9ment","Dur\u00e9e de lecture estim\u00e9e":"4 minutes"},"schema":{"@context":"https:\/\/schema.org","@graph":[{"@type":"Article","@id":"https:\/\/footdavant.fr\/actualites\/joey-tu-aimes-les-films-sur-les-gladiateurs\/#article","isPartOf":{"@id":"https:\/\/footdavant.fr\/actualites\/joey-tu-aimes-les-films-sur-les-gladiateurs\/"},"author":{"name":"Cl\u00e9ment","@id":"https:\/\/footdavant.fr\/actualites\/#\/schema\/person\/bc222566d95871b37e597b3ed3ba5e1d"},"headline":"Joey, tu aimes les films sur les gladiateurs ?","datePublished":"2024-10-26T15:48:10+00:00","dateModified":"2024-10-26T15:48:13+00:00","mainEntityOfPage":{"@id":"https:\/\/footdavant.fr\/actualites\/joey-tu-aimes-les-films-sur-les-gladiateurs\/"},"wordCount":868,"publisher":{"@id":"https:\/\/footdavant.fr\/actualites\/#organization"},"keywords":["aimes","films","gladiateurs","Joey","les","sur"],"articleSection":["Football"],"inLanguage":"fr-FR"},{"@type":"WebPage","@id":"https:\/\/footdavant.fr\/actualites\/joey-tu-aimes-les-films-sur-les-gladiateurs\/","url":"https:\/\/footdavant.fr\/actualites\/joey-tu-aimes-les-films-sur-les-gladiateurs\/","name":"Joey, tu aimes les films sur les gladiateurs ?","isPartOf":{"@id":"https:\/\/footdavant.fr\/actualites\/#website"},"datePublished":"2024-10-26T15:48:10+00:00","dateModified":"2024-10-26T15:48:13+00:00","breadcrumb":{"@id":"https:\/\/footdavant.fr\/actualites\/joey-tu-aimes-les-films-sur-les-gladiateurs\/#breadcrumb"},"inLanguage":"fr-FR","potentialAction":[{"@type":"ReadAction","target":["https:\/\/footdavant.fr\/actualites\/joey-tu-aimes-les-films-sur-les-gladiateurs\/"]}]},{"@type":"BreadcrumbList","@id":"https:\/\/footdavant.fr\/actualites\/joey-tu-aimes-les-films-sur-les-gladiateurs\/#breadcrumb","itemListElement":[{"@type":"ListItem","position":1,"name":"Accueil","item":"https:\/\/footdavant.fr\/actualites\/"},{"@type":"ListItem","position":2,"name":"Joey, tu aimes les films sur les gladiateurs ?"}]},{"@type":"WebSite","@id":"https:\/\/footdavant.fr\/actualites\/#website","url":"https:\/\/footdavant.fr\/actualites\/","name":"Foot d'avant","description":"","publisher":{"@id":"https:\/\/footdavant.fr\/actualites\/#organization"},"potentialAction":[{"@type":"SearchAction","target":{"@type":"EntryPoint","urlTemplate":"https:\/\/footdavant.fr\/actualites\/?s={search_term_string}"},"query-input":"required name=search_term_string"}],"inLanguage":"fr-FR"},{"@type":"Organization","@id":"https:\/\/footdavant.fr\/actualites\/#organization","name":"Foot d'avant","url":"https:\/\/footdavant.fr\/actualites\/","logo":{"@type":"ImageObject","inLanguage":"fr-FR","@id":"https:\/\/footdavant.fr\/actualites\/#\/schema\/logo\/image\/","url":"https:\/\/footdavant.fr\/actualites\/wp-content\/uploads\/2023\/09\/Copy-of-FootDavant-Logo.png","contentUrl":"https:\/\/footdavant.fr\/actualites\/wp-content\/uploads\/2023\/09\/Copy-of-FootDavant-Logo.png","width":936,"height":549,"caption":"Foot d'avant"},"image":{"@id":"https:\/\/footdavant.fr\/actualites\/#\/schema\/logo\/image\/"},"sameAs":["https:\/\/www.facebook.com\/Footdavant\/","https:\/\/twitter.com\/FootdavantFr","https:\/\/www.instagram.com\/footdavant.fr\/"]},{"@type":"Person","@id":"https:\/\/footdavant.fr\/actualites\/#\/schema\/person\/bc222566d95871b37e597b3ed3ba5e1d","name":"Cl\u00e9ment","image":{"@type":"ImageObject","inLanguage":"fr-FR","@id":"https:\/\/footdavant.fr\/actualites\/#\/schema\/person\/image\/","url":"https:\/\/secure.gravatar.com\/avatar\/7728b29aac2719421e1a9159b2254c44?s=96&d=mm&r=g","contentUrl":"https:\/\/secure.gravatar.com\/avatar\/7728b29aac2719421e1a9159b2254c44?s=96&d=mm&r=g","caption":"Cl\u00e9ment"},"sameAs":["https:\/\/footdavant.fr\/"]}]}},"_links":{"self":[{"href":"https:\/\/footdavant.fr\/actualites\/wp-json\/wp\/v2\/posts\/15307"}],"collection":[{"href":"https:\/\/footdavant.fr\/actualites\/wp-json\/wp\/v2\/posts"}],"about":[{"href":"https:\/\/footdavant.fr\/actualites\/wp-json\/wp\/v2\/types\/post"}],"author":[{"embeddable":true,"href":"https:\/\/footdavant.fr\/actualites\/wp-json\/wp\/v2\/users\/1"}],"replies":[{"embeddable":true,"href":"https:\/\/footdavant.fr\/actualites\/wp-json\/wp\/v2\/comments?post=15307"}],"version-history":[{"count":1,"href":"https:\/\/footdavant.fr\/actualites\/wp-json\/wp\/v2\/posts\/15307\/revisions"}],"predecessor-version":[{"id":15309,"href":"https:\/\/footdavant.fr\/actualites\/wp-json\/wp\/v2\/posts\/15307\/revisions\/15309"}],"wp:featuredmedia":[{"embeddable":true,"href":"https:\/\/footdavant.fr\/actualites\/wp-json\/wp\/v2\/media\/15308"}],"wp:attachment":[{"href":"https:\/\/footdavant.fr\/actualites\/wp-json\/wp\/v2\/media?parent=15307"}],"wp:term":[{"taxonomy":"category","embeddable":true,"href":"https:\/\/footdavant.fr\/actualites\/wp-json\/wp\/v2\/categories?post=15307"},{"taxonomy":"post_tag","embeddable":true,"href":"https:\/\/footdavant.fr\/actualites\/wp-json\/wp\/v2\/tags?post=15307"}],"curies":[{"name":"wp","href":"https:\/\/api.w.org\/{rel}","templated":true}]}}