{"id":1531,"date":"2023-11-27T21:49:26","date_gmt":"2023-11-27T20:49:26","guid":{"rendered":"https:\/\/footdavant.fr\/actualites\/actualites-de-lequipe-de-barcelone-blessure-liste-de-suspension-contre-porto\/"},"modified":"2023-11-27T21:49:26","modified_gmt":"2023-11-27T20:49:26","slug":"actualites-de-lequipe-de-barcelone-blessure-liste-de-suspension-contre-porto","status":"publish","type":"post","link":"https:\/\/footdavant.fr\/actualites\/actualites-de-lequipe-de-barcelone-blessure-liste-de-suspension-contre-porto\/","title":{"rendered":"Actualit\u00e9s de l&rsquo;\u00e9quipe de Barcelone : Blessure, liste de suspension contre Porto"},"content":{"rendered":"<p>Sports Mole r\u00e9sume les derni\u00e8res nouvelles sur les blessures et les suspensions de Barcelone avant leur affrontement en Ligue des champions avec Porto.<\/p>\n<div id=\"article_body\" itemprop=\"articleBody\">\n<p class=\"firstPara\"><strong class=\"autotag\">Barcelone<\/strong> r\u00e9serveraient leur place pour les huiti\u00e8mes de finale du <strong class=\"autotag\">Ligue des champions<\/strong> avec un jeu \u00e0 revendre s&rsquo;ils surmontent <strong class=\"autotag\">Porto<\/strong> mardi soir.<\/p>\n<p>Les g\u00e9ants catalans sont actuellement en t\u00eate du groupe H, \u00e0 \u00e9galit\u00e9 avec neuf points avec Porto, deuxi\u00e8me, tandis que le Shakhtar Donetsk est troisi\u00e8me du groupe avec six points.<\/p>\n<p><strong class=\"autotag\">Xavi<\/strong>L&rsquo;\u00e9quipe d&rsquo;Espagne doit gagner mardi pour \u00eatre s\u00fbre de se qualifier \u00e0 ce stade, mais elle entrera dans le match apr\u00e8s un d\u00e9cevant match nul 1-1 contre le Rayo Vallecano dans l&rsquo;\u00e9lite espagnole, ce qui les a laiss\u00e9s en troisi\u00e8me position du classement. tableau sur 31 points.<\/p>\n<p>Ici, <strong>Taupe de sport<\/strong> r\u00e9sume les derni\u00e8res nouvelles sur les blessures et les suspensions de Barcelone avant leur affrontement avec Porto, qui a remport\u00e9 ses trois derniers matches toutes comp\u00e9titions confondues.<\/p>\n<hr>\n<p class=\"imgI\">\n<p><strong>Statut:<\/strong> Un doute majeur<br \/><strong>Type de blessure :<\/strong> Veau<br \/><strong>Date de retour possible :<\/strong> 28 novembre (contre Porto)<\/p>\n<p>Roberto a souffert d&rsquo;un probl\u00e8me au mollet \u00e0 l&rsquo;entra\u00eenement lors de la tr\u00eave internationale d&rsquo;octobre, et il a encore rat\u00e9 son match ce week-end, mais un retour contre Porto est possible.<\/p>\n<hr>\n<p class=\"imgI\"><img decoding=\"async\" loading=\"lazy\" class=\"l\" src=\"https:\/\/footdavant.fr\/actualites\/wp-content\/uploads\/2023\/11\/1701118166_837_Actualites-de-lequipe-de-Barcelone-Blessure-liste-de-suspension.JPG\" title=\"Le gardien de Barcelone Marc-Andre ter Stegen le 14 mai 2023\" alt=\"Le gardien de Barcelone Marc-Andre ter Stegen le 14 mai 2023\" width=\"640\" height=\"480\"><\/p>\n<p><strong>Statut:<\/strong> Un doute majeur<br \/><strong>Type de blessure :<\/strong> Dos<br \/><strong>Date de retour possible :<\/strong> 28 novembre (contre Porto)<\/p>\n<p>Ter Stegen a d\u00fb se retirer de l&rsquo;\u00e9quipe d&rsquo;Allemagne pendant la tr\u00eave internationale en raison d&rsquo;un probl\u00e8me de dos, et le gardien de but a ensuite \u00e9t\u00e9 exclu du choc avec le Rayo, mais il y a une chance qu&rsquo;il puisse revenir ici.<\/p>\n<hr>\n<p class=\"imgI\"><img decoding=\"async\" loading=\"lazy\" class=\"l\" src=\"https:\/\/footdavant.fr\/actualites\/wp-content\/uploads\/2023\/11\/1701118166_682_Actualites-de-lequipe-de-Barcelone-Blessure-liste-de-suspension.jpg\" title=\"L'Espagnol Gavi r\u00e9agit apr\u00e8s s'\u00eatre bless\u00e9 le 19 novembre 2023\" alt=\"L'Espagnol Gavi r\u00e9agit apr\u00e8s s'\u00eatre bless\u00e9 le 19 novembre 2023\" width=\"640\" height=\"480\"><\/p>\n<p><strong>Statut:<\/strong> Dehors<br \/><strong>Type de blessure :<\/strong> Genou<br \/><strong>Date de retour possible :<\/strong> Inconnu<\/p>\n<p>Gavi a subi une blessure au LCA alors qu&rsquo;il repr\u00e9sentait l&rsquo;Espagne pendant la tr\u00eave internationale, et le milieu de terrain devrait d\u00e9sormais manquer pour le reste de la campagne 2023-24.<\/p>\n<hr>\n<p><strong><\/p>\n<h2>LISTE DE SUSPENSION DE BARCELONE<\/h2>\n<p><\/strong><\/p>\n<p>Barcelone n&rsquo;a aucun joueur suspendu pour ce match.<\/p>\n<hr>\n<\/div>\n","protected":false},"excerpt":{"rendered":"<p>Sports Mole r\u00e9sume les derni\u00e8res nouvelles sur les blessures et les suspensions de Barcelone avant leur affrontement en Ligue des champions avec Porto. Barcelone r\u00e9serveraient<\/p>\n","protected":false},"author":1,"featured_media":1532,"comment_status":"closed","ping_status":"","sticky":false,"template":"","format":"standard","meta":{"footnotes":""},"categories":[4],"tags":[7,130,15,20,9,17,381,18],"yoast_head":"<!-- This site is optimized with the Yoast SEO plugin v21.0 - https:\/\/yoast.com\/wordpress\/plugins\/seo\/ -->\n<title>Actualit\u00e9s de l&#039;\u00e9quipe de Barcelone : Blessure, liste de suspension contre Porto<\/title>\n<meta name=\"robots\" content=\"index, follow, max-snippet:-1, max-image-preview:large, max-video-preview:-1\" \/>\n<link rel=\"canonical\" href=\"https:\/\/footdavant.fr\/actualites\/actualites-de-lequipe-de-barcelone-blessure-liste-de-suspension-contre-porto\/\" \/>\n<meta property=\"og:locale\" content=\"fr_FR\" \/>\n<meta property=\"og:type\" content=\"article\" \/>\n<meta property=\"og:title\" content=\"Actualit\u00e9s de l&#039;\u00e9quipe de Barcelone : Blessure, liste de suspension contre Porto\" \/>\n<meta property=\"og:description\" content=\"Sports Mole r\u00e9sume les derni\u00e8res nouvelles sur les blessures et les suspensions de Barcelone avant leur affrontement en Ligue des champions avec Porto. Barcelone r\u00e9serveraient\" \/>\n<meta property=\"og:url\" content=\"https:\/\/footdavant.fr\/actualites\/actualites-de-lequipe-de-barcelone-blessure-liste-de-suspension-contre-porto\/\" \/>\n<meta property=\"og:site_name\" content=\"Foot d&#039;avant\" \/>\n<meta property=\"article:publisher\" content=\"https:\/\/www.facebook.com\/Footdavant\/\" \/>\n<meta property=\"article:published_time\" content=\"2023-11-27T20:49:26+00:00\" \/>\n<meta property=\"og:image\" content=\"https:\/\/footdavant.fr\/actualites\/wp-content\/uploads\/2023\/11\/1701118166_Actualites-de-lequipe-de-Barcelone-Blessure-liste-de-suspension.JPG\" \/>\n\t<meta property=\"og:image:width\" content=\"640\" \/>\n\t<meta property=\"og:image:height\" content=\"480\" \/>\n\t<meta property=\"og:image:type\" content=\"image\/jpeg\" \/>\n<meta name=\"author\" content=\"Cl\u00e9ment\" \/>\n<meta name=\"twitter:card\" content=\"summary_large_image\" \/>\n<meta name=\"twitter:creator\" content=\"@FootdavantFr\" \/>\n<meta name=\"twitter:site\" content=\"@FootdavantFr\" \/>\n<meta name=\"twitter:label1\" content=\"\u00c9crit par\" \/>\n\t<meta name=\"twitter:data1\" content=\"Cl\u00e9ment\" \/>\n\t<meta name=\"twitter:label2\" content=\"Dur\u00e9e de lecture estim\u00e9e\" \/>\n\t<meta name=\"twitter:data2\" content=\"2 minutes\" \/>\n<script type=\"application\/ld+json\" class=\"yoast-schema-graph\">{\"@context\":\"https:\/\/schema.org\",\"@graph\":[{\"@type\":\"Article\",\"@id\":\"https:\/\/footdavant.fr\/actualites\/actualites-de-lequipe-de-barcelone-blessure-liste-de-suspension-contre-porto\/#article\",\"isPartOf\":{\"@id\":\"https:\/\/footdavant.fr\/actualites\/actualites-de-lequipe-de-barcelone-blessure-liste-de-suspension-contre-porto\/\"},\"author\":{\"name\":\"Cl\u00e9ment\",\"@id\":\"https:\/\/footdavant.fr\/actualites\/#\/schema\/person\/bc222566d95871b37e597b3ed3ba5e1d\"},\"headline\":\"Actualit\u00e9s de l&rsquo;\u00e9quipe de Barcelone : Blessure, liste de suspension contre Porto\",\"datePublished\":\"2023-11-27T20:49:26+00:00\",\"dateModified\":\"2023-11-27T20:49:26+00:00\",\"mainEntityOfPage\":{\"@id\":\"https:\/\/footdavant.fr\/actualites\/actualites-de-lequipe-de-barcelone-blessure-liste-de-suspension-contre-porto\/\"},\"wordCount\":347,\"publisher\":{\"@id\":\"https:\/\/footdavant.fr\/actualites\/#organization\"},\"keywords\":[\"Actualit\u00e9s\",\"Barcelone\",\"Blessure\",\"contre\",\"l\u00e9quipe\",\"liste\",\"Porto\",\"suspension\"],\"articleSection\":[\"Champions League\"],\"inLanguage\":\"fr-FR\"},{\"@type\":\"WebPage\",\"@id\":\"https:\/\/footdavant.fr\/actualites\/actualites-de-lequipe-de-barcelone-blessure-liste-de-suspension-contre-porto\/\",\"url\":\"https:\/\/footdavant.fr\/actualites\/actualites-de-lequipe-de-barcelone-blessure-liste-de-suspension-contre-porto\/\",\"name\":\"Actualit\u00e9s de l'\u00e9quipe de Barcelone : Blessure, liste de suspension contre Porto\",\"isPartOf\":{\"@id\":\"https:\/\/footdavant.fr\/actualites\/#website\"},\"datePublished\":\"2023-11-27T20:49:26+00:00\",\"dateModified\":\"2023-11-27T20:49:26+00:00\",\"breadcrumb\":{\"@id\":\"https:\/\/footdavant.fr\/actualites\/actualites-de-lequipe-de-barcelone-blessure-liste-de-suspension-contre-porto\/#breadcrumb\"},\"inLanguage\":\"fr-FR\",\"potentialAction\":[{\"@type\":\"ReadAction\",\"target\":[\"https:\/\/footdavant.fr\/actualites\/actualites-de-lequipe-de-barcelone-blessure-liste-de-suspension-contre-porto\/\"]}]},{\"@type\":\"BreadcrumbList\",\"@id\":\"https:\/\/footdavant.fr\/actualites\/actualites-de-lequipe-de-barcelone-blessure-liste-de-suspension-contre-porto\/#breadcrumb\",\"itemListElement\":[{\"@type\":\"ListItem\",\"position\":1,\"name\":\"Accueil\",\"item\":\"https:\/\/footdavant.fr\/actualites\/\"},{\"@type\":\"ListItem\",\"position\":2,\"name\":\"Actualit\u00e9s de l&rsquo;\u00e9quipe de Barcelone : Blessure, liste de suspension contre Porto\"}]},{\"@type\":\"WebSite\",\"@id\":\"https:\/\/footdavant.fr\/actualites\/#website\",\"url\":\"https:\/\/footdavant.fr\/actualites\/\",\"name\":\"Foot d'avant\",\"description\":\"\",\"publisher\":{\"@id\":\"https:\/\/footdavant.fr\/actualites\/#organization\"},\"potentialAction\":[{\"@type\":\"SearchAction\",\"target\":{\"@type\":\"EntryPoint\",\"urlTemplate\":\"https:\/\/footdavant.fr\/actualites\/?s={search_term_string}\"},\"query-input\":\"required name=search_term_string\"}],\"inLanguage\":\"fr-FR\"},{\"@type\":\"Organization\",\"@id\":\"https:\/\/footdavant.fr\/actualites\/#organization\",\"name\":\"Foot d'avant\",\"url\":\"https:\/\/footdavant.fr\/actualites\/\",\"logo\":{\"@type\":\"ImageObject\",\"inLanguage\":\"fr-FR\",\"@id\":\"https:\/\/footdavant.fr\/actualites\/#\/schema\/logo\/image\/\",\"url\":\"https:\/\/footdavant.fr\/actualites\/wp-content\/uploads\/2023\/09\/Copy-of-FootDavant-Logo.png\",\"contentUrl\":\"https:\/\/footdavant.fr\/actualites\/wp-content\/uploads\/2023\/09\/Copy-of-FootDavant-Logo.png\",\"width\":936,\"height\":549,\"caption\":\"Foot d'avant\"},\"image\":{\"@id\":\"https:\/\/footdavant.fr\/actualites\/#\/schema\/logo\/image\/\"},\"sameAs\":[\"https:\/\/www.facebook.com\/Footdavant\/\",\"https:\/\/twitter.com\/FootdavantFr\",\"https:\/\/www.instagram.com\/footdavant.fr\/\"]},{\"@type\":\"Person\",\"@id\":\"https:\/\/footdavant.fr\/actualites\/#\/schema\/person\/bc222566d95871b37e597b3ed3ba5e1d\",\"name\":\"Cl\u00e9ment\",\"image\":{\"@type\":\"ImageObject\",\"inLanguage\":\"fr-FR\",\"@id\":\"https:\/\/footdavant.fr\/actualites\/#\/schema\/person\/image\/\",\"url\":\"https:\/\/secure.gravatar.com\/avatar\/7728b29aac2719421e1a9159b2254c44?s=96&d=mm&r=g\",\"contentUrl\":\"https:\/\/secure.gravatar.com\/avatar\/7728b29aac2719421e1a9159b2254c44?s=96&d=mm&r=g\",\"caption\":\"Cl\u00e9ment\"},\"sameAs\":[\"https:\/\/footdavant.fr\/\"]}]}<\/script>\n<!-- \/ Yoast SEO plugin. -->","yoast_head_json":{"title":"Actualit\u00e9s de l'\u00e9quipe de Barcelone : Blessure, liste de suspension contre Porto","robots":{"index":"index","follow":"follow","max-snippet":"max-snippet:-1","max-image-preview":"max-image-preview:large","max-video-preview":"max-video-preview:-1"},"canonical":"https:\/\/footdavant.fr\/actualites\/actualites-de-lequipe-de-barcelone-blessure-liste-de-suspension-contre-porto\/","og_locale":"fr_FR","og_type":"article","og_title":"Actualit\u00e9s de l'\u00e9quipe de Barcelone : Blessure, liste de suspension contre Porto","og_description":"Sports Mole r\u00e9sume les derni\u00e8res nouvelles sur les blessures et les suspensions de Barcelone avant leur affrontement en Ligue des champions avec Porto. Barcelone r\u00e9serveraient","og_url":"https:\/\/footdavant.fr\/actualites\/actualites-de-lequipe-de-barcelone-blessure-liste-de-suspension-contre-porto\/","og_site_name":"Foot d&#039;avant","article_publisher":"https:\/\/www.facebook.com\/Footdavant\/","article_published_time":"2023-11-27T20:49:26+00:00","og_image":[{"width":640,"height":480,"url":"https:\/\/footdavant.fr\/actualites\/wp-content\/uploads\/2023\/11\/1701118166_Actualites-de-lequipe-de-Barcelone-Blessure-liste-de-suspension.JPG","type":"image\/jpeg"}],"author":"Cl\u00e9ment","twitter_card":"summary_large_image","twitter_creator":"@FootdavantFr","twitter_site":"@FootdavantFr","twitter_misc":{"\u00c9crit par":"Cl\u00e9ment","Dur\u00e9e de lecture estim\u00e9e":"2 minutes"},"schema":{"@context":"https:\/\/schema.org","@graph":[{"@type":"Article","@id":"https:\/\/footdavant.fr\/actualites\/actualites-de-lequipe-de-barcelone-blessure-liste-de-suspension-contre-porto\/#article","isPartOf":{"@id":"https:\/\/footdavant.fr\/actualites\/actualites-de-lequipe-de-barcelone-blessure-liste-de-suspension-contre-porto\/"},"author":{"name":"Cl\u00e9ment","@id":"https:\/\/footdavant.fr\/actualites\/#\/schema\/person\/bc222566d95871b37e597b3ed3ba5e1d"},"headline":"Actualit\u00e9s de l&rsquo;\u00e9quipe de Barcelone : Blessure, liste de suspension contre Porto","datePublished":"2023-11-27T20:49:26+00:00","dateModified":"2023-11-27T20:49:26+00:00","mainEntityOfPage":{"@id":"https:\/\/footdavant.fr\/actualites\/actualites-de-lequipe-de-barcelone-blessure-liste-de-suspension-contre-porto\/"},"wordCount":347,"publisher":{"@id":"https:\/\/footdavant.fr\/actualites\/#organization"},"keywords":["Actualit\u00e9s","Barcelone","Blessure","contre","l\u00e9quipe","liste","Porto","suspension"],"articleSection":["Champions League"],"inLanguage":"fr-FR"},{"@type":"WebPage","@id":"https:\/\/footdavant.fr\/actualites\/actualites-de-lequipe-de-barcelone-blessure-liste-de-suspension-contre-porto\/","url":"https:\/\/footdavant.fr\/actualites\/actualites-de-lequipe-de-barcelone-blessure-liste-de-suspension-contre-porto\/","name":"Actualit\u00e9s de l'\u00e9quipe de Barcelone : Blessure, liste de suspension contre Porto","isPartOf":{"@id":"https:\/\/footdavant.fr\/actualites\/#website"},"datePublished":"2023-11-27T20:49:26+00:00","dateModified":"2023-11-27T20:49:26+00:00","breadcrumb":{"@id":"https:\/\/footdavant.fr\/actualites\/actualites-de-lequipe-de-barcelone-blessure-liste-de-suspension-contre-porto\/#breadcrumb"},"inLanguage":"fr-FR","potentialAction":[{"@type":"ReadAction","target":["https:\/\/footdavant.fr\/actualites\/actualites-de-lequipe-de-barcelone-blessure-liste-de-suspension-contre-porto\/"]}]},{"@type":"BreadcrumbList","@id":"https:\/\/footdavant.fr\/actualites\/actualites-de-lequipe-de-barcelone-blessure-liste-de-suspension-contre-porto\/#breadcrumb","itemListElement":[{"@type":"ListItem","position":1,"name":"Accueil","item":"https:\/\/footdavant.fr\/actualites\/"},{"@type":"ListItem","position":2,"name":"Actualit\u00e9s de l&rsquo;\u00e9quipe de Barcelone : Blessure, liste de suspension contre Porto"}]},{"@type":"WebSite","@id":"https:\/\/footdavant.fr\/actualites\/#website","url":"https:\/\/footdavant.fr\/actualites\/","name":"Foot d'avant","description":"","publisher":{"@id":"https:\/\/footdavant.fr\/actualites\/#organization"},"potentialAction":[{"@type":"SearchAction","target":{"@type":"EntryPoint","urlTemplate":"https:\/\/footdavant.fr\/actualites\/?s={search_term_string}"},"query-input":"required name=search_term_string"}],"inLanguage":"fr-FR"},{"@type":"Organization","@id":"https:\/\/footdavant.fr\/actualites\/#organization","name":"Foot d'avant","url":"https:\/\/footdavant.fr\/actualites\/","logo":{"@type":"ImageObject","inLanguage":"fr-FR","@id":"https:\/\/footdavant.fr\/actualites\/#\/schema\/logo\/image\/","url":"https:\/\/footdavant.fr\/actualites\/wp-content\/uploads\/2023\/09\/Copy-of-FootDavant-Logo.png","contentUrl":"https:\/\/footdavant.fr\/actualites\/wp-content\/uploads\/2023\/09\/Copy-of-FootDavant-Logo.png","width":936,"height":549,"caption":"Foot d'avant"},"image":{"@id":"https:\/\/footdavant.fr\/actualites\/#\/schema\/logo\/image\/"},"sameAs":["https:\/\/www.facebook.com\/Footdavant\/","https:\/\/twitter.com\/FootdavantFr","https:\/\/www.instagram.com\/footdavant.fr\/"]},{"@type":"Person","@id":"https:\/\/footdavant.fr\/actualites\/#\/schema\/person\/bc222566d95871b37e597b3ed3ba5e1d","name":"Cl\u00e9ment","image":{"@type":"ImageObject","inLanguage":"fr-FR","@id":"https:\/\/footdavant.fr\/actualites\/#\/schema\/person\/image\/","url":"https:\/\/secure.gravatar.com\/avatar\/7728b29aac2719421e1a9159b2254c44?s=96&d=mm&r=g","contentUrl":"https:\/\/secure.gravatar.com\/avatar\/7728b29aac2719421e1a9159b2254c44?s=96&d=mm&r=g","caption":"Cl\u00e9ment"},"sameAs":["https:\/\/footdavant.fr\/"]}]}},"_links":{"self":[{"href":"https:\/\/footdavant.fr\/actualites\/wp-json\/wp\/v2\/posts\/1531"}],"collection":[{"href":"https:\/\/footdavant.fr\/actualites\/wp-json\/wp\/v2\/posts"}],"about":[{"href":"https:\/\/footdavant.fr\/actualites\/wp-json\/wp\/v2\/types\/post"}],"author":[{"embeddable":true,"href":"https:\/\/footdavant.fr\/actualites\/wp-json\/wp\/v2\/users\/1"}],"replies":[{"embeddable":true,"href":"https:\/\/footdavant.fr\/actualites\/wp-json\/wp\/v2\/comments?post=1531"}],"version-history":[{"count":1,"href":"https:\/\/footdavant.fr\/actualites\/wp-json\/wp\/v2\/posts\/1531\/revisions"}],"predecessor-version":[{"id":1533,"href":"https:\/\/footdavant.fr\/actualites\/wp-json\/wp\/v2\/posts\/1531\/revisions\/1533"}],"wp:featuredmedia":[{"embeddable":true,"href":"https:\/\/footdavant.fr\/actualites\/wp-json\/wp\/v2\/media\/1532"}],"wp:attachment":[{"href":"https:\/\/footdavant.fr\/actualites\/wp-json\/wp\/v2\/media?parent=1531"}],"wp:term":[{"taxonomy":"category","embeddable":true,"href":"https:\/\/footdavant.fr\/actualites\/wp-json\/wp\/v2\/categories?post=1531"},{"taxonomy":"post_tag","embeddable":true,"href":"https:\/\/footdavant.fr\/actualites\/wp-json\/wp\/v2\/tags?post=1531"}],"curies":[{"name":"wp","href":"https:\/\/api.w.org\/{rel}","templated":true}]}}