{"id":15316,"date":"2024-10-26T21:48:09","date_gmt":"2024-10-26T19:48:09","guid":{"rendered":"https:\/\/footdavant.fr\/actualites\/graham-potter-interpelle-les-critiques-de-jamie-carragher-et-de-liverpool\/"},"modified":"2024-10-26T21:48:16","modified_gmt":"2024-10-26T19:48:16","slug":"graham-potter-interpelle-les-critiques-de-jamie-carragher-et-de-liverpool","status":"publish","type":"post","link":"https:\/\/footdavant.fr\/actualites\/graham-potter-interpelle-les-critiques-de-jamie-carragher-et-de-liverpool\/","title":{"rendered":"Graham Potter interpelle les critiques de Jamie Carragher et de Liverpool"},"content":{"rendered":"<div id=\"article-body\">\n<!-- Article Start --><\/p>\n<p>Des questions ont \u00e9t\u00e9 soulev\u00e9es sur l&#39;\u00e9quipe de recrutement des Reds apr\u00e8s que seul Federico Chiesa l&#39;ait rejoint pendant la fen\u00eatre estivale (avec Giorgi Mamardashvili passant un an \u00e0 Valence).<\/p>\n<p>La priorit\u00e9 absolue d&#39;Arne Slot \u00e9tait l&#39;ajout d&#39;un milieu de terrain de haut niveau qui se marierait bien avec son football plus ax\u00e9 sur la possession.<\/p>\n<p>Malheureusement, la d\u00e9cision de Martin Zubimendi de la Real Sociedad ne s&#39;est pas d\u00e9roul\u00e9e comme esp\u00e9r\u00e9, bien que l&#39;international espagnol ait initialement donn\u00e9 sa parole \u00e0 Richard Hughes.<\/p>\n<h2>Graham Potter s&#39;en prend aux critiques de Liverpool<\/h2>\n<figure class=\"wp-caption alignnone\"><picture><source type=\"image\/webp\" data- data-><\/source><\/picture><\/figure>\n<p>Compte tenu des craintes raisonnables concernant l&#39;implication limit\u00e9e de Liverpool dans la fen\u00eatre, vous pourriez pardonner aux fans et aux experts de s&#39;attendre \u00e0 un d\u00e9but de saison un peu moins excitant pour 2024\/25.<\/p>\n<p>N\u00e9anmoins, Graham Potter a fait l&#39;\u00e9loge des Reds pour leur prise de d\u00e9cision, tout en remettant en question les critiques auxquelles ils ont \u00e9t\u00e9 confront\u00e9s avant la campagne.<\/p>\n<p>l&#39;ancien patron de Chelsea s&#39;est exprim\u00e9 sur .<\/p>\n<\/p>\n<blockquote class=\"twitter-lazy tweet-img lazyload\" data-width=\"500\" data-dnt=\"true\">\n<p lang=\"en\" dir=\"ltr\">\u00ab\u00a0Ils lui ont permis de travailler dans des conditions stables\u00a0\u00bb \ud83d\udd34\ud83d\udcaa<\/p>\n<p>Graham Potter et Nedum Onuoha saluent la transition de Liverpool sous Arne Slot. <\/p>\n<p>\u00c9coutez Planet Premier League partout o\u00f9 vous obtenez vos podcasts ou si vous \u00eates au Royaume-Uni, \u00e9coutez <a rel=\"nofollow\" href=\"https:\/\/twitter.com\/BBCSounds?ref_src=twsrc%5Etfw\">@bbcsounds<\/a> \ud83c\udfa7<a rel=\"nofollow\" href=\"https:\/\/twitter.com\/hashtag\/BBCFootball?src=hash&amp;ref_src=twsrc%5Etfw\">#BBCFootball<\/a> <a rel=\"nofollow\" href=\"https:\/\/twitter.com\/hashtag\/LFC?src=hash&amp;ref_src=twsrc%5Etfw\">#LFC<\/a> <a rel=\"nofollow\" href=\"https:\/\/t.co\/VDQgvDlSHe\">pic.twitter.com\/VDQgvDlSHe<\/a><\/p>\n<p>\u2013 BBC 5 Sport en direct (@5liveSport) <a rel=\"nofollow\" href=\"https:\/\/twitter.com\/5liveSport\/status\/1849756009796882768?ref_src=twsrc%5Etfw\">25 octobre 2024<\/a><\/p>\n<\/blockquote>\n<h2>Comment Jamie Carragher a-t-il r\u00e9agi \u00e0 la fen\u00eatre estivale de Liverpool ?<\/h2>\n<p>Pour \u00eatre tout \u00e0 fait juste envers Jamie Carragher, c&#39;est tr\u00e8s bien que Graham Potter intervienne avec le recul.<\/p>\n<p>Peu de gens auraient pu pr\u00e9dire que Ryan Gravenberch deviendrait le joueur qu\u2019il est aujourd\u2019hui. Au-del\u00e0 de cela, notre ancien d\u00e9fenseur central a d\u00fb comprendre l&#39;\u00e9chec de Liverpool \u00e0 attirer son principal objectif alors qu&#39;il y avait, \u00e0 l&#39;\u00e9poque, de s\u00e9rieuses inqui\u00e9tudes concernant le r\u00f4le de milieu de terrain.<\/p>\n<p>l&#39;expert de Sky Sports aurait d\u00e9clar\u00e9 \u00e0 la mi-ao\u00fbt par le .<\/p>\n<\/p>\n<p>Les inqui\u00e9tudes quant \u00e0 ce \u00e0 quoi ressemblerait ce Liverpool sous Arne Slot \u00e9taient plus que fond\u00e9es \u00e9tant donn\u00e9 le calibre du manager remplac\u00e9 par Jurgen Klopp.<\/p>\n<p>Cela dit, Arne Slot et la hi\u00e9rarchie derri\u00e8re lui m\u00e9ritent clairement d\u2019\u00eatre f\u00e9licit\u00e9s pour la direction du voyage \u00e0 laquelle nous avons assist\u00e9.<\/p>\n<p>Nous sommes en t\u00eate du championnat fin octobre et avons une chance d&#39;en faire une course \u00e0 deux chevaux avant novembre.<\/p>\n<p><!-- Article End -->\t\t\t\t<\/div>\n<p><script async src=\"https:\/\/platform.twitter.com\/widgets.js\" charset=\"utf-8\"><\/script><\/p>\n","protected":false},"excerpt":{"rendered":"<p>Des questions ont \u00e9t\u00e9 soulev\u00e9es sur l&#39;\u00e9quipe de recrutement des Reds apr\u00e8s que seul Federico Chiesa l&#39;ait rejoint pendant la fen\u00eatre estivale (avec Giorgi Mamardashvili<\/p>\n","protected":false},"author":1,"featured_media":15317,"comment_status":"closed","ping_status":"","sticky":false,"template":"","format":"standard","meta":{"footnotes":""},"categories":[3],"tags":[576,3774,3987,6875,1510,93,53,3988],"yoast_head":"<!-- This site is optimized with the Yoast SEO plugin v21.0 - https:\/\/yoast.com\/wordpress\/plugins\/seo\/ -->\n<title>Graham Potter interpelle les critiques de Jamie Carragher et de Liverpool<\/title>\n<meta name=\"robots\" content=\"index, follow, max-snippet:-1, max-image-preview:large, max-video-preview:-1\" \/>\n<link rel=\"canonical\" href=\"https:\/\/footdavant.fr\/actualites\/graham-potter-interpelle-les-critiques-de-jamie-carragher-et-de-liverpool\/\" \/>\n<meta property=\"og:locale\" content=\"fr_FR\" \/>\n<meta property=\"og:type\" content=\"article\" \/>\n<meta property=\"og:title\" content=\"Graham Potter interpelle les critiques de Jamie Carragher et de Liverpool\" \/>\n<meta property=\"og:description\" content=\"Des questions ont \u00e9t\u00e9 soulev\u00e9es sur l&#039;\u00e9quipe de recrutement des Reds apr\u00e8s que seul Federico Chiesa l&#039;ait rejoint pendant la fen\u00eatre estivale (avec Giorgi Mamardashvili\" \/>\n<meta property=\"og:url\" content=\"https:\/\/footdavant.fr\/actualites\/graham-potter-interpelle-les-critiques-de-jamie-carragher-et-de-liverpool\/\" \/>\n<meta property=\"og:site_name\" content=\"Foot d&#039;avant\" \/>\n<meta property=\"article:publisher\" content=\"https:\/\/www.facebook.com\/Footdavant\/\" \/>\n<meta property=\"article:published_time\" content=\"2024-10-26T19:48:09+00:00\" \/>\n<meta property=\"article:modified_time\" content=\"2024-10-26T19:48:16+00:00\" \/>\n<meta property=\"og:image\" content=\"https:\/\/footdavant.fr\/actualites\/wp-content\/uploads\/2024\/10\/1729972090_Graham-Potter-interpelle-les-critiques-de-Jamie-Carragher-et-de.jpg\" \/>\n\t<meta property=\"og:image:width\" content=\"2000\" \/>\n\t<meta property=\"og:image:height\" content=\"1000\" \/>\n\t<meta property=\"og:image:type\" content=\"image\/jpeg\" \/>\n<meta name=\"author\" content=\"Cl\u00e9ment\" \/>\n<meta name=\"twitter:card\" content=\"summary_large_image\" \/>\n<meta name=\"twitter:creator\" content=\"@FootdavantFr\" \/>\n<meta name=\"twitter:site\" content=\"@FootdavantFr\" \/>\n<meta name=\"twitter:label1\" content=\"\u00c9crit par\" \/>\n\t<meta name=\"twitter:data1\" content=\"Cl\u00e9ment\" \/>\n\t<meta name=\"twitter:label2\" content=\"Dur\u00e9e de lecture estim\u00e9e\" \/>\n\t<meta name=\"twitter:data2\" content=\"2 minutes\" \/>\n<script type=\"application\/ld+json\" class=\"yoast-schema-graph\">{\"@context\":\"https:\/\/schema.org\",\"@graph\":[{\"@type\":\"Article\",\"@id\":\"https:\/\/footdavant.fr\/actualites\/graham-potter-interpelle-les-critiques-de-jamie-carragher-et-de-liverpool\/#article\",\"isPartOf\":{\"@id\":\"https:\/\/footdavant.fr\/actualites\/graham-potter-interpelle-les-critiques-de-jamie-carragher-et-de-liverpool\/\"},\"author\":{\"name\":\"Cl\u00e9ment\",\"@id\":\"https:\/\/footdavant.fr\/actualites\/#\/schema\/person\/bc222566d95871b37e597b3ed3ba5e1d\"},\"headline\":\"Graham Potter interpelle les critiques de Jamie Carragher et de Liverpool\",\"datePublished\":\"2024-10-26T19:48:09+00:00\",\"dateModified\":\"2024-10-26T19:48:16+00:00\",\"mainEntityOfPage\":{\"@id\":\"https:\/\/footdavant.fr\/actualites\/graham-potter-interpelle-les-critiques-de-jamie-carragher-et-de-liverpool\/\"},\"wordCount\":426,\"publisher\":{\"@id\":\"https:\/\/footdavant.fr\/actualites\/#organization\"},\"keywords\":[\"Carragher\",\"critiques\",\"Graham\",\"interpelle\",\"Jamie\",\"les\",\"Liverpool\",\"Potter\"],\"articleSection\":[\"Football\"],\"inLanguage\":\"fr-FR\"},{\"@type\":\"WebPage\",\"@id\":\"https:\/\/footdavant.fr\/actualites\/graham-potter-interpelle-les-critiques-de-jamie-carragher-et-de-liverpool\/\",\"url\":\"https:\/\/footdavant.fr\/actualites\/graham-potter-interpelle-les-critiques-de-jamie-carragher-et-de-liverpool\/\",\"name\":\"Graham Potter interpelle les critiques de Jamie Carragher et de Liverpool\",\"isPartOf\":{\"@id\":\"https:\/\/footdavant.fr\/actualites\/#website\"},\"datePublished\":\"2024-10-26T19:48:09+00:00\",\"dateModified\":\"2024-10-26T19:48:16+00:00\",\"breadcrumb\":{\"@id\":\"https:\/\/footdavant.fr\/actualites\/graham-potter-interpelle-les-critiques-de-jamie-carragher-et-de-liverpool\/#breadcrumb\"},\"inLanguage\":\"fr-FR\",\"potentialAction\":[{\"@type\":\"ReadAction\",\"target\":[\"https:\/\/footdavant.fr\/actualites\/graham-potter-interpelle-les-critiques-de-jamie-carragher-et-de-liverpool\/\"]}]},{\"@type\":\"BreadcrumbList\",\"@id\":\"https:\/\/footdavant.fr\/actualites\/graham-potter-interpelle-les-critiques-de-jamie-carragher-et-de-liverpool\/#breadcrumb\",\"itemListElement\":[{\"@type\":\"ListItem\",\"position\":1,\"name\":\"Accueil\",\"item\":\"https:\/\/footdavant.fr\/actualites\/\"},{\"@type\":\"ListItem\",\"position\":2,\"name\":\"Graham Potter interpelle les critiques de Jamie Carragher et de Liverpool\"}]},{\"@type\":\"WebSite\",\"@id\":\"https:\/\/footdavant.fr\/actualites\/#website\",\"url\":\"https:\/\/footdavant.fr\/actualites\/\",\"name\":\"Foot d'avant\",\"description\":\"\",\"publisher\":{\"@id\":\"https:\/\/footdavant.fr\/actualites\/#organization\"},\"potentialAction\":[{\"@type\":\"SearchAction\",\"target\":{\"@type\":\"EntryPoint\",\"urlTemplate\":\"https:\/\/footdavant.fr\/actualites\/?s={search_term_string}\"},\"query-input\":\"required name=search_term_string\"}],\"inLanguage\":\"fr-FR\"},{\"@type\":\"Organization\",\"@id\":\"https:\/\/footdavant.fr\/actualites\/#organization\",\"name\":\"Foot d'avant\",\"url\":\"https:\/\/footdavant.fr\/actualites\/\",\"logo\":{\"@type\":\"ImageObject\",\"inLanguage\":\"fr-FR\",\"@id\":\"https:\/\/footdavant.fr\/actualites\/#\/schema\/logo\/image\/\",\"url\":\"https:\/\/footdavant.fr\/actualites\/wp-content\/uploads\/2023\/09\/Copy-of-FootDavant-Logo.png\",\"contentUrl\":\"https:\/\/footdavant.fr\/actualites\/wp-content\/uploads\/2023\/09\/Copy-of-FootDavant-Logo.png\",\"width\":936,\"height\":549,\"caption\":\"Foot d'avant\"},\"image\":{\"@id\":\"https:\/\/footdavant.fr\/actualites\/#\/schema\/logo\/image\/\"},\"sameAs\":[\"https:\/\/www.facebook.com\/Footdavant\/\",\"https:\/\/twitter.com\/FootdavantFr\",\"https:\/\/www.instagram.com\/footdavant.fr\/\"]},{\"@type\":\"Person\",\"@id\":\"https:\/\/footdavant.fr\/actualites\/#\/schema\/person\/bc222566d95871b37e597b3ed3ba5e1d\",\"name\":\"Cl\u00e9ment\",\"image\":{\"@type\":\"ImageObject\",\"inLanguage\":\"fr-FR\",\"@id\":\"https:\/\/footdavant.fr\/actualites\/#\/schema\/person\/image\/\",\"url\":\"https:\/\/secure.gravatar.com\/avatar\/7728b29aac2719421e1a9159b2254c44?s=96&d=mm&r=g\",\"contentUrl\":\"https:\/\/secure.gravatar.com\/avatar\/7728b29aac2719421e1a9159b2254c44?s=96&d=mm&r=g\",\"caption\":\"Cl\u00e9ment\"},\"sameAs\":[\"https:\/\/footdavant.fr\/\"]}]}<\/script>\n<!-- \/ Yoast SEO plugin. -->","yoast_head_json":{"title":"Graham Potter interpelle les critiques de Jamie Carragher et de Liverpool","robots":{"index":"index","follow":"follow","max-snippet":"max-snippet:-1","max-image-preview":"max-image-preview:large","max-video-preview":"max-video-preview:-1"},"canonical":"https:\/\/footdavant.fr\/actualites\/graham-potter-interpelle-les-critiques-de-jamie-carragher-et-de-liverpool\/","og_locale":"fr_FR","og_type":"article","og_title":"Graham Potter interpelle les critiques de Jamie Carragher et de Liverpool","og_description":"Des questions ont \u00e9t\u00e9 soulev\u00e9es sur l&#39;\u00e9quipe de recrutement des Reds apr\u00e8s que seul Federico Chiesa l&#39;ait rejoint pendant la fen\u00eatre estivale (avec Giorgi Mamardashvili","og_url":"https:\/\/footdavant.fr\/actualites\/graham-potter-interpelle-les-critiques-de-jamie-carragher-et-de-liverpool\/","og_site_name":"Foot d&#039;avant","article_publisher":"https:\/\/www.facebook.com\/Footdavant\/","article_published_time":"2024-10-26T19:48:09+00:00","article_modified_time":"2024-10-26T19:48:16+00:00","og_image":[{"width":2000,"height":1000,"url":"https:\/\/footdavant.fr\/actualites\/wp-content\/uploads\/2024\/10\/1729972090_Graham-Potter-interpelle-les-critiques-de-Jamie-Carragher-et-de.jpg","type":"image\/jpeg"}],"author":"Cl\u00e9ment","twitter_card":"summary_large_image","twitter_creator":"@FootdavantFr","twitter_site":"@FootdavantFr","twitter_misc":{"\u00c9crit par":"Cl\u00e9ment","Dur\u00e9e de lecture estim\u00e9e":"2 minutes"},"schema":{"@context":"https:\/\/schema.org","@graph":[{"@type":"Article","@id":"https:\/\/footdavant.fr\/actualites\/graham-potter-interpelle-les-critiques-de-jamie-carragher-et-de-liverpool\/#article","isPartOf":{"@id":"https:\/\/footdavant.fr\/actualites\/graham-potter-interpelle-les-critiques-de-jamie-carragher-et-de-liverpool\/"},"author":{"name":"Cl\u00e9ment","@id":"https:\/\/footdavant.fr\/actualites\/#\/schema\/person\/bc222566d95871b37e597b3ed3ba5e1d"},"headline":"Graham Potter interpelle les critiques de Jamie Carragher et de Liverpool","datePublished":"2024-10-26T19:48:09+00:00","dateModified":"2024-10-26T19:48:16+00:00","mainEntityOfPage":{"@id":"https:\/\/footdavant.fr\/actualites\/graham-potter-interpelle-les-critiques-de-jamie-carragher-et-de-liverpool\/"},"wordCount":426,"publisher":{"@id":"https:\/\/footdavant.fr\/actualites\/#organization"},"keywords":["Carragher","critiques","Graham","interpelle","Jamie","les","Liverpool","Potter"],"articleSection":["Football"],"inLanguage":"fr-FR"},{"@type":"WebPage","@id":"https:\/\/footdavant.fr\/actualites\/graham-potter-interpelle-les-critiques-de-jamie-carragher-et-de-liverpool\/","url":"https:\/\/footdavant.fr\/actualites\/graham-potter-interpelle-les-critiques-de-jamie-carragher-et-de-liverpool\/","name":"Graham Potter interpelle les critiques de Jamie Carragher et de Liverpool","isPartOf":{"@id":"https:\/\/footdavant.fr\/actualites\/#website"},"datePublished":"2024-10-26T19:48:09+00:00","dateModified":"2024-10-26T19:48:16+00:00","breadcrumb":{"@id":"https:\/\/footdavant.fr\/actualites\/graham-potter-interpelle-les-critiques-de-jamie-carragher-et-de-liverpool\/#breadcrumb"},"inLanguage":"fr-FR","potentialAction":[{"@type":"ReadAction","target":["https:\/\/footdavant.fr\/actualites\/graham-potter-interpelle-les-critiques-de-jamie-carragher-et-de-liverpool\/"]}]},{"@type":"BreadcrumbList","@id":"https:\/\/footdavant.fr\/actualites\/graham-potter-interpelle-les-critiques-de-jamie-carragher-et-de-liverpool\/#breadcrumb","itemListElement":[{"@type":"ListItem","position":1,"name":"Accueil","item":"https:\/\/footdavant.fr\/actualites\/"},{"@type":"ListItem","position":2,"name":"Graham Potter interpelle les critiques de Jamie Carragher et de Liverpool"}]},{"@type":"WebSite","@id":"https:\/\/footdavant.fr\/actualites\/#website","url":"https:\/\/footdavant.fr\/actualites\/","name":"Foot d'avant","description":"","publisher":{"@id":"https:\/\/footdavant.fr\/actualites\/#organization"},"potentialAction":[{"@type":"SearchAction","target":{"@type":"EntryPoint","urlTemplate":"https:\/\/footdavant.fr\/actualites\/?s={search_term_string}"},"query-input":"required name=search_term_string"}],"inLanguage":"fr-FR"},{"@type":"Organization","@id":"https:\/\/footdavant.fr\/actualites\/#organization","name":"Foot d'avant","url":"https:\/\/footdavant.fr\/actualites\/","logo":{"@type":"ImageObject","inLanguage":"fr-FR","@id":"https:\/\/footdavant.fr\/actualites\/#\/schema\/logo\/image\/","url":"https:\/\/footdavant.fr\/actualites\/wp-content\/uploads\/2023\/09\/Copy-of-FootDavant-Logo.png","contentUrl":"https:\/\/footdavant.fr\/actualites\/wp-content\/uploads\/2023\/09\/Copy-of-FootDavant-Logo.png","width":936,"height":549,"caption":"Foot d'avant"},"image":{"@id":"https:\/\/footdavant.fr\/actualites\/#\/schema\/logo\/image\/"},"sameAs":["https:\/\/www.facebook.com\/Footdavant\/","https:\/\/twitter.com\/FootdavantFr","https:\/\/www.instagram.com\/footdavant.fr\/"]},{"@type":"Person","@id":"https:\/\/footdavant.fr\/actualites\/#\/schema\/person\/bc222566d95871b37e597b3ed3ba5e1d","name":"Cl\u00e9ment","image":{"@type":"ImageObject","inLanguage":"fr-FR","@id":"https:\/\/footdavant.fr\/actualites\/#\/schema\/person\/image\/","url":"https:\/\/secure.gravatar.com\/avatar\/7728b29aac2719421e1a9159b2254c44?s=96&d=mm&r=g","contentUrl":"https:\/\/secure.gravatar.com\/avatar\/7728b29aac2719421e1a9159b2254c44?s=96&d=mm&r=g","caption":"Cl\u00e9ment"},"sameAs":["https:\/\/footdavant.fr\/"]}]}},"_links":{"self":[{"href":"https:\/\/footdavant.fr\/actualites\/wp-json\/wp\/v2\/posts\/15316"}],"collection":[{"href":"https:\/\/footdavant.fr\/actualites\/wp-json\/wp\/v2\/posts"}],"about":[{"href":"https:\/\/footdavant.fr\/actualites\/wp-json\/wp\/v2\/types\/post"}],"author":[{"embeddable":true,"href":"https:\/\/footdavant.fr\/actualites\/wp-json\/wp\/v2\/users\/1"}],"replies":[{"embeddable":true,"href":"https:\/\/footdavant.fr\/actualites\/wp-json\/wp\/v2\/comments?post=15316"}],"version-history":[{"count":1,"href":"https:\/\/footdavant.fr\/actualites\/wp-json\/wp\/v2\/posts\/15316\/revisions"}],"predecessor-version":[{"id":15318,"href":"https:\/\/footdavant.fr\/actualites\/wp-json\/wp\/v2\/posts\/15316\/revisions\/15318"}],"wp:featuredmedia":[{"embeddable":true,"href":"https:\/\/footdavant.fr\/actualites\/wp-json\/wp\/v2\/media\/15317"}],"wp:attachment":[{"href":"https:\/\/footdavant.fr\/actualites\/wp-json\/wp\/v2\/media?parent=15316"}],"wp:term":[{"taxonomy":"category","embeddable":true,"href":"https:\/\/footdavant.fr\/actualites\/wp-json\/wp\/v2\/categories?post=15316"},{"taxonomy":"post_tag","embeddable":true,"href":"https:\/\/footdavant.fr\/actualites\/wp-json\/wp\/v2\/tags?post=15316"}],"curies":[{"name":"wp","href":"https:\/\/api.w.org\/{rel}","templated":true}]}}