{"id":15325,"date":"2024-10-27T01:48:57","date_gmt":"2024-10-26T23:48:57","guid":{"rendered":"https:\/\/footdavant.fr\/actualites\/paul-george-genou-des-76ers-ratera-au-moins-les-trois-premiers-matchs-de-la-saison-2024-25\/"},"modified":"2024-10-27T01:48:59","modified_gmt":"2024-10-26T23:48:59","slug":"paul-george-genou-des-76ers-ratera-au-moins-les-trois-premiers-matchs-de-la-saison-2024-25","status":"publish","type":"post","link":"https:\/\/footdavant.fr\/actualites\/paul-george-genou-des-76ers-ratera-au-moins-les-trois-premiers-matchs-de-la-saison-2024-25\/","title":{"rendered":"Paul George (genou) des 76ers ratera au moins les trois premiers matchs de la saison 2024-25"},"content":{"rendered":"<div>\n<p>Joel Embiid et Paul George souffrent tous deux de blessures au genou en d\u00e9but de saison. Le 14 octobre, George a fait une hyperextension du genou lors d&#39;un match pr\u00e9paratoire contre les Hawks. Il est absent depuis et ratera au moins les trois premiers matchs de la saison des 76ers. Shams Charania d&#39;ESPN a rapport\u00e9 que George \u00ab progresse bien \u00bb et sera r\u00e9\u00e9valu\u00e9 au d\u00e9but de la semaine prochaine. Il manquera le petit road trip de deux matchs de l&#39;\u00e9quipe ce week-end.<\/p>\n<h2>Paul George pourrait faire son retour pour les Sixers mercredi prochain contre les Pistons<\/h2>\n<blockquote class=\"twitter-tweet\">\n<p dir=\"ltr\" lang=\"en\">76ers : Paul George continue de bien progresser dans sa convalescence apr\u00e8s une contusion \u00e0 l&#39;os du genou gauche et ne jouera pas pendant le road trip de deux matchs de l&#39;\u00e9quipe. L&#39;\u00e9quipe fournira une mise \u00e0 jour sur sa disponibilit\u00e9 au d\u00e9but de la semaine prochaine. <a rel=\"nofollow\" href=\"https:\/\/t.co\/Tgq5q93sG3\">pic.twitter.com\/Tgq5q93sG3<\/a><\/p>\n<p>\u2013 Shams Charania (@ShamsCharania) <a rel=\"nofollow\" href=\"https:\/\/twitter.com\/ShamsCharania\/status\/1849565164011757758?ref_src=twsrc%5Etfw\">24 octobre 2024<\/a><\/p>\n<\/blockquote>\n<p>Avant sa campagne 2023-24 avec les Clippers, Paul Geroge avait manqu\u00e9 une p\u00e9riode prolong\u00e9e chaque saison en raison d&#39;une blessure. Au cours de quatre saisons cons\u00e9cutives, il n&#39;a pas r\u00e9ussi \u00e0 jouer au moins 60 matchs pour Los Angeles. C&#39;\u00e9tait jusqu&#39;\u00e0 sa derni\u00e8re saison avec l&#39;\u00e9quipe en 2023-24, lorsqu&#39;il a jou\u00e9 et commenc\u00e9 74 matchs pour les Clippers. George a r\u00e9colt\u00e9 en moyenne 22,6 points, 5,2 rebonds, 3,5 passes d\u00e9cisives et 1,5 interceptions par match. Il a \u00e9t\u00e9 nomm\u00e9 joueur \u00e9toile pour la neuvi\u00e8me fois de sa carri\u00e8re la saison derni\u00e8re.<\/p>\n<p>Lorsqu&#39;il sera en bonne sant\u00e9, Paul Geroge fera la diff\u00e9rence pour les 76ers. Sa capacit\u00e9 \u00e0 double sens est ce qui a fait de lui un nom connu au fil des ans. Pendant plusieurs saisons, Tobias Harris a \u00e9t\u00e9 le SF titulaire des Sixers. Paul George est une am\u00e9lioration par rapport \u00e0 Harris, m\u00eame \u00e0 ce stade de sa carri\u00e8re. George est un joueur qui a constamment r\u00e9colt\u00e9 en moyenne plus de 20 points par match presque \u00e0 chaque saison. Les 76ers esp\u00e8rent voir ce type de production de la part de George lorsqu&#39;il fera ses d\u00e9buts dans l&#39;\u00e9quipe. KJ Martin, Eric Gordon et Andre Drummond \u00e9taient dans la formation de d\u00e9part pour commencer la saison. Attendez-vous \u00e0 voir Paul George et Joe Embiid remplacer deux de ces trois lorsque l&#39;\u00e9quipe sera au complet.<\/p>\n<\/p><\/div>\n<p><script async src=\"https:\/\/platform.twitter.com\/widgets.js\" charset=\"utf-8\"><\/script><\/p>\n","protected":false},"excerpt":{"rendered":"<p>Joel Embiid et Paul George souffrent tous deux de blessures au genou en d\u00e9but de saison. Le 14 octobre, George a fait une hyperextension du<\/p>\n","protected":false},"author":1,"featured_media":15326,"comment_status":"closed","ping_status":"","sticky":false,"template":"","format":"standard","meta":{"footnotes":""},"categories":[3],"tags":[2399,12,2899,3595,93,688,4318,873,4786,807,482,947],"yoast_head":"<!-- This site is optimized with the Yoast SEO plugin v21.0 - https:\/\/yoast.com\/wordpress\/plugins\/seo\/ -->\n<title>Paul George (genou) des 76ers ratera au moins les trois premiers matchs de la saison 2024-25<\/title>\n<meta name=\"robots\" content=\"index, follow, max-snippet:-1, max-image-preview:large, max-video-preview:-1\" \/>\n<link rel=\"canonical\" href=\"https:\/\/footdavant.fr\/actualites\/paul-george-genou-des-76ers-ratera-au-moins-les-trois-premiers-matchs-de-la-saison-2024-25\/\" \/>\n<meta property=\"og:locale\" content=\"fr_FR\" \/>\n<meta property=\"og:type\" content=\"article\" \/>\n<meta property=\"og:title\" content=\"Paul George (genou) des 76ers ratera au moins les trois premiers matchs de la saison 2024-25\" \/>\n<meta property=\"og:description\" content=\"Joel Embiid et Paul George souffrent tous deux de blessures au genou en d\u00e9but de saison. Le 14 octobre, George a fait une hyperextension du\" \/>\n<meta property=\"og:url\" content=\"https:\/\/footdavant.fr\/actualites\/paul-george-genou-des-76ers-ratera-au-moins-les-trois-premiers-matchs-de-la-saison-2024-25\/\" \/>\n<meta property=\"og:site_name\" content=\"Foot d&#039;avant\" \/>\n<meta property=\"article:publisher\" content=\"https:\/\/www.facebook.com\/Footdavant\/\" \/>\n<meta property=\"article:published_time\" content=\"2024-10-26T23:48:57+00:00\" \/>\n<meta property=\"article:modified_time\" content=\"2024-10-26T23:48:59+00:00\" \/>\n<meta property=\"og:image\" content=\"https:\/\/footdavant.fr\/actualites\/wp-content\/uploads\/2024\/10\/Paul-George-genou-des-76ers-ratera-au-moins-les-trois.jpg\" \/>\n\t<meta property=\"og:image:width\" content=\"696\" \/>\n\t<meta property=\"og:image:height\" content=\"464\" \/>\n\t<meta property=\"og:image:type\" content=\"image\/jpeg\" \/>\n<meta name=\"author\" content=\"Cl\u00e9ment\" \/>\n<meta name=\"twitter:card\" content=\"summary_large_image\" \/>\n<meta name=\"twitter:creator\" content=\"@FootdavantFr\" \/>\n<meta name=\"twitter:site\" content=\"@FootdavantFr\" \/>\n<meta name=\"twitter:label1\" content=\"\u00c9crit par\" \/>\n\t<meta name=\"twitter:data1\" content=\"Cl\u00e9ment\" \/>\n\t<meta name=\"twitter:label2\" content=\"Dur\u00e9e de lecture estim\u00e9e\" \/>\n\t<meta name=\"twitter:data2\" content=\"2 minutes\" \/>\n<script type=\"application\/ld+json\" class=\"yoast-schema-graph\">{\"@context\":\"https:\/\/schema.org\",\"@graph\":[{\"@type\":\"Article\",\"@id\":\"https:\/\/footdavant.fr\/actualites\/paul-george-genou-des-76ers-ratera-au-moins-les-trois-premiers-matchs-de-la-saison-2024-25\/#article\",\"isPartOf\":{\"@id\":\"https:\/\/footdavant.fr\/actualites\/paul-george-genou-des-76ers-ratera-au-moins-les-trois-premiers-matchs-de-la-saison-2024-25\/\"},\"author\":{\"name\":\"Cl\u00e9ment\",\"@id\":\"https:\/\/footdavant.fr\/actualites\/#\/schema\/person\/bc222566d95871b37e597b3ed3ba5e1d\"},\"headline\":\"Paul George (genou) des 76ers ratera au moins les trois premiers matchs de la saison 2024-25\",\"datePublished\":\"2024-10-26T23:48:57+00:00\",\"dateModified\":\"2024-10-26T23:48:59+00:00\",\"mainEntityOfPage\":{\"@id\":\"https:\/\/footdavant.fr\/actualites\/paul-george-genou-des-76ers-ratera-au-moins-les-trois-premiers-matchs-de-la-saison-2024-25\/\"},\"wordCount\":415,\"publisher\":{\"@id\":\"https:\/\/footdavant.fr\/actualites\/#organization\"},\"keywords\":[\"76ers\",\"des\",\"genou\",\"George\",\"les\",\"matchs\",\"moins\",\"Paul\",\"premiers\",\"ratera\",\"saison\",\"trois\"],\"articleSection\":[\"Football\"],\"inLanguage\":\"fr-FR\"},{\"@type\":\"WebPage\",\"@id\":\"https:\/\/footdavant.fr\/actualites\/paul-george-genou-des-76ers-ratera-au-moins-les-trois-premiers-matchs-de-la-saison-2024-25\/\",\"url\":\"https:\/\/footdavant.fr\/actualites\/paul-george-genou-des-76ers-ratera-au-moins-les-trois-premiers-matchs-de-la-saison-2024-25\/\",\"name\":\"Paul George (genou) des 76ers ratera au moins les trois premiers matchs de la saison 2024-25\",\"isPartOf\":{\"@id\":\"https:\/\/footdavant.fr\/actualites\/#website\"},\"datePublished\":\"2024-10-26T23:48:57+00:00\",\"dateModified\":\"2024-10-26T23:48:59+00:00\",\"breadcrumb\":{\"@id\":\"https:\/\/footdavant.fr\/actualites\/paul-george-genou-des-76ers-ratera-au-moins-les-trois-premiers-matchs-de-la-saison-2024-25\/#breadcrumb\"},\"inLanguage\":\"fr-FR\",\"potentialAction\":[{\"@type\":\"ReadAction\",\"target\":[\"https:\/\/footdavant.fr\/actualites\/paul-george-genou-des-76ers-ratera-au-moins-les-trois-premiers-matchs-de-la-saison-2024-25\/\"]}]},{\"@type\":\"BreadcrumbList\",\"@id\":\"https:\/\/footdavant.fr\/actualites\/paul-george-genou-des-76ers-ratera-au-moins-les-trois-premiers-matchs-de-la-saison-2024-25\/#breadcrumb\",\"itemListElement\":[{\"@type\":\"ListItem\",\"position\":1,\"name\":\"Accueil\",\"item\":\"https:\/\/footdavant.fr\/actualites\/\"},{\"@type\":\"ListItem\",\"position\":2,\"name\":\"Paul George (genou) des 76ers ratera au moins les trois premiers matchs de la saison 2024-25\"}]},{\"@type\":\"WebSite\",\"@id\":\"https:\/\/footdavant.fr\/actualites\/#website\",\"url\":\"https:\/\/footdavant.fr\/actualites\/\",\"name\":\"Foot d'avant\",\"description\":\"\",\"publisher\":{\"@id\":\"https:\/\/footdavant.fr\/actualites\/#organization\"},\"potentialAction\":[{\"@type\":\"SearchAction\",\"target\":{\"@type\":\"EntryPoint\",\"urlTemplate\":\"https:\/\/footdavant.fr\/actualites\/?s={search_term_string}\"},\"query-input\":\"required name=search_term_string\"}],\"inLanguage\":\"fr-FR\"},{\"@type\":\"Organization\",\"@id\":\"https:\/\/footdavant.fr\/actualites\/#organization\",\"name\":\"Foot d'avant\",\"url\":\"https:\/\/footdavant.fr\/actualites\/\",\"logo\":{\"@type\":\"ImageObject\",\"inLanguage\":\"fr-FR\",\"@id\":\"https:\/\/footdavant.fr\/actualites\/#\/schema\/logo\/image\/\",\"url\":\"https:\/\/footdavant.fr\/actualites\/wp-content\/uploads\/2023\/09\/Copy-of-FootDavant-Logo.png\",\"contentUrl\":\"https:\/\/footdavant.fr\/actualites\/wp-content\/uploads\/2023\/09\/Copy-of-FootDavant-Logo.png\",\"width\":936,\"height\":549,\"caption\":\"Foot d'avant\"},\"image\":{\"@id\":\"https:\/\/footdavant.fr\/actualites\/#\/schema\/logo\/image\/\"},\"sameAs\":[\"https:\/\/www.facebook.com\/Footdavant\/\",\"https:\/\/twitter.com\/FootdavantFr\",\"https:\/\/www.instagram.com\/footdavant.fr\/\"]},{\"@type\":\"Person\",\"@id\":\"https:\/\/footdavant.fr\/actualites\/#\/schema\/person\/bc222566d95871b37e597b3ed3ba5e1d\",\"name\":\"Cl\u00e9ment\",\"image\":{\"@type\":\"ImageObject\",\"inLanguage\":\"fr-FR\",\"@id\":\"https:\/\/footdavant.fr\/actualites\/#\/schema\/person\/image\/\",\"url\":\"https:\/\/secure.gravatar.com\/avatar\/7728b29aac2719421e1a9159b2254c44?s=96&d=mm&r=g\",\"contentUrl\":\"https:\/\/secure.gravatar.com\/avatar\/7728b29aac2719421e1a9159b2254c44?s=96&d=mm&r=g\",\"caption\":\"Cl\u00e9ment\"},\"sameAs\":[\"https:\/\/footdavant.fr\/\"]}]}<\/script>\n<!-- \/ Yoast SEO plugin. -->","yoast_head_json":{"title":"Paul George (genou) des 76ers ratera au moins les trois premiers matchs de la saison 2024-25","robots":{"index":"index","follow":"follow","max-snippet":"max-snippet:-1","max-image-preview":"max-image-preview:large","max-video-preview":"max-video-preview:-1"},"canonical":"https:\/\/footdavant.fr\/actualites\/paul-george-genou-des-76ers-ratera-au-moins-les-trois-premiers-matchs-de-la-saison-2024-25\/","og_locale":"fr_FR","og_type":"article","og_title":"Paul George (genou) des 76ers ratera au moins les trois premiers matchs de la saison 2024-25","og_description":"Joel Embiid et Paul George souffrent tous deux de blessures au genou en d\u00e9but de saison. Le 14 octobre, George a fait une hyperextension du","og_url":"https:\/\/footdavant.fr\/actualites\/paul-george-genou-des-76ers-ratera-au-moins-les-trois-premiers-matchs-de-la-saison-2024-25\/","og_site_name":"Foot d&#039;avant","article_publisher":"https:\/\/www.facebook.com\/Footdavant\/","article_published_time":"2024-10-26T23:48:57+00:00","article_modified_time":"2024-10-26T23:48:59+00:00","og_image":[{"width":696,"height":464,"url":"https:\/\/footdavant.fr\/actualites\/wp-content\/uploads\/2024\/10\/Paul-George-genou-des-76ers-ratera-au-moins-les-trois.jpg","type":"image\/jpeg"}],"author":"Cl\u00e9ment","twitter_card":"summary_large_image","twitter_creator":"@FootdavantFr","twitter_site":"@FootdavantFr","twitter_misc":{"\u00c9crit par":"Cl\u00e9ment","Dur\u00e9e de lecture estim\u00e9e":"2 minutes"},"schema":{"@context":"https:\/\/schema.org","@graph":[{"@type":"Article","@id":"https:\/\/footdavant.fr\/actualites\/paul-george-genou-des-76ers-ratera-au-moins-les-trois-premiers-matchs-de-la-saison-2024-25\/#article","isPartOf":{"@id":"https:\/\/footdavant.fr\/actualites\/paul-george-genou-des-76ers-ratera-au-moins-les-trois-premiers-matchs-de-la-saison-2024-25\/"},"author":{"name":"Cl\u00e9ment","@id":"https:\/\/footdavant.fr\/actualites\/#\/schema\/person\/bc222566d95871b37e597b3ed3ba5e1d"},"headline":"Paul George (genou) des 76ers ratera au moins les trois premiers matchs de la saison 2024-25","datePublished":"2024-10-26T23:48:57+00:00","dateModified":"2024-10-26T23:48:59+00:00","mainEntityOfPage":{"@id":"https:\/\/footdavant.fr\/actualites\/paul-george-genou-des-76ers-ratera-au-moins-les-trois-premiers-matchs-de-la-saison-2024-25\/"},"wordCount":415,"publisher":{"@id":"https:\/\/footdavant.fr\/actualites\/#organization"},"keywords":["76ers","des","genou","George","les","matchs","moins","Paul","premiers","ratera","saison","trois"],"articleSection":["Football"],"inLanguage":"fr-FR"},{"@type":"WebPage","@id":"https:\/\/footdavant.fr\/actualites\/paul-george-genou-des-76ers-ratera-au-moins-les-trois-premiers-matchs-de-la-saison-2024-25\/","url":"https:\/\/footdavant.fr\/actualites\/paul-george-genou-des-76ers-ratera-au-moins-les-trois-premiers-matchs-de-la-saison-2024-25\/","name":"Paul George (genou) des 76ers ratera au moins les trois premiers matchs de la saison 2024-25","isPartOf":{"@id":"https:\/\/footdavant.fr\/actualites\/#website"},"datePublished":"2024-10-26T23:48:57+00:00","dateModified":"2024-10-26T23:48:59+00:00","breadcrumb":{"@id":"https:\/\/footdavant.fr\/actualites\/paul-george-genou-des-76ers-ratera-au-moins-les-trois-premiers-matchs-de-la-saison-2024-25\/#breadcrumb"},"inLanguage":"fr-FR","potentialAction":[{"@type":"ReadAction","target":["https:\/\/footdavant.fr\/actualites\/paul-george-genou-des-76ers-ratera-au-moins-les-trois-premiers-matchs-de-la-saison-2024-25\/"]}]},{"@type":"BreadcrumbList","@id":"https:\/\/footdavant.fr\/actualites\/paul-george-genou-des-76ers-ratera-au-moins-les-trois-premiers-matchs-de-la-saison-2024-25\/#breadcrumb","itemListElement":[{"@type":"ListItem","position":1,"name":"Accueil","item":"https:\/\/footdavant.fr\/actualites\/"},{"@type":"ListItem","position":2,"name":"Paul George (genou) des 76ers ratera au moins les trois premiers matchs de la saison 2024-25"}]},{"@type":"WebSite","@id":"https:\/\/footdavant.fr\/actualites\/#website","url":"https:\/\/footdavant.fr\/actualites\/","name":"Foot d'avant","description":"","publisher":{"@id":"https:\/\/footdavant.fr\/actualites\/#organization"},"potentialAction":[{"@type":"SearchAction","target":{"@type":"EntryPoint","urlTemplate":"https:\/\/footdavant.fr\/actualites\/?s={search_term_string}"},"query-input":"required name=search_term_string"}],"inLanguage":"fr-FR"},{"@type":"Organization","@id":"https:\/\/footdavant.fr\/actualites\/#organization","name":"Foot d'avant","url":"https:\/\/footdavant.fr\/actualites\/","logo":{"@type":"ImageObject","inLanguage":"fr-FR","@id":"https:\/\/footdavant.fr\/actualites\/#\/schema\/logo\/image\/","url":"https:\/\/footdavant.fr\/actualites\/wp-content\/uploads\/2023\/09\/Copy-of-FootDavant-Logo.png","contentUrl":"https:\/\/footdavant.fr\/actualites\/wp-content\/uploads\/2023\/09\/Copy-of-FootDavant-Logo.png","width":936,"height":549,"caption":"Foot d'avant"},"image":{"@id":"https:\/\/footdavant.fr\/actualites\/#\/schema\/logo\/image\/"},"sameAs":["https:\/\/www.facebook.com\/Footdavant\/","https:\/\/twitter.com\/FootdavantFr","https:\/\/www.instagram.com\/footdavant.fr\/"]},{"@type":"Person","@id":"https:\/\/footdavant.fr\/actualites\/#\/schema\/person\/bc222566d95871b37e597b3ed3ba5e1d","name":"Cl\u00e9ment","image":{"@type":"ImageObject","inLanguage":"fr-FR","@id":"https:\/\/footdavant.fr\/actualites\/#\/schema\/person\/image\/","url":"https:\/\/secure.gravatar.com\/avatar\/7728b29aac2719421e1a9159b2254c44?s=96&d=mm&r=g","contentUrl":"https:\/\/secure.gravatar.com\/avatar\/7728b29aac2719421e1a9159b2254c44?s=96&d=mm&r=g","caption":"Cl\u00e9ment"},"sameAs":["https:\/\/footdavant.fr\/"]}]}},"_links":{"self":[{"href":"https:\/\/footdavant.fr\/actualites\/wp-json\/wp\/v2\/posts\/15325"}],"collection":[{"href":"https:\/\/footdavant.fr\/actualites\/wp-json\/wp\/v2\/posts"}],"about":[{"href":"https:\/\/footdavant.fr\/actualites\/wp-json\/wp\/v2\/types\/post"}],"author":[{"embeddable":true,"href":"https:\/\/footdavant.fr\/actualites\/wp-json\/wp\/v2\/users\/1"}],"replies":[{"embeddable":true,"href":"https:\/\/footdavant.fr\/actualites\/wp-json\/wp\/v2\/comments?post=15325"}],"version-history":[{"count":1,"href":"https:\/\/footdavant.fr\/actualites\/wp-json\/wp\/v2\/posts\/15325\/revisions"}],"predecessor-version":[{"id":15327,"href":"https:\/\/footdavant.fr\/actualites\/wp-json\/wp\/v2\/posts\/15325\/revisions\/15327"}],"wp:featuredmedia":[{"embeddable":true,"href":"https:\/\/footdavant.fr\/actualites\/wp-json\/wp\/v2\/media\/15326"}],"wp:attachment":[{"href":"https:\/\/footdavant.fr\/actualites\/wp-json\/wp\/v2\/media?parent=15325"}],"wp:term":[{"taxonomy":"category","embeddable":true,"href":"https:\/\/footdavant.fr\/actualites\/wp-json\/wp\/v2\/categories?post=15325"},{"taxonomy":"post_tag","embeddable":true,"href":"https:\/\/footdavant.fr\/actualites\/wp-json\/wp\/v2\/tags?post=15325"}],"curies":[{"name":"wp","href":"https:\/\/api.w.org\/{rel}","templated":true}]}}