{"id":15343,"date":"2024-10-27T08:48:40","date_gmt":"2024-10-27T07:48:40","guid":{"rendered":"https:\/\/footdavant.fr\/actualites\/le-travail-de-ruud-van-nistelrooy-a-man-united-est-sur-peu-importe-ce-qui-se-passe-avec-erik-ten-hag\/"},"modified":"2024-10-27T08:48:44","modified_gmt":"2024-10-27T07:48:44","slug":"le-travail-de-ruud-van-nistelrooy-a-man-united-est-sur-peu-importe-ce-qui-se-passe-avec-erik-ten-hag","status":"publish","type":"post","link":"https:\/\/footdavant.fr\/actualites\/le-travail-de-ruud-van-nistelrooy-a-man-united-est-sur-peu-importe-ce-qui-se-passe-avec-erik-ten-hag\/","title":{"rendered":"Le travail de Ruud van Nistelrooy \u00e0 Man United est s\u00fbr, peu importe ce qui se passe avec Erik ten Hag &#8211;"},"content":{"rendered":"<div id=\"penci-post-entry-inner\">\n<p>\t\t\t<i class=\"penci-post-countview-number-check\" style=\"display:none\">2<\/i><\/p>\n<p><!--Article Start--><br \/>Le poste de Ruud van Nistelrooy \u00e0 Manchester United serait s\u00fbr, m\u00eame si le manager sous le feu des critiques, Erik ten Hag, est limog\u00e9.<\/p>\n<p>Van Nistelrooy est revenu \u00e0 United cet \u00e9t\u00e9, cette fois en qualit\u00e9 d&#39;entra\u00eeneur adjoint. On pense qu&#39;il a rejet\u00e9 les offres de la direction en faveur d&#39;un retour sensationnel \u00e0 Old Trafford, o\u00f9 il a connu tant de succ\u00e8s en tant que joueur.<\/p>\n<p>Les attaquants de United ont fait l&#39;\u00e9loge de l&#39;impact de Van Nistelrooy sur le terrain d&#39;entra\u00eenement et l&#39;ancien attaquant est une figure tr\u00e8s populaire dans leurs rangs.<\/p>\n<p>Alors que la pression monte sur Ten Hag apr\u00e8s un d\u00e9but de saison extr\u00eamement d\u00e9cevant, Van Nistelrooy a \u00e9t\u00e9 mentionn\u00e9 comme un rempla\u00e7ant temporaire potentiel.<\/p>\n<p>Au milieu de tout cela, GIVEMESPORT rapporte qu&#39;il y a de tr\u00e8s fortes chances que Van Nistelrooy reste chez United m\u00eame si Ten Hag est renvoy\u00e9.<\/p>\n<p>Le m\u00e9dia r\u00e9v\u00e8le : \u00ab\u00a0Le travail de Ruud van Nistelrooy au sein du staff de Manchester United est consid\u00e9r\u00e9 comme s\u00fbr, ind\u00e9pendamment de ce qui se passera avec l&#39;avenir d&#39;Erik Ten Hag, ont \u00e9t\u00e9 inform\u00e9es des sources de GIVEMESPORT.\u00a0\u00bb<\/p>\n<p>\u00ab\u00a0Il y a une acceptation au sein du club que si Ten Hag perdait la confiance du conseil d&#39;administration, alors Van Nisteleooy pourrait assumer temporairement le r\u00f4le de num\u00e9ro un, et m\u00eame si ce n&#39;est pas le plan, c&#39;est une possibilit\u00e9.\u00a0\u00bb<\/p>\n<p>\u00ab\u00a0On pense \u00e9galement que le travail de Van Nistelrooy au sein de la structure du club serait s\u00fbr m\u00eame en cas de changement de manager, avec le sentiment au sein du club qu&#39;il serait pr\u00eat \u00e0 rester.\u00a0\u00bb<\/p>\n<p>Un rapport r\u00e9cent couvert par The Peoples Person a rapport\u00e9 que les Red Devils avaient eu des discussions secr\u00e8tes avec les managers au milieu d&#39;un \u00e9ventuel changement de garde dans l&#39;abri d&#39;Old Trafford.<\/p>\n<p>Certains des tacticiens que United a sur le radar incluent Xavi, Edin Terzic, Ruben Amorim et Thomas Frank.<\/p>\n<p>GMS explique que m\u00eame si United sonde ces managers, les membres de la hi\u00e9rarchie conservent leur confiance en Ten Hag. Une autre raison derri\u00e8re la r\u00e9ticence du club \u00e0 se s\u00e9parer de Ten Hag est que Sir Jim Ratcliffe n&#39;a aucune envie de d\u00e9bourser 15 millions de livres sterling \u00e0 l&#39;ancien patron de l&#39;Ajax.<\/p>\n<p>United revient \u00e0 l&#39;action dimanche lorsqu&#39;il affrontera West Ham au stade de Londres.<br \/><!--Article End--><\/p>\n<p><!-- CONTENT END 3 --><\/p><\/div>\n","protected":false},"excerpt":{"rendered":"<p>2 Le poste de Ruud van Nistelrooy \u00e0 Manchester United serait s\u00fbr, m\u00eame si le manager sous le feu des critiques, Erik ten Hag, est<\/p>\n","protected":false},"author":1,"featured_media":15344,"comment_status":"closed","ping_status":"","sticky":false,"template":"","format":"standard","meta":{"footnotes":""},"categories":[3],"tags":[91,190,217,192,6877,24,4169,2015,1776,243,4168,103,191,3738,13,783],"yoast_head":"<!-- This site is optimized with the Yoast SEO plugin v21.0 - https:\/\/yoast.com\/wordpress\/plugins\/seo\/ -->\n<title>Le travail de Ruud van Nistelrooy \u00e0 Man United est s\u00fbr, peu importe ce qui se passe avec Erik ten Hag -<\/title>\n<meta name=\"robots\" content=\"index, follow, max-snippet:-1, max-image-preview:large, max-video-preview:-1\" \/>\n<link rel=\"canonical\" href=\"https:\/\/footdavant.fr\/actualites\/le-travail-de-ruud-van-nistelrooy-a-man-united-est-sur-peu-importe-ce-qui-se-passe-avec-erik-ten-hag\/\" \/>\n<meta property=\"og:locale\" content=\"fr_FR\" \/>\n<meta property=\"og:type\" content=\"article\" \/>\n<meta property=\"og:title\" content=\"Le travail de Ruud van Nistelrooy \u00e0 Man United est s\u00fbr, peu importe ce qui se passe avec Erik ten Hag -\" \/>\n<meta property=\"og:description\" content=\"2 Le poste de Ruud van Nistelrooy \u00e0 Manchester United serait s\u00fbr, m\u00eame si le manager sous le feu des critiques, Erik ten Hag, est\" \/>\n<meta property=\"og:url\" content=\"https:\/\/footdavant.fr\/actualites\/le-travail-de-ruud-van-nistelrooy-a-man-united-est-sur-peu-importe-ce-qui-se-passe-avec-erik-ten-hag\/\" \/>\n<meta property=\"og:site_name\" content=\"Foot d&#039;avant\" \/>\n<meta property=\"article:publisher\" content=\"https:\/\/www.facebook.com\/Footdavant\/\" \/>\n<meta property=\"article:published_time\" content=\"2024-10-27T07:48:40+00:00\" \/>\n<meta property=\"article:modified_time\" content=\"2024-10-27T07:48:44+00:00\" \/>\n<meta property=\"og:image\" content=\"https:\/\/footdavant.fr\/actualites\/wp-content\/uploads\/2024\/10\/Le-travail-de-Ruud-van-Nistelrooy-a-Man-United-est.jpg\" \/>\n\t<meta property=\"og:image:width\" content=\"1600\" \/>\n\t<meta property=\"og:image:height\" content=\"798\" \/>\n\t<meta property=\"og:image:type\" content=\"image\/jpeg\" \/>\n<meta name=\"author\" content=\"Cl\u00e9ment\" \/>\n<meta name=\"twitter:card\" content=\"summary_large_image\" \/>\n<meta name=\"twitter:creator\" content=\"@FootdavantFr\" \/>\n<meta name=\"twitter:site\" content=\"@FootdavantFr\" \/>\n<meta name=\"twitter:label1\" content=\"\u00c9crit par\" \/>\n\t<meta name=\"twitter:data1\" content=\"Cl\u00e9ment\" \/>\n\t<meta name=\"twitter:label2\" content=\"Dur\u00e9e de lecture estim\u00e9e\" \/>\n\t<meta name=\"twitter:data2\" content=\"2 minutes\" \/>\n<script type=\"application\/ld+json\" class=\"yoast-schema-graph\">{\"@context\":\"https:\/\/schema.org\",\"@graph\":[{\"@type\":\"Article\",\"@id\":\"https:\/\/footdavant.fr\/actualites\/le-travail-de-ruud-van-nistelrooy-a-man-united-est-sur-peu-importe-ce-qui-se-passe-avec-erik-ten-hag\/#article\",\"isPartOf\":{\"@id\":\"https:\/\/footdavant.fr\/actualites\/le-travail-de-ruud-van-nistelrooy-a-man-united-est-sur-peu-importe-ce-qui-se-passe-avec-erik-ten-hag\/\"},\"author\":{\"name\":\"Cl\u00e9ment\",\"@id\":\"https:\/\/footdavant.fr\/actualites\/#\/schema\/person\/bc222566d95871b37e597b3ed3ba5e1d\"},\"headline\":\"Le travail de Ruud van Nistelrooy \u00e0 Man United est s\u00fbr, peu importe ce qui se passe avec Erik ten Hag &#8211;\",\"datePublished\":\"2024-10-27T07:48:40+00:00\",\"dateModified\":\"2024-10-27T07:48:44+00:00\",\"mainEntityOfPage\":{\"@id\":\"https:\/\/footdavant.fr\/actualites\/le-travail-de-ruud-van-nistelrooy-a-man-united-est-sur-peu-importe-ce-qui-se-passe-avec-erik-ten-hag\/\"},\"wordCount\":450,\"publisher\":{\"@id\":\"https:\/\/footdavant.fr\/actualites\/#organization\"},\"keywords\":[\"avec\",\"Erik\",\"est\",\"Hag\",\"importe\",\"Man\",\"Nistelrooy\",\"pass\u00e9\",\"peu\",\"qui\",\"Ruud\",\"sur\",\"ten\",\"travail\",\"United\",\"van\"],\"articleSection\":[\"Football\"],\"inLanguage\":\"fr-FR\"},{\"@type\":\"WebPage\",\"@id\":\"https:\/\/footdavant.fr\/actualites\/le-travail-de-ruud-van-nistelrooy-a-man-united-est-sur-peu-importe-ce-qui-se-passe-avec-erik-ten-hag\/\",\"url\":\"https:\/\/footdavant.fr\/actualites\/le-travail-de-ruud-van-nistelrooy-a-man-united-est-sur-peu-importe-ce-qui-se-passe-avec-erik-ten-hag\/\",\"name\":\"Le travail de Ruud van Nistelrooy \u00e0 Man United est s\u00fbr, peu importe ce qui se passe avec Erik ten Hag -\",\"isPartOf\":{\"@id\":\"https:\/\/footdavant.fr\/actualites\/#website\"},\"datePublished\":\"2024-10-27T07:48:40+00:00\",\"dateModified\":\"2024-10-27T07:48:44+00:00\",\"breadcrumb\":{\"@id\":\"https:\/\/footdavant.fr\/actualites\/le-travail-de-ruud-van-nistelrooy-a-man-united-est-sur-peu-importe-ce-qui-se-passe-avec-erik-ten-hag\/#breadcrumb\"},\"inLanguage\":\"fr-FR\",\"potentialAction\":[{\"@type\":\"ReadAction\",\"target\":[\"https:\/\/footdavant.fr\/actualites\/le-travail-de-ruud-van-nistelrooy-a-man-united-est-sur-peu-importe-ce-qui-se-passe-avec-erik-ten-hag\/\"]}]},{\"@type\":\"BreadcrumbList\",\"@id\":\"https:\/\/footdavant.fr\/actualites\/le-travail-de-ruud-van-nistelrooy-a-man-united-est-sur-peu-importe-ce-qui-se-passe-avec-erik-ten-hag\/#breadcrumb\",\"itemListElement\":[{\"@type\":\"ListItem\",\"position\":1,\"name\":\"Accueil\",\"item\":\"https:\/\/footdavant.fr\/actualites\/\"},{\"@type\":\"ListItem\",\"position\":2,\"name\":\"Le travail de Ruud van Nistelrooy \u00e0 Man United est s\u00fbr, peu importe ce qui se passe avec Erik ten Hag &#8211;\"}]},{\"@type\":\"WebSite\",\"@id\":\"https:\/\/footdavant.fr\/actualites\/#website\",\"url\":\"https:\/\/footdavant.fr\/actualites\/\",\"name\":\"Foot d'avant\",\"description\":\"\",\"publisher\":{\"@id\":\"https:\/\/footdavant.fr\/actualites\/#organization\"},\"potentialAction\":[{\"@type\":\"SearchAction\",\"target\":{\"@type\":\"EntryPoint\",\"urlTemplate\":\"https:\/\/footdavant.fr\/actualites\/?s={search_term_string}\"},\"query-input\":\"required name=search_term_string\"}],\"inLanguage\":\"fr-FR\"},{\"@type\":\"Organization\",\"@id\":\"https:\/\/footdavant.fr\/actualites\/#organization\",\"name\":\"Foot d'avant\",\"url\":\"https:\/\/footdavant.fr\/actualites\/\",\"logo\":{\"@type\":\"ImageObject\",\"inLanguage\":\"fr-FR\",\"@id\":\"https:\/\/footdavant.fr\/actualites\/#\/schema\/logo\/image\/\",\"url\":\"https:\/\/footdavant.fr\/actualites\/wp-content\/uploads\/2023\/09\/Copy-of-FootDavant-Logo.png\",\"contentUrl\":\"https:\/\/footdavant.fr\/actualites\/wp-content\/uploads\/2023\/09\/Copy-of-FootDavant-Logo.png\",\"width\":936,\"height\":549,\"caption\":\"Foot d'avant\"},\"image\":{\"@id\":\"https:\/\/footdavant.fr\/actualites\/#\/schema\/logo\/image\/\"},\"sameAs\":[\"https:\/\/www.facebook.com\/Footdavant\/\",\"https:\/\/twitter.com\/FootdavantFr\",\"https:\/\/www.instagram.com\/footdavant.fr\/\"]},{\"@type\":\"Person\",\"@id\":\"https:\/\/footdavant.fr\/actualites\/#\/schema\/person\/bc222566d95871b37e597b3ed3ba5e1d\",\"name\":\"Cl\u00e9ment\",\"image\":{\"@type\":\"ImageObject\",\"inLanguage\":\"fr-FR\",\"@id\":\"https:\/\/footdavant.fr\/actualites\/#\/schema\/person\/image\/\",\"url\":\"https:\/\/secure.gravatar.com\/avatar\/7728b29aac2719421e1a9159b2254c44?s=96&d=mm&r=g\",\"contentUrl\":\"https:\/\/secure.gravatar.com\/avatar\/7728b29aac2719421e1a9159b2254c44?s=96&d=mm&r=g\",\"caption\":\"Cl\u00e9ment\"},\"sameAs\":[\"https:\/\/footdavant.fr\/\"]}]}<\/script>\n<!-- \/ Yoast SEO plugin. -->","yoast_head_json":{"title":"Le travail de Ruud van Nistelrooy \u00e0 Man United est s\u00fbr, peu importe ce qui se passe avec Erik ten Hag -","robots":{"index":"index","follow":"follow","max-snippet":"max-snippet:-1","max-image-preview":"max-image-preview:large","max-video-preview":"max-video-preview:-1"},"canonical":"https:\/\/footdavant.fr\/actualites\/le-travail-de-ruud-van-nistelrooy-a-man-united-est-sur-peu-importe-ce-qui-se-passe-avec-erik-ten-hag\/","og_locale":"fr_FR","og_type":"article","og_title":"Le travail de Ruud van Nistelrooy \u00e0 Man United est s\u00fbr, peu importe ce qui se passe avec Erik ten Hag -","og_description":"2 Le poste de Ruud van Nistelrooy \u00e0 Manchester United serait s\u00fbr, m\u00eame si le manager sous le feu des critiques, Erik ten Hag, est","og_url":"https:\/\/footdavant.fr\/actualites\/le-travail-de-ruud-van-nistelrooy-a-man-united-est-sur-peu-importe-ce-qui-se-passe-avec-erik-ten-hag\/","og_site_name":"Foot d&#039;avant","article_publisher":"https:\/\/www.facebook.com\/Footdavant\/","article_published_time":"2024-10-27T07:48:40+00:00","article_modified_time":"2024-10-27T07:48:44+00:00","og_image":[{"width":1600,"height":798,"url":"https:\/\/footdavant.fr\/actualites\/wp-content\/uploads\/2024\/10\/Le-travail-de-Ruud-van-Nistelrooy-a-Man-United-est.jpg","type":"image\/jpeg"}],"author":"Cl\u00e9ment","twitter_card":"summary_large_image","twitter_creator":"@FootdavantFr","twitter_site":"@FootdavantFr","twitter_misc":{"\u00c9crit par":"Cl\u00e9ment","Dur\u00e9e de lecture estim\u00e9e":"2 minutes"},"schema":{"@context":"https:\/\/schema.org","@graph":[{"@type":"Article","@id":"https:\/\/footdavant.fr\/actualites\/le-travail-de-ruud-van-nistelrooy-a-man-united-est-sur-peu-importe-ce-qui-se-passe-avec-erik-ten-hag\/#article","isPartOf":{"@id":"https:\/\/footdavant.fr\/actualites\/le-travail-de-ruud-van-nistelrooy-a-man-united-est-sur-peu-importe-ce-qui-se-passe-avec-erik-ten-hag\/"},"author":{"name":"Cl\u00e9ment","@id":"https:\/\/footdavant.fr\/actualites\/#\/schema\/person\/bc222566d95871b37e597b3ed3ba5e1d"},"headline":"Le travail de Ruud van Nistelrooy \u00e0 Man United est s\u00fbr, peu importe ce qui se passe avec Erik ten Hag &#8211;","datePublished":"2024-10-27T07:48:40+00:00","dateModified":"2024-10-27T07:48:44+00:00","mainEntityOfPage":{"@id":"https:\/\/footdavant.fr\/actualites\/le-travail-de-ruud-van-nistelrooy-a-man-united-est-sur-peu-importe-ce-qui-se-passe-avec-erik-ten-hag\/"},"wordCount":450,"publisher":{"@id":"https:\/\/footdavant.fr\/actualites\/#organization"},"keywords":["avec","Erik","est","Hag","importe","Man","Nistelrooy","pass\u00e9","peu","qui","Ruud","sur","ten","travail","United","van"],"articleSection":["Football"],"inLanguage":"fr-FR"},{"@type":"WebPage","@id":"https:\/\/footdavant.fr\/actualites\/le-travail-de-ruud-van-nistelrooy-a-man-united-est-sur-peu-importe-ce-qui-se-passe-avec-erik-ten-hag\/","url":"https:\/\/footdavant.fr\/actualites\/le-travail-de-ruud-van-nistelrooy-a-man-united-est-sur-peu-importe-ce-qui-se-passe-avec-erik-ten-hag\/","name":"Le travail de Ruud van Nistelrooy \u00e0 Man United est s\u00fbr, peu importe ce qui se passe avec Erik ten Hag -","isPartOf":{"@id":"https:\/\/footdavant.fr\/actualites\/#website"},"datePublished":"2024-10-27T07:48:40+00:00","dateModified":"2024-10-27T07:48:44+00:00","breadcrumb":{"@id":"https:\/\/footdavant.fr\/actualites\/le-travail-de-ruud-van-nistelrooy-a-man-united-est-sur-peu-importe-ce-qui-se-passe-avec-erik-ten-hag\/#breadcrumb"},"inLanguage":"fr-FR","potentialAction":[{"@type":"ReadAction","target":["https:\/\/footdavant.fr\/actualites\/le-travail-de-ruud-van-nistelrooy-a-man-united-est-sur-peu-importe-ce-qui-se-passe-avec-erik-ten-hag\/"]}]},{"@type":"BreadcrumbList","@id":"https:\/\/footdavant.fr\/actualites\/le-travail-de-ruud-van-nistelrooy-a-man-united-est-sur-peu-importe-ce-qui-se-passe-avec-erik-ten-hag\/#breadcrumb","itemListElement":[{"@type":"ListItem","position":1,"name":"Accueil","item":"https:\/\/footdavant.fr\/actualites\/"},{"@type":"ListItem","position":2,"name":"Le travail de Ruud van Nistelrooy \u00e0 Man United est s\u00fbr, peu importe ce qui se passe avec Erik ten Hag &#8211;"}]},{"@type":"WebSite","@id":"https:\/\/footdavant.fr\/actualites\/#website","url":"https:\/\/footdavant.fr\/actualites\/","name":"Foot d'avant","description":"","publisher":{"@id":"https:\/\/footdavant.fr\/actualites\/#organization"},"potentialAction":[{"@type":"SearchAction","target":{"@type":"EntryPoint","urlTemplate":"https:\/\/footdavant.fr\/actualites\/?s={search_term_string}"},"query-input":"required name=search_term_string"}],"inLanguage":"fr-FR"},{"@type":"Organization","@id":"https:\/\/footdavant.fr\/actualites\/#organization","name":"Foot d'avant","url":"https:\/\/footdavant.fr\/actualites\/","logo":{"@type":"ImageObject","inLanguage":"fr-FR","@id":"https:\/\/footdavant.fr\/actualites\/#\/schema\/logo\/image\/","url":"https:\/\/footdavant.fr\/actualites\/wp-content\/uploads\/2023\/09\/Copy-of-FootDavant-Logo.png","contentUrl":"https:\/\/footdavant.fr\/actualites\/wp-content\/uploads\/2023\/09\/Copy-of-FootDavant-Logo.png","width":936,"height":549,"caption":"Foot d'avant"},"image":{"@id":"https:\/\/footdavant.fr\/actualites\/#\/schema\/logo\/image\/"},"sameAs":["https:\/\/www.facebook.com\/Footdavant\/","https:\/\/twitter.com\/FootdavantFr","https:\/\/www.instagram.com\/footdavant.fr\/"]},{"@type":"Person","@id":"https:\/\/footdavant.fr\/actualites\/#\/schema\/person\/bc222566d95871b37e597b3ed3ba5e1d","name":"Cl\u00e9ment","image":{"@type":"ImageObject","inLanguage":"fr-FR","@id":"https:\/\/footdavant.fr\/actualites\/#\/schema\/person\/image\/","url":"https:\/\/secure.gravatar.com\/avatar\/7728b29aac2719421e1a9159b2254c44?s=96&d=mm&r=g","contentUrl":"https:\/\/secure.gravatar.com\/avatar\/7728b29aac2719421e1a9159b2254c44?s=96&d=mm&r=g","caption":"Cl\u00e9ment"},"sameAs":["https:\/\/footdavant.fr\/"]}]}},"_links":{"self":[{"href":"https:\/\/footdavant.fr\/actualites\/wp-json\/wp\/v2\/posts\/15343"}],"collection":[{"href":"https:\/\/footdavant.fr\/actualites\/wp-json\/wp\/v2\/posts"}],"about":[{"href":"https:\/\/footdavant.fr\/actualites\/wp-json\/wp\/v2\/types\/post"}],"author":[{"embeddable":true,"href":"https:\/\/footdavant.fr\/actualites\/wp-json\/wp\/v2\/users\/1"}],"replies":[{"embeddable":true,"href":"https:\/\/footdavant.fr\/actualites\/wp-json\/wp\/v2\/comments?post=15343"}],"version-history":[{"count":1,"href":"https:\/\/footdavant.fr\/actualites\/wp-json\/wp\/v2\/posts\/15343\/revisions"}],"predecessor-version":[{"id":15345,"href":"https:\/\/footdavant.fr\/actualites\/wp-json\/wp\/v2\/posts\/15343\/revisions\/15345"}],"wp:featuredmedia":[{"embeddable":true,"href":"https:\/\/footdavant.fr\/actualites\/wp-json\/wp\/v2\/media\/15344"}],"wp:attachment":[{"href":"https:\/\/footdavant.fr\/actualites\/wp-json\/wp\/v2\/media?parent=15343"}],"wp:term":[{"taxonomy":"category","embeddable":true,"href":"https:\/\/footdavant.fr\/actualites\/wp-json\/wp\/v2\/categories?post=15343"},{"taxonomy":"post_tag","embeddable":true,"href":"https:\/\/footdavant.fr\/actualites\/wp-json\/wp\/v2\/tags?post=15343"}],"curies":[{"name":"wp","href":"https:\/\/api.w.org\/{rel}","templated":true}]}}