{"id":15346,"date":"2024-10-27T09:48:33","date_gmt":"2024-10-27T08:48:33","guid":{"rendered":"https:\/\/footdavant.fr\/actualites\/apercu-brest-contre-bayer-leverkusen-pronostics-actualites-de-lequipe-compositions\/"},"modified":"2024-10-27T09:48:36","modified_gmt":"2024-10-27T08:48:36","slug":"apercu-brest-contre-bayer-leverkusen-pronostics-actualites-de-lequipe-compositions","status":"publish","type":"post","link":"https:\/\/footdavant.fr\/actualites\/apercu-brest-contre-bayer-leverkusen-pronostics-actualites-de-lequipe-compositions\/","title":{"rendered":"Aper\u00e7u : Brest contre Bayer Leverkusen \u2013 pronostics, actualit\u00e9s de l&#39;\u00e9quipe, compositions"},"content":{"rendered":"<p>Sports Mole pr\u00e9sente un aper\u00e7u du choc de la Ligue des champions de mercredi entre Brest et le Bayer Leverkusen, y compris les pronostics, les nouvelles de l&#39;\u00e9quipe et les compositions possibles.<\/p>\n<div id=\"article_body\" itemprop=\"articleBody\">\n<p class=\"firstPara\">Forfait surprise <strong class=\"autotag\">Brest<\/strong> poursuivra un remarquable <strong class=\"autotag\">Ligue des Champions<\/strong> aventure mercredi, en accueillant les champions allemands <strong class=\"autotag\">Bayer Leverkusen<\/strong> \u00e0 leur si\u00e8ge europ\u00e9en au Stade Roudourou.<\/p>\n<p>Disputant des matches \u00e0 domicile \u00e0 Guingamp alors que leur terrain n&#39;\u00e9tait pas conforme aux r\u00e8glements de l&#39;UEFA, les nouveaux venus de Ligue 1 ont remport\u00e9 les deux matches jusqu&#39;\u00e0 pr\u00e9sent, rejoignant Leverkusen pr\u00e8s du sommet du classement. <strong>le classement de la phase de championnat<\/strong>.<\/p>\n<h2>Aper\u00e7u du match<\/h2>\n<p class=\"imgI\">\n<p>Apr\u00e8s s&#39;\u00eatre assur\u00e9 une place au classement europ\u00e9en en se classant troisi\u00e8me en France la saison derni\u00e8re &#8211; le meilleur r\u00e9sultat du club en 121 ans &#8211; Brest a prosp\u00e9r\u00e9 de mani\u00e8re inattendue au d\u00e9but de sa premi\u00e8re campagne en Ligue des champions. <\/p>\n<p>Faisant ses d\u00e9buts dans n&#39;importe quelle comp\u00e9tition continentale, l&#39;\u00e9quipe bretonne a remport\u00e9 des victoires cons\u00e9cutives contre le Sturm Graz et le Red Bull Salzbourg pour s&#39;emparer de la quatri\u00e8me place du classement de la premi\u00e8re phase de championnat.<\/p>\n<p>D\u00e9but octobre, le premier road trip europ\u00e9en de Brest s&#39;est sold\u00e9 par une brillante victoire 4-0 en Autriche, o\u00f9 <strong class=\"autotag\">Abdallah Sima<\/strong> frapp\u00e9 deux fois et une s\u00e9rie d&#39;arr\u00eats par <strong class=\"autotag\">Marc Bizot<\/strong> a tenu les h\u00f4tes \u00e0 distance.<\/p>\n<p>Les Pirates ont \u00e9t\u00e9 impitoyables \u00e0 la pause contre une \u00e9quipe na\u00efve de Salzbourg, et ils pourraient d\u00e9sormais devenir le premier club fran\u00e7ais \u00e0 remporter ses trois premiers matchs en Coupe d&#39;Europe ou en Ligue des Champions &#8211; mais ils font face \u00e0 une am\u00e9lioration significative de leur classe cette semaine.<\/p>\n<p>Le week-end, <strong class=\"autotag\">\u00c9ric Roy<\/strong>L&#39;\u00e9quipe de Rennes a conc\u00e9d\u00e9 l&#39;\u00e9galisation tardive pour faire match nul 1-1 \u00e0 domicile contre son rival local Rennes, les laissant dans la moiti\u00e9 inf\u00e9rieure du match. <strong>le classement de Ligue 1<\/strong> apr\u00e8s huit matches.<\/p>\n<p class=\"imgI\">\n<p>Avant son d\u00e9placement en Bretagne, le Bayer Leverkusen a \u00e9galement inscrit le maximum de points, apr\u00e8s une victoire convaincante 4-0 contre Feyenoord et une d\u00e9faite 1-0 contre l&#39;AC Milan.<\/p>\n<p>Dans leur ouverture, <strong class=\"autotag\">Florian Wirtz<\/strong> est devenu le premier joueur allemand \u00e0 marquer deux fois lors de ses d\u00e9buts en Ligue des champions alors que Die Werkself a enregistr\u00e9 sa plus grande victoire \u00e0 l&#39;ext\u00e9rieur dans la comp\u00e9tition \u00e0 ce jour ; deux semaines plus tard, <strong class=\"autotag\">Victor Boniface<\/strong> les a devanc\u00e9s devant Milan \u00e0 domicile.<\/p>\n<p>Une v\u00e9ritable force avec laquelle il faut compter sous <strong class=\"autotag\">Xabi Alonso<\/strong> &#8211; qui les a men\u00e9s au titre de Bundesliga invaincu la saison derni\u00e8re, avant de rater la finale de la Ligue Europa &#8211; Leverkusen pourrait d\u00e9sormais remporter ses trois premiers matches dans la plus grande comp\u00e9tition de clubs de l&#39;UEFA pour la premi\u00e8re fois depuis 2001. <\/p>\n<p>Bien s\u00fbr, ils ont atteint la finale de la saison, mais leur premi\u00e8re pr\u00e9occupation cette saison sera de conclure leur qualification pour les huiti\u00e8mes de finale de la Ligue des Champions pour la premi\u00e8re fois depuis huit ans.<\/p>\n<p>Apr\u00e8s la victoire 2-1 de samedi contre l&#39;Eintracht Francfort, au cours de laquelle Boniface a marqu\u00e9 le but vainqueur apr\u00e8s avoir rat\u00e9 un penalty, les champions d&#39;Allemagne sont \u00e0 trois points de <strong>le sommet de la Bundesliga<\/strong> et n&#39;ont perdu que deux fois toutes comp\u00e9titions confondues depuis mai de l&#39;ann\u00e9e derni\u00e8re.<\/p>\n<p>Ils sont donc bien plac\u00e9s pour remporter une deuxi\u00e8me victoire en six d\u00e9placements en France en Ligue des champions &#8211; et la premi\u00e8re depuis leur victoire contre Lyon en septembre 2001.<\/p>\n<p>Forme de la Ligue des Champions de Brest :<\/p>\n<p>Forme Brest (toutes comp\u00e9titions) :<\/p>\n<p>Forme de la Ligue des champions du Bayer Leverkusen\u00a0:<\/p>\n<p>Forme Bayer Leverkusen (toutes comp\u00e9titions) :<\/p>\n<h2>Nouvelles de l&#39;\u00e9quipe<\/h2>\n<p class=\"imgI\">\n<p>La principale menace pour Brest vient de l&#39;articulation entre <strong class=\"autotag\">Ludovic Ajorque<\/strong> et Abdallah Sima, le premier ayant inscrit deux des trois buts du second en Ligue des Champions jusqu&#39;\u00e0 pr\u00e9sent ; cependant, Sima a rat\u00e9 le match de derby de samedi contre Rennes en raison d&#39;un probl\u00e8me aux ischio-jambiers.<\/p>\n<p>\u00c9ric Roy aura <strong class=\"autotag\">Massadio Ha\u00efdara<\/strong> de retour suite \u00e0 une suspension nationale, mais <strong class=\"autotag\">Julien Le Cardinal<\/strong> s&#39;est retir\u00e9 pendant l&#39;\u00e9chauffement, donc soit <strong class=\"autotag\">Soumaila Coulibaly<\/strong> ou <strong class=\"autotag\">Abdoulaye Ndiaye<\/strong> devrait figurer en d\u00e9fense centrale, aux c\u00f4t\u00e9s du capitaine <strong class=\"autotag\">Brendan Chardonnet<\/strong>.<\/p>\n<p>Milieu de terrain influent <strong class=\"autotag\">Pierre Lee-Melou<\/strong> a fait ce week-end sa premi\u00e8re titularisation depuis mai, mais l&#39;arri\u00e8re lat\u00e9ral <strong class=\"autotag\">Bradley Locko<\/strong> est toujours mis \u00e0 l&#39;\u00e9cart en raison d&#39;une rupture du tendon d&#39;Achille.<\/p>\n<p>Pendant ce temps, la star de Leverkusen, Florian Wirtz, s&#39;est r\u00e9cemment bless\u00e9 \u00e0 la cheville alors qu&#39;il \u00e9tait en service en Allemagne, mais apr\u00e8s avoir fait une apparition samedi, il pourrait \u00eatre pr\u00eat \u00e0 d\u00e9buter \u00e0 Guingamp.<\/p>\n<p>Ex-star rennaise <strong class=\"autotag\">Martin Terrier<\/strong> pourrait rejoindre Wirtz dans le dernier tiers, apr\u00e8s avoir inscrit trois buts et une passe d\u00e9cisive lors de huit rencontres pr\u00e9c\u00e9dentes avec Brest. Reste \u00e0 savoir si l&#39;attaquant titulaire Victor Boniface jouera, apr\u00e8s avoir \u00e9t\u00e9 transport\u00e9 \u00e0 l&#39;h\u00f4pital pour des contr\u00f4les apr\u00e8s avoir \u00e9t\u00e9 impliqu\u00e9 dans un accident de voiture.<\/p>\n<p>En esp\u00e9rant rejoindre <strong class=\"autotag\">Granit Xhaka<\/strong> dans la salle des machines pleine d&#39;action de Die Werkself, <strong class=\"autotag\">Alex Garcia<\/strong> a compl\u00e9t\u00e9 ses 54 passes lors de la victoire contre Milan \u2013 le plus grand nombre jamais enregistr\u00e9 par un joueur avec un taux de r\u00e9ussite de 100 % lors de ses d\u00e9buts en Ligue des champions.<\/p>\n<p><strong>Brest onze de d\u00e9part possible :<\/strong><br \/>Bizot; Lala, Chardonnet, Coulibaly, Haidara ; Camara, Lees-Melou, Magnetti; Del Castillo, Ajorque, Pereira Lage<\/p>\n<p><strong>Onze de d\u00e9part possibles du Bayer Leverkusen :<\/strong><br \/>Hradecky\u00a0; Tapsoba, Tah, Hincapie\u00a0; Frimpong, Garcia, Xhaka, Grimaldo\u00a0; Terrier, Wirtz; Schick<\/p>\n<p class=\"sm_center\">\n<h2 class=\"sm_center\">On dit : Brest 1-2 Bayer Leverkusen<\/h2>\n<p>Malgr\u00e9 des cages inviol\u00e9es successives en Europe, Leverkusen a encaiss\u00e9 13 buts lors de ses sept premiers matches de championnat, tandis que Brest a d\u00e9j\u00e0 prouv\u00e9 son potentiel en contre-attaque.<\/p>\n<p>Les Pirates pourraient alors percer la d\u00e9fense de leurs visiteurs, mais l&#39;\u00e9quipe fluide de Xabi Alonso dispose de toutes les armes n\u00e9cessaires pour marquer au moins deux fois au Stade Roudourou. <\/p>\n<p>Pour l\u2019analyse des donn\u00e9es des r\u00e9sultats les plus probables, des scores et plus encore pour ce match, veuillez cliquer ici.<\/p>\n<h2>Aper\u00e7us par email<\/h2>\n<div>Cliquez ici pour obtenir <strong>Taupe de sport<\/strong>L&#39;e-mail quotidien d&#39;avant-premi\u00e8res et de pronostics pour chaque jeu majeur\u00a0!<\/div>\n<p><\/div>\n","protected":false},"excerpt":{"rendered":"<p>Sports Mole pr\u00e9sente un aper\u00e7u du choc de la Ligue des champions de mercredi entre Brest et le Bayer Leverkusen, y compris les pronostics, les<\/p>\n","protected":false},"author":1,"featured_media":15347,"comment_status":"closed","ping_status":"","sticky":false,"template":"","format":"standard","meta":{"footnotes":""},"categories":[4],"tags":[7,284,981,6475,383,20,4219,982,382],"yoast_head":"<!-- This site is optimized with the Yoast SEO plugin v21.0 - https:\/\/yoast.com\/wordpress\/plugins\/seo\/ -->\n<title>Aper\u00e7u : Brest contre Bayer Leverkusen \u2013 pronostics, actualit\u00e9s de l&#039;\u00e9quipe, compositions<\/title>\n<meta name=\"robots\" content=\"index, follow, max-snippet:-1, max-image-preview:large, max-video-preview:-1\" \/>\n<link rel=\"canonical\" href=\"https:\/\/footdavant.fr\/actualites\/apercu-brest-contre-bayer-leverkusen-pronostics-actualites-de-lequipe-compositions\/\" \/>\n<meta property=\"og:locale\" content=\"fr_FR\" \/>\n<meta property=\"og:type\" content=\"article\" \/>\n<meta property=\"og:title\" content=\"Aper\u00e7u : Brest contre Bayer Leverkusen \u2013 pronostics, actualit\u00e9s de l&#039;\u00e9quipe, compositions\" \/>\n<meta property=\"og:description\" content=\"Sports Mole pr\u00e9sente un aper\u00e7u du choc de la Ligue des champions de mercredi entre Brest et le Bayer Leverkusen, y compris les pronostics, les\" \/>\n<meta property=\"og:url\" content=\"https:\/\/footdavant.fr\/actualites\/apercu-brest-contre-bayer-leverkusen-pronostics-actualites-de-lequipe-compositions\/\" \/>\n<meta property=\"og:site_name\" content=\"Foot d&#039;avant\" \/>\n<meta property=\"article:publisher\" content=\"https:\/\/www.facebook.com\/Footdavant\/\" \/>\n<meta property=\"article:published_time\" content=\"2024-10-27T08:48:33+00:00\" \/>\n<meta property=\"article:modified_time\" content=\"2024-10-27T08:48:36+00:00\" \/>\n<meta property=\"og:image\" content=\"https:\/\/footdavant.fr\/actualites\/wp-content\/uploads\/2024\/10\/Apercu-Brest-contre-Bayer-Leverkusen-\u2013-pronostics-actualites-de.jpg\" \/>\n\t<meta property=\"og:image:width\" content=\"1280\" \/>\n\t<meta property=\"og:image:height\" content=\"960\" \/>\n\t<meta property=\"og:image:type\" content=\"image\/jpeg\" \/>\n<meta name=\"author\" content=\"Cl\u00e9ment\" \/>\n<meta name=\"twitter:card\" content=\"summary_large_image\" \/>\n<meta name=\"twitter:creator\" content=\"@FootdavantFr\" \/>\n<meta name=\"twitter:site\" content=\"@FootdavantFr\" \/>\n<meta name=\"twitter:label1\" content=\"\u00c9crit par\" \/>\n\t<meta name=\"twitter:data1\" content=\"Cl\u00e9ment\" \/>\n\t<meta name=\"twitter:label2\" content=\"Dur\u00e9e de lecture estim\u00e9e\" \/>\n\t<meta name=\"twitter:data2\" content=\"6 minutes\" \/>\n<script type=\"application\/ld+json\" class=\"yoast-schema-graph\">{\"@context\":\"https:\/\/schema.org\",\"@graph\":[{\"@type\":\"Article\",\"@id\":\"https:\/\/footdavant.fr\/actualites\/apercu-brest-contre-bayer-leverkusen-pronostics-actualites-de-lequipe-compositions\/#article\",\"isPartOf\":{\"@id\":\"https:\/\/footdavant.fr\/actualites\/apercu-brest-contre-bayer-leverkusen-pronostics-actualites-de-lequipe-compositions\/\"},\"author\":{\"name\":\"Cl\u00e9ment\",\"@id\":\"https:\/\/footdavant.fr\/actualites\/#\/schema\/person\/bc222566d95871b37e597b3ed3ba5e1d\"},\"headline\":\"Aper\u00e7u : Brest contre Bayer Leverkusen \u2013 pronostics, actualit\u00e9s de l&#39;\u00e9quipe, compositions\",\"datePublished\":\"2024-10-27T08:48:33+00:00\",\"dateModified\":\"2024-10-27T08:48:36+00:00\",\"mainEntityOfPage\":{\"@id\":\"https:\/\/footdavant.fr\/actualites\/apercu-brest-contre-bayer-leverkusen-pronostics-actualites-de-lequipe-compositions\/\"},\"wordCount\":1124,\"publisher\":{\"@id\":\"https:\/\/footdavant.fr\/actualites\/#organization\"},\"keywords\":[\"Actualit\u00e9s\",\"Aper\u00e7u\",\"Bayer\",\"Brest\",\"compositions\",\"contre\",\"l39\u00e9quipe\",\"Leverkusen\",\"pronostics\"],\"articleSection\":[\"Champions League\"],\"inLanguage\":\"fr-FR\"},{\"@type\":\"WebPage\",\"@id\":\"https:\/\/footdavant.fr\/actualites\/apercu-brest-contre-bayer-leverkusen-pronostics-actualites-de-lequipe-compositions\/\",\"url\":\"https:\/\/footdavant.fr\/actualites\/apercu-brest-contre-bayer-leverkusen-pronostics-actualites-de-lequipe-compositions\/\",\"name\":\"Aper\u00e7u : Brest contre Bayer Leverkusen \u2013 pronostics, actualit\u00e9s de l&#39;\u00e9quipe, compositions\",\"isPartOf\":{\"@id\":\"https:\/\/footdavant.fr\/actualites\/#website\"},\"datePublished\":\"2024-10-27T08:48:33+00:00\",\"dateModified\":\"2024-10-27T08:48:36+00:00\",\"breadcrumb\":{\"@id\":\"https:\/\/footdavant.fr\/actualites\/apercu-brest-contre-bayer-leverkusen-pronostics-actualites-de-lequipe-compositions\/#breadcrumb\"},\"inLanguage\":\"fr-FR\",\"potentialAction\":[{\"@type\":\"ReadAction\",\"target\":[\"https:\/\/footdavant.fr\/actualites\/apercu-brest-contre-bayer-leverkusen-pronostics-actualites-de-lequipe-compositions\/\"]}]},{\"@type\":\"BreadcrumbList\",\"@id\":\"https:\/\/footdavant.fr\/actualites\/apercu-brest-contre-bayer-leverkusen-pronostics-actualites-de-lequipe-compositions\/#breadcrumb\",\"itemListElement\":[{\"@type\":\"ListItem\",\"position\":1,\"name\":\"Accueil\",\"item\":\"https:\/\/footdavant.fr\/actualites\/\"},{\"@type\":\"ListItem\",\"position\":2,\"name\":\"Aper\u00e7u : Brest contre Bayer Leverkusen \u2013 pronostics, actualit\u00e9s de l&#39;\u00e9quipe, compositions\"}]},{\"@type\":\"WebSite\",\"@id\":\"https:\/\/footdavant.fr\/actualites\/#website\",\"url\":\"https:\/\/footdavant.fr\/actualites\/\",\"name\":\"Foot d'avant\",\"description\":\"\",\"publisher\":{\"@id\":\"https:\/\/footdavant.fr\/actualites\/#organization\"},\"potentialAction\":[{\"@type\":\"SearchAction\",\"target\":{\"@type\":\"EntryPoint\",\"urlTemplate\":\"https:\/\/footdavant.fr\/actualites\/?s={search_term_string}\"},\"query-input\":\"required name=search_term_string\"}],\"inLanguage\":\"fr-FR\"},{\"@type\":\"Organization\",\"@id\":\"https:\/\/footdavant.fr\/actualites\/#organization\",\"name\":\"Foot d'avant\",\"url\":\"https:\/\/footdavant.fr\/actualites\/\",\"logo\":{\"@type\":\"ImageObject\",\"inLanguage\":\"fr-FR\",\"@id\":\"https:\/\/footdavant.fr\/actualites\/#\/schema\/logo\/image\/\",\"url\":\"https:\/\/footdavant.fr\/actualites\/wp-content\/uploads\/2023\/09\/Copy-of-FootDavant-Logo.png\",\"contentUrl\":\"https:\/\/footdavant.fr\/actualites\/wp-content\/uploads\/2023\/09\/Copy-of-FootDavant-Logo.png\",\"width\":936,\"height\":549,\"caption\":\"Foot d'avant\"},\"image\":{\"@id\":\"https:\/\/footdavant.fr\/actualites\/#\/schema\/logo\/image\/\"},\"sameAs\":[\"https:\/\/www.facebook.com\/Footdavant\/\",\"https:\/\/twitter.com\/FootdavantFr\",\"https:\/\/www.instagram.com\/footdavant.fr\/\"]},{\"@type\":\"Person\",\"@id\":\"https:\/\/footdavant.fr\/actualites\/#\/schema\/person\/bc222566d95871b37e597b3ed3ba5e1d\",\"name\":\"Cl\u00e9ment\",\"image\":{\"@type\":\"ImageObject\",\"inLanguage\":\"fr-FR\",\"@id\":\"https:\/\/footdavant.fr\/actualites\/#\/schema\/person\/image\/\",\"url\":\"https:\/\/secure.gravatar.com\/avatar\/7728b29aac2719421e1a9159b2254c44?s=96&d=mm&r=g\",\"contentUrl\":\"https:\/\/secure.gravatar.com\/avatar\/7728b29aac2719421e1a9159b2254c44?s=96&d=mm&r=g\",\"caption\":\"Cl\u00e9ment\"},\"sameAs\":[\"https:\/\/footdavant.fr\/\"]}]}<\/script>\n<!-- \/ Yoast SEO plugin. -->","yoast_head_json":{"title":"Aper\u00e7u : Brest contre Bayer Leverkusen \u2013 pronostics, actualit\u00e9s de l&#39;\u00e9quipe, compositions","robots":{"index":"index","follow":"follow","max-snippet":"max-snippet:-1","max-image-preview":"max-image-preview:large","max-video-preview":"max-video-preview:-1"},"canonical":"https:\/\/footdavant.fr\/actualites\/apercu-brest-contre-bayer-leverkusen-pronostics-actualites-de-lequipe-compositions\/","og_locale":"fr_FR","og_type":"article","og_title":"Aper\u00e7u : Brest contre Bayer Leverkusen \u2013 pronostics, actualit\u00e9s de l&#39;\u00e9quipe, compositions","og_description":"Sports Mole pr\u00e9sente un aper\u00e7u du choc de la Ligue des champions de mercredi entre Brest et le Bayer Leverkusen, y compris les pronostics, les","og_url":"https:\/\/footdavant.fr\/actualites\/apercu-brest-contre-bayer-leverkusen-pronostics-actualites-de-lequipe-compositions\/","og_site_name":"Foot d&#039;avant","article_publisher":"https:\/\/www.facebook.com\/Footdavant\/","article_published_time":"2024-10-27T08:48:33+00:00","article_modified_time":"2024-10-27T08:48:36+00:00","og_image":[{"width":1280,"height":960,"url":"https:\/\/footdavant.fr\/actualites\/wp-content\/uploads\/2024\/10\/Apercu-Brest-contre-Bayer-Leverkusen-\u2013-pronostics-actualites-de.jpg","type":"image\/jpeg"}],"author":"Cl\u00e9ment","twitter_card":"summary_large_image","twitter_creator":"@FootdavantFr","twitter_site":"@FootdavantFr","twitter_misc":{"\u00c9crit par":"Cl\u00e9ment","Dur\u00e9e de lecture estim\u00e9e":"6 minutes"},"schema":{"@context":"https:\/\/schema.org","@graph":[{"@type":"Article","@id":"https:\/\/footdavant.fr\/actualites\/apercu-brest-contre-bayer-leverkusen-pronostics-actualites-de-lequipe-compositions\/#article","isPartOf":{"@id":"https:\/\/footdavant.fr\/actualites\/apercu-brest-contre-bayer-leverkusen-pronostics-actualites-de-lequipe-compositions\/"},"author":{"name":"Cl\u00e9ment","@id":"https:\/\/footdavant.fr\/actualites\/#\/schema\/person\/bc222566d95871b37e597b3ed3ba5e1d"},"headline":"Aper\u00e7u : Brest contre Bayer Leverkusen \u2013 pronostics, actualit\u00e9s de l&#39;\u00e9quipe, compositions","datePublished":"2024-10-27T08:48:33+00:00","dateModified":"2024-10-27T08:48:36+00:00","mainEntityOfPage":{"@id":"https:\/\/footdavant.fr\/actualites\/apercu-brest-contre-bayer-leverkusen-pronostics-actualites-de-lequipe-compositions\/"},"wordCount":1124,"publisher":{"@id":"https:\/\/footdavant.fr\/actualites\/#organization"},"keywords":["Actualit\u00e9s","Aper\u00e7u","Bayer","Brest","compositions","contre","l39\u00e9quipe","Leverkusen","pronostics"],"articleSection":["Champions League"],"inLanguage":"fr-FR"},{"@type":"WebPage","@id":"https:\/\/footdavant.fr\/actualites\/apercu-brest-contre-bayer-leverkusen-pronostics-actualites-de-lequipe-compositions\/","url":"https:\/\/footdavant.fr\/actualites\/apercu-brest-contre-bayer-leverkusen-pronostics-actualites-de-lequipe-compositions\/","name":"Aper\u00e7u : Brest contre Bayer Leverkusen \u2013 pronostics, actualit\u00e9s de l&#39;\u00e9quipe, compositions","isPartOf":{"@id":"https:\/\/footdavant.fr\/actualites\/#website"},"datePublished":"2024-10-27T08:48:33+00:00","dateModified":"2024-10-27T08:48:36+00:00","breadcrumb":{"@id":"https:\/\/footdavant.fr\/actualites\/apercu-brest-contre-bayer-leverkusen-pronostics-actualites-de-lequipe-compositions\/#breadcrumb"},"inLanguage":"fr-FR","potentialAction":[{"@type":"ReadAction","target":["https:\/\/footdavant.fr\/actualites\/apercu-brest-contre-bayer-leverkusen-pronostics-actualites-de-lequipe-compositions\/"]}]},{"@type":"BreadcrumbList","@id":"https:\/\/footdavant.fr\/actualites\/apercu-brest-contre-bayer-leverkusen-pronostics-actualites-de-lequipe-compositions\/#breadcrumb","itemListElement":[{"@type":"ListItem","position":1,"name":"Accueil","item":"https:\/\/footdavant.fr\/actualites\/"},{"@type":"ListItem","position":2,"name":"Aper\u00e7u : Brest contre Bayer Leverkusen \u2013 pronostics, actualit\u00e9s de l&#39;\u00e9quipe, compositions"}]},{"@type":"WebSite","@id":"https:\/\/footdavant.fr\/actualites\/#website","url":"https:\/\/footdavant.fr\/actualites\/","name":"Foot d'avant","description":"","publisher":{"@id":"https:\/\/footdavant.fr\/actualites\/#organization"},"potentialAction":[{"@type":"SearchAction","target":{"@type":"EntryPoint","urlTemplate":"https:\/\/footdavant.fr\/actualites\/?s={search_term_string}"},"query-input":"required name=search_term_string"}],"inLanguage":"fr-FR"},{"@type":"Organization","@id":"https:\/\/footdavant.fr\/actualites\/#organization","name":"Foot d'avant","url":"https:\/\/footdavant.fr\/actualites\/","logo":{"@type":"ImageObject","inLanguage":"fr-FR","@id":"https:\/\/footdavant.fr\/actualites\/#\/schema\/logo\/image\/","url":"https:\/\/footdavant.fr\/actualites\/wp-content\/uploads\/2023\/09\/Copy-of-FootDavant-Logo.png","contentUrl":"https:\/\/footdavant.fr\/actualites\/wp-content\/uploads\/2023\/09\/Copy-of-FootDavant-Logo.png","width":936,"height":549,"caption":"Foot d'avant"},"image":{"@id":"https:\/\/footdavant.fr\/actualites\/#\/schema\/logo\/image\/"},"sameAs":["https:\/\/www.facebook.com\/Footdavant\/","https:\/\/twitter.com\/FootdavantFr","https:\/\/www.instagram.com\/footdavant.fr\/"]},{"@type":"Person","@id":"https:\/\/footdavant.fr\/actualites\/#\/schema\/person\/bc222566d95871b37e597b3ed3ba5e1d","name":"Cl\u00e9ment","image":{"@type":"ImageObject","inLanguage":"fr-FR","@id":"https:\/\/footdavant.fr\/actualites\/#\/schema\/person\/image\/","url":"https:\/\/secure.gravatar.com\/avatar\/7728b29aac2719421e1a9159b2254c44?s=96&d=mm&r=g","contentUrl":"https:\/\/secure.gravatar.com\/avatar\/7728b29aac2719421e1a9159b2254c44?s=96&d=mm&r=g","caption":"Cl\u00e9ment"},"sameAs":["https:\/\/footdavant.fr\/"]}]}},"_links":{"self":[{"href":"https:\/\/footdavant.fr\/actualites\/wp-json\/wp\/v2\/posts\/15346"}],"collection":[{"href":"https:\/\/footdavant.fr\/actualites\/wp-json\/wp\/v2\/posts"}],"about":[{"href":"https:\/\/footdavant.fr\/actualites\/wp-json\/wp\/v2\/types\/post"}],"author":[{"embeddable":true,"href":"https:\/\/footdavant.fr\/actualites\/wp-json\/wp\/v2\/users\/1"}],"replies":[{"embeddable":true,"href":"https:\/\/footdavant.fr\/actualites\/wp-json\/wp\/v2\/comments?post=15346"}],"version-history":[{"count":1,"href":"https:\/\/footdavant.fr\/actualites\/wp-json\/wp\/v2\/posts\/15346\/revisions"}],"predecessor-version":[{"id":15348,"href":"https:\/\/footdavant.fr\/actualites\/wp-json\/wp\/v2\/posts\/15346\/revisions\/15348"}],"wp:featuredmedia":[{"embeddable":true,"href":"https:\/\/footdavant.fr\/actualites\/wp-json\/wp\/v2\/media\/15347"}],"wp:attachment":[{"href":"https:\/\/footdavant.fr\/actualites\/wp-json\/wp\/v2\/media?parent=15346"}],"wp:term":[{"taxonomy":"category","embeddable":true,"href":"https:\/\/footdavant.fr\/actualites\/wp-json\/wp\/v2\/categories?post=15346"},{"taxonomy":"post_tag","embeddable":true,"href":"https:\/\/footdavant.fr\/actualites\/wp-json\/wp\/v2\/tags?post=15346"}],"curies":[{"name":"wp","href":"https:\/\/api.w.org\/{rel}","templated":true}]}}