{"id":1546,"date":"2023-11-28T06:21:45","date_gmt":"2023-11-28T05:21:45","guid":{"rendered":"https:\/\/footdavant.fr\/actualites\/les-attentes-de-chelsea-sont-elles-trop-elevees-pour-developper-une-equipe-parlez-de-chelsea\/"},"modified":"2023-11-28T06:21:46","modified_gmt":"2023-11-28T05:21:46","slug":"les-attentes-de-chelsea-sont-elles-trop-elevees-pour-developper-une-equipe-parlez-de-chelsea","status":"publish","type":"post","link":"https:\/\/footdavant.fr\/actualites\/les-attentes-de-chelsea-sont-elles-trop-elevees-pour-developper-une-equipe-parlez-de-chelsea\/","title":{"rendered":"Les attentes de Chelsea sont-elles trop \u00e9lev\u00e9es pour d\u00e9velopper une \u00e9quipe ?  \u2013 Parlez de Chelsea"},"content":{"rendered":"<div id=\"mvp-content-main\">\n<p>Les propri\u00e9taires de Chelsea souhaitent voir des am\u00e9liorations et semblent s&rsquo;attendre \u00e0 davantage en ce moment.<\/p>\n<p>Behdad Eghbali \u00e9tait dans les tribunes pour regarder le match de Newcastle samedi, et je suis s\u00fbr qu&rsquo;il est toujours aussi en col\u00e8re que nous le sommes tous \u00e0 propos du r\u00e9sultat et de cette horrible performance.<\/p>\n<p>Ils en veulent plus\u2026.<\/p>\n<p>Fabrice Romano :<\/p>\n<blockquote>\n<p>\u00ab Chelsea veut voir des am\u00e9liorations \u2013 ils ne sont pas satisfaits des m\u00eames r\u00e9sultats d\u00e9cevants, des m\u00eames erreurs et ce genre de choses.  Ils veulent voir un meilleur niveau, comme ils l\u2019ont vu contre Arsenal, Tottenham et Manchester City.<\/p>\n<\/blockquote>\n<p>La phrase suivante de Romano \u00e9tait \u00ab\u00a0mais avec une jeune \u00e9quipe, il faut \u00eatre patient\u00a0\u00bb.<\/p>\n<p>Alors, la vision et le projet \u00e0 long terme correspondent-ils aux attentes du club ?  La patience vous apporte-t-elle une qualification UCL ?<\/p>\n<p>Apparemment, ils veulent et ont besoin du football en Ligue des Champions cette saison, alors l&rsquo;\u00e9quipe qu&rsquo;ils ont constitu\u00e9e leur a-t-elle donn\u00e9 une chance d&rsquo;y parvenir ?<\/p>\n<p>Je pense que c&rsquo;est un peu des deux.  Je pense qu\u2019il s\u2019agit peut-\u00eatre de quelques joueurs plus exp\u00e9riment\u00e9s et de joueurs confirm\u00e9s en Premier League qui ne pourront pas se battre pour l\u2019UCL cette saison.  Mais avec l\u2019\u00e9quipe actuelle, c\u2019est peut-\u00eatre aller trop loin et cela le sera toujours ?<\/p>\n<p>Alors pourquoi ont-ils fix\u00e9 ces attentes alors qu\u2019ils n\u2019ont recrut\u00e9 que de jeunes joueurs en d\u00e9veloppement et qui n\u2019ont pas encore fait leurs preuves dans cette ligue ?  Cela comportera TOUJOURS un risque.  Peut-\u00eatre attendaient-ils un peu plus de certaines de leurs recrues ?  Peut-\u00eatre ne s\u2019attendaient-ils pas \u00e0 ce que beaucoup d\u2019entre eux aient encore besoin d\u2019autant de temps pour se d\u00e9velopper ?<\/p>\n<p>Des joueurs comme Mykhailo Mudryk, qui est ici depuis presque un an maintenant, est encore en \u00ab d\u00e9veloppement \u00bb et est encore un joueur \u00ab brut \u00bb.  Nous disons cela \u00e0 propos de beaucoup de nos joueurs actuels, et c\u2019est peut-\u00eatre l\u00e0 le probl\u00e8me ?  Nous avons recrut\u00e9 trop de joueurs bruts et pas assez pour le moment ?<\/p>\n<div id=\"attachment_40631\" style=\"width: 1010px\" class=\"wp-caption alignnone\">\n<p id=\"caption-attachment-40631\" class=\"wp-caption-text\">Photo de Jacques Feeney\/Hors-jeu\/Hors-jeu via Getty Images<\/p>\n<\/div>\n<p>Mais le club est dans une impasse parce qu&rsquo;il voulait constituer une \u00e9quipe jeune pour l&rsquo;avenir, mais en m\u00eame temps, les r\u00e9compenses financi\u00e8res qu&rsquo;apporte le football europ\u00e9en signifient qu&rsquo;ils ont \u00e9galement besoin du football de l&rsquo;UCL.<\/p>\n<p>Mais avec un nouveau manager et une nouvelle et jeune \u00e9quipe, pourquoi penserait-on de mani\u00e8re r\u00e9aliste que cela serait r\u00e9alisable cette saison ?<\/p>\n<p>Je crois qu&rsquo;avec l&rsquo;\u00e9quipe qu&rsquo;ils ont constitu\u00e9e, ils ont estim\u00e9 que ce serait suffisant pour au moins se battre pour le football de l&rsquo;UCL.  Et comme je l&rsquo;ai dit hier, jusqu&rsquo;\u00e0 la d\u00e9faite contre Newcastle, nous l&rsquo;\u00e9tions toujours, et sans doute nous sommes toujours un d\u00e9fi pour le football de l&rsquo;UCL.  Mais je ne pense pas qu&rsquo;il y ait beaucoup de fans de Chelsea qui pensent que nous avons une chance de l&rsquo;obtenir.<\/p>\n<p>Nous avons r\u00e9alis\u00e9 de bonnes performances, de tr\u00e8s bonnes performances et de tr\u00e8s mauvaises performances.  Cela t\u00e9moigne d\u2019un manque de maturit\u00e9 et d\u2019une \u00e9quipe en d\u00e9veloppement.<\/p>\n<p>Je pense que les fans auraient peut-\u00eatre \u00e9t\u00e9 un peu plus compr\u00e9hensifs si nous avions entendu les propri\u00e9taires et si nous avions expliqu\u00e9 leur vision et leurs attentes au d\u00e9but de la saison, plut\u00f4t que de les entendre lors de briefings qui semblent changer pour le moment. dans lequel nous sommes.<\/p>\n<p>Mais encore une fois, revenons \u00e0 ce catch-22 et au fait qu&rsquo;ils ont d\u00e9pens\u00e9 pr\u00e8s d&rsquo;un milliard de livres sterling en nouveaux joueurs depuis leur arriv\u00e9e ici.  Lorsque cela se produit, et lorsque le football de l&rsquo;UCL est si important, il n&rsquo;y a qu&rsquo;une limite \u00e0 \u00ab\u00a0d\u00e9velopper\u00a0\u00bb que vous pouvez faire.<\/p>\n<p>Je pense que nous avons recrut\u00e9 de tr\u00e8s bons joueurs et rep\u00e9r\u00e9 de tr\u00e8s bons talents depuis l&rsquo;arriv\u00e9e des nouveaux propri\u00e9taires et directeurs. Les niveaux d&rsquo;identification des talents ont beaucoup augment\u00e9.  Mais certains d\u2019entre eux sont tout simplement un peu trop bruts pour l\u2019ici et maintenant, et l\u2019ici et maintenant est \u00e9galement important.<\/p>\n<p>Personnellement, je pense que nous avons juste besoin de plus d&rsquo;\u00e9quilibre et nous n&rsquo;avons pas r\u00e9ussi \u00e0 trouver cet \u00e9quilibre dans notre \u00e9quipe.  Je le sens depuis le d\u00e9but de la saison donc encore une fois, cela n&rsquo;a rien de r\u00e9actionnaire de ma part.<\/p>\n<div class=\"feature-box\">Si vous souhaitez figurer sur Talk Chelsea.<\/div>\n<p>\t\t\t\t\t\t\t\t\t<!--mvp-post-tags--><\/p><\/div>\n","protected":false},"excerpt":{"rendered":"<p>Les propri\u00e9taires de Chelsea souhaitent voir des am\u00e9liorations et semblent s&rsquo;attendre \u00e0 davantage en ce moment. Behdad Eghbali \u00e9tait dans les tribunes pour regarder le<\/p>\n","protected":false},"author":1,"featured_media":1547,"comment_status":"closed","ping_status":"","sticky":false,"template":"","format":"standard","meta":{"footnotes":""},"categories":[3],"tags":[1650,171,735,1652,28,93,172,51,1651,1366,92],"yoast_head":"<!-- This site is optimized with the Yoast SEO plugin v21.0 - https:\/\/yoast.com\/wordpress\/plugins\/seo\/ -->\n<title>Les attentes de Chelsea sont-elles trop \u00e9lev\u00e9es pour d\u00e9velopper une \u00e9quipe ? \u2013 Parlez de Chelsea<\/title>\n<meta name=\"robots\" content=\"index, follow, max-snippet:-1, max-image-preview:large, max-video-preview:-1\" \/>\n<link rel=\"canonical\" href=\"https:\/\/footdavant.fr\/actualites\/les-attentes-de-chelsea-sont-elles-trop-elevees-pour-developper-une-equipe-parlez-de-chelsea\/\" \/>\n<meta property=\"og:locale\" content=\"fr_FR\" \/>\n<meta property=\"og:type\" content=\"article\" \/>\n<meta property=\"og:title\" content=\"Les attentes de Chelsea sont-elles trop \u00e9lev\u00e9es pour d\u00e9velopper une \u00e9quipe ? \u2013 Parlez de Chelsea\" \/>\n<meta property=\"og:description\" content=\"Les propri\u00e9taires de Chelsea souhaitent voir des am\u00e9liorations et semblent s&rsquo;attendre \u00e0 davantage en ce moment. Behdad Eghbali \u00e9tait dans les tribunes pour regarder le\" \/>\n<meta property=\"og:url\" content=\"https:\/\/footdavant.fr\/actualites\/les-attentes-de-chelsea-sont-elles-trop-elevees-pour-developper-une-equipe-parlez-de-chelsea\/\" \/>\n<meta property=\"og:site_name\" content=\"Foot d&#039;avant\" \/>\n<meta property=\"article:publisher\" content=\"https:\/\/www.facebook.com\/Footdavant\/\" \/>\n<meta property=\"article:published_time\" content=\"2023-11-28T05:21:45+00:00\" \/>\n<meta property=\"article:modified_time\" content=\"2023-11-28T05:21:46+00:00\" \/>\n<meta property=\"og:image\" content=\"https:\/\/footdavant.fr\/actualites\/wp-content\/uploads\/2023\/11\/1701148905_Les-attentes-de-Chelsea-sont-elles-trop-elevees-pour-developper-une.jpg\" \/>\n\t<meta property=\"og:image:width\" content=\"1000\" \/>\n\t<meta property=\"og:image:height\" content=\"600\" \/>\n\t<meta property=\"og:image:type\" content=\"image\/jpeg\" \/>\n<meta name=\"author\" content=\"Cl\u00e9ment\" \/>\n<meta name=\"twitter:card\" content=\"summary_large_image\" \/>\n<meta name=\"twitter:creator\" content=\"@FootdavantFr\" \/>\n<meta name=\"twitter:site\" content=\"@FootdavantFr\" \/>\n<meta name=\"twitter:label1\" content=\"\u00c9crit par\" \/>\n\t<meta name=\"twitter:data1\" content=\"Cl\u00e9ment\" \/>\n\t<meta name=\"twitter:label2\" content=\"Dur\u00e9e de lecture estim\u00e9e\" \/>\n\t<meta name=\"twitter:data2\" content=\"4 minutes\" \/>\n<script type=\"application\/ld+json\" class=\"yoast-schema-graph\">{\"@context\":\"https:\/\/schema.org\",\"@graph\":[{\"@type\":\"Article\",\"@id\":\"https:\/\/footdavant.fr\/actualites\/les-attentes-de-chelsea-sont-elles-trop-elevees-pour-developper-une-equipe-parlez-de-chelsea\/#article\",\"isPartOf\":{\"@id\":\"https:\/\/footdavant.fr\/actualites\/les-attentes-de-chelsea-sont-elles-trop-elevees-pour-developper-une-equipe-parlez-de-chelsea\/\"},\"author\":{\"name\":\"Cl\u00e9ment\",\"@id\":\"https:\/\/footdavant.fr\/actualites\/#\/schema\/person\/bc222566d95871b37e597b3ed3ba5e1d\"},\"headline\":\"Les attentes de Chelsea sont-elles trop \u00e9lev\u00e9es pour d\u00e9velopper une \u00e9quipe ? \u2013 Parlez de Chelsea\",\"datePublished\":\"2023-11-28T05:21:45+00:00\",\"dateModified\":\"2023-11-28T05:21:46+00:00\",\"mainEntityOfPage\":{\"@id\":\"https:\/\/footdavant.fr\/actualites\/les-attentes-de-chelsea-sont-elles-trop-elevees-pour-developper-une-equipe-parlez-de-chelsea\/\"},\"wordCount\":779,\"publisher\":{\"@id\":\"https:\/\/footdavant.fr\/actualites\/#organization\"},\"keywords\":[\"attentes\",\"Chelsea\",\"d\u00e9velopper\",\"\u00e9lev\u00e9es\",\"\u00c9quipe\",\"les\",\"Parlez\",\"pour\",\"sontelles\",\"trop\",\"une\"],\"articleSection\":[\"Football\"],\"inLanguage\":\"fr-FR\"},{\"@type\":\"WebPage\",\"@id\":\"https:\/\/footdavant.fr\/actualites\/les-attentes-de-chelsea-sont-elles-trop-elevees-pour-developper-une-equipe-parlez-de-chelsea\/\",\"url\":\"https:\/\/footdavant.fr\/actualites\/les-attentes-de-chelsea-sont-elles-trop-elevees-pour-developper-une-equipe-parlez-de-chelsea\/\",\"name\":\"Les attentes de Chelsea sont-elles trop \u00e9lev\u00e9es pour d\u00e9velopper une \u00e9quipe ? \u2013 Parlez de Chelsea\",\"isPartOf\":{\"@id\":\"https:\/\/footdavant.fr\/actualites\/#website\"},\"datePublished\":\"2023-11-28T05:21:45+00:00\",\"dateModified\":\"2023-11-28T05:21:46+00:00\",\"breadcrumb\":{\"@id\":\"https:\/\/footdavant.fr\/actualites\/les-attentes-de-chelsea-sont-elles-trop-elevees-pour-developper-une-equipe-parlez-de-chelsea\/#breadcrumb\"},\"inLanguage\":\"fr-FR\",\"potentialAction\":[{\"@type\":\"ReadAction\",\"target\":[\"https:\/\/footdavant.fr\/actualites\/les-attentes-de-chelsea-sont-elles-trop-elevees-pour-developper-une-equipe-parlez-de-chelsea\/\"]}]},{\"@type\":\"BreadcrumbList\",\"@id\":\"https:\/\/footdavant.fr\/actualites\/les-attentes-de-chelsea-sont-elles-trop-elevees-pour-developper-une-equipe-parlez-de-chelsea\/#breadcrumb\",\"itemListElement\":[{\"@type\":\"ListItem\",\"position\":1,\"name\":\"Accueil\",\"item\":\"https:\/\/footdavant.fr\/actualites\/\"},{\"@type\":\"ListItem\",\"position\":2,\"name\":\"Les attentes de Chelsea sont-elles trop \u00e9lev\u00e9es pour d\u00e9velopper une \u00e9quipe ? \u2013 Parlez de Chelsea\"}]},{\"@type\":\"WebSite\",\"@id\":\"https:\/\/footdavant.fr\/actualites\/#website\",\"url\":\"https:\/\/footdavant.fr\/actualites\/\",\"name\":\"Foot d'avant\",\"description\":\"\",\"publisher\":{\"@id\":\"https:\/\/footdavant.fr\/actualites\/#organization\"},\"potentialAction\":[{\"@type\":\"SearchAction\",\"target\":{\"@type\":\"EntryPoint\",\"urlTemplate\":\"https:\/\/footdavant.fr\/actualites\/?s={search_term_string}\"},\"query-input\":\"required name=search_term_string\"}],\"inLanguage\":\"fr-FR\"},{\"@type\":\"Organization\",\"@id\":\"https:\/\/footdavant.fr\/actualites\/#organization\",\"name\":\"Foot d'avant\",\"url\":\"https:\/\/footdavant.fr\/actualites\/\",\"logo\":{\"@type\":\"ImageObject\",\"inLanguage\":\"fr-FR\",\"@id\":\"https:\/\/footdavant.fr\/actualites\/#\/schema\/logo\/image\/\",\"url\":\"https:\/\/footdavant.fr\/actualites\/wp-content\/uploads\/2023\/09\/Copy-of-FootDavant-Logo.png\",\"contentUrl\":\"https:\/\/footdavant.fr\/actualites\/wp-content\/uploads\/2023\/09\/Copy-of-FootDavant-Logo.png\",\"width\":936,\"height\":549,\"caption\":\"Foot d'avant\"},\"image\":{\"@id\":\"https:\/\/footdavant.fr\/actualites\/#\/schema\/logo\/image\/\"},\"sameAs\":[\"https:\/\/www.facebook.com\/Footdavant\/\",\"https:\/\/twitter.com\/FootdavantFr\",\"https:\/\/www.instagram.com\/footdavant.fr\/\"]},{\"@type\":\"Person\",\"@id\":\"https:\/\/footdavant.fr\/actualites\/#\/schema\/person\/bc222566d95871b37e597b3ed3ba5e1d\",\"name\":\"Cl\u00e9ment\",\"image\":{\"@type\":\"ImageObject\",\"inLanguage\":\"fr-FR\",\"@id\":\"https:\/\/footdavant.fr\/actualites\/#\/schema\/person\/image\/\",\"url\":\"https:\/\/secure.gravatar.com\/avatar\/7728b29aac2719421e1a9159b2254c44?s=96&d=mm&r=g\",\"contentUrl\":\"https:\/\/secure.gravatar.com\/avatar\/7728b29aac2719421e1a9159b2254c44?s=96&d=mm&r=g\",\"caption\":\"Cl\u00e9ment\"},\"sameAs\":[\"https:\/\/footdavant.fr\/\"]}]}<\/script>\n<!-- \/ Yoast SEO plugin. -->","yoast_head_json":{"title":"Les attentes de Chelsea sont-elles trop \u00e9lev\u00e9es pour d\u00e9velopper une \u00e9quipe ? \u2013 Parlez de Chelsea","robots":{"index":"index","follow":"follow","max-snippet":"max-snippet:-1","max-image-preview":"max-image-preview:large","max-video-preview":"max-video-preview:-1"},"canonical":"https:\/\/footdavant.fr\/actualites\/les-attentes-de-chelsea-sont-elles-trop-elevees-pour-developper-une-equipe-parlez-de-chelsea\/","og_locale":"fr_FR","og_type":"article","og_title":"Les attentes de Chelsea sont-elles trop \u00e9lev\u00e9es pour d\u00e9velopper une \u00e9quipe ? \u2013 Parlez de Chelsea","og_description":"Les propri\u00e9taires de Chelsea souhaitent voir des am\u00e9liorations et semblent s&rsquo;attendre \u00e0 davantage en ce moment. Behdad Eghbali \u00e9tait dans les tribunes pour regarder le","og_url":"https:\/\/footdavant.fr\/actualites\/les-attentes-de-chelsea-sont-elles-trop-elevees-pour-developper-une-equipe-parlez-de-chelsea\/","og_site_name":"Foot d&#039;avant","article_publisher":"https:\/\/www.facebook.com\/Footdavant\/","article_published_time":"2023-11-28T05:21:45+00:00","article_modified_time":"2023-11-28T05:21:46+00:00","og_image":[{"width":1000,"height":600,"url":"https:\/\/footdavant.fr\/actualites\/wp-content\/uploads\/2023\/11\/1701148905_Les-attentes-de-Chelsea-sont-elles-trop-elevees-pour-developper-une.jpg","type":"image\/jpeg"}],"author":"Cl\u00e9ment","twitter_card":"summary_large_image","twitter_creator":"@FootdavantFr","twitter_site":"@FootdavantFr","twitter_misc":{"\u00c9crit par":"Cl\u00e9ment","Dur\u00e9e de lecture estim\u00e9e":"4 minutes"},"schema":{"@context":"https:\/\/schema.org","@graph":[{"@type":"Article","@id":"https:\/\/footdavant.fr\/actualites\/les-attentes-de-chelsea-sont-elles-trop-elevees-pour-developper-une-equipe-parlez-de-chelsea\/#article","isPartOf":{"@id":"https:\/\/footdavant.fr\/actualites\/les-attentes-de-chelsea-sont-elles-trop-elevees-pour-developper-une-equipe-parlez-de-chelsea\/"},"author":{"name":"Cl\u00e9ment","@id":"https:\/\/footdavant.fr\/actualites\/#\/schema\/person\/bc222566d95871b37e597b3ed3ba5e1d"},"headline":"Les attentes de Chelsea sont-elles trop \u00e9lev\u00e9es pour d\u00e9velopper une \u00e9quipe ? \u2013 Parlez de Chelsea","datePublished":"2023-11-28T05:21:45+00:00","dateModified":"2023-11-28T05:21:46+00:00","mainEntityOfPage":{"@id":"https:\/\/footdavant.fr\/actualites\/les-attentes-de-chelsea-sont-elles-trop-elevees-pour-developper-une-equipe-parlez-de-chelsea\/"},"wordCount":779,"publisher":{"@id":"https:\/\/footdavant.fr\/actualites\/#organization"},"keywords":["attentes","Chelsea","d\u00e9velopper","\u00e9lev\u00e9es","\u00c9quipe","les","Parlez","pour","sontelles","trop","une"],"articleSection":["Football"],"inLanguage":"fr-FR"},{"@type":"WebPage","@id":"https:\/\/footdavant.fr\/actualites\/les-attentes-de-chelsea-sont-elles-trop-elevees-pour-developper-une-equipe-parlez-de-chelsea\/","url":"https:\/\/footdavant.fr\/actualites\/les-attentes-de-chelsea-sont-elles-trop-elevees-pour-developper-une-equipe-parlez-de-chelsea\/","name":"Les attentes de Chelsea sont-elles trop \u00e9lev\u00e9es pour d\u00e9velopper une \u00e9quipe ? \u2013 Parlez de Chelsea","isPartOf":{"@id":"https:\/\/footdavant.fr\/actualites\/#website"},"datePublished":"2023-11-28T05:21:45+00:00","dateModified":"2023-11-28T05:21:46+00:00","breadcrumb":{"@id":"https:\/\/footdavant.fr\/actualites\/les-attentes-de-chelsea-sont-elles-trop-elevees-pour-developper-une-equipe-parlez-de-chelsea\/#breadcrumb"},"inLanguage":"fr-FR","potentialAction":[{"@type":"ReadAction","target":["https:\/\/footdavant.fr\/actualites\/les-attentes-de-chelsea-sont-elles-trop-elevees-pour-developper-une-equipe-parlez-de-chelsea\/"]}]},{"@type":"BreadcrumbList","@id":"https:\/\/footdavant.fr\/actualites\/les-attentes-de-chelsea-sont-elles-trop-elevees-pour-developper-une-equipe-parlez-de-chelsea\/#breadcrumb","itemListElement":[{"@type":"ListItem","position":1,"name":"Accueil","item":"https:\/\/footdavant.fr\/actualites\/"},{"@type":"ListItem","position":2,"name":"Les attentes de Chelsea sont-elles trop \u00e9lev\u00e9es pour d\u00e9velopper une \u00e9quipe ? \u2013 Parlez de Chelsea"}]},{"@type":"WebSite","@id":"https:\/\/footdavant.fr\/actualites\/#website","url":"https:\/\/footdavant.fr\/actualites\/","name":"Foot d'avant","description":"","publisher":{"@id":"https:\/\/footdavant.fr\/actualites\/#organization"},"potentialAction":[{"@type":"SearchAction","target":{"@type":"EntryPoint","urlTemplate":"https:\/\/footdavant.fr\/actualites\/?s={search_term_string}"},"query-input":"required name=search_term_string"}],"inLanguage":"fr-FR"},{"@type":"Organization","@id":"https:\/\/footdavant.fr\/actualites\/#organization","name":"Foot d'avant","url":"https:\/\/footdavant.fr\/actualites\/","logo":{"@type":"ImageObject","inLanguage":"fr-FR","@id":"https:\/\/footdavant.fr\/actualites\/#\/schema\/logo\/image\/","url":"https:\/\/footdavant.fr\/actualites\/wp-content\/uploads\/2023\/09\/Copy-of-FootDavant-Logo.png","contentUrl":"https:\/\/footdavant.fr\/actualites\/wp-content\/uploads\/2023\/09\/Copy-of-FootDavant-Logo.png","width":936,"height":549,"caption":"Foot d'avant"},"image":{"@id":"https:\/\/footdavant.fr\/actualites\/#\/schema\/logo\/image\/"},"sameAs":["https:\/\/www.facebook.com\/Footdavant\/","https:\/\/twitter.com\/FootdavantFr","https:\/\/www.instagram.com\/footdavant.fr\/"]},{"@type":"Person","@id":"https:\/\/footdavant.fr\/actualites\/#\/schema\/person\/bc222566d95871b37e597b3ed3ba5e1d","name":"Cl\u00e9ment","image":{"@type":"ImageObject","inLanguage":"fr-FR","@id":"https:\/\/footdavant.fr\/actualites\/#\/schema\/person\/image\/","url":"https:\/\/secure.gravatar.com\/avatar\/7728b29aac2719421e1a9159b2254c44?s=96&d=mm&r=g","contentUrl":"https:\/\/secure.gravatar.com\/avatar\/7728b29aac2719421e1a9159b2254c44?s=96&d=mm&r=g","caption":"Cl\u00e9ment"},"sameAs":["https:\/\/footdavant.fr\/"]}]}},"_links":{"self":[{"href":"https:\/\/footdavant.fr\/actualites\/wp-json\/wp\/v2\/posts\/1546"}],"collection":[{"href":"https:\/\/footdavant.fr\/actualites\/wp-json\/wp\/v2\/posts"}],"about":[{"href":"https:\/\/footdavant.fr\/actualites\/wp-json\/wp\/v2\/types\/post"}],"author":[{"embeddable":true,"href":"https:\/\/footdavant.fr\/actualites\/wp-json\/wp\/v2\/users\/1"}],"replies":[{"embeddable":true,"href":"https:\/\/footdavant.fr\/actualites\/wp-json\/wp\/v2\/comments?post=1546"}],"version-history":[{"count":1,"href":"https:\/\/footdavant.fr\/actualites\/wp-json\/wp\/v2\/posts\/1546\/revisions"}],"predecessor-version":[{"id":1548,"href":"https:\/\/footdavant.fr\/actualites\/wp-json\/wp\/v2\/posts\/1546\/revisions\/1548"}],"wp:featuredmedia":[{"embeddable":true,"href":"https:\/\/footdavant.fr\/actualites\/wp-json\/wp\/v2\/media\/1547"}],"wp:attachment":[{"href":"https:\/\/footdavant.fr\/actualites\/wp-json\/wp\/v2\/media?parent=1546"}],"wp:term":[{"taxonomy":"category","embeddable":true,"href":"https:\/\/footdavant.fr\/actualites\/wp-json\/wp\/v2\/categories?post=1546"},{"taxonomy":"post_tag","embeddable":true,"href":"https:\/\/footdavant.fr\/actualites\/wp-json\/wp\/v2\/tags?post=1546"}],"curies":[{"name":"wp","href":"https:\/\/api.w.org\/{rel}","templated":true}]}}