{"id":15483,"date":"2024-10-30T10:49:34","date_gmt":"2024-10-30T09:49:34","guid":{"rendered":"https:\/\/footdavant.fr\/actualites\/nouvelles-du-transfert-de-chelsea-les-blues-gardent-un-oeil-sur-le-joueur-cle-de-man-city-qui-pourrait-etre-vendu\/"},"modified":"2024-10-30T10:49:36","modified_gmt":"2024-10-30T09:49:36","slug":"nouvelles-du-transfert-de-chelsea-les-blues-gardent-un-oeil-sur-le-joueur-cle-de-man-city-qui-pourrait-etre-vendu","status":"publish","type":"post","link":"https:\/\/footdavant.fr\/actualites\/nouvelles-du-transfert-de-chelsea-les-blues-gardent-un-oeil-sur-le-joueur-cle-de-man-city-qui-pourrait-etre-vendu\/","title":{"rendered":"Nouvelles du transfert de Chelsea: les Blues \u00ab gardent un \u0153il \u00bb sur le joueur cl\u00e9 de Man City qui pourrait \u00eatre vendu"},"content":{"rendered":"<p>Chelsea serait int\u00e9ress\u00e9 par la signature d&#39;un joueur cl\u00e9 de Manchester City qui pourrait \u00eatre vendu par les champions en titre de la Premier League en 2025.<\/p>\n<div id=\"article_body\" itemprop=\"articleBody\">\n<h3 class=\"firstPara\">\n<strong class=\"autotag\">Chelsea<\/strong> seraient int\u00e9ress\u00e9s par la signature d&#39;un d\u00e9fenseur central <strong class=\"autotag\">Rub\u00e9n Dias<\/strong>qui pourrait \u00eatre vendu par <strong class=\"autotag\">Manchester City<\/strong> en 2025.<\/h3>\n<p>Dias profite de sa cinqui\u00e8me saison au stade Etihad depuis qu&#39;il a rejoint Benfica pour environ 62 millions de livres sterling et a fait un total de 191 apparitions pour les Citizens dans toutes les comp\u00e9titions.<\/p>\n<p>Le joueur de 27 ans a remport\u00e9 10 troph\u00e9es en tant que joueur de Man City, dont quatre titres successifs de Premier League, tout en \u00e9tant \u00e9galement un habitu\u00e9 de l&#39;\u00e9quipe premi\u00e8re de l&#39;\u00e9quipe qui a remport\u00e9 un tripl\u00e9 historique sous <strong class=\"autotag\">Pep Guardiola<\/strong> en 2022-23.<\/p>\n<p>Dias a depuis disput\u00e9 13 des 14 matches de Man City dans tous les tournois jusqu&#39;\u00e0 pr\u00e9sent cette saison, commen\u00e7ant les trois derniers matchs de Premier League en tant que capitaine et aidant le club \u00e0 pr\u00e9server son invincibilit\u00e9.<\/p>\n<p>L&#39;international portugais, l&#39;un des favoris des supporters de l&#39;Etihad, a encore plus de deux ans de contrat, mais un rapport a \u00e9t\u00e9 publi\u00e9 affirmant qu&#39;un d\u00e9part des Citizens ne peut \u00eatre exclu l&#39;\u00e9t\u00e9 prochain.<\/p>\n<p class=\"imgI\">\n<h2 class=\"k3\">Man City pourrait-il vraiment vendre Dias en 2025 ?<\/h2>\n<p>Selon <em>Discussion en \u00e9quipe<\/em>Man City envisage de permettre \u00e0 Dias de quitter l&#39;Etihad l&#39;ann\u00e9e prochaine et sa vente potentielle pourrait d\u00e9pendre de la culpabilit\u00e9 du club pour violation des 115 accusations financi\u00e8res bien document\u00e9es port\u00e9es contre eux par la Premier League.<\/p>\n<p>Il a \u00e9t\u00e9 sugg\u00e9r\u00e9 que les citoyens pourraient faire face \u00e0 des sanctions telles que de lourdes amendes, des d\u00e9ductions de points. <strong>voire expulsion de plusieurs comp\u00e9titions<\/strong> s\u2019ils sont reconnus coupables, le verdict final ne devrait pas \u00eatre rendu avant d\u00e9but 2025.<\/p>\n<p>Man City continuerait de planifier l&#39;avenir malgr\u00e9 sa bataille juridique en cours avec la Premier League et \u00ab\u00a0une nouvelle \u00e8re de joueurs\u00a0\u00bb pourrait former une nouvelle \u00e9quipe \u00e0 l&#39;Etihad, ce qui signifie que certains visages familiers pourraient partir.<\/p>\n<p>Le rapport indique que Dias pourrait faire partie de ceux qui sont vendus par Man City, et si tel est le cas, de nombreux clubs europ\u00e9ens, dont Chelsea, seraient int\u00e9ress\u00e9s par ses services.<\/p>\n<p>Chelsea garderait un \u0153il sur la situation de Dias et consid\u00e9rerait la vaste exp\u00e9rience du d\u00e9fenseur au plus haut niveau comme un \u00ab\u00a0ajout inestimable\u00a0\u00bb \u00e0 <strong class=\"autotag\">Enzo Maresca<\/strong>L&#39;\u00e9quipe de jeunes.<\/p>\n<p class=\"imgI\"><img decoding=\"async\" loading=\"lazy\" class=\"l\" src=\"https:\/\/footdavant.fr\/actualites\/wp-content\/uploads\/2024\/10\/1730281774_665_Nouvelles-du-transfert-de-Chelsea-les-Blues-gardent-un.jpg\" title=\"Ruben Dias de Manchester City photographi\u00e9 le 31 ao\u00fbt 2024\" alt=\"Ruben Dias de Manchester City photographi\u00e9 le 31 ao\u00fbt 2024\" width=\"640\" height=\"480\"><\/p>\n<h2 class=\"k3\">Un transfert de Dias \u00e0 Chelsea est-il r\u00e9aliste ?<\/h2>\n<p>Si Man City devait faire face \u00e0 des accusations graves telles qu&#39;une r\u00e9trogradation s&#39;il \u00e9tait reconnu coupable de violation des changements financiers, alors la perspective que plusieurs noms de stars quittent le club afin de continuer \u00e0 jouer au plus haut niveau ne peut \u00eatre exclue.<\/p>\n<p>Cependant, d&#39;\u00e9ventuelles sanctions contre Man City ne sont que des sp\u00e9culations \u00e0 ce stade et il semble peu probable que les champions en titre de la Premier League soient dispos\u00e9s \u00e0 permettre \u00e0 l&#39;un de leurs principaux d\u00e9fenseurs de rejoindre un rival de la Premier League peu avant qu&#39;il n&#39;entre dans les premi\u00e8res ann\u00e9es de sa carri\u00e8re.<\/p>\n<p>Chelsea, quant \u00e0 lui, pourrait bien donner la priorit\u00e9 \u00e0 d&#39;autres positions sur le march\u00e9 des transferts plut\u00f4t qu&#39;\u00e0 des cibles d\u00e9fensives centrales, les Londoniens de l&#39;Ouest \u00e9tant connus pour \u00eatre toujours \u00e0 la recherche d&#39;un nouvel avant-centre apr\u00e8s avoir \u00e9chou\u00e9 \u00e0 signer. <strong class=\"autotag\">Victor Osimhen<\/strong> en \u00e9t\u00e9.<\/p>\n<p>Maresca a actuellement <strong class=\"autotag\">Levi Colwill<\/strong>, <strong class=\"autotag\">Wesley Fofana<\/strong>, <strong class=\"autotag\">Tosin Adarabioyo<\/strong>, <strong class=\"autotag\">Axel Disasi<\/strong>, <strong class=\"autotag\">Beno\u00eet Badiashile<\/strong> et <strong class=\"autotag\">Renato Veiga<\/strong> \u00e0 sa disposition qui sont tous \u00e0 l&#39;aise en tant que d\u00e9fenseurs centraux.<\/p>\n<\/div>\n","protected":false},"excerpt":{"rendered":"<p>Chelsea serait int\u00e9ress\u00e9 par la signature d&#39;un joueur cl\u00e9 de Manchester City qui pourrait \u00eatre vendu par les champions en titre de la Premier League<\/p>\n","protected":false},"author":1,"featured_media":15484,"comment_status":"closed","ping_status":"","sticky":false,"template":"","format":"standard","meta":{"footnotes":""},"categories":[5],"tags":[4717,171,27,443,270,2759,1221,93,24,461,206,269,243,103,700,6381],"yoast_head":"<!-- This site is optimized with the Yoast SEO plugin v21.0 - https:\/\/yoast.com\/wordpress\/plugins\/seo\/ -->\n<title>Nouvelles du transfert de Chelsea: les Blues \u00ab gardent un \u0153il \u00bb sur le joueur cl\u00e9 de Man City qui pourrait \u00eatre vendu<\/title>\n<meta name=\"robots\" content=\"index, follow, max-snippet:-1, max-image-preview:large, max-video-preview:-1\" \/>\n<link rel=\"canonical\" href=\"https:\/\/footdavant.fr\/actualites\/nouvelles-du-transfert-de-chelsea-les-blues-gardent-un-oeil-sur-le-joueur-cle-de-man-city-qui-pourrait-etre-vendu\/\" \/>\n<meta property=\"og:locale\" content=\"fr_FR\" \/>\n<meta property=\"og:type\" content=\"article\" \/>\n<meta property=\"og:title\" content=\"Nouvelles du transfert de Chelsea: les Blues \u00ab gardent un \u0153il \u00bb sur le joueur cl\u00e9 de Man City qui pourrait \u00eatre vendu\" \/>\n<meta property=\"og:description\" content=\"Chelsea serait int\u00e9ress\u00e9 par la signature d&#039;un joueur cl\u00e9 de Manchester City qui pourrait \u00eatre vendu par les champions en titre de la Premier League\" \/>\n<meta property=\"og:url\" content=\"https:\/\/footdavant.fr\/actualites\/nouvelles-du-transfert-de-chelsea-les-blues-gardent-un-oeil-sur-le-joueur-cle-de-man-city-qui-pourrait-etre-vendu\/\" \/>\n<meta property=\"og:site_name\" content=\"Foot d&#039;avant\" \/>\n<meta property=\"article:publisher\" content=\"https:\/\/www.facebook.com\/Footdavant\/\" \/>\n<meta property=\"article:published_time\" content=\"2024-10-30T09:49:34+00:00\" \/>\n<meta property=\"article:modified_time\" content=\"2024-10-30T09:49:36+00:00\" \/>\n<meta property=\"og:image\" content=\"https:\/\/footdavant.fr\/actualites\/wp-content\/uploads\/2024\/10\/Nouvelles-du-transfert-de-Chelsea-les-Blues-gardent-un.jpg\" \/>\n\t<meta property=\"og:image:width\" content=\"640\" \/>\n\t<meta property=\"og:image:height\" content=\"480\" \/>\n\t<meta property=\"og:image:type\" content=\"image\/jpeg\" \/>\n<meta name=\"author\" content=\"Cl\u00e9ment\" \/>\n<meta name=\"twitter:card\" content=\"summary_large_image\" \/>\n<meta name=\"twitter:creator\" content=\"@FootdavantFr\" \/>\n<meta name=\"twitter:site\" content=\"@FootdavantFr\" \/>\n<meta name=\"twitter:label1\" content=\"\u00c9crit par\" \/>\n\t<meta name=\"twitter:data1\" content=\"Cl\u00e9ment\" \/>\n\t<meta name=\"twitter:label2\" content=\"Dur\u00e9e de lecture estim\u00e9e\" \/>\n\t<meta name=\"twitter:data2\" content=\"3 minutes\" \/>\n<script type=\"application\/ld+json\" class=\"yoast-schema-graph\">{\"@context\":\"https:\/\/schema.org\",\"@graph\":[{\"@type\":\"Article\",\"@id\":\"https:\/\/footdavant.fr\/actualites\/nouvelles-du-transfert-de-chelsea-les-blues-gardent-un-oeil-sur-le-joueur-cle-de-man-city-qui-pourrait-etre-vendu\/#article\",\"isPartOf\":{\"@id\":\"https:\/\/footdavant.fr\/actualites\/nouvelles-du-transfert-de-chelsea-les-blues-gardent-un-oeil-sur-le-joueur-cle-de-man-city-qui-pourrait-etre-vendu\/\"},\"author\":{\"name\":\"Cl\u00e9ment\",\"@id\":\"https:\/\/footdavant.fr\/actualites\/#\/schema\/person\/bc222566d95871b37e597b3ed3ba5e1d\"},\"headline\":\"Nouvelles du transfert de Chelsea: les Blues \u00ab gardent un \u0153il \u00bb sur le joueur cl\u00e9 de Man City qui pourrait \u00eatre vendu\",\"datePublished\":\"2024-10-30T09:49:34+00:00\",\"dateModified\":\"2024-10-30T09:49:36+00:00\",\"mainEntityOfPage\":{\"@id\":\"https:\/\/footdavant.fr\/actualites\/nouvelles-du-transfert-de-chelsea-les-blues-gardent-un-oeil-sur-le-joueur-cle-de-man-city-qui-pourrait-etre-vendu\/\"},\"wordCount\":638,\"publisher\":{\"@id\":\"https:\/\/footdavant.fr\/actualites\/#organization\"},\"keywords\":[\"blues\",\"Chelsea\",\"City\",\"cl\u00e9..\",\"\u00eatre\",\"gardent\",\"joueur\",\"les\",\"Man\",\"Nouvelles\",\"\u0153il\",\"pourrait\",\"qui\",\"sur\",\"transfert\",\"vendu\"],\"articleSection\":[\"Premier League\"],\"inLanguage\":\"fr-FR\"},{\"@type\":\"WebPage\",\"@id\":\"https:\/\/footdavant.fr\/actualites\/nouvelles-du-transfert-de-chelsea-les-blues-gardent-un-oeil-sur-le-joueur-cle-de-man-city-qui-pourrait-etre-vendu\/\",\"url\":\"https:\/\/footdavant.fr\/actualites\/nouvelles-du-transfert-de-chelsea-les-blues-gardent-un-oeil-sur-le-joueur-cle-de-man-city-qui-pourrait-etre-vendu\/\",\"name\":\"Nouvelles du transfert de Chelsea: les Blues \u00ab gardent un \u0153il \u00bb sur le joueur cl\u00e9 de Man City qui pourrait \u00eatre vendu\",\"isPartOf\":{\"@id\":\"https:\/\/footdavant.fr\/actualites\/#website\"},\"datePublished\":\"2024-10-30T09:49:34+00:00\",\"dateModified\":\"2024-10-30T09:49:36+00:00\",\"breadcrumb\":{\"@id\":\"https:\/\/footdavant.fr\/actualites\/nouvelles-du-transfert-de-chelsea-les-blues-gardent-un-oeil-sur-le-joueur-cle-de-man-city-qui-pourrait-etre-vendu\/#breadcrumb\"},\"inLanguage\":\"fr-FR\",\"potentialAction\":[{\"@type\":\"ReadAction\",\"target\":[\"https:\/\/footdavant.fr\/actualites\/nouvelles-du-transfert-de-chelsea-les-blues-gardent-un-oeil-sur-le-joueur-cle-de-man-city-qui-pourrait-etre-vendu\/\"]}]},{\"@type\":\"BreadcrumbList\",\"@id\":\"https:\/\/footdavant.fr\/actualites\/nouvelles-du-transfert-de-chelsea-les-blues-gardent-un-oeil-sur-le-joueur-cle-de-man-city-qui-pourrait-etre-vendu\/#breadcrumb\",\"itemListElement\":[{\"@type\":\"ListItem\",\"position\":1,\"name\":\"Accueil\",\"item\":\"https:\/\/footdavant.fr\/actualites\/\"},{\"@type\":\"ListItem\",\"position\":2,\"name\":\"Nouvelles du transfert de Chelsea: les Blues \u00ab gardent un \u0153il \u00bb sur le joueur cl\u00e9 de Man City qui pourrait \u00eatre vendu\"}]},{\"@type\":\"WebSite\",\"@id\":\"https:\/\/footdavant.fr\/actualites\/#website\",\"url\":\"https:\/\/footdavant.fr\/actualites\/\",\"name\":\"Foot d'avant\",\"description\":\"\",\"publisher\":{\"@id\":\"https:\/\/footdavant.fr\/actualites\/#organization\"},\"potentialAction\":[{\"@type\":\"SearchAction\",\"target\":{\"@type\":\"EntryPoint\",\"urlTemplate\":\"https:\/\/footdavant.fr\/actualites\/?s={search_term_string}\"},\"query-input\":\"required name=search_term_string\"}],\"inLanguage\":\"fr-FR\"},{\"@type\":\"Organization\",\"@id\":\"https:\/\/footdavant.fr\/actualites\/#organization\",\"name\":\"Foot d'avant\",\"url\":\"https:\/\/footdavant.fr\/actualites\/\",\"logo\":{\"@type\":\"ImageObject\",\"inLanguage\":\"fr-FR\",\"@id\":\"https:\/\/footdavant.fr\/actualites\/#\/schema\/logo\/image\/\",\"url\":\"https:\/\/footdavant.fr\/actualites\/wp-content\/uploads\/2023\/09\/Copy-of-FootDavant-Logo.png\",\"contentUrl\":\"https:\/\/footdavant.fr\/actualites\/wp-content\/uploads\/2023\/09\/Copy-of-FootDavant-Logo.png\",\"width\":936,\"height\":549,\"caption\":\"Foot d'avant\"},\"image\":{\"@id\":\"https:\/\/footdavant.fr\/actualites\/#\/schema\/logo\/image\/\"},\"sameAs\":[\"https:\/\/www.facebook.com\/Footdavant\/\",\"https:\/\/twitter.com\/FootdavantFr\",\"https:\/\/www.instagram.com\/footdavant.fr\/\"]},{\"@type\":\"Person\",\"@id\":\"https:\/\/footdavant.fr\/actualites\/#\/schema\/person\/bc222566d95871b37e597b3ed3ba5e1d\",\"name\":\"Cl\u00e9ment\",\"image\":{\"@type\":\"ImageObject\",\"inLanguage\":\"fr-FR\",\"@id\":\"https:\/\/footdavant.fr\/actualites\/#\/schema\/person\/image\/\",\"url\":\"https:\/\/secure.gravatar.com\/avatar\/7728b29aac2719421e1a9159b2254c44?s=96&d=mm&r=g\",\"contentUrl\":\"https:\/\/secure.gravatar.com\/avatar\/7728b29aac2719421e1a9159b2254c44?s=96&d=mm&r=g\",\"caption\":\"Cl\u00e9ment\"},\"sameAs\":[\"https:\/\/footdavant.fr\/\"]}]}<\/script>\n<!-- \/ Yoast SEO plugin. -->","yoast_head_json":{"title":"Nouvelles du transfert de Chelsea: les Blues \u00ab gardent un \u0153il \u00bb sur le joueur cl\u00e9 de Man City qui pourrait \u00eatre vendu","robots":{"index":"index","follow":"follow","max-snippet":"max-snippet:-1","max-image-preview":"max-image-preview:large","max-video-preview":"max-video-preview:-1"},"canonical":"https:\/\/footdavant.fr\/actualites\/nouvelles-du-transfert-de-chelsea-les-blues-gardent-un-oeil-sur-le-joueur-cle-de-man-city-qui-pourrait-etre-vendu\/","og_locale":"fr_FR","og_type":"article","og_title":"Nouvelles du transfert de Chelsea: les Blues \u00ab gardent un \u0153il \u00bb sur le joueur cl\u00e9 de Man City qui pourrait \u00eatre vendu","og_description":"Chelsea serait int\u00e9ress\u00e9 par la signature d&#39;un joueur cl\u00e9 de Manchester City qui pourrait \u00eatre vendu par les champions en titre de la Premier League","og_url":"https:\/\/footdavant.fr\/actualites\/nouvelles-du-transfert-de-chelsea-les-blues-gardent-un-oeil-sur-le-joueur-cle-de-man-city-qui-pourrait-etre-vendu\/","og_site_name":"Foot d&#039;avant","article_publisher":"https:\/\/www.facebook.com\/Footdavant\/","article_published_time":"2024-10-30T09:49:34+00:00","article_modified_time":"2024-10-30T09:49:36+00:00","og_image":[{"width":640,"height":480,"url":"https:\/\/footdavant.fr\/actualites\/wp-content\/uploads\/2024\/10\/Nouvelles-du-transfert-de-Chelsea-les-Blues-gardent-un.jpg","type":"image\/jpeg"}],"author":"Cl\u00e9ment","twitter_card":"summary_large_image","twitter_creator":"@FootdavantFr","twitter_site":"@FootdavantFr","twitter_misc":{"\u00c9crit par":"Cl\u00e9ment","Dur\u00e9e de lecture estim\u00e9e":"3 minutes"},"schema":{"@context":"https:\/\/schema.org","@graph":[{"@type":"Article","@id":"https:\/\/footdavant.fr\/actualites\/nouvelles-du-transfert-de-chelsea-les-blues-gardent-un-oeil-sur-le-joueur-cle-de-man-city-qui-pourrait-etre-vendu\/#article","isPartOf":{"@id":"https:\/\/footdavant.fr\/actualites\/nouvelles-du-transfert-de-chelsea-les-blues-gardent-un-oeil-sur-le-joueur-cle-de-man-city-qui-pourrait-etre-vendu\/"},"author":{"name":"Cl\u00e9ment","@id":"https:\/\/footdavant.fr\/actualites\/#\/schema\/person\/bc222566d95871b37e597b3ed3ba5e1d"},"headline":"Nouvelles du transfert de Chelsea: les Blues \u00ab gardent un \u0153il \u00bb sur le joueur cl\u00e9 de Man City qui pourrait \u00eatre vendu","datePublished":"2024-10-30T09:49:34+00:00","dateModified":"2024-10-30T09:49:36+00:00","mainEntityOfPage":{"@id":"https:\/\/footdavant.fr\/actualites\/nouvelles-du-transfert-de-chelsea-les-blues-gardent-un-oeil-sur-le-joueur-cle-de-man-city-qui-pourrait-etre-vendu\/"},"wordCount":638,"publisher":{"@id":"https:\/\/footdavant.fr\/actualites\/#organization"},"keywords":["blues","Chelsea","City","cl\u00e9..","\u00eatre","gardent","joueur","les","Man","Nouvelles","\u0153il","pourrait","qui","sur","transfert","vendu"],"articleSection":["Premier League"],"inLanguage":"fr-FR"},{"@type":"WebPage","@id":"https:\/\/footdavant.fr\/actualites\/nouvelles-du-transfert-de-chelsea-les-blues-gardent-un-oeil-sur-le-joueur-cle-de-man-city-qui-pourrait-etre-vendu\/","url":"https:\/\/footdavant.fr\/actualites\/nouvelles-du-transfert-de-chelsea-les-blues-gardent-un-oeil-sur-le-joueur-cle-de-man-city-qui-pourrait-etre-vendu\/","name":"Nouvelles du transfert de Chelsea: les Blues \u00ab gardent un \u0153il \u00bb sur le joueur cl\u00e9 de Man City qui pourrait \u00eatre vendu","isPartOf":{"@id":"https:\/\/footdavant.fr\/actualites\/#website"},"datePublished":"2024-10-30T09:49:34+00:00","dateModified":"2024-10-30T09:49:36+00:00","breadcrumb":{"@id":"https:\/\/footdavant.fr\/actualites\/nouvelles-du-transfert-de-chelsea-les-blues-gardent-un-oeil-sur-le-joueur-cle-de-man-city-qui-pourrait-etre-vendu\/#breadcrumb"},"inLanguage":"fr-FR","potentialAction":[{"@type":"ReadAction","target":["https:\/\/footdavant.fr\/actualites\/nouvelles-du-transfert-de-chelsea-les-blues-gardent-un-oeil-sur-le-joueur-cle-de-man-city-qui-pourrait-etre-vendu\/"]}]},{"@type":"BreadcrumbList","@id":"https:\/\/footdavant.fr\/actualites\/nouvelles-du-transfert-de-chelsea-les-blues-gardent-un-oeil-sur-le-joueur-cle-de-man-city-qui-pourrait-etre-vendu\/#breadcrumb","itemListElement":[{"@type":"ListItem","position":1,"name":"Accueil","item":"https:\/\/footdavant.fr\/actualites\/"},{"@type":"ListItem","position":2,"name":"Nouvelles du transfert de Chelsea: les Blues \u00ab gardent un \u0153il \u00bb sur le joueur cl\u00e9 de Man City qui pourrait \u00eatre vendu"}]},{"@type":"WebSite","@id":"https:\/\/footdavant.fr\/actualites\/#website","url":"https:\/\/footdavant.fr\/actualites\/","name":"Foot d'avant","description":"","publisher":{"@id":"https:\/\/footdavant.fr\/actualites\/#organization"},"potentialAction":[{"@type":"SearchAction","target":{"@type":"EntryPoint","urlTemplate":"https:\/\/footdavant.fr\/actualites\/?s={search_term_string}"},"query-input":"required name=search_term_string"}],"inLanguage":"fr-FR"},{"@type":"Organization","@id":"https:\/\/footdavant.fr\/actualites\/#organization","name":"Foot d'avant","url":"https:\/\/footdavant.fr\/actualites\/","logo":{"@type":"ImageObject","inLanguage":"fr-FR","@id":"https:\/\/footdavant.fr\/actualites\/#\/schema\/logo\/image\/","url":"https:\/\/footdavant.fr\/actualites\/wp-content\/uploads\/2023\/09\/Copy-of-FootDavant-Logo.png","contentUrl":"https:\/\/footdavant.fr\/actualites\/wp-content\/uploads\/2023\/09\/Copy-of-FootDavant-Logo.png","width":936,"height":549,"caption":"Foot d'avant"},"image":{"@id":"https:\/\/footdavant.fr\/actualites\/#\/schema\/logo\/image\/"},"sameAs":["https:\/\/www.facebook.com\/Footdavant\/","https:\/\/twitter.com\/FootdavantFr","https:\/\/www.instagram.com\/footdavant.fr\/"]},{"@type":"Person","@id":"https:\/\/footdavant.fr\/actualites\/#\/schema\/person\/bc222566d95871b37e597b3ed3ba5e1d","name":"Cl\u00e9ment","image":{"@type":"ImageObject","inLanguage":"fr-FR","@id":"https:\/\/footdavant.fr\/actualites\/#\/schema\/person\/image\/","url":"https:\/\/secure.gravatar.com\/avatar\/7728b29aac2719421e1a9159b2254c44?s=96&d=mm&r=g","contentUrl":"https:\/\/secure.gravatar.com\/avatar\/7728b29aac2719421e1a9159b2254c44?s=96&d=mm&r=g","caption":"Cl\u00e9ment"},"sameAs":["https:\/\/footdavant.fr\/"]}]}},"_links":{"self":[{"href":"https:\/\/footdavant.fr\/actualites\/wp-json\/wp\/v2\/posts\/15483"}],"collection":[{"href":"https:\/\/footdavant.fr\/actualites\/wp-json\/wp\/v2\/posts"}],"about":[{"href":"https:\/\/footdavant.fr\/actualites\/wp-json\/wp\/v2\/types\/post"}],"author":[{"embeddable":true,"href":"https:\/\/footdavant.fr\/actualites\/wp-json\/wp\/v2\/users\/1"}],"replies":[{"embeddable":true,"href":"https:\/\/footdavant.fr\/actualites\/wp-json\/wp\/v2\/comments?post=15483"}],"version-history":[{"count":1,"href":"https:\/\/footdavant.fr\/actualites\/wp-json\/wp\/v2\/posts\/15483\/revisions"}],"predecessor-version":[{"id":15485,"href":"https:\/\/footdavant.fr\/actualites\/wp-json\/wp\/v2\/posts\/15483\/revisions\/15485"}],"wp:featuredmedia":[{"embeddable":true,"href":"https:\/\/footdavant.fr\/actualites\/wp-json\/wp\/v2\/media\/15484"}],"wp:attachment":[{"href":"https:\/\/footdavant.fr\/actualites\/wp-json\/wp\/v2\/media?parent=15483"}],"wp:term":[{"taxonomy":"category","embeddable":true,"href":"https:\/\/footdavant.fr\/actualites\/wp-json\/wp\/v2\/categories?post=15483"},{"taxonomy":"post_tag","embeddable":true,"href":"https:\/\/footdavant.fr\/actualites\/wp-json\/wp\/v2\/tags?post=15483"}],"curies":[{"name":"wp","href":"https:\/\/api.w.org\/{rel}","templated":true}]}}