{"id":1552,"date":"2023-11-28T07:58:14","date_gmt":"2023-11-28T06:58:14","guid":{"rendered":"https:\/\/footdavant.fr\/actualites\/manchester-united-se-renseigne-sur-la-disponibilite-de-timo-werner\/"},"modified":"2023-11-28T07:58:14","modified_gmt":"2023-11-28T06:58:14","slug":"manchester-united-se-renseigne-sur-la-disponibilite-de-timo-werner","status":"publish","type":"post","link":"https:\/\/footdavant.fr\/actualites\/manchester-united-se-renseigne-sur-la-disponibilite-de-timo-werner\/","title":{"rendered":"Manchester United \u00ab\u00a0se renseigne sur la disponibilit\u00e9 de Timo Werner\u00a0\u00bb"},"content":{"rendered":"<p>Manchester United aurait enqu\u00eat\u00e9 sur la disponibilit\u00e9 de l&rsquo;attaquant du RB Leipzig Timo Werner, qui a du mal \u00e0 jouer \u00e0 la Red Bull Arena.<\/p>\n<div id=\"article_body\" itemprop=\"articleBody\">\n<h3 class=\"firstPara\">\n<strong class=\"autotag\">Manchester United<\/strong> se seraient renseign\u00e9s sur la disponibilit\u00e9 de <strong class=\"autotag\">RB Leipzig<\/strong> avant <strong class=\"autotag\">Timo Werner<\/strong>.<\/h3>\n<p>L&rsquo;attaquant allemand a d\u00e9j\u00e0 pass\u00e9 deux ans en Premier League apr\u00e8s avoir rejoint Chelsea en provenance de Leipzig pour 45 millions de livres sterling en 2020.<\/p>\n<p>Au cours de son s\u00e9jour dans les clubs, Werner a remport\u00e9 la Ligue des Champions, la Super Coupe de l&rsquo;UEFA et la Coupe du Monde des Clubs de la FIFA, tout en remportant \u00e9galement une m\u00e9daille de finaliste en FA Cup et en Coupe EFL.<\/p>\n<p>Bien qu&rsquo;il ait remport\u00e9 trois troph\u00e9es avec l&rsquo;\u00e9quipe de l&rsquo;ouest de Londres, Werner a eu du mal \u00e0 trouver syst\u00e9matiquement le chemin des filets, notamment en Premier League, o\u00f9 il a marqu\u00e9 10 buts en 56 matches de haut niveau.<\/p>\n<p>Werner est ensuite revenu \u00e0 Leipzig en 2022, et il a eu un impact significatif lors de sa premi\u00e8re saison au club, marquant 16 buts et fournissant six passes d\u00e9cisives en 40 matchs de comp\u00e9tition.<\/p>\n<p class=\"imgI\">\n<p>Cependant, le joueur de 27 ans est tomb\u00e9 dans la hi\u00e9rarchie cette saison, n&rsquo;ayant d\u00e9but\u00e9 que quatre de ses 13 apparitions toutes comp\u00e9titions confondues.<\/p>\n<p>Avec des gens comme <strong class=\"autotag\">Lois Openda<\/strong>, <strong class=\"autotag\">Yusuf Poulsen<\/strong> et <strong class=\"autotag\">Benjamin Sesko<\/strong> au-dessus de lui dans la hi\u00e9rarchie, l&rsquo;avenir de Werner \u00e0 la Red Bull Arena a \u00e9t\u00e9 remis en question.<\/p>\n<p>Selon le journaliste <em>Florian Plettenberg<\/em>Manchester United fait partie des clubs qui s&rsquo;int\u00e9ressent \u00e0 l&rsquo;ancien joueur de Chelsea.<\/p>\n<p>Le rapport affirme que les Diables Rouges ont d\u00e9j\u00e0 enqu\u00eat\u00e9 sur sa disponibilit\u00e9, bien qu&rsquo;ils n&rsquo;aient fait aucune offre formelle ni men\u00e9 de n\u00e9gociations \u00e0 ce stade.<\/p>\n<p class=\"imgI\"><img decoding=\"async\" loading=\"lazy\" class=\"l\" src=\"https:\/\/footdavant.fr\/actualites\/wp-content\/uploads\/2023\/11\/1701154694_0_Manchester-United-se-renseigne-sur-la-disponibilite-de-Timo-Werner.jpg\" title=\"Timo Werner c\u00e9l\u00e8bre le but du RB Leipzig contre le Celtic le 11 octobre 2022\" alt=\"Timo Werner c\u00e9l\u00e8bre le but du RB Leipzig contre le Celtic le 11 octobre 2022\" width=\"640\" height=\"480\"><\/p>\n<p>G\u00e9ants espagnols <strong class=\"autotag\">Real Madrid<\/strong> ont \u00e9t\u00e9 li\u00e9s \u00e0 un transfert potentiel, mais leur int\u00e9r\u00eat pour l\u2019attaquant allemand se serait refroidi.<\/p>\n<p>Un rapport r\u00e9cent indique que Werner est \u00e9galement sur le radar du trio de Premier League. <strong class=\"autotag\">Palais de Cristal<\/strong>, <strong class=\"autotag\">Fulham<\/strong> et <strong class=\"autotag\">West Ham United<\/strong>.<\/p>\n<p>Bien que Werner ne soit pas satisfait de son manque de temps de jeu, il envisage de rester \u00e0 Leipzig au moins jusqu&rsquo;\u00e0 la fin de la saison.<\/p>\n<p>Leipzig devrait affronter Manchester City en Ligue des champions mercredi, mais Werner ne sera pas impliqu\u00e9 apr\u00e8s avoir rat\u00e9 la d\u00e9faite de samedi contre Wolfsburg en raison d&rsquo;une blessure.<\/p>\n<\/div>\n","protected":false},"excerpt":{"rendered":"<p>Manchester United aurait enqu\u00eat\u00e9 sur la disponibilit\u00e9 de l&rsquo;attaquant du RB Leipzig Timo Werner, qui a du mal \u00e0 jouer \u00e0 la Red Bull Arena.<\/p>\n","protected":false},"author":1,"featured_media":1553,"comment_status":"closed","ping_status":"","sticky":false,"template":"","format":"standard","meta":{"footnotes":""},"categories":[5],"tags":[1658,11,1657,103,1334,13,1335],"yoast_head":"<!-- This site is optimized with the Yoast SEO plugin v21.0 - https:\/\/yoast.com\/wordpress\/plugins\/seo\/ -->\n<title>Manchester United &quot;se renseigne sur la disponibilit\u00e9 de Timo Werner&quot;<\/title>\n<meta name=\"robots\" content=\"index, follow, max-snippet:-1, max-image-preview:large, max-video-preview:-1\" \/>\n<link rel=\"canonical\" href=\"https:\/\/footdavant.fr\/actualites\/manchester-united-se-renseigne-sur-la-disponibilite-de-timo-werner\/\" \/>\n<meta property=\"og:locale\" content=\"fr_FR\" \/>\n<meta property=\"og:type\" content=\"article\" \/>\n<meta property=\"og:title\" content=\"Manchester United &quot;se renseigne sur la disponibilit\u00e9 de Timo Werner&quot;\" \/>\n<meta property=\"og:description\" content=\"Manchester United aurait enqu\u00eat\u00e9 sur la disponibilit\u00e9 de l&rsquo;attaquant du RB Leipzig Timo Werner, qui a du mal \u00e0 jouer \u00e0 la Red Bull Arena.\" \/>\n<meta property=\"og:url\" content=\"https:\/\/footdavant.fr\/actualites\/manchester-united-se-renseigne-sur-la-disponibilite-de-timo-werner\/\" \/>\n<meta property=\"og:site_name\" content=\"Foot d&#039;avant\" \/>\n<meta property=\"article:publisher\" content=\"https:\/\/www.facebook.com\/Footdavant\/\" \/>\n<meta property=\"article:published_time\" content=\"2023-11-28T06:58:14+00:00\" \/>\n<meta property=\"og:image\" content=\"https:\/\/footdavant.fr\/actualites\/wp-content\/uploads\/2023\/11\/Manchester-United-se-renseigne-sur-la-disponibilite-de-Timo-Werner.jpg\" \/>\n\t<meta property=\"og:image:width\" content=\"640\" \/>\n\t<meta property=\"og:image:height\" content=\"480\" \/>\n\t<meta property=\"og:image:type\" content=\"image\/jpeg\" \/>\n<meta name=\"author\" content=\"Cl\u00e9ment\" \/>\n<meta name=\"twitter:card\" content=\"summary_large_image\" \/>\n<meta name=\"twitter:creator\" content=\"@FootdavantFr\" \/>\n<meta name=\"twitter:site\" content=\"@FootdavantFr\" \/>\n<meta name=\"twitter:label1\" content=\"\u00c9crit par\" \/>\n\t<meta name=\"twitter:data1\" content=\"Cl\u00e9ment\" \/>\n\t<meta name=\"twitter:label2\" content=\"Dur\u00e9e de lecture estim\u00e9e\" \/>\n\t<meta name=\"twitter:data2\" content=\"2 minutes\" \/>\n<script type=\"application\/ld+json\" class=\"yoast-schema-graph\">{\"@context\":\"https:\/\/schema.org\",\"@graph\":[{\"@type\":\"Article\",\"@id\":\"https:\/\/footdavant.fr\/actualites\/manchester-united-se-renseigne-sur-la-disponibilite-de-timo-werner\/#article\",\"isPartOf\":{\"@id\":\"https:\/\/footdavant.fr\/actualites\/manchester-united-se-renseigne-sur-la-disponibilite-de-timo-werner\/\"},\"author\":{\"name\":\"Cl\u00e9ment\",\"@id\":\"https:\/\/footdavant.fr\/actualites\/#\/schema\/person\/bc222566d95871b37e597b3ed3ba5e1d\"},\"headline\":\"Manchester United \u00ab\u00a0se renseigne sur la disponibilit\u00e9 de Timo Werner\u00a0\u00bb\",\"datePublished\":\"2023-11-28T06:58:14+00:00\",\"dateModified\":\"2023-11-28T06:58:14+00:00\",\"mainEntityOfPage\":{\"@id\":\"https:\/\/footdavant.fr\/actualites\/manchester-united-se-renseigne-sur-la-disponibilite-de-timo-werner\/\"},\"wordCount\":404,\"publisher\":{\"@id\":\"https:\/\/footdavant.fr\/actualites\/#organization\"},\"keywords\":[\"disponibilit\u00e9\",\"Manchester\",\"renseigne\",\"sur\",\"Timo\",\"United\",\"Werner\"],\"articleSection\":[\"Premier League\"],\"inLanguage\":\"fr-FR\"},{\"@type\":\"WebPage\",\"@id\":\"https:\/\/footdavant.fr\/actualites\/manchester-united-se-renseigne-sur-la-disponibilite-de-timo-werner\/\",\"url\":\"https:\/\/footdavant.fr\/actualites\/manchester-united-se-renseigne-sur-la-disponibilite-de-timo-werner\/\",\"name\":\"Manchester United \\\"se renseigne sur la disponibilit\u00e9 de Timo Werner\\\"\",\"isPartOf\":{\"@id\":\"https:\/\/footdavant.fr\/actualites\/#website\"},\"datePublished\":\"2023-11-28T06:58:14+00:00\",\"dateModified\":\"2023-11-28T06:58:14+00:00\",\"breadcrumb\":{\"@id\":\"https:\/\/footdavant.fr\/actualites\/manchester-united-se-renseigne-sur-la-disponibilite-de-timo-werner\/#breadcrumb\"},\"inLanguage\":\"fr-FR\",\"potentialAction\":[{\"@type\":\"ReadAction\",\"target\":[\"https:\/\/footdavant.fr\/actualites\/manchester-united-se-renseigne-sur-la-disponibilite-de-timo-werner\/\"]}]},{\"@type\":\"BreadcrumbList\",\"@id\":\"https:\/\/footdavant.fr\/actualites\/manchester-united-se-renseigne-sur-la-disponibilite-de-timo-werner\/#breadcrumb\",\"itemListElement\":[{\"@type\":\"ListItem\",\"position\":1,\"name\":\"Accueil\",\"item\":\"https:\/\/footdavant.fr\/actualites\/\"},{\"@type\":\"ListItem\",\"position\":2,\"name\":\"Manchester United \u00ab\u00a0se renseigne sur la disponibilit\u00e9 de Timo Werner\u00a0\u00bb\"}]},{\"@type\":\"WebSite\",\"@id\":\"https:\/\/footdavant.fr\/actualites\/#website\",\"url\":\"https:\/\/footdavant.fr\/actualites\/\",\"name\":\"Foot d'avant\",\"description\":\"\",\"publisher\":{\"@id\":\"https:\/\/footdavant.fr\/actualites\/#organization\"},\"potentialAction\":[{\"@type\":\"SearchAction\",\"target\":{\"@type\":\"EntryPoint\",\"urlTemplate\":\"https:\/\/footdavant.fr\/actualites\/?s={search_term_string}\"},\"query-input\":\"required name=search_term_string\"}],\"inLanguage\":\"fr-FR\"},{\"@type\":\"Organization\",\"@id\":\"https:\/\/footdavant.fr\/actualites\/#organization\",\"name\":\"Foot d'avant\",\"url\":\"https:\/\/footdavant.fr\/actualites\/\",\"logo\":{\"@type\":\"ImageObject\",\"inLanguage\":\"fr-FR\",\"@id\":\"https:\/\/footdavant.fr\/actualites\/#\/schema\/logo\/image\/\",\"url\":\"https:\/\/footdavant.fr\/actualites\/wp-content\/uploads\/2023\/09\/Copy-of-FootDavant-Logo.png\",\"contentUrl\":\"https:\/\/footdavant.fr\/actualites\/wp-content\/uploads\/2023\/09\/Copy-of-FootDavant-Logo.png\",\"width\":936,\"height\":549,\"caption\":\"Foot d'avant\"},\"image\":{\"@id\":\"https:\/\/footdavant.fr\/actualites\/#\/schema\/logo\/image\/\"},\"sameAs\":[\"https:\/\/www.facebook.com\/Footdavant\/\",\"https:\/\/twitter.com\/FootdavantFr\",\"https:\/\/www.instagram.com\/footdavant.fr\/\"]},{\"@type\":\"Person\",\"@id\":\"https:\/\/footdavant.fr\/actualites\/#\/schema\/person\/bc222566d95871b37e597b3ed3ba5e1d\",\"name\":\"Cl\u00e9ment\",\"image\":{\"@type\":\"ImageObject\",\"inLanguage\":\"fr-FR\",\"@id\":\"https:\/\/footdavant.fr\/actualites\/#\/schema\/person\/image\/\",\"url\":\"https:\/\/secure.gravatar.com\/avatar\/7728b29aac2719421e1a9159b2254c44?s=96&d=mm&r=g\",\"contentUrl\":\"https:\/\/secure.gravatar.com\/avatar\/7728b29aac2719421e1a9159b2254c44?s=96&d=mm&r=g\",\"caption\":\"Cl\u00e9ment\"},\"sameAs\":[\"https:\/\/footdavant.fr\/\"]}]}<\/script>\n<!-- \/ Yoast SEO plugin. -->","yoast_head_json":{"title":"Manchester United \"se renseigne sur la disponibilit\u00e9 de Timo Werner\"","robots":{"index":"index","follow":"follow","max-snippet":"max-snippet:-1","max-image-preview":"max-image-preview:large","max-video-preview":"max-video-preview:-1"},"canonical":"https:\/\/footdavant.fr\/actualites\/manchester-united-se-renseigne-sur-la-disponibilite-de-timo-werner\/","og_locale":"fr_FR","og_type":"article","og_title":"Manchester United \"se renseigne sur la disponibilit\u00e9 de Timo Werner\"","og_description":"Manchester United aurait enqu\u00eat\u00e9 sur la disponibilit\u00e9 de l&rsquo;attaquant du RB Leipzig Timo Werner, qui a du mal \u00e0 jouer \u00e0 la Red Bull Arena.","og_url":"https:\/\/footdavant.fr\/actualites\/manchester-united-se-renseigne-sur-la-disponibilite-de-timo-werner\/","og_site_name":"Foot d&#039;avant","article_publisher":"https:\/\/www.facebook.com\/Footdavant\/","article_published_time":"2023-11-28T06:58:14+00:00","og_image":[{"width":640,"height":480,"url":"https:\/\/footdavant.fr\/actualites\/wp-content\/uploads\/2023\/11\/Manchester-United-se-renseigne-sur-la-disponibilite-de-Timo-Werner.jpg","type":"image\/jpeg"}],"author":"Cl\u00e9ment","twitter_card":"summary_large_image","twitter_creator":"@FootdavantFr","twitter_site":"@FootdavantFr","twitter_misc":{"\u00c9crit par":"Cl\u00e9ment","Dur\u00e9e de lecture estim\u00e9e":"2 minutes"},"schema":{"@context":"https:\/\/schema.org","@graph":[{"@type":"Article","@id":"https:\/\/footdavant.fr\/actualites\/manchester-united-se-renseigne-sur-la-disponibilite-de-timo-werner\/#article","isPartOf":{"@id":"https:\/\/footdavant.fr\/actualites\/manchester-united-se-renseigne-sur-la-disponibilite-de-timo-werner\/"},"author":{"name":"Cl\u00e9ment","@id":"https:\/\/footdavant.fr\/actualites\/#\/schema\/person\/bc222566d95871b37e597b3ed3ba5e1d"},"headline":"Manchester United \u00ab\u00a0se renseigne sur la disponibilit\u00e9 de Timo Werner\u00a0\u00bb","datePublished":"2023-11-28T06:58:14+00:00","dateModified":"2023-11-28T06:58:14+00:00","mainEntityOfPage":{"@id":"https:\/\/footdavant.fr\/actualites\/manchester-united-se-renseigne-sur-la-disponibilite-de-timo-werner\/"},"wordCount":404,"publisher":{"@id":"https:\/\/footdavant.fr\/actualites\/#organization"},"keywords":["disponibilit\u00e9","Manchester","renseigne","sur","Timo","United","Werner"],"articleSection":["Premier League"],"inLanguage":"fr-FR"},{"@type":"WebPage","@id":"https:\/\/footdavant.fr\/actualites\/manchester-united-se-renseigne-sur-la-disponibilite-de-timo-werner\/","url":"https:\/\/footdavant.fr\/actualites\/manchester-united-se-renseigne-sur-la-disponibilite-de-timo-werner\/","name":"Manchester United \"se renseigne sur la disponibilit\u00e9 de Timo Werner\"","isPartOf":{"@id":"https:\/\/footdavant.fr\/actualites\/#website"},"datePublished":"2023-11-28T06:58:14+00:00","dateModified":"2023-11-28T06:58:14+00:00","breadcrumb":{"@id":"https:\/\/footdavant.fr\/actualites\/manchester-united-se-renseigne-sur-la-disponibilite-de-timo-werner\/#breadcrumb"},"inLanguage":"fr-FR","potentialAction":[{"@type":"ReadAction","target":["https:\/\/footdavant.fr\/actualites\/manchester-united-se-renseigne-sur-la-disponibilite-de-timo-werner\/"]}]},{"@type":"BreadcrumbList","@id":"https:\/\/footdavant.fr\/actualites\/manchester-united-se-renseigne-sur-la-disponibilite-de-timo-werner\/#breadcrumb","itemListElement":[{"@type":"ListItem","position":1,"name":"Accueil","item":"https:\/\/footdavant.fr\/actualites\/"},{"@type":"ListItem","position":2,"name":"Manchester United \u00ab\u00a0se renseigne sur la disponibilit\u00e9 de Timo Werner\u00a0\u00bb"}]},{"@type":"WebSite","@id":"https:\/\/footdavant.fr\/actualites\/#website","url":"https:\/\/footdavant.fr\/actualites\/","name":"Foot d'avant","description":"","publisher":{"@id":"https:\/\/footdavant.fr\/actualites\/#organization"},"potentialAction":[{"@type":"SearchAction","target":{"@type":"EntryPoint","urlTemplate":"https:\/\/footdavant.fr\/actualites\/?s={search_term_string}"},"query-input":"required name=search_term_string"}],"inLanguage":"fr-FR"},{"@type":"Organization","@id":"https:\/\/footdavant.fr\/actualites\/#organization","name":"Foot d'avant","url":"https:\/\/footdavant.fr\/actualites\/","logo":{"@type":"ImageObject","inLanguage":"fr-FR","@id":"https:\/\/footdavant.fr\/actualites\/#\/schema\/logo\/image\/","url":"https:\/\/footdavant.fr\/actualites\/wp-content\/uploads\/2023\/09\/Copy-of-FootDavant-Logo.png","contentUrl":"https:\/\/footdavant.fr\/actualites\/wp-content\/uploads\/2023\/09\/Copy-of-FootDavant-Logo.png","width":936,"height":549,"caption":"Foot d'avant"},"image":{"@id":"https:\/\/footdavant.fr\/actualites\/#\/schema\/logo\/image\/"},"sameAs":["https:\/\/www.facebook.com\/Footdavant\/","https:\/\/twitter.com\/FootdavantFr","https:\/\/www.instagram.com\/footdavant.fr\/"]},{"@type":"Person","@id":"https:\/\/footdavant.fr\/actualites\/#\/schema\/person\/bc222566d95871b37e597b3ed3ba5e1d","name":"Cl\u00e9ment","image":{"@type":"ImageObject","inLanguage":"fr-FR","@id":"https:\/\/footdavant.fr\/actualites\/#\/schema\/person\/image\/","url":"https:\/\/secure.gravatar.com\/avatar\/7728b29aac2719421e1a9159b2254c44?s=96&d=mm&r=g","contentUrl":"https:\/\/secure.gravatar.com\/avatar\/7728b29aac2719421e1a9159b2254c44?s=96&d=mm&r=g","caption":"Cl\u00e9ment"},"sameAs":["https:\/\/footdavant.fr\/"]}]}},"_links":{"self":[{"href":"https:\/\/footdavant.fr\/actualites\/wp-json\/wp\/v2\/posts\/1552"}],"collection":[{"href":"https:\/\/footdavant.fr\/actualites\/wp-json\/wp\/v2\/posts"}],"about":[{"href":"https:\/\/footdavant.fr\/actualites\/wp-json\/wp\/v2\/types\/post"}],"author":[{"embeddable":true,"href":"https:\/\/footdavant.fr\/actualites\/wp-json\/wp\/v2\/users\/1"}],"replies":[{"embeddable":true,"href":"https:\/\/footdavant.fr\/actualites\/wp-json\/wp\/v2\/comments?post=1552"}],"version-history":[{"count":1,"href":"https:\/\/footdavant.fr\/actualites\/wp-json\/wp\/v2\/posts\/1552\/revisions"}],"predecessor-version":[{"id":1554,"href":"https:\/\/footdavant.fr\/actualites\/wp-json\/wp\/v2\/posts\/1552\/revisions\/1554"}],"wp:featuredmedia":[{"embeddable":true,"href":"https:\/\/footdavant.fr\/actualites\/wp-json\/wp\/v2\/media\/1553"}],"wp:attachment":[{"href":"https:\/\/footdavant.fr\/actualites\/wp-json\/wp\/v2\/media?parent=1552"}],"wp:term":[{"taxonomy":"category","embeddable":true,"href":"https:\/\/footdavant.fr\/actualites\/wp-json\/wp\/v2\/categories?post=1552"},{"taxonomy":"post_tag","embeddable":true,"href":"https:\/\/footdavant.fr\/actualites\/wp-json\/wp\/v2\/tags?post=1552"}],"curies":[{"name":"wp","href":"https:\/\/api.w.org\/{rel}","templated":true}]}}