{"id":15531,"date":"2024-10-31T17:49:31","date_gmt":"2024-10-31T16:49:31","guid":{"rendered":"https:\/\/footdavant.fr\/actualites\/le-bilan-de-lattaquant-du-real-madrid-kylian-mbappe-contre-barcelone\/"},"modified":"2024-10-31T17:49:35","modified_gmt":"2024-10-31T16:49:35","slug":"le-bilan-de-lattaquant-du-real-madrid-kylian-mbappe-contre-barcelone","status":"publish","type":"post","link":"https:\/\/footdavant.fr\/actualites\/le-bilan-de-lattaquant-du-real-madrid-kylian-mbappe-contre-barcelone\/","title":{"rendered":"Le bilan de l&#39;attaquant du Real Madrid Kylian Mbappe contre Barcelone"},"content":{"rendered":"<p>Sports Mole examine les performances de Kylian Mbappe du Real Madrid contre Barcelone au cours de sa carri\u00e8re professionnelle.<\/p>\n<div id=\"article_body\" itemprop=\"articleBody\">\n<p class=\"imgI\">\n<p><strong>Jou\u00e9\u00a0:<\/strong> 5<br \/><strong>Gagn\u00e9:<\/strong> 2<br \/><strong>Dessin\u00e9:<\/strong> 1<br \/><strong>Perdu:<\/strong> 2<br \/><strong>Objectifs:<\/strong> 6<br \/><strong>Aides\u00a0:<\/strong> 0<\/p>\n<hr>\n<p>Mbappe a affront\u00e9 Barcelone \u00e0 cinq reprises au cours de sa carri\u00e8re professionnelle et lors de sa toute premi\u00e8re apparition contre l&#39;\u00e9quipe catalane, il a r\u00e9ussi un c\u00e9l\u00e8bre tripl\u00e9.<\/p>\n<p>En effet, l&#39;ancien jeune mon\u00e9gasque a marqu\u00e9 trois fois contre les g\u00e9ants de la Liga lors du match aller de leur <strong class=\"autotag\">Ligue des Champions<\/strong> affaire des huiti\u00e8mes de finale en 2021, avec <strong class=\"autotag\">Paris Saint-Germain<\/strong> enregistrant une victoire 4-1 au Camp Nou.<\/p>\n<p>Mbappe a ensuite marqu\u00e9 un but lors du match retour \u00e0 Paris, les g\u00e9ants fran\u00e7ais faisant match nul 1-1 afin de se qualifier pour les quarts de finale de la comp\u00e9tition gr\u00e2ce \u00e0 un succ\u00e8s cumul\u00e9 de 5-2.<\/p>\n<p>Le Fran\u00e7ais a jou\u00e9 l&#39;int\u00e9gralit\u00e9 des 90 minutes contre Barcelone lors du match aller des quarts de finale de la Coupe d&#39;Europe le 10 avril 2024, mais il a eu du mal \u00e0 s&#39;imposer lors de la d\u00e9faite 3-2 des g\u00e9ants parisiens.<\/p>\n<p>Mbappe a cependant jou\u00e9 dans le match inverse, marquant deux fois alors que le PSG a enregistr\u00e9 une victoire 4-1 pour se qualifier pour les demi-finales.<\/p>\n<p>L&#39;attaquant n&#39;aura pas de bons souvenirs de son premier El Clasico, car il s&#39;est vu refuser un but lors d&#39;un match <strong>D\u00e9faite du Real Madrid 4-0<\/strong>avec <strong class=\"autotag\">Robert Lewandowski<\/strong> marquant deux fois lors d&#39;une victoire d\u00e9clar\u00e9e pour <strong class=\"autotag\">Hansi Film<\/strong>du c\u00f4t\u00e9.<\/p>\n<\/div>\n","protected":false},"excerpt":{"rendered":"<p>Sports Mole examine les performances de Kylian Mbappe du Real Madrid contre Barcelone au cours de sa carri\u00e8re professionnelle. Jou\u00e9\u00a0: 5Gagn\u00e9: 2Dessin\u00e9: 1Perdu: 2Objectifs: 6Aides\u00a0:<\/p>\n","protected":false},"author":1,"featured_media":15532,"comment_status":"closed","ping_status":"","sticky":false,"template":"","format":"standard","meta":{"footnotes":""},"categories":[4],"tags":[130,251,20,62,4304,303,63,302],"yoast_head":"<!-- This site is optimized with the Yoast SEO plugin v21.0 - https:\/\/yoast.com\/wordpress\/plugins\/seo\/ -->\n<title>Le bilan de l&#039;attaquant du Real Madrid Kylian Mbappe contre Barcelone<\/title>\n<meta name=\"robots\" content=\"index, follow, max-snippet:-1, max-image-preview:large, max-video-preview:-1\" \/>\n<link rel=\"canonical\" href=\"https:\/\/footdavant.fr\/actualites\/le-bilan-de-lattaquant-du-real-madrid-kylian-mbappe-contre-barcelone\/\" \/>\n<meta property=\"og:locale\" content=\"fr_FR\" \/>\n<meta property=\"og:type\" content=\"article\" \/>\n<meta property=\"og:title\" content=\"Le bilan de l&#039;attaquant du Real Madrid Kylian Mbappe contre Barcelone\" \/>\n<meta property=\"og:description\" content=\"Sports Mole examine les performances de Kylian Mbappe du Real Madrid contre Barcelone au cours de sa carri\u00e8re professionnelle. Jou\u00e9\u00a0: 5Gagn\u00e9: 2Dessin\u00e9: 1Perdu: 2Objectifs: 6Aides\u00a0:\" \/>\n<meta property=\"og:url\" content=\"https:\/\/footdavant.fr\/actualites\/le-bilan-de-lattaquant-du-real-madrid-kylian-mbappe-contre-barcelone\/\" \/>\n<meta property=\"og:site_name\" content=\"Foot d&#039;avant\" \/>\n<meta property=\"article:publisher\" content=\"https:\/\/www.facebook.com\/Footdavant\/\" \/>\n<meta property=\"article:published_time\" content=\"2024-10-31T16:49:31+00:00\" \/>\n<meta property=\"article:modified_time\" content=\"2024-10-31T16:49:35+00:00\" \/>\n<meta property=\"og:image\" content=\"https:\/\/footdavant.fr\/actualites\/wp-content\/uploads\/2024\/10\/Le-bilan-de-l39attaquant-du-Real-Madrid-Kylian-Mbappe-contre.jpeg\" \/>\n\t<meta property=\"og:image:width\" content=\"1280\" \/>\n\t<meta property=\"og:image:height\" content=\"960\" \/>\n\t<meta property=\"og:image:type\" content=\"image\/jpeg\" \/>\n<meta name=\"author\" content=\"Cl\u00e9ment\" \/>\n<meta name=\"twitter:card\" content=\"summary_large_image\" \/>\n<meta name=\"twitter:creator\" content=\"@FootdavantFr\" \/>\n<meta name=\"twitter:site\" content=\"@FootdavantFr\" \/>\n<meta name=\"twitter:label1\" content=\"\u00c9crit par\" \/>\n\t<meta name=\"twitter:data1\" content=\"Cl\u00e9ment\" \/>\n\t<meta name=\"twitter:label2\" content=\"Dur\u00e9e de lecture estim\u00e9e\" \/>\n\t<meta name=\"twitter:data2\" content=\"1 minute\" \/>\n<script type=\"application\/ld+json\" class=\"yoast-schema-graph\">{\"@context\":\"https:\/\/schema.org\",\"@graph\":[{\"@type\":\"Article\",\"@id\":\"https:\/\/footdavant.fr\/actualites\/le-bilan-de-lattaquant-du-real-madrid-kylian-mbappe-contre-barcelone\/#article\",\"isPartOf\":{\"@id\":\"https:\/\/footdavant.fr\/actualites\/le-bilan-de-lattaquant-du-real-madrid-kylian-mbappe-contre-barcelone\/\"},\"author\":{\"name\":\"Cl\u00e9ment\",\"@id\":\"https:\/\/footdavant.fr\/actualites\/#\/schema\/person\/bc222566d95871b37e597b3ed3ba5e1d\"},\"headline\":\"Le bilan de l&#39;attaquant du Real Madrid Kylian Mbappe contre Barcelone\",\"datePublished\":\"2024-10-31T16:49:31+00:00\",\"dateModified\":\"2024-10-31T16:49:35+00:00\",\"mainEntityOfPage\":{\"@id\":\"https:\/\/footdavant.fr\/actualites\/le-bilan-de-lattaquant-du-real-madrid-kylian-mbappe-contre-barcelone\/\"},\"wordCount\":277,\"publisher\":{\"@id\":\"https:\/\/footdavant.fr\/actualites\/#organization\"},\"keywords\":[\"Barcelone\",\"bilan\",\"contre\",\"Kylian\",\"l39attaquant\",\"Madrid\",\"Mbappe\",\"Real\"],\"articleSection\":[\"Champions League\"],\"inLanguage\":\"fr-FR\"},{\"@type\":\"WebPage\",\"@id\":\"https:\/\/footdavant.fr\/actualites\/le-bilan-de-lattaquant-du-real-madrid-kylian-mbappe-contre-barcelone\/\",\"url\":\"https:\/\/footdavant.fr\/actualites\/le-bilan-de-lattaquant-du-real-madrid-kylian-mbappe-contre-barcelone\/\",\"name\":\"Le bilan de l&#39;attaquant du Real Madrid Kylian Mbappe contre Barcelone\",\"isPartOf\":{\"@id\":\"https:\/\/footdavant.fr\/actualites\/#website\"},\"datePublished\":\"2024-10-31T16:49:31+00:00\",\"dateModified\":\"2024-10-31T16:49:35+00:00\",\"breadcrumb\":{\"@id\":\"https:\/\/footdavant.fr\/actualites\/le-bilan-de-lattaquant-du-real-madrid-kylian-mbappe-contre-barcelone\/#breadcrumb\"},\"inLanguage\":\"fr-FR\",\"potentialAction\":[{\"@type\":\"ReadAction\",\"target\":[\"https:\/\/footdavant.fr\/actualites\/le-bilan-de-lattaquant-du-real-madrid-kylian-mbappe-contre-barcelone\/\"]}]},{\"@type\":\"BreadcrumbList\",\"@id\":\"https:\/\/footdavant.fr\/actualites\/le-bilan-de-lattaquant-du-real-madrid-kylian-mbappe-contre-barcelone\/#breadcrumb\",\"itemListElement\":[{\"@type\":\"ListItem\",\"position\":1,\"name\":\"Accueil\",\"item\":\"https:\/\/footdavant.fr\/actualites\/\"},{\"@type\":\"ListItem\",\"position\":2,\"name\":\"Le bilan de l&#39;attaquant du Real Madrid Kylian Mbappe contre Barcelone\"}]},{\"@type\":\"WebSite\",\"@id\":\"https:\/\/footdavant.fr\/actualites\/#website\",\"url\":\"https:\/\/footdavant.fr\/actualites\/\",\"name\":\"Foot d'avant\",\"description\":\"\",\"publisher\":{\"@id\":\"https:\/\/footdavant.fr\/actualites\/#organization\"},\"potentialAction\":[{\"@type\":\"SearchAction\",\"target\":{\"@type\":\"EntryPoint\",\"urlTemplate\":\"https:\/\/footdavant.fr\/actualites\/?s={search_term_string}\"},\"query-input\":\"required name=search_term_string\"}],\"inLanguage\":\"fr-FR\"},{\"@type\":\"Organization\",\"@id\":\"https:\/\/footdavant.fr\/actualites\/#organization\",\"name\":\"Foot d'avant\",\"url\":\"https:\/\/footdavant.fr\/actualites\/\",\"logo\":{\"@type\":\"ImageObject\",\"inLanguage\":\"fr-FR\",\"@id\":\"https:\/\/footdavant.fr\/actualites\/#\/schema\/logo\/image\/\",\"url\":\"https:\/\/footdavant.fr\/actualites\/wp-content\/uploads\/2023\/09\/Copy-of-FootDavant-Logo.png\",\"contentUrl\":\"https:\/\/footdavant.fr\/actualites\/wp-content\/uploads\/2023\/09\/Copy-of-FootDavant-Logo.png\",\"width\":936,\"height\":549,\"caption\":\"Foot d'avant\"},\"image\":{\"@id\":\"https:\/\/footdavant.fr\/actualites\/#\/schema\/logo\/image\/\"},\"sameAs\":[\"https:\/\/www.facebook.com\/Footdavant\/\",\"https:\/\/twitter.com\/FootdavantFr\",\"https:\/\/www.instagram.com\/footdavant.fr\/\"]},{\"@type\":\"Person\",\"@id\":\"https:\/\/footdavant.fr\/actualites\/#\/schema\/person\/bc222566d95871b37e597b3ed3ba5e1d\",\"name\":\"Cl\u00e9ment\",\"image\":{\"@type\":\"ImageObject\",\"inLanguage\":\"fr-FR\",\"@id\":\"https:\/\/footdavant.fr\/actualites\/#\/schema\/person\/image\/\",\"url\":\"https:\/\/secure.gravatar.com\/avatar\/7728b29aac2719421e1a9159b2254c44?s=96&d=mm&r=g\",\"contentUrl\":\"https:\/\/secure.gravatar.com\/avatar\/7728b29aac2719421e1a9159b2254c44?s=96&d=mm&r=g\",\"caption\":\"Cl\u00e9ment\"},\"sameAs\":[\"https:\/\/footdavant.fr\/\"]}]}<\/script>\n<!-- \/ Yoast SEO plugin. -->","yoast_head_json":{"title":"Le bilan de l&#39;attaquant du Real Madrid Kylian Mbappe contre Barcelone","robots":{"index":"index","follow":"follow","max-snippet":"max-snippet:-1","max-image-preview":"max-image-preview:large","max-video-preview":"max-video-preview:-1"},"canonical":"https:\/\/footdavant.fr\/actualites\/le-bilan-de-lattaquant-du-real-madrid-kylian-mbappe-contre-barcelone\/","og_locale":"fr_FR","og_type":"article","og_title":"Le bilan de l&#39;attaquant du Real Madrid Kylian Mbappe contre Barcelone","og_description":"Sports Mole examine les performances de Kylian Mbappe du Real Madrid contre Barcelone au cours de sa carri\u00e8re professionnelle. Jou\u00e9\u00a0: 5Gagn\u00e9: 2Dessin\u00e9: 1Perdu: 2Objectifs: 6Aides\u00a0:","og_url":"https:\/\/footdavant.fr\/actualites\/le-bilan-de-lattaquant-du-real-madrid-kylian-mbappe-contre-barcelone\/","og_site_name":"Foot d&#039;avant","article_publisher":"https:\/\/www.facebook.com\/Footdavant\/","article_published_time":"2024-10-31T16:49:31+00:00","article_modified_time":"2024-10-31T16:49:35+00:00","og_image":[{"width":1280,"height":960,"url":"https:\/\/footdavant.fr\/actualites\/wp-content\/uploads\/2024\/10\/Le-bilan-de-l39attaquant-du-Real-Madrid-Kylian-Mbappe-contre.jpeg","type":"image\/jpeg"}],"author":"Cl\u00e9ment","twitter_card":"summary_large_image","twitter_creator":"@FootdavantFr","twitter_site":"@FootdavantFr","twitter_misc":{"\u00c9crit par":"Cl\u00e9ment","Dur\u00e9e de lecture estim\u00e9e":"1 minute"},"schema":{"@context":"https:\/\/schema.org","@graph":[{"@type":"Article","@id":"https:\/\/footdavant.fr\/actualites\/le-bilan-de-lattaquant-du-real-madrid-kylian-mbappe-contre-barcelone\/#article","isPartOf":{"@id":"https:\/\/footdavant.fr\/actualites\/le-bilan-de-lattaquant-du-real-madrid-kylian-mbappe-contre-barcelone\/"},"author":{"name":"Cl\u00e9ment","@id":"https:\/\/footdavant.fr\/actualites\/#\/schema\/person\/bc222566d95871b37e597b3ed3ba5e1d"},"headline":"Le bilan de l&#39;attaquant du Real Madrid Kylian Mbappe contre Barcelone","datePublished":"2024-10-31T16:49:31+00:00","dateModified":"2024-10-31T16:49:35+00:00","mainEntityOfPage":{"@id":"https:\/\/footdavant.fr\/actualites\/le-bilan-de-lattaquant-du-real-madrid-kylian-mbappe-contre-barcelone\/"},"wordCount":277,"publisher":{"@id":"https:\/\/footdavant.fr\/actualites\/#organization"},"keywords":["Barcelone","bilan","contre","Kylian","l39attaquant","Madrid","Mbappe","Real"],"articleSection":["Champions League"],"inLanguage":"fr-FR"},{"@type":"WebPage","@id":"https:\/\/footdavant.fr\/actualites\/le-bilan-de-lattaquant-du-real-madrid-kylian-mbappe-contre-barcelone\/","url":"https:\/\/footdavant.fr\/actualites\/le-bilan-de-lattaquant-du-real-madrid-kylian-mbappe-contre-barcelone\/","name":"Le bilan de l&#39;attaquant du Real Madrid Kylian Mbappe contre Barcelone","isPartOf":{"@id":"https:\/\/footdavant.fr\/actualites\/#website"},"datePublished":"2024-10-31T16:49:31+00:00","dateModified":"2024-10-31T16:49:35+00:00","breadcrumb":{"@id":"https:\/\/footdavant.fr\/actualites\/le-bilan-de-lattaquant-du-real-madrid-kylian-mbappe-contre-barcelone\/#breadcrumb"},"inLanguage":"fr-FR","potentialAction":[{"@type":"ReadAction","target":["https:\/\/footdavant.fr\/actualites\/le-bilan-de-lattaquant-du-real-madrid-kylian-mbappe-contre-barcelone\/"]}]},{"@type":"BreadcrumbList","@id":"https:\/\/footdavant.fr\/actualites\/le-bilan-de-lattaquant-du-real-madrid-kylian-mbappe-contre-barcelone\/#breadcrumb","itemListElement":[{"@type":"ListItem","position":1,"name":"Accueil","item":"https:\/\/footdavant.fr\/actualites\/"},{"@type":"ListItem","position":2,"name":"Le bilan de l&#39;attaquant du Real Madrid Kylian Mbappe contre Barcelone"}]},{"@type":"WebSite","@id":"https:\/\/footdavant.fr\/actualites\/#website","url":"https:\/\/footdavant.fr\/actualites\/","name":"Foot d'avant","description":"","publisher":{"@id":"https:\/\/footdavant.fr\/actualites\/#organization"},"potentialAction":[{"@type":"SearchAction","target":{"@type":"EntryPoint","urlTemplate":"https:\/\/footdavant.fr\/actualites\/?s={search_term_string}"},"query-input":"required name=search_term_string"}],"inLanguage":"fr-FR"},{"@type":"Organization","@id":"https:\/\/footdavant.fr\/actualites\/#organization","name":"Foot d'avant","url":"https:\/\/footdavant.fr\/actualites\/","logo":{"@type":"ImageObject","inLanguage":"fr-FR","@id":"https:\/\/footdavant.fr\/actualites\/#\/schema\/logo\/image\/","url":"https:\/\/footdavant.fr\/actualites\/wp-content\/uploads\/2023\/09\/Copy-of-FootDavant-Logo.png","contentUrl":"https:\/\/footdavant.fr\/actualites\/wp-content\/uploads\/2023\/09\/Copy-of-FootDavant-Logo.png","width":936,"height":549,"caption":"Foot d'avant"},"image":{"@id":"https:\/\/footdavant.fr\/actualites\/#\/schema\/logo\/image\/"},"sameAs":["https:\/\/www.facebook.com\/Footdavant\/","https:\/\/twitter.com\/FootdavantFr","https:\/\/www.instagram.com\/footdavant.fr\/"]},{"@type":"Person","@id":"https:\/\/footdavant.fr\/actualites\/#\/schema\/person\/bc222566d95871b37e597b3ed3ba5e1d","name":"Cl\u00e9ment","image":{"@type":"ImageObject","inLanguage":"fr-FR","@id":"https:\/\/footdavant.fr\/actualites\/#\/schema\/person\/image\/","url":"https:\/\/secure.gravatar.com\/avatar\/7728b29aac2719421e1a9159b2254c44?s=96&d=mm&r=g","contentUrl":"https:\/\/secure.gravatar.com\/avatar\/7728b29aac2719421e1a9159b2254c44?s=96&d=mm&r=g","caption":"Cl\u00e9ment"},"sameAs":["https:\/\/footdavant.fr\/"]}]}},"_links":{"self":[{"href":"https:\/\/footdavant.fr\/actualites\/wp-json\/wp\/v2\/posts\/15531"}],"collection":[{"href":"https:\/\/footdavant.fr\/actualites\/wp-json\/wp\/v2\/posts"}],"about":[{"href":"https:\/\/footdavant.fr\/actualites\/wp-json\/wp\/v2\/types\/post"}],"author":[{"embeddable":true,"href":"https:\/\/footdavant.fr\/actualites\/wp-json\/wp\/v2\/users\/1"}],"replies":[{"embeddable":true,"href":"https:\/\/footdavant.fr\/actualites\/wp-json\/wp\/v2\/comments?post=15531"}],"version-history":[{"count":1,"href":"https:\/\/footdavant.fr\/actualites\/wp-json\/wp\/v2\/posts\/15531\/revisions"}],"predecessor-version":[{"id":15533,"href":"https:\/\/footdavant.fr\/actualites\/wp-json\/wp\/v2\/posts\/15531\/revisions\/15533"}],"wp:featuredmedia":[{"embeddable":true,"href":"https:\/\/footdavant.fr\/actualites\/wp-json\/wp\/v2\/media\/15532"}],"wp:attachment":[{"href":"https:\/\/footdavant.fr\/actualites\/wp-json\/wp\/v2\/media?parent=15531"}],"wp:term":[{"taxonomy":"category","embeddable":true,"href":"https:\/\/footdavant.fr\/actualites\/wp-json\/wp\/v2\/categories?post=15531"},{"taxonomy":"post_tag","embeddable":true,"href":"https:\/\/footdavant.fr\/actualites\/wp-json\/wp\/v2\/tags?post=15531"}],"curies":[{"name":"wp","href":"https:\/\/api.w.org\/{rel}","templated":true}]}}