{"id":15606,"date":"2024-11-02T18:49:38","date_gmt":"2024-11-02T17:49:38","guid":{"rendered":"https:\/\/footdavant.fr\/actualites\/il-faut-etre-satisfait-pep-guardiola-rend-son-verdict-sur-le-boycott-du-real-madrid-de-la-ceremonie-du-ballon-dor\/"},"modified":"2024-11-02T18:49:40","modified_gmt":"2024-11-02T17:49:40","slug":"il-faut-etre-satisfait-pep-guardiola-rend-son-verdict-sur-le-boycott-du-real-madrid-de-la-ceremonie-du-ballon-dor","status":"publish","type":"post","link":"https:\/\/footdavant.fr\/actualites\/il-faut-etre-satisfait-pep-guardiola-rend-son-verdict-sur-le-boycott-du-real-madrid-de-la-ceremonie-du-ballon-dor\/","title":{"rendered":"\u00ab\u00a0Il faut \u00eatre satisfait\u00a0\u00bb &#8211; Pep Guardiola rend son verdict sur le boycott du Real Madrid de la c\u00e9r\u00e9monie du Ballon d&#39;Or"},"content":{"rendered":"<p>Le manager de Man City, Pep Guardiola, sugg\u00e8re que le Real Madrid devrait \u00eatre \u00ab\u00a0satisfait\u00a0\u00bb d&#39;avoir trois de ses joueurs parmi les quatre premiers du vote pour le Ballon d&#39;Or 2024, m\u00eame s&#39;ils ont tous \u00e9t\u00e9 devanc\u00e9s par le vainqueur Rodri.<\/p>\n<div id=\"article_body\" itemprop=\"articleBody\">\n<h3 class=\"firstPara\">\n<strong class=\"autotag\">Manchester City<\/strong> directeur <strong class=\"autotag\">Pep Guardiola<\/strong> a sugg\u00e9r\u00e9 que <strong class=\"autotag\">R\u00e9al Madrid<\/strong> devrait \u00eatre \u00ab\u00a0satisfait\u00a0\u00bb d&#39;avoir trois de ses joueurs dans le top quatre de 2024 <strong class=\"autotag\">Ballon d&#39;Or<\/strong> voter, m\u00eame s&#39;ils ont tous \u00e9t\u00e9 devanc\u00e9s par le vainqueur <strong class=\"autotag\">Rodri<\/strong>.<\/h3>\n<p>Lundi soir, <strong>Rodri a \u00e9t\u00e9 annonc\u00e9 comme le 68e gagnant<\/strong> de la r\u00e9compense individuelle la plus prestigieuse du football au Th\u00e9\u00e2tre du Ch\u00e2telet \u00e0 Paris, faisant de lui le premier joueur de Man City \u00e0 recevoir cette distinction.<\/p>\n<p>Rodri, actuellement absent pour le reste de la saison en raison d&#39;une blessure au ligament crois\u00e9 ant\u00e9rieur, a re\u00e7u son prix apr\u00e8s avoir \u00e9t\u00e9 \u00e9lu meilleur joueur du monde par un panel de journalistes des 100 premi\u00e8res nations, devant le trio des Blancos. <strong class=\"autotag\">Vinicius Junior<\/strong>, <strong class=\"autotag\">Jude Bellingham<\/strong> et <strong class=\"autotag\">Daniel Carvajal<\/strong>qui a termin\u00e9 respectivement deuxi\u00e8me, troisi\u00e8me et quatri\u00e8me.<\/p>\n<p>Apr\u00e8s que des informations ont r\u00e9v\u00e9l\u00e9 que Vinicius Junior &#8211; l&#39;un des favoris avec Rodri pour remporter le Ballon d&#39;Or &#8211; ne remporterait pas le premier prix, tous les repr\u00e9sentants du Real Madrid ont d\u00e9cid\u00e9 de boycotter la c\u00e9r\u00e9monie.<\/p>\n<p>Les g\u00e9ants espagnols ont depuis <strong>critiqu\u00e9 les organisateurs du Ballon d&#39;Or<\/strong> et l&#39;UEFA pour \u00ab\u00a0manque de respect\u00a0\u00bb apr\u00e8s la d\u00e9faite de Vinicius Junior face \u00e0 Rodri, tandis que l&#39;ailier br\u00e9silien lui-m\u00eame a <strong>a fait le v\u0153u de remporter le prix \u00e0 l&#39;avenir<\/strong>.<\/p>\n<p>Le Real Madrid a quand m\u00eame termin\u00e9 la soir\u00e9e avec deux prix &#8211; Entra\u00eeneur de l&#39;ann\u00e9e (<strong class=\"autotag\">Carlo Ancelotti<\/strong>) et Club de l&#39;ann\u00e9e &#8211; mais aucun membre du club n&#39;\u00e9tait pr\u00e9sent \u00e0 la c\u00e9r\u00e9monie pour recevoir ces distinctions sur sc\u00e8ne.<\/p>\n<p class=\"imgI\">\n<h2 class=\"k3\">Guardiola : \u00ab\u00a0Man City ne jugera pas les autres clubs\u00a0\u00bb<\/h2>\n<p>R\u00e9agissant \u00e0 la d\u00e9cision du Real Madrid de snober la c\u00e9r\u00e9monie du Ballon d&#39;Or, Guardiola a d\u00e9clar\u00e9 aux journalistes : \u00ab\u00a0Rien \u00e0 dire. S&#39;ils veulent y aller, c&#39;est bien, s&#39;ils ne le font pas, c&#39;est bien.<\/p>\n<p>\u00ab\u00a0S&#39;ils veulent f\u00e9liciter, c&#39;est bien, s&#39;ils ne le font pas, c&#39;est bien. Nous, \u00e0 Man City, ne sommes pas l\u00e0 pour juger ce que les autres clubs d\u00e9cident de ce que font les autres clubs.\u00a0\u00bb<\/p>\n<p>Guardiola a ajout\u00e9 : \u00ab\u00a0La saison derni\u00e8re par exemple, Erling (Haaland) a remport\u00e9 le tripl\u00e9, a marqu\u00e9 plus de 50 buts. Je lui ai dit &#39;juste en \u00e9tant l\u00e0, tu dois \u00eatre si heureux&#39;. J&#39;ai dit la m\u00eame chose \u00e0 Rodri. Si tu es dans les deux, trois ou quatre premiers, c&#39;est exceptionnel, il faut \u00eatre tellement satisfait.<\/p>\n<p>\u00ab\u00a0La saison derni\u00e8re, Erling aurait-il d\u00fb gagner ? Oui. (Lionel) Messi aurait-il d\u00fb gagner ? Oui. Ce n&#39;est pas important (qui gagne). Cela signifie que vous et vos co\u00e9quipiers avez fait quelque chose de vraiment sympa cette saison-l\u00e0.<\/p>\n<p>\u00ab\u00a0Est-ce que ce devrait \u00eatre Vinicius ? Peut-\u00eatre. C&#39;est (vot\u00e9 par) des journalistes, vous savez, pas un groupe d&#39;\u00e9lite qui d\u00e9cide. Ce sont (des gens) du monde entier qui votent, pas seulement un pays. Il y a diff\u00e9rentes opinions, et c&#39;est \u00e7a. Qu&#39;est-ce qui rend le football sympa, non ? \u00bb<\/p>\n<p>Guardiola a \u00e9galement f\u00e9licit\u00e9 Rodri pour avoir re\u00e7u son Ballon d&#39;Or et \u00eatre devenu le premier Espagnol depuis plus de 60 ans \u00e0 remporter ce prestigieux prix individuel.<\/p>\n<p>\u00ab\u00a0F\u00e9licitations \u00e0 lui ainsi qu&#39;\u00e0 toute sa famille et ses amis\u00a0\u00bb, a d\u00e9clar\u00e9 l&#39;entra\u00eeneur catalan. \u00ab\u00a0C&#39;est une nouvelle incroyable pour lui et bien s\u00fbr pour nous tous, \u00e0 City et nos fans. Nous sommes tr\u00e8s fiers de lui. C&#39;est la premi\u00e8re fois.<\/p>\n<p class=\"imgI\"><img decoding=\"async\" loading=\"lazy\" class=\"l\" src=\"https:\/\/footdavant.fr\/actualites\/wp-content\/uploads\/2024\/11\/1730569778_810_Il-faut-etre-satisfait-Pep-Guardiola-rend-son-verdict.jpg\" title=\"Rodri de Manchester City pose avec le troph\u00e9e Ballon d&#39;Or le 28 octobre 2024\" alt=\"Rodri de Manchester City pose avec le troph\u00e9e Ballon d&#39;Or le 28 octobre 2024\" width=\"640\" height=\"480\"><\/p>\n<h2 class=\"k3\">Guardiola : \u00ab\u00a0Le football espagnol a fait une telle diff\u00e9rence\u00a0\u00bb<\/h2>\n<p>\u00ab\u00a0Nous n&#39;aurions jamais pu imaginer il y a des ann\u00e9es que notre joueur recevrait ce prix prestigieux. Nous sommes tr\u00e8s heureux d&#39;en faire partie et de le partager avec lui et oui, j&#39;esp\u00e8re que cela pourra lui donner de l&#39;\u00e9nergie pour bien r\u00e9cup\u00e9rer pour la saison prochaine et \u00eatre avec lui. encore nous.\u00a0\u00bb<\/p>\n<p>\u00ab\u00a0Rodri a fait un discours incroyable\u00a0\u00bb, a ajout\u00e9 Guardiola. \u00ab\u00a0Il a parl\u00e9 de la famille, de Man City et du football espagnol. Au cours de la derni\u00e8re d\u00e9cennie, le football espagnol a fait une telle diff\u00e9rence \u2013 ils ont remport\u00e9 une Coupe du Monde, un Euro \u2013 et l&#39;Espagne n&#39;a jamais pu remporter ce prix auparavant.<\/p>\n<p>\u00ab\u00a0Leur importance au cours des 10 ou 15 derni\u00e8res ann\u00e9es a \u00e9t\u00e9 si importante. Je me souviens d&#39;une fois o\u00f9 nous avons nomm\u00e9 trois joueurs de La Masia. <strong class=\"autotag\">Xavi<\/strong> et (Andreas) Iniesta n&#39;a pas pu gagner parce que Messi est un monstre et personne ne pouvait le battre \u2013 juste Cristiano (Ronaldo). C&#39;est un monstre et le p\u00e8re du monstre est Messi.\u00a0\u00bb<\/p>\n<p>Rodri, qui a affirm\u00e9 que <strong>\u00ab\u00a0Le football espagnol a gagn\u00e9\u00a0\u00bb<\/strong> tout autant que lui, a \u00e9t\u00e9 reconnu pour son r\u00f4le extr\u00eamement influent au sein de l&#39;\u00e9quipe de Guardiola \u00e0 Man City, qui a remport\u00e9 un quatri\u00e8me titre cons\u00e9cutif en Premier League sans pr\u00e9c\u00e9dent en 2023-24.<\/p>\n<p>L&#39;international espagnol a \u00e9galement \u00e9t\u00e9 nomm\u00e9 Joueur du Tournoi apr\u00e8s une campagne triomphale \u00e0 l&#39;Euro 2024, et il a contribu\u00e9 avec 12 buts et 13 passes d\u00e9cisives en 58 apparitions pour le club et le pays la saison derni\u00e8re, perdant remarquablement un seul match dans le processus.<\/p>\n<\/div>\n","protected":false},"excerpt":{"rendered":"<p>Le manager de Man City, Pep Guardiola, sugg\u00e8re que le Real Madrid devrait \u00eatre \u00ab\u00a0satisfait\u00a0\u00bb d&#39;avoir trois de ses joueurs parmi les quatre premiers du<\/p>\n","protected":false},"author":1,"featured_media":15607,"comment_status":"closed","ping_status":"","sticky":false,"template":"","format":"standard","meta":{"footnotes":""},"categories":[5],"tags":[148,6926,6927,5019,270,2143,8,303,6,302,2763,1804,86,103,2764],"yoast_head":"<!-- This site is optimized with the Yoast SEO plugin v21.0 - https:\/\/yoast.com\/wordpress\/plugins\/seo\/ -->\n<title>&quot;Il faut \u00eatre satisfait&quot; - Pep Guardiola rend son verdict sur le boycott du Real Madrid de la c\u00e9r\u00e9monie du Ballon d&#039;Or<\/title>\n<meta name=\"robots\" content=\"index, follow, max-snippet:-1, max-image-preview:large, max-video-preview:-1\" \/>\n<link rel=\"canonical\" href=\"https:\/\/footdavant.fr\/actualites\/il-faut-etre-satisfait-pep-guardiola-rend-son-verdict-sur-le-boycott-du-real-madrid-de-la-ceremonie-du-ballon-dor\/\" \/>\n<meta property=\"og:locale\" content=\"fr_FR\" \/>\n<meta property=\"og:type\" content=\"article\" \/>\n<meta property=\"og:title\" content=\"&quot;Il faut \u00eatre satisfait&quot; - Pep Guardiola rend son verdict sur le boycott du Real Madrid de la c\u00e9r\u00e9monie du Ballon d&#039;Or\" \/>\n<meta property=\"og:description\" content=\"Le manager de Man City, Pep Guardiola, sugg\u00e8re que le Real Madrid devrait \u00eatre \u00ab\u00a0satisfait\u00a0\u00bb d&#039;avoir trois de ses joueurs parmi les quatre premiers du\" \/>\n<meta property=\"og:url\" content=\"https:\/\/footdavant.fr\/actualites\/il-faut-etre-satisfait-pep-guardiola-rend-son-verdict-sur-le-boycott-du-real-madrid-de-la-ceremonie-du-ballon-dor\/\" \/>\n<meta property=\"og:site_name\" content=\"Foot d&#039;avant\" \/>\n<meta property=\"article:publisher\" content=\"https:\/\/www.facebook.com\/Footdavant\/\" \/>\n<meta property=\"article:published_time\" content=\"2024-11-02T17:49:38+00:00\" \/>\n<meta property=\"article:modified_time\" content=\"2024-11-02T17:49:40+00:00\" \/>\n<meta property=\"og:image\" content=\"https:\/\/footdavant.fr\/actualites\/wp-content\/uploads\/2024\/11\/Il-faut-etre-satisfait-Pep-Guardiola-rend-son-verdict.jpg\" \/>\n\t<meta property=\"og:image:width\" content=\"640\" \/>\n\t<meta property=\"og:image:height\" content=\"480\" \/>\n\t<meta property=\"og:image:type\" content=\"image\/jpeg\" \/>\n<meta name=\"author\" content=\"Cl\u00e9ment\" \/>\n<meta name=\"twitter:card\" content=\"summary_large_image\" \/>\n<meta name=\"twitter:creator\" content=\"@FootdavantFr\" \/>\n<meta name=\"twitter:site\" content=\"@FootdavantFr\" \/>\n<meta name=\"twitter:label1\" content=\"\u00c9crit par\" \/>\n\t<meta name=\"twitter:data1\" content=\"Cl\u00e9ment\" \/>\n\t<meta name=\"twitter:label2\" content=\"Dur\u00e9e de lecture estim\u00e9e\" \/>\n\t<meta name=\"twitter:data2\" content=\"5 minutes\" \/>\n<script type=\"application\/ld+json\" class=\"yoast-schema-graph\">{\"@context\":\"https:\/\/schema.org\",\"@graph\":[{\"@type\":\"Article\",\"@id\":\"https:\/\/footdavant.fr\/actualites\/il-faut-etre-satisfait-pep-guardiola-rend-son-verdict-sur-le-boycott-du-real-madrid-de-la-ceremonie-du-ballon-dor\/#article\",\"isPartOf\":{\"@id\":\"https:\/\/footdavant.fr\/actualites\/il-faut-etre-satisfait-pep-guardiola-rend-son-verdict-sur-le-boycott-du-real-madrid-de-la-ceremonie-du-ballon-dor\/\"},\"author\":{\"name\":\"Cl\u00e9ment\",\"@id\":\"https:\/\/footdavant.fr\/actualites\/#\/schema\/person\/bc222566d95871b37e597b3ed3ba5e1d\"},\"headline\":\"\u00ab\u00a0Il faut \u00eatre satisfait\u00a0\u00bb &#8211; Pep Guardiola rend son verdict sur le boycott du Real Madrid de la c\u00e9r\u00e9monie du Ballon d&#39;Or\",\"datePublished\":\"2024-11-02T17:49:38+00:00\",\"dateModified\":\"2024-11-02T17:49:40+00:00\",\"mainEntityOfPage\":{\"@id\":\"https:\/\/footdavant.fr\/actualites\/il-faut-etre-satisfait-pep-guardiola-rend-son-verdict-sur-le-boycott-du-real-madrid-de-la-ceremonie-du-ballon-dor\/\"},\"wordCount\":982,\"publisher\":{\"@id\":\"https:\/\/footdavant.fr\/actualites\/#organization\"},\"keywords\":[\"Ballon\",\"boycott\",\"c\u00e9r\u00e9monie\",\"d39Or\",\"\u00eatre\",\"faut\",\"Guardiola\",\"Madrid\",\"Pep\",\"Real\",\"rend\",\"satisfait\",\"son\",\"sur\",\"verdict\"],\"articleSection\":[\"Premier League\"],\"inLanguage\":\"fr-FR\"},{\"@type\":\"WebPage\",\"@id\":\"https:\/\/footdavant.fr\/actualites\/il-faut-etre-satisfait-pep-guardiola-rend-son-verdict-sur-le-boycott-du-real-madrid-de-la-ceremonie-du-ballon-dor\/\",\"url\":\"https:\/\/footdavant.fr\/actualites\/il-faut-etre-satisfait-pep-guardiola-rend-son-verdict-sur-le-boycott-du-real-madrid-de-la-ceremonie-du-ballon-dor\/\",\"name\":\"\\\"Il faut \u00eatre satisfait\\\" - Pep Guardiola rend son verdict sur le boycott du Real Madrid de la c\u00e9r\u00e9monie du Ballon d&#39;Or\",\"isPartOf\":{\"@id\":\"https:\/\/footdavant.fr\/actualites\/#website\"},\"datePublished\":\"2024-11-02T17:49:38+00:00\",\"dateModified\":\"2024-11-02T17:49:40+00:00\",\"breadcrumb\":{\"@id\":\"https:\/\/footdavant.fr\/actualites\/il-faut-etre-satisfait-pep-guardiola-rend-son-verdict-sur-le-boycott-du-real-madrid-de-la-ceremonie-du-ballon-dor\/#breadcrumb\"},\"inLanguage\":\"fr-FR\",\"potentialAction\":[{\"@type\":\"ReadAction\",\"target\":[\"https:\/\/footdavant.fr\/actualites\/il-faut-etre-satisfait-pep-guardiola-rend-son-verdict-sur-le-boycott-du-real-madrid-de-la-ceremonie-du-ballon-dor\/\"]}]},{\"@type\":\"BreadcrumbList\",\"@id\":\"https:\/\/footdavant.fr\/actualites\/il-faut-etre-satisfait-pep-guardiola-rend-son-verdict-sur-le-boycott-du-real-madrid-de-la-ceremonie-du-ballon-dor\/#breadcrumb\",\"itemListElement\":[{\"@type\":\"ListItem\",\"position\":1,\"name\":\"Accueil\",\"item\":\"https:\/\/footdavant.fr\/actualites\/\"},{\"@type\":\"ListItem\",\"position\":2,\"name\":\"\u00ab\u00a0Il faut \u00eatre satisfait\u00a0\u00bb &#8211; Pep Guardiola rend son verdict sur le boycott du Real Madrid de la c\u00e9r\u00e9monie du Ballon d&#39;Or\"}]},{\"@type\":\"WebSite\",\"@id\":\"https:\/\/footdavant.fr\/actualites\/#website\",\"url\":\"https:\/\/footdavant.fr\/actualites\/\",\"name\":\"Foot d'avant\",\"description\":\"\",\"publisher\":{\"@id\":\"https:\/\/footdavant.fr\/actualites\/#organization\"},\"potentialAction\":[{\"@type\":\"SearchAction\",\"target\":{\"@type\":\"EntryPoint\",\"urlTemplate\":\"https:\/\/footdavant.fr\/actualites\/?s={search_term_string}\"},\"query-input\":\"required name=search_term_string\"}],\"inLanguage\":\"fr-FR\"},{\"@type\":\"Organization\",\"@id\":\"https:\/\/footdavant.fr\/actualites\/#organization\",\"name\":\"Foot d'avant\",\"url\":\"https:\/\/footdavant.fr\/actualites\/\",\"logo\":{\"@type\":\"ImageObject\",\"inLanguage\":\"fr-FR\",\"@id\":\"https:\/\/footdavant.fr\/actualites\/#\/schema\/logo\/image\/\",\"url\":\"https:\/\/footdavant.fr\/actualites\/wp-content\/uploads\/2023\/09\/Copy-of-FootDavant-Logo.png\",\"contentUrl\":\"https:\/\/footdavant.fr\/actualites\/wp-content\/uploads\/2023\/09\/Copy-of-FootDavant-Logo.png\",\"width\":936,\"height\":549,\"caption\":\"Foot d'avant\"},\"image\":{\"@id\":\"https:\/\/footdavant.fr\/actualites\/#\/schema\/logo\/image\/\"},\"sameAs\":[\"https:\/\/www.facebook.com\/Footdavant\/\",\"https:\/\/twitter.com\/FootdavantFr\",\"https:\/\/www.instagram.com\/footdavant.fr\/\"]},{\"@type\":\"Person\",\"@id\":\"https:\/\/footdavant.fr\/actualites\/#\/schema\/person\/bc222566d95871b37e597b3ed3ba5e1d\",\"name\":\"Cl\u00e9ment\",\"image\":{\"@type\":\"ImageObject\",\"inLanguage\":\"fr-FR\",\"@id\":\"https:\/\/footdavant.fr\/actualites\/#\/schema\/person\/image\/\",\"url\":\"https:\/\/secure.gravatar.com\/avatar\/7728b29aac2719421e1a9159b2254c44?s=96&d=mm&r=g\",\"contentUrl\":\"https:\/\/secure.gravatar.com\/avatar\/7728b29aac2719421e1a9159b2254c44?s=96&d=mm&r=g\",\"caption\":\"Cl\u00e9ment\"},\"sameAs\":[\"https:\/\/footdavant.fr\/\"]}]}<\/script>\n<!-- \/ Yoast SEO plugin. -->","yoast_head_json":{"title":"\"Il faut \u00eatre satisfait\" - Pep Guardiola rend son verdict sur le boycott du Real Madrid de la c\u00e9r\u00e9monie du Ballon d&#39;Or","robots":{"index":"index","follow":"follow","max-snippet":"max-snippet:-1","max-image-preview":"max-image-preview:large","max-video-preview":"max-video-preview:-1"},"canonical":"https:\/\/footdavant.fr\/actualites\/il-faut-etre-satisfait-pep-guardiola-rend-son-verdict-sur-le-boycott-du-real-madrid-de-la-ceremonie-du-ballon-dor\/","og_locale":"fr_FR","og_type":"article","og_title":"\"Il faut \u00eatre satisfait\" - Pep Guardiola rend son verdict sur le boycott du Real Madrid de la c\u00e9r\u00e9monie du Ballon d&#39;Or","og_description":"Le manager de Man City, Pep Guardiola, sugg\u00e8re que le Real Madrid devrait \u00eatre \u00ab\u00a0satisfait\u00a0\u00bb d&#39;avoir trois de ses joueurs parmi les quatre premiers du","og_url":"https:\/\/footdavant.fr\/actualites\/il-faut-etre-satisfait-pep-guardiola-rend-son-verdict-sur-le-boycott-du-real-madrid-de-la-ceremonie-du-ballon-dor\/","og_site_name":"Foot d&#039;avant","article_publisher":"https:\/\/www.facebook.com\/Footdavant\/","article_published_time":"2024-11-02T17:49:38+00:00","article_modified_time":"2024-11-02T17:49:40+00:00","og_image":[{"width":640,"height":480,"url":"https:\/\/footdavant.fr\/actualites\/wp-content\/uploads\/2024\/11\/Il-faut-etre-satisfait-Pep-Guardiola-rend-son-verdict.jpg","type":"image\/jpeg"}],"author":"Cl\u00e9ment","twitter_card":"summary_large_image","twitter_creator":"@FootdavantFr","twitter_site":"@FootdavantFr","twitter_misc":{"\u00c9crit par":"Cl\u00e9ment","Dur\u00e9e de lecture estim\u00e9e":"5 minutes"},"schema":{"@context":"https:\/\/schema.org","@graph":[{"@type":"Article","@id":"https:\/\/footdavant.fr\/actualites\/il-faut-etre-satisfait-pep-guardiola-rend-son-verdict-sur-le-boycott-du-real-madrid-de-la-ceremonie-du-ballon-dor\/#article","isPartOf":{"@id":"https:\/\/footdavant.fr\/actualites\/il-faut-etre-satisfait-pep-guardiola-rend-son-verdict-sur-le-boycott-du-real-madrid-de-la-ceremonie-du-ballon-dor\/"},"author":{"name":"Cl\u00e9ment","@id":"https:\/\/footdavant.fr\/actualites\/#\/schema\/person\/bc222566d95871b37e597b3ed3ba5e1d"},"headline":"\u00ab\u00a0Il faut \u00eatre satisfait\u00a0\u00bb &#8211; Pep Guardiola rend son verdict sur le boycott du Real Madrid de la c\u00e9r\u00e9monie du Ballon d&#39;Or","datePublished":"2024-11-02T17:49:38+00:00","dateModified":"2024-11-02T17:49:40+00:00","mainEntityOfPage":{"@id":"https:\/\/footdavant.fr\/actualites\/il-faut-etre-satisfait-pep-guardiola-rend-son-verdict-sur-le-boycott-du-real-madrid-de-la-ceremonie-du-ballon-dor\/"},"wordCount":982,"publisher":{"@id":"https:\/\/footdavant.fr\/actualites\/#organization"},"keywords":["Ballon","boycott","c\u00e9r\u00e9monie","d39Or","\u00eatre","faut","Guardiola","Madrid","Pep","Real","rend","satisfait","son","sur","verdict"],"articleSection":["Premier League"],"inLanguage":"fr-FR"},{"@type":"WebPage","@id":"https:\/\/footdavant.fr\/actualites\/il-faut-etre-satisfait-pep-guardiola-rend-son-verdict-sur-le-boycott-du-real-madrid-de-la-ceremonie-du-ballon-dor\/","url":"https:\/\/footdavant.fr\/actualites\/il-faut-etre-satisfait-pep-guardiola-rend-son-verdict-sur-le-boycott-du-real-madrid-de-la-ceremonie-du-ballon-dor\/","name":"\"Il faut \u00eatre satisfait\" - Pep Guardiola rend son verdict sur le boycott du Real Madrid de la c\u00e9r\u00e9monie du Ballon d&#39;Or","isPartOf":{"@id":"https:\/\/footdavant.fr\/actualites\/#website"},"datePublished":"2024-11-02T17:49:38+00:00","dateModified":"2024-11-02T17:49:40+00:00","breadcrumb":{"@id":"https:\/\/footdavant.fr\/actualites\/il-faut-etre-satisfait-pep-guardiola-rend-son-verdict-sur-le-boycott-du-real-madrid-de-la-ceremonie-du-ballon-dor\/#breadcrumb"},"inLanguage":"fr-FR","potentialAction":[{"@type":"ReadAction","target":["https:\/\/footdavant.fr\/actualites\/il-faut-etre-satisfait-pep-guardiola-rend-son-verdict-sur-le-boycott-du-real-madrid-de-la-ceremonie-du-ballon-dor\/"]}]},{"@type":"BreadcrumbList","@id":"https:\/\/footdavant.fr\/actualites\/il-faut-etre-satisfait-pep-guardiola-rend-son-verdict-sur-le-boycott-du-real-madrid-de-la-ceremonie-du-ballon-dor\/#breadcrumb","itemListElement":[{"@type":"ListItem","position":1,"name":"Accueil","item":"https:\/\/footdavant.fr\/actualites\/"},{"@type":"ListItem","position":2,"name":"\u00ab\u00a0Il faut \u00eatre satisfait\u00a0\u00bb &#8211; Pep Guardiola rend son verdict sur le boycott du Real Madrid de la c\u00e9r\u00e9monie du Ballon d&#39;Or"}]},{"@type":"WebSite","@id":"https:\/\/footdavant.fr\/actualites\/#website","url":"https:\/\/footdavant.fr\/actualites\/","name":"Foot d'avant","description":"","publisher":{"@id":"https:\/\/footdavant.fr\/actualites\/#organization"},"potentialAction":[{"@type":"SearchAction","target":{"@type":"EntryPoint","urlTemplate":"https:\/\/footdavant.fr\/actualites\/?s={search_term_string}"},"query-input":"required name=search_term_string"}],"inLanguage":"fr-FR"},{"@type":"Organization","@id":"https:\/\/footdavant.fr\/actualites\/#organization","name":"Foot d'avant","url":"https:\/\/footdavant.fr\/actualites\/","logo":{"@type":"ImageObject","inLanguage":"fr-FR","@id":"https:\/\/footdavant.fr\/actualites\/#\/schema\/logo\/image\/","url":"https:\/\/footdavant.fr\/actualites\/wp-content\/uploads\/2023\/09\/Copy-of-FootDavant-Logo.png","contentUrl":"https:\/\/footdavant.fr\/actualites\/wp-content\/uploads\/2023\/09\/Copy-of-FootDavant-Logo.png","width":936,"height":549,"caption":"Foot d'avant"},"image":{"@id":"https:\/\/footdavant.fr\/actualites\/#\/schema\/logo\/image\/"},"sameAs":["https:\/\/www.facebook.com\/Footdavant\/","https:\/\/twitter.com\/FootdavantFr","https:\/\/www.instagram.com\/footdavant.fr\/"]},{"@type":"Person","@id":"https:\/\/footdavant.fr\/actualites\/#\/schema\/person\/bc222566d95871b37e597b3ed3ba5e1d","name":"Cl\u00e9ment","image":{"@type":"ImageObject","inLanguage":"fr-FR","@id":"https:\/\/footdavant.fr\/actualites\/#\/schema\/person\/image\/","url":"https:\/\/secure.gravatar.com\/avatar\/7728b29aac2719421e1a9159b2254c44?s=96&d=mm&r=g","contentUrl":"https:\/\/secure.gravatar.com\/avatar\/7728b29aac2719421e1a9159b2254c44?s=96&d=mm&r=g","caption":"Cl\u00e9ment"},"sameAs":["https:\/\/footdavant.fr\/"]}]}},"_links":{"self":[{"href":"https:\/\/footdavant.fr\/actualites\/wp-json\/wp\/v2\/posts\/15606"}],"collection":[{"href":"https:\/\/footdavant.fr\/actualites\/wp-json\/wp\/v2\/posts"}],"about":[{"href":"https:\/\/footdavant.fr\/actualites\/wp-json\/wp\/v2\/types\/post"}],"author":[{"embeddable":true,"href":"https:\/\/footdavant.fr\/actualites\/wp-json\/wp\/v2\/users\/1"}],"replies":[{"embeddable":true,"href":"https:\/\/footdavant.fr\/actualites\/wp-json\/wp\/v2\/comments?post=15606"}],"version-history":[{"count":1,"href":"https:\/\/footdavant.fr\/actualites\/wp-json\/wp\/v2\/posts\/15606\/revisions"}],"predecessor-version":[{"id":15608,"href":"https:\/\/footdavant.fr\/actualites\/wp-json\/wp\/v2\/posts\/15606\/revisions\/15608"}],"wp:featuredmedia":[{"embeddable":true,"href":"https:\/\/footdavant.fr\/actualites\/wp-json\/wp\/v2\/media\/15607"}],"wp:attachment":[{"href":"https:\/\/footdavant.fr\/actualites\/wp-json\/wp\/v2\/media?parent=15606"}],"wp:term":[{"taxonomy":"category","embeddable":true,"href":"https:\/\/footdavant.fr\/actualites\/wp-json\/wp\/v2\/categories?post=15606"},{"taxonomy":"post_tag","embeddable":true,"href":"https:\/\/footdavant.fr\/actualites\/wp-json\/wp\/v2\/tags?post=15606"}],"curies":[{"name":"wp","href":"https:\/\/api.w.org\/{rel}","templated":true}]}}