{"id":15685,"date":"2024-11-04T09:49:11","date_gmt":"2024-11-04T08:49:11","guid":{"rendered":"https:\/\/footdavant.fr\/actualites\/real-madrid-contre-ac-milan-bilan-des-face-a-face-et-rencontres-passees\/"},"modified":"2024-11-04T09:49:14","modified_gmt":"2024-11-04T08:49:14","slug":"real-madrid-contre-ac-milan-bilan-des-face-a-face-et-rencontres-passees","status":"publish","type":"post","link":"https:\/\/footdavant.fr\/actualites\/real-madrid-contre-ac-milan-bilan-des-face-a-face-et-rencontres-passees\/","title":{"rendered":"Real Madrid contre AC Milan : bilan des face-\u00e0-face et rencontres pass\u00e9es"},"content":{"rendered":"<p>Avant le choc de la Ligue des Champions de mardi entre le Real Madrid et l&#39;AC Milan, Sports Mole revient sur le bilan des confrontations et les rencontres pr\u00e9c\u00e9dentes entre les deux clubs.<\/p>\n<div id=\"article_body\" itemprop=\"articleBody\">\n<p class=\"firstPara\">Deux g\u00e9ants du football europ\u00e9en s&#39;affronteront lors de la phase de championnat de la saison 2024-25 <strong class=\"autotag\">Ligue des Champions<\/strong> mardi soir, avec les champions en titre <strong class=\"autotag\">R\u00e9al Madrid<\/strong> prendre une tenue italienne <strong class=\"autotag\">Milan AC<\/strong> au Bernab\u00e9u.<\/p>\n<p>Le Real Madrid a vu son affrontement en Liga contre Valence, pr\u00e9vu samedi soir, <strong>report\u00e9 en raison des inondations d\u00e9vastatrices en Espagne<\/strong>mais Milan \u00e9tait en action samedi, enregistrant une victoire 1-0 contre Monza en Serie A.<\/p>\n<p>Los Blancos ont r\u00e9colt\u00e9 six points lors de leurs trois matches europ\u00e9ens cette saison pour se classer 12e du classement. <strong>Tableau de la Ligue des Champions<\/strong>tandis que Milan est \u00e0 la 25e place, n&#39;ayant r\u00e9colt\u00e9 que trois points lors de ses trois premiers matchs.<\/p>\n<p>Ici, <strong>Taupe de sport<\/strong> examine en profondeur le bilan des confrontations et les rencontres pr\u00e9c\u00e9dentes entre les deux \u00e9quipes avant leur match all\u00e9chant dans la capitale espagnole mardi soir.<\/p>\n<hr>\n<p class=\"imgI\">\n<h2>Record en face-\u00e0-face<\/h2>\n<p><strong>R\u00e9unions pr\u00e9c\u00e9dentes :<\/strong> 15<br \/><strong>Le Real Madrid gagne :<\/strong> 6<br \/><strong>Tirages\u00a0:<\/strong> 3<br \/><strong>L&#39;AC Milan gagne :<\/strong> 6<\/p>\n<p>Deux des plus grands clubs du football europ\u00e9en, le Real Madrid et l&#39;AC Milan, se sont rencontr\u00e9s \u00e0 15 reprises au cours de leur histoire et ont tous deux enregistr\u00e9 six victoires, tandis qu&#39;il y a \u00e9galement eu trois nuls entre les deux \u00e9quipes.<\/p>\n<p>La toute premi\u00e8re rencontre entre les deux \u00e9quipes a eu lieu en demi-finale de la Coupe d&#39;Europe 1955-56, le Real Madrid enregistrant une victoire 4-2 au match aller, avant que Milan ne s&#39;impose 2-1 au match retour.<\/p>\n<p>Les deux hommes se sont ensuite rencontr\u00e9s en finale de la Coupe d&#39;Europe 1957-58, le Real Madrid remportant le troph\u00e9e gr\u00e2ce \u00e0 un succ\u00e8s 3-2 contre les g\u00e9ants italiens en Belgique ; cette victoire offre au Real Madrid une troisi\u00e8me Coupe d&#39;Europe cons\u00e9cutive, avec le grand <strong class=\"autotag\">Alfredo Di Stefano<\/strong> parmi les buteurs du Los Blancos, qui sont incontestablement les rois de cette comp\u00e9tition, l&#39;ayant remport\u00e9e \u00e0 15 reprises.<\/p>\n<p>Les deux \u00e9quipes se rencontreront ensuite en quarts de finale, demi-finales et huiti\u00e8mes de finale dans les ann\u00e9es \u00e0 venir, mais leur tout premier affrontement en Ligue des champions a eu lieu en novembre 2002, Milan s&#39;imposant 1-0 en la phase de groupes.<\/p>\n<p>Chacune des six derni\u00e8res rencontres entre les \u00e9quipes s&#39;est d\u00e9roul\u00e9e en phase de groupes de la Ligue des champions, alors qu&#39;elles ne se sont plus affront\u00e9es depuis novembre 2010, lorsqu&#39;elles ont disput\u00e9 un match nul 2-2 \u00e0 Milan.<\/p>\n<p>La derni\u00e8re confrontation entre les deux \u00e9quipes au Bernabeu a eu lieu en octobre 2010, le Real Madrid s&#39;imposant 2-0 gr\u00e2ce \u00e0 des buts de <strong class=\"autotag\">Cristiano Ronaldo<\/strong> et <strong class=\"autotag\">Mesut \u00d6zil<\/strong>avec <strong class=\"autotag\">Ronaldinho<\/strong>, <strong class=\"autotag\">Andrea Pirlo<\/strong> et <strong class=\"autotag\">Zlatan Ibrahimovic<\/strong> parmi les joueurs milanais.<\/p>\n<p>Milan n&#39;a battu le Real Madrid qu&#39;une seule fois au Bernabeu, et ce succ\u00e8s est survenu lors de la phase de groupes de la comp\u00e9tition 2009-10, avec Pirlo et <strong class=\"autotag\">Alexandre Pato<\/strong> (deux) inscrivant une victoire 3-2 pour les g\u00e9ants italiens.<\/p>\n<p>Trois joueurs ont marqu\u00e9 le plus de buts dans cette rencontre, avec <strong class=\"autotag\">Raoul<\/strong>, <strong class=\"autotag\">Marco van Basten<\/strong> et Di Stefano tous sur trois.<\/p>\n<h2>R\u00e9unions pr\u00e9c\u00e9dentes<\/h2>\n<p><strong>03 novembre 2010\u00a0:<\/strong> AC Milan 2-2 Real Madrid (phase de groupes de la Ligue des Champions)<br \/><strong>19 octobre 2010\u00a0:<\/strong> Real Madrid 2-0 AC Milan (phase de groupes de la Ligue des Champions)<br \/><strong>03 novembre 2009\u00a0:<\/strong> AC Milan 1-1 Real Madrid (phase de groupes de la Ligue des Champions)<br \/><strong>21 octobre 2009\u00a0:<\/strong> Real Madrid 2-3 AC Milan (phase de groupes de la Ligue des Champions)<br \/><strong>12 mars 2003\u00a0:<\/strong> Real Madrid 3-1 AC Milan (phase de groupes de la Ligue des Champions)<br \/><strong>26 novembre 2002\u00a0:<\/strong> AC Milan 1-0 Real Madrid (phase de groupes de la Ligue des Champions)<br \/><strong>01 novembre 1989\u00a0:<\/strong> Real Madrid 1-0 AC Milan (8es de finale retour de Coupe d&#39;Europe)<br \/><strong>18 octobre 1989\u00a0:<\/strong> AC Milan 2-0 Real Madrid (8es de finale aller de Coupe d&#39;Europe)<br \/><strong>19 avril 1989\u00a0:<\/strong> AC Milan 5-0 Real Madrid (demi-finale retour de la Coupe d&#39;Europe)<br \/><strong>05 avril 1989\u00a0:<\/strong> Real Madrid 1-1 AC Milan (demi-finale aller de Coupe d&#39;Europe)<br \/><strong>13 f\u00e9vrier 1964\u00a0:<\/strong> AC Milan 2-0 Real Madrid (quart de finale retour de la Coupe d&#39;Europe)<br \/><strong>29 janvier 1964\u00a0:<\/strong> Real Madrid 4-1 AC Milan (quart de finale aller de la Coupe d&#39;Europe)<br \/><strong>28 mai 1958\u00a0:<\/strong> Real Madrid 3-2 AC Milan (Finale de Coupe d&#39;Europe)<br \/><strong>1er mai 1956\u00a0:<\/strong> AC Milan 2-1 Real Madrid (demi-finale retour de la Coupe d&#39;Europe)<br \/><strong>19 avril 1956\u00a0:<\/strong> Real Madrid 4-2 AC Milan (demi-finale aller de Coupe d&#39;Europe)<\/p>\n<\/div>\n","protected":false},"excerpt":{"rendered":"<p>Avant le choc de la Ligue des Champions de mardi entre le Real Madrid et l&#39;AC Milan, Sports Mole revient sur le bilan des confrontations<\/p>\n","protected":false},"author":1,"featured_media":15686,"comment_status":"closed","ping_status":"","sticky":false,"template":"","format":"standard","meta":{"footnotes":""},"categories":[4],"tags":[251,20,12,252,303,250,254,302,253],"yoast_head":"<!-- This site is optimized with the Yoast SEO plugin v21.0 - https:\/\/yoast.com\/wordpress\/plugins\/seo\/ -->\n<title>Real Madrid contre AC Milan : bilan des face-\u00e0-face et rencontres pass\u00e9es<\/title>\n<meta name=\"robots\" content=\"index, follow, max-snippet:-1, max-image-preview:large, max-video-preview:-1\" \/>\n<link rel=\"canonical\" href=\"https:\/\/footdavant.fr\/actualites\/real-madrid-contre-ac-milan-bilan-des-face-a-face-et-rencontres-passees\/\" \/>\n<meta property=\"og:locale\" content=\"fr_FR\" \/>\n<meta property=\"og:type\" content=\"article\" \/>\n<meta property=\"og:title\" content=\"Real Madrid contre AC Milan : bilan des face-\u00e0-face et rencontres pass\u00e9es\" \/>\n<meta property=\"og:description\" content=\"Avant le choc de la Ligue des Champions de mardi entre le Real Madrid et l&#039;AC Milan, Sports Mole revient sur le bilan des confrontations\" \/>\n<meta property=\"og:url\" content=\"https:\/\/footdavant.fr\/actualites\/real-madrid-contre-ac-milan-bilan-des-face-a-face-et-rencontres-passees\/\" \/>\n<meta property=\"og:site_name\" content=\"Foot d&#039;avant\" \/>\n<meta property=\"article:publisher\" content=\"https:\/\/www.facebook.com\/Footdavant\/\" \/>\n<meta property=\"article:published_time\" content=\"2024-11-04T08:49:11+00:00\" \/>\n<meta property=\"article:modified_time\" content=\"2024-11-04T08:49:14+00:00\" \/>\n<meta property=\"og:image\" content=\"https:\/\/footdavant.fr\/actualites\/wp-content\/uploads\/2024\/11\/Real-Madrid-contre-AC-Milan-bilan-des-face-a-face-et.jpg\" \/>\n\t<meta property=\"og:image:width\" content=\"1280\" \/>\n\t<meta property=\"og:image:height\" content=\"960\" \/>\n\t<meta property=\"og:image:type\" content=\"image\/jpeg\" \/>\n<meta name=\"author\" content=\"Cl\u00e9ment\" \/>\n<meta name=\"twitter:card\" content=\"summary_large_image\" \/>\n<meta name=\"twitter:creator\" content=\"@FootdavantFr\" \/>\n<meta name=\"twitter:site\" content=\"@FootdavantFr\" \/>\n<meta name=\"twitter:label1\" content=\"\u00c9crit par\" \/>\n\t<meta name=\"twitter:data1\" content=\"Cl\u00e9ment\" \/>\n\t<meta name=\"twitter:label2\" content=\"Dur\u00e9e de lecture estim\u00e9e\" \/>\n\t<meta name=\"twitter:data2\" content=\"4 minutes\" \/>\n<script type=\"application\/ld+json\" class=\"yoast-schema-graph\">{\"@context\":\"https:\/\/schema.org\",\"@graph\":[{\"@type\":\"Article\",\"@id\":\"https:\/\/footdavant.fr\/actualites\/real-madrid-contre-ac-milan-bilan-des-face-a-face-et-rencontres-passees\/#article\",\"isPartOf\":{\"@id\":\"https:\/\/footdavant.fr\/actualites\/real-madrid-contre-ac-milan-bilan-des-face-a-face-et-rencontres-passees\/\"},\"author\":{\"name\":\"Cl\u00e9ment\",\"@id\":\"https:\/\/footdavant.fr\/actualites\/#\/schema\/person\/bc222566d95871b37e597b3ed3ba5e1d\"},\"headline\":\"Real Madrid contre AC Milan : bilan des face-\u00e0-face et rencontres pass\u00e9es\",\"datePublished\":\"2024-11-04T08:49:11+00:00\",\"dateModified\":\"2024-11-04T08:49:14+00:00\",\"mainEntityOfPage\":{\"@id\":\"https:\/\/footdavant.fr\/actualites\/real-madrid-contre-ac-milan-bilan-des-face-a-face-et-rencontres-passees\/\"},\"wordCount\":792,\"publisher\":{\"@id\":\"https:\/\/footdavant.fr\/actualites\/#organization\"},\"keywords\":[\"bilan\",\"contre\",\"des\",\"face\u00e0face\",\"Madrid\",\"Milan\",\"pass\u00e9es\",\"Real\",\"rencontres\"],\"articleSection\":[\"Champions League\"],\"inLanguage\":\"fr-FR\"},{\"@type\":\"WebPage\",\"@id\":\"https:\/\/footdavant.fr\/actualites\/real-madrid-contre-ac-milan-bilan-des-face-a-face-et-rencontres-passees\/\",\"url\":\"https:\/\/footdavant.fr\/actualites\/real-madrid-contre-ac-milan-bilan-des-face-a-face-et-rencontres-passees\/\",\"name\":\"Real Madrid contre AC Milan : bilan des face-\u00e0-face et rencontres pass\u00e9es\",\"isPartOf\":{\"@id\":\"https:\/\/footdavant.fr\/actualites\/#website\"},\"datePublished\":\"2024-11-04T08:49:11+00:00\",\"dateModified\":\"2024-11-04T08:49:14+00:00\",\"breadcrumb\":{\"@id\":\"https:\/\/footdavant.fr\/actualites\/real-madrid-contre-ac-milan-bilan-des-face-a-face-et-rencontres-passees\/#breadcrumb\"},\"inLanguage\":\"fr-FR\",\"potentialAction\":[{\"@type\":\"ReadAction\",\"target\":[\"https:\/\/footdavant.fr\/actualites\/real-madrid-contre-ac-milan-bilan-des-face-a-face-et-rencontres-passees\/\"]}]},{\"@type\":\"BreadcrumbList\",\"@id\":\"https:\/\/footdavant.fr\/actualites\/real-madrid-contre-ac-milan-bilan-des-face-a-face-et-rencontres-passees\/#breadcrumb\",\"itemListElement\":[{\"@type\":\"ListItem\",\"position\":1,\"name\":\"Accueil\",\"item\":\"https:\/\/footdavant.fr\/actualites\/\"},{\"@type\":\"ListItem\",\"position\":2,\"name\":\"Real Madrid contre AC Milan : bilan des face-\u00e0-face et rencontres pass\u00e9es\"}]},{\"@type\":\"WebSite\",\"@id\":\"https:\/\/footdavant.fr\/actualites\/#website\",\"url\":\"https:\/\/footdavant.fr\/actualites\/\",\"name\":\"Foot d'avant\",\"description\":\"\",\"publisher\":{\"@id\":\"https:\/\/footdavant.fr\/actualites\/#organization\"},\"potentialAction\":[{\"@type\":\"SearchAction\",\"target\":{\"@type\":\"EntryPoint\",\"urlTemplate\":\"https:\/\/footdavant.fr\/actualites\/?s={search_term_string}\"},\"query-input\":\"required name=search_term_string\"}],\"inLanguage\":\"fr-FR\"},{\"@type\":\"Organization\",\"@id\":\"https:\/\/footdavant.fr\/actualites\/#organization\",\"name\":\"Foot d'avant\",\"url\":\"https:\/\/footdavant.fr\/actualites\/\",\"logo\":{\"@type\":\"ImageObject\",\"inLanguage\":\"fr-FR\",\"@id\":\"https:\/\/footdavant.fr\/actualites\/#\/schema\/logo\/image\/\",\"url\":\"https:\/\/footdavant.fr\/actualites\/wp-content\/uploads\/2023\/09\/Copy-of-FootDavant-Logo.png\",\"contentUrl\":\"https:\/\/footdavant.fr\/actualites\/wp-content\/uploads\/2023\/09\/Copy-of-FootDavant-Logo.png\",\"width\":936,\"height\":549,\"caption\":\"Foot d'avant\"},\"image\":{\"@id\":\"https:\/\/footdavant.fr\/actualites\/#\/schema\/logo\/image\/\"},\"sameAs\":[\"https:\/\/www.facebook.com\/Footdavant\/\",\"https:\/\/twitter.com\/FootdavantFr\",\"https:\/\/www.instagram.com\/footdavant.fr\/\"]},{\"@type\":\"Person\",\"@id\":\"https:\/\/footdavant.fr\/actualites\/#\/schema\/person\/bc222566d95871b37e597b3ed3ba5e1d\",\"name\":\"Cl\u00e9ment\",\"image\":{\"@type\":\"ImageObject\",\"inLanguage\":\"fr-FR\",\"@id\":\"https:\/\/footdavant.fr\/actualites\/#\/schema\/person\/image\/\",\"url\":\"https:\/\/secure.gravatar.com\/avatar\/7728b29aac2719421e1a9159b2254c44?s=96&d=mm&r=g\",\"contentUrl\":\"https:\/\/secure.gravatar.com\/avatar\/7728b29aac2719421e1a9159b2254c44?s=96&d=mm&r=g\",\"caption\":\"Cl\u00e9ment\"},\"sameAs\":[\"https:\/\/footdavant.fr\/\"]}]}<\/script>\n<!-- \/ Yoast SEO plugin. -->","yoast_head_json":{"title":"Real Madrid contre AC Milan : bilan des face-\u00e0-face et rencontres pass\u00e9es","robots":{"index":"index","follow":"follow","max-snippet":"max-snippet:-1","max-image-preview":"max-image-preview:large","max-video-preview":"max-video-preview:-1"},"canonical":"https:\/\/footdavant.fr\/actualites\/real-madrid-contre-ac-milan-bilan-des-face-a-face-et-rencontres-passees\/","og_locale":"fr_FR","og_type":"article","og_title":"Real Madrid contre AC Milan : bilan des face-\u00e0-face et rencontres pass\u00e9es","og_description":"Avant le choc de la Ligue des Champions de mardi entre le Real Madrid et l&#39;AC Milan, Sports Mole revient sur le bilan des confrontations","og_url":"https:\/\/footdavant.fr\/actualites\/real-madrid-contre-ac-milan-bilan-des-face-a-face-et-rencontres-passees\/","og_site_name":"Foot d&#039;avant","article_publisher":"https:\/\/www.facebook.com\/Footdavant\/","article_published_time":"2024-11-04T08:49:11+00:00","article_modified_time":"2024-11-04T08:49:14+00:00","og_image":[{"width":1280,"height":960,"url":"https:\/\/footdavant.fr\/actualites\/wp-content\/uploads\/2024\/11\/Real-Madrid-contre-AC-Milan-bilan-des-face-a-face-et.jpg","type":"image\/jpeg"}],"author":"Cl\u00e9ment","twitter_card":"summary_large_image","twitter_creator":"@FootdavantFr","twitter_site":"@FootdavantFr","twitter_misc":{"\u00c9crit par":"Cl\u00e9ment","Dur\u00e9e de lecture estim\u00e9e":"4 minutes"},"schema":{"@context":"https:\/\/schema.org","@graph":[{"@type":"Article","@id":"https:\/\/footdavant.fr\/actualites\/real-madrid-contre-ac-milan-bilan-des-face-a-face-et-rencontres-passees\/#article","isPartOf":{"@id":"https:\/\/footdavant.fr\/actualites\/real-madrid-contre-ac-milan-bilan-des-face-a-face-et-rencontres-passees\/"},"author":{"name":"Cl\u00e9ment","@id":"https:\/\/footdavant.fr\/actualites\/#\/schema\/person\/bc222566d95871b37e597b3ed3ba5e1d"},"headline":"Real Madrid contre AC Milan : bilan des face-\u00e0-face et rencontres pass\u00e9es","datePublished":"2024-11-04T08:49:11+00:00","dateModified":"2024-11-04T08:49:14+00:00","mainEntityOfPage":{"@id":"https:\/\/footdavant.fr\/actualites\/real-madrid-contre-ac-milan-bilan-des-face-a-face-et-rencontres-passees\/"},"wordCount":792,"publisher":{"@id":"https:\/\/footdavant.fr\/actualites\/#organization"},"keywords":["bilan","contre","des","face\u00e0face","Madrid","Milan","pass\u00e9es","Real","rencontres"],"articleSection":["Champions League"],"inLanguage":"fr-FR"},{"@type":"WebPage","@id":"https:\/\/footdavant.fr\/actualites\/real-madrid-contre-ac-milan-bilan-des-face-a-face-et-rencontres-passees\/","url":"https:\/\/footdavant.fr\/actualites\/real-madrid-contre-ac-milan-bilan-des-face-a-face-et-rencontres-passees\/","name":"Real Madrid contre AC Milan : bilan des face-\u00e0-face et rencontres pass\u00e9es","isPartOf":{"@id":"https:\/\/footdavant.fr\/actualites\/#website"},"datePublished":"2024-11-04T08:49:11+00:00","dateModified":"2024-11-04T08:49:14+00:00","breadcrumb":{"@id":"https:\/\/footdavant.fr\/actualites\/real-madrid-contre-ac-milan-bilan-des-face-a-face-et-rencontres-passees\/#breadcrumb"},"inLanguage":"fr-FR","potentialAction":[{"@type":"ReadAction","target":["https:\/\/footdavant.fr\/actualites\/real-madrid-contre-ac-milan-bilan-des-face-a-face-et-rencontres-passees\/"]}]},{"@type":"BreadcrumbList","@id":"https:\/\/footdavant.fr\/actualites\/real-madrid-contre-ac-milan-bilan-des-face-a-face-et-rencontres-passees\/#breadcrumb","itemListElement":[{"@type":"ListItem","position":1,"name":"Accueil","item":"https:\/\/footdavant.fr\/actualites\/"},{"@type":"ListItem","position":2,"name":"Real Madrid contre AC Milan : bilan des face-\u00e0-face et rencontres pass\u00e9es"}]},{"@type":"WebSite","@id":"https:\/\/footdavant.fr\/actualites\/#website","url":"https:\/\/footdavant.fr\/actualites\/","name":"Foot d'avant","description":"","publisher":{"@id":"https:\/\/footdavant.fr\/actualites\/#organization"},"potentialAction":[{"@type":"SearchAction","target":{"@type":"EntryPoint","urlTemplate":"https:\/\/footdavant.fr\/actualites\/?s={search_term_string}"},"query-input":"required name=search_term_string"}],"inLanguage":"fr-FR"},{"@type":"Organization","@id":"https:\/\/footdavant.fr\/actualites\/#organization","name":"Foot d'avant","url":"https:\/\/footdavant.fr\/actualites\/","logo":{"@type":"ImageObject","inLanguage":"fr-FR","@id":"https:\/\/footdavant.fr\/actualites\/#\/schema\/logo\/image\/","url":"https:\/\/footdavant.fr\/actualites\/wp-content\/uploads\/2023\/09\/Copy-of-FootDavant-Logo.png","contentUrl":"https:\/\/footdavant.fr\/actualites\/wp-content\/uploads\/2023\/09\/Copy-of-FootDavant-Logo.png","width":936,"height":549,"caption":"Foot d'avant"},"image":{"@id":"https:\/\/footdavant.fr\/actualites\/#\/schema\/logo\/image\/"},"sameAs":["https:\/\/www.facebook.com\/Footdavant\/","https:\/\/twitter.com\/FootdavantFr","https:\/\/www.instagram.com\/footdavant.fr\/"]},{"@type":"Person","@id":"https:\/\/footdavant.fr\/actualites\/#\/schema\/person\/bc222566d95871b37e597b3ed3ba5e1d","name":"Cl\u00e9ment","image":{"@type":"ImageObject","inLanguage":"fr-FR","@id":"https:\/\/footdavant.fr\/actualites\/#\/schema\/person\/image\/","url":"https:\/\/secure.gravatar.com\/avatar\/7728b29aac2719421e1a9159b2254c44?s=96&d=mm&r=g","contentUrl":"https:\/\/secure.gravatar.com\/avatar\/7728b29aac2719421e1a9159b2254c44?s=96&d=mm&r=g","caption":"Cl\u00e9ment"},"sameAs":["https:\/\/footdavant.fr\/"]}]}},"_links":{"self":[{"href":"https:\/\/footdavant.fr\/actualites\/wp-json\/wp\/v2\/posts\/15685"}],"collection":[{"href":"https:\/\/footdavant.fr\/actualites\/wp-json\/wp\/v2\/posts"}],"about":[{"href":"https:\/\/footdavant.fr\/actualites\/wp-json\/wp\/v2\/types\/post"}],"author":[{"embeddable":true,"href":"https:\/\/footdavant.fr\/actualites\/wp-json\/wp\/v2\/users\/1"}],"replies":[{"embeddable":true,"href":"https:\/\/footdavant.fr\/actualites\/wp-json\/wp\/v2\/comments?post=15685"}],"version-history":[{"count":1,"href":"https:\/\/footdavant.fr\/actualites\/wp-json\/wp\/v2\/posts\/15685\/revisions"}],"predecessor-version":[{"id":15687,"href":"https:\/\/footdavant.fr\/actualites\/wp-json\/wp\/v2\/posts\/15685\/revisions\/15687"}],"wp:featuredmedia":[{"embeddable":true,"href":"https:\/\/footdavant.fr\/actualites\/wp-json\/wp\/v2\/media\/15686"}],"wp:attachment":[{"href":"https:\/\/footdavant.fr\/actualites\/wp-json\/wp\/v2\/media?parent=15685"}],"wp:term":[{"taxonomy":"category","embeddable":true,"href":"https:\/\/footdavant.fr\/actualites\/wp-json\/wp\/v2\/categories?post=15685"},{"taxonomy":"post_tag","embeddable":true,"href":"https:\/\/footdavant.fr\/actualites\/wp-json\/wp\/v2\/tags?post=15685"}],"curies":[{"name":"wp","href":"https:\/\/api.w.org\/{rel}","templated":true}]}}