{"id":15688,"date":"2024-11-04T10:49:35","date_gmt":"2024-11-04T09:49:35","guid":{"rendered":"https:\/\/footdavant.fr\/actualites\/fulham-parmi-le-quatuor-pl-envisage-une-decision-pour-lattaquant-de-lac-milan\/"},"modified":"2024-11-04T10:49:36","modified_gmt":"2024-11-04T09:49:36","slug":"fulham-parmi-le-quatuor-pl-envisage-une-decision-pour-lattaquant-de-lac-milan","status":"publish","type":"post","link":"https:\/\/footdavant.fr\/actualites\/fulham-parmi-le-quatuor-pl-envisage-une-decision-pour-lattaquant-de-lac-milan\/","title":{"rendered":"Fulham parmi le quatuor PL envisage une d\u00e9cision pour l&#39;attaquant de l&#39;AC Milan"},"content":{"rendered":"<p>Fulham ferait partie des quatre clubs de Premier League qui manifesteraient leur int\u00e9r\u00eat pour la signature de l&#39;ailier de l&#39;AC Milan, Samuel Chukwueze.<\/p>\n<div id=\"article_body\" itemprop=\"articleBody\">\n<h3 class=\"firstPara\">\n<strong class=\"autotag\">Fulham<\/strong> seraient parmi les quatre clubs de Premier League int\u00e9ress\u00e9s \u00e0 signer <strong class=\"autotag\">Milan AC<\/strong> ailier <strong class=\"autotag\">Samuel Chukwueze<\/strong>.<\/h3>\n<p>On pense que Milan r\u00e9fl\u00e9chit \u00e0 une \u00e9ventuelle d\u00e9cision pour <strong class=\"autotag\">Manchester United<\/strong>c&#39;est <strong class=\"autotag\">Antoine<\/strong>OMS <strong>pourrait \u00eatre autoris\u00e9 \u00e0 partir<\/strong> les Diables Rouges lors du mercato de janvier.<\/p>\n<p>Cependant, une d\u00e9cision potentielle pour Antony peut d\u00e9pendre de la capacit\u00e9 de Milan \u00e0 se d\u00e9barrasser de Chukwueze lors de l&#39;ouverture de la fen\u00eatre de transfert au cours de la nouvelle ann\u00e9e.<\/p>\n<p>On pense que Milan renforcera son int\u00e9r\u00eat pour le Br\u00e9silien s&#39;il parvient \u00e0 cr\u00e9er de l&#39;espace dans l&#39;\u00e9quipe en sanctionnant le d\u00e9part de Chukwueze.<\/p>\n<p class=\"imgI\">\n<h2 class=\"k3\">Fulham parmi les pr\u00e9tendants potentiels de Chukwueze<\/h2>\n<p>Selon <em>Pris hors jeu<\/em>Fulham est l&#39;un des quatre clubs de Premier League qui envisagent une \u00e9ventuelle d\u00e9cision pour l&#39;international nig\u00e9rian.<\/p>\n<p>Le rapport affirme que <strong class=\"autotag\">Villa Aston<\/strong>, <strong class=\"autotag\">Wanderers de Wolverhampton<\/strong> et <strong class=\"autotag\">West Ham United<\/strong> gardant \u00e9galement un \u0153il sur l\u2019attaquant de 25 ans.<\/p>\n<p>Cependant, on pense qu&#39;Aston Villa pourrait avoir l&#39;avantage sur ses rivaux nationaux en raison de <strong class=\"autotag\">Unai Emery<\/strong>La relation avec le joueur.<\/p>\n<p>Le patron d&#39;Aston Villa a d\u00e9j\u00e0 travaill\u00e9 avec Chukwueze lorsqu&#39;il \u00e9tait entra\u00eeneur-chef de Villarreal, les deux hommes remportant la Ligue Europa et atteignant les demi-finales de la Ligue des champions.<\/p>\n<p class=\"imgI\"><img decoding=\"async\" loading=\"lazy\" class=\"l\" src=\"https:\/\/footdavant.fr\/actualites\/wp-content\/uploads\/2024\/11\/1730713775_727_Fulham-parmi-le-quatuor-PL-envisage-une-decision-pour-l39attaquant.jpg\" title=\"Unai Emery, manager d&#39;Aston Villa, photographi\u00e9 le 24 septembre 2024\" alt=\"Unai Emery, manager d&#39;Aston Villa, photographi\u00e9 le 24 septembre 2024\" width=\"640\" height=\"480\"><\/p>\n<h2 class=\"k3\">Chukwueze quittera-t-il Milan en janvier ?<\/h2>\n<p>Chukwueze est sous contrat jusqu&#39;\u00e0 l&#39;\u00e9t\u00e9 2028 apr\u00e8s avoir sign\u00e9 un contrat de cinq ans \u00e0 son arriv\u00e9e \u00e0 Milan en juillet 2023.<\/p>\n<p>Cependant, il pourrait chercher \u00e0 gagner du temps de jeu r\u00e9gulier ailleurs, n&#39;ayant pas r\u00e9ussi \u00e0 obtenir une place de titulaire r\u00e9guli\u00e8re \u00e0 San Siro.<\/p>\n<p>L&#39;ailier gaucher n&#39;a d\u00e9but\u00e9 que 14 de ses 33 apparitions en comp\u00e9tition en 2023-24, marquant trois buts et trois passes d\u00e9cisives.<\/p>\n<p>Chukwueze n&#39;a d\u00fb se contenter que de trois titularisations en 10 matches au cours de la campagne en cours, m\u00eame s&#39;il a montr\u00e9 des signes prometteurs lors de ses deux derni\u00e8res sorties.<\/p>\n<p>L&#39;ancien joueur de Villarreal a marqu\u00e9 le but vainqueur lors d&#39;un match de championnat contre l&#39;Udinese, avant de fournir une passe d\u00e9cisive lors d&#39;une victoire 3-1 en Ligue des champions contre le Club de Bruges.<\/p>\n<p>Il reste finalement \u00e0 voir si Chukwueze pourra s&#39;\u00e9tablir dans <strong class=\"autotag\">Paulo Fonseca<\/strong>du c\u00f4t\u00e9 d&#39;ici la fen\u00eatre de janvier.<\/p>\n<\/div>\n","protected":false},"excerpt":{"rendered":"<p>Fulham ferait partie des quatre clubs de Premier League qui manifesteraient leur int\u00e9r\u00eat pour la signature de l&#39;ailier de l&#39;AC Milan, Samuel Chukwueze. Fulham seraient<\/p>\n","protected":false},"author":1,"featured_media":15689,"comment_status":"closed","ping_status":"","sticky":false,"template":"","format":"standard","meta":{"footnotes":""},"categories":[5],"tags":[497,496,348,4416,4304,250,1048,51,3422,92],"yoast_head":"<!-- This site is optimized with the Yoast SEO plugin v21.0 - https:\/\/yoast.com\/wordpress\/plugins\/seo\/ -->\n<title>Fulham parmi le quatuor PL envisage une d\u00e9cision pour l&#039;attaquant de l&#039;AC Milan<\/title>\n<meta name=\"robots\" content=\"index, follow, max-snippet:-1, max-image-preview:large, max-video-preview:-1\" \/>\n<link rel=\"canonical\" href=\"https:\/\/footdavant.fr\/actualites\/fulham-parmi-le-quatuor-pl-envisage-une-decision-pour-lattaquant-de-lac-milan\/\" \/>\n<meta property=\"og:locale\" content=\"fr_FR\" \/>\n<meta property=\"og:type\" content=\"article\" \/>\n<meta property=\"og:title\" content=\"Fulham parmi le quatuor PL envisage une d\u00e9cision pour l&#039;attaquant de l&#039;AC Milan\" \/>\n<meta property=\"og:description\" content=\"Fulham ferait partie des quatre clubs de Premier League qui manifesteraient leur int\u00e9r\u00eat pour la signature de l&#039;ailier de l&#039;AC Milan, Samuel Chukwueze. Fulham seraient\" \/>\n<meta property=\"og:url\" content=\"https:\/\/footdavant.fr\/actualites\/fulham-parmi-le-quatuor-pl-envisage-une-decision-pour-lattaquant-de-lac-milan\/\" \/>\n<meta property=\"og:site_name\" content=\"Foot d&#039;avant\" \/>\n<meta property=\"article:publisher\" content=\"https:\/\/www.facebook.com\/Footdavant\/\" \/>\n<meta property=\"article:published_time\" content=\"2024-11-04T09:49:35+00:00\" \/>\n<meta property=\"article:modified_time\" content=\"2024-11-04T09:49:36+00:00\" \/>\n<meta property=\"og:image\" content=\"https:\/\/footdavant.fr\/actualites\/wp-content\/uploads\/2024\/11\/Fulham-parmi-le-quatuor-PL-envisage-une-decision-pour-l39attaquant.jpg\" \/>\n\t<meta property=\"og:image:width\" content=\"640\" \/>\n\t<meta property=\"og:image:height\" content=\"480\" \/>\n\t<meta property=\"og:image:type\" content=\"image\/jpeg\" \/>\n<meta name=\"author\" content=\"Cl\u00e9ment\" \/>\n<meta name=\"twitter:card\" content=\"summary_large_image\" \/>\n<meta name=\"twitter:creator\" content=\"@FootdavantFr\" \/>\n<meta name=\"twitter:site\" content=\"@FootdavantFr\" \/>\n<meta name=\"twitter:label1\" content=\"\u00c9crit par\" \/>\n\t<meta name=\"twitter:data1\" content=\"Cl\u00e9ment\" \/>\n\t<meta name=\"twitter:label2\" content=\"Dur\u00e9e de lecture estim\u00e9e\" \/>\n\t<meta name=\"twitter:data2\" content=\"2 minutes\" \/>\n<script type=\"application\/ld+json\" class=\"yoast-schema-graph\">{\"@context\":\"https:\/\/schema.org\",\"@graph\":[{\"@type\":\"Article\",\"@id\":\"https:\/\/footdavant.fr\/actualites\/fulham-parmi-le-quatuor-pl-envisage-une-decision-pour-lattaquant-de-lac-milan\/#article\",\"isPartOf\":{\"@id\":\"https:\/\/footdavant.fr\/actualites\/fulham-parmi-le-quatuor-pl-envisage-une-decision-pour-lattaquant-de-lac-milan\/\"},\"author\":{\"name\":\"Cl\u00e9ment\",\"@id\":\"https:\/\/footdavant.fr\/actualites\/#\/schema\/person\/bc222566d95871b37e597b3ed3ba5e1d\"},\"headline\":\"Fulham parmi le quatuor PL envisage une d\u00e9cision pour l&#39;attaquant de l&#39;AC Milan\",\"datePublished\":\"2024-11-04T09:49:35+00:00\",\"dateModified\":\"2024-11-04T09:49:36+00:00\",\"mainEntityOfPage\":{\"@id\":\"https:\/\/footdavant.fr\/actualites\/fulham-parmi-le-quatuor-pl-envisage-une-decision-pour-lattaquant-de-lac-milan\/\"},\"wordCount\":442,\"publisher\":{\"@id\":\"https:\/\/footdavant.fr\/actualites\/#organization\"},\"keywords\":[\"d\u00e9cision\",\"envisage\",\"Fulham\",\"L39AC\",\"l39attaquant\",\"Milan\",\"parmi\",\"pour\",\"quatuor\",\"une\"],\"articleSection\":[\"Premier League\"],\"inLanguage\":\"fr-FR\"},{\"@type\":\"WebPage\",\"@id\":\"https:\/\/footdavant.fr\/actualites\/fulham-parmi-le-quatuor-pl-envisage-une-decision-pour-lattaquant-de-lac-milan\/\",\"url\":\"https:\/\/footdavant.fr\/actualites\/fulham-parmi-le-quatuor-pl-envisage-une-decision-pour-lattaquant-de-lac-milan\/\",\"name\":\"Fulham parmi le quatuor PL envisage une d\u00e9cision pour l&#39;attaquant de l&#39;AC Milan\",\"isPartOf\":{\"@id\":\"https:\/\/footdavant.fr\/actualites\/#website\"},\"datePublished\":\"2024-11-04T09:49:35+00:00\",\"dateModified\":\"2024-11-04T09:49:36+00:00\",\"breadcrumb\":{\"@id\":\"https:\/\/footdavant.fr\/actualites\/fulham-parmi-le-quatuor-pl-envisage-une-decision-pour-lattaquant-de-lac-milan\/#breadcrumb\"},\"inLanguage\":\"fr-FR\",\"potentialAction\":[{\"@type\":\"ReadAction\",\"target\":[\"https:\/\/footdavant.fr\/actualites\/fulham-parmi-le-quatuor-pl-envisage-une-decision-pour-lattaquant-de-lac-milan\/\"]}]},{\"@type\":\"BreadcrumbList\",\"@id\":\"https:\/\/footdavant.fr\/actualites\/fulham-parmi-le-quatuor-pl-envisage-une-decision-pour-lattaquant-de-lac-milan\/#breadcrumb\",\"itemListElement\":[{\"@type\":\"ListItem\",\"position\":1,\"name\":\"Accueil\",\"item\":\"https:\/\/footdavant.fr\/actualites\/\"},{\"@type\":\"ListItem\",\"position\":2,\"name\":\"Fulham parmi le quatuor PL envisage une d\u00e9cision pour l&#39;attaquant de l&#39;AC Milan\"}]},{\"@type\":\"WebSite\",\"@id\":\"https:\/\/footdavant.fr\/actualites\/#website\",\"url\":\"https:\/\/footdavant.fr\/actualites\/\",\"name\":\"Foot d'avant\",\"description\":\"\",\"publisher\":{\"@id\":\"https:\/\/footdavant.fr\/actualites\/#organization\"},\"potentialAction\":[{\"@type\":\"SearchAction\",\"target\":{\"@type\":\"EntryPoint\",\"urlTemplate\":\"https:\/\/footdavant.fr\/actualites\/?s={search_term_string}\"},\"query-input\":\"required name=search_term_string\"}],\"inLanguage\":\"fr-FR\"},{\"@type\":\"Organization\",\"@id\":\"https:\/\/footdavant.fr\/actualites\/#organization\",\"name\":\"Foot d'avant\",\"url\":\"https:\/\/footdavant.fr\/actualites\/\",\"logo\":{\"@type\":\"ImageObject\",\"inLanguage\":\"fr-FR\",\"@id\":\"https:\/\/footdavant.fr\/actualites\/#\/schema\/logo\/image\/\",\"url\":\"https:\/\/footdavant.fr\/actualites\/wp-content\/uploads\/2023\/09\/Copy-of-FootDavant-Logo.png\",\"contentUrl\":\"https:\/\/footdavant.fr\/actualites\/wp-content\/uploads\/2023\/09\/Copy-of-FootDavant-Logo.png\",\"width\":936,\"height\":549,\"caption\":\"Foot d'avant\"},\"image\":{\"@id\":\"https:\/\/footdavant.fr\/actualites\/#\/schema\/logo\/image\/\"},\"sameAs\":[\"https:\/\/www.facebook.com\/Footdavant\/\",\"https:\/\/twitter.com\/FootdavantFr\",\"https:\/\/www.instagram.com\/footdavant.fr\/\"]},{\"@type\":\"Person\",\"@id\":\"https:\/\/footdavant.fr\/actualites\/#\/schema\/person\/bc222566d95871b37e597b3ed3ba5e1d\",\"name\":\"Cl\u00e9ment\",\"image\":{\"@type\":\"ImageObject\",\"inLanguage\":\"fr-FR\",\"@id\":\"https:\/\/footdavant.fr\/actualites\/#\/schema\/person\/image\/\",\"url\":\"https:\/\/secure.gravatar.com\/avatar\/7728b29aac2719421e1a9159b2254c44?s=96&d=mm&r=g\",\"contentUrl\":\"https:\/\/secure.gravatar.com\/avatar\/7728b29aac2719421e1a9159b2254c44?s=96&d=mm&r=g\",\"caption\":\"Cl\u00e9ment\"},\"sameAs\":[\"https:\/\/footdavant.fr\/\"]}]}<\/script>\n<!-- \/ Yoast SEO plugin. -->","yoast_head_json":{"title":"Fulham parmi le quatuor PL envisage une d\u00e9cision pour l&#39;attaquant de l&#39;AC Milan","robots":{"index":"index","follow":"follow","max-snippet":"max-snippet:-1","max-image-preview":"max-image-preview:large","max-video-preview":"max-video-preview:-1"},"canonical":"https:\/\/footdavant.fr\/actualites\/fulham-parmi-le-quatuor-pl-envisage-une-decision-pour-lattaquant-de-lac-milan\/","og_locale":"fr_FR","og_type":"article","og_title":"Fulham parmi le quatuor PL envisage une d\u00e9cision pour l&#39;attaquant de l&#39;AC Milan","og_description":"Fulham ferait partie des quatre clubs de Premier League qui manifesteraient leur int\u00e9r\u00eat pour la signature de l&#39;ailier de l&#39;AC Milan, Samuel Chukwueze. Fulham seraient","og_url":"https:\/\/footdavant.fr\/actualites\/fulham-parmi-le-quatuor-pl-envisage-une-decision-pour-lattaquant-de-lac-milan\/","og_site_name":"Foot d&#039;avant","article_publisher":"https:\/\/www.facebook.com\/Footdavant\/","article_published_time":"2024-11-04T09:49:35+00:00","article_modified_time":"2024-11-04T09:49:36+00:00","og_image":[{"width":640,"height":480,"url":"https:\/\/footdavant.fr\/actualites\/wp-content\/uploads\/2024\/11\/Fulham-parmi-le-quatuor-PL-envisage-une-decision-pour-l39attaquant.jpg","type":"image\/jpeg"}],"author":"Cl\u00e9ment","twitter_card":"summary_large_image","twitter_creator":"@FootdavantFr","twitter_site":"@FootdavantFr","twitter_misc":{"\u00c9crit par":"Cl\u00e9ment","Dur\u00e9e de lecture estim\u00e9e":"2 minutes"},"schema":{"@context":"https:\/\/schema.org","@graph":[{"@type":"Article","@id":"https:\/\/footdavant.fr\/actualites\/fulham-parmi-le-quatuor-pl-envisage-une-decision-pour-lattaquant-de-lac-milan\/#article","isPartOf":{"@id":"https:\/\/footdavant.fr\/actualites\/fulham-parmi-le-quatuor-pl-envisage-une-decision-pour-lattaquant-de-lac-milan\/"},"author":{"name":"Cl\u00e9ment","@id":"https:\/\/footdavant.fr\/actualites\/#\/schema\/person\/bc222566d95871b37e597b3ed3ba5e1d"},"headline":"Fulham parmi le quatuor PL envisage une d\u00e9cision pour l&#39;attaquant de l&#39;AC Milan","datePublished":"2024-11-04T09:49:35+00:00","dateModified":"2024-11-04T09:49:36+00:00","mainEntityOfPage":{"@id":"https:\/\/footdavant.fr\/actualites\/fulham-parmi-le-quatuor-pl-envisage-une-decision-pour-lattaquant-de-lac-milan\/"},"wordCount":442,"publisher":{"@id":"https:\/\/footdavant.fr\/actualites\/#organization"},"keywords":["d\u00e9cision","envisage","Fulham","L39AC","l39attaquant","Milan","parmi","pour","quatuor","une"],"articleSection":["Premier League"],"inLanguage":"fr-FR"},{"@type":"WebPage","@id":"https:\/\/footdavant.fr\/actualites\/fulham-parmi-le-quatuor-pl-envisage-une-decision-pour-lattaquant-de-lac-milan\/","url":"https:\/\/footdavant.fr\/actualites\/fulham-parmi-le-quatuor-pl-envisage-une-decision-pour-lattaquant-de-lac-milan\/","name":"Fulham parmi le quatuor PL envisage une d\u00e9cision pour l&#39;attaquant de l&#39;AC Milan","isPartOf":{"@id":"https:\/\/footdavant.fr\/actualites\/#website"},"datePublished":"2024-11-04T09:49:35+00:00","dateModified":"2024-11-04T09:49:36+00:00","breadcrumb":{"@id":"https:\/\/footdavant.fr\/actualites\/fulham-parmi-le-quatuor-pl-envisage-une-decision-pour-lattaquant-de-lac-milan\/#breadcrumb"},"inLanguage":"fr-FR","potentialAction":[{"@type":"ReadAction","target":["https:\/\/footdavant.fr\/actualites\/fulham-parmi-le-quatuor-pl-envisage-une-decision-pour-lattaquant-de-lac-milan\/"]}]},{"@type":"BreadcrumbList","@id":"https:\/\/footdavant.fr\/actualites\/fulham-parmi-le-quatuor-pl-envisage-une-decision-pour-lattaquant-de-lac-milan\/#breadcrumb","itemListElement":[{"@type":"ListItem","position":1,"name":"Accueil","item":"https:\/\/footdavant.fr\/actualites\/"},{"@type":"ListItem","position":2,"name":"Fulham parmi le quatuor PL envisage une d\u00e9cision pour l&#39;attaquant de l&#39;AC Milan"}]},{"@type":"WebSite","@id":"https:\/\/footdavant.fr\/actualites\/#website","url":"https:\/\/footdavant.fr\/actualites\/","name":"Foot d'avant","description":"","publisher":{"@id":"https:\/\/footdavant.fr\/actualites\/#organization"},"potentialAction":[{"@type":"SearchAction","target":{"@type":"EntryPoint","urlTemplate":"https:\/\/footdavant.fr\/actualites\/?s={search_term_string}"},"query-input":"required name=search_term_string"}],"inLanguage":"fr-FR"},{"@type":"Organization","@id":"https:\/\/footdavant.fr\/actualites\/#organization","name":"Foot d'avant","url":"https:\/\/footdavant.fr\/actualites\/","logo":{"@type":"ImageObject","inLanguage":"fr-FR","@id":"https:\/\/footdavant.fr\/actualites\/#\/schema\/logo\/image\/","url":"https:\/\/footdavant.fr\/actualites\/wp-content\/uploads\/2023\/09\/Copy-of-FootDavant-Logo.png","contentUrl":"https:\/\/footdavant.fr\/actualites\/wp-content\/uploads\/2023\/09\/Copy-of-FootDavant-Logo.png","width":936,"height":549,"caption":"Foot d'avant"},"image":{"@id":"https:\/\/footdavant.fr\/actualites\/#\/schema\/logo\/image\/"},"sameAs":["https:\/\/www.facebook.com\/Footdavant\/","https:\/\/twitter.com\/FootdavantFr","https:\/\/www.instagram.com\/footdavant.fr\/"]},{"@type":"Person","@id":"https:\/\/footdavant.fr\/actualites\/#\/schema\/person\/bc222566d95871b37e597b3ed3ba5e1d","name":"Cl\u00e9ment","image":{"@type":"ImageObject","inLanguage":"fr-FR","@id":"https:\/\/footdavant.fr\/actualites\/#\/schema\/person\/image\/","url":"https:\/\/secure.gravatar.com\/avatar\/7728b29aac2719421e1a9159b2254c44?s=96&d=mm&r=g","contentUrl":"https:\/\/secure.gravatar.com\/avatar\/7728b29aac2719421e1a9159b2254c44?s=96&d=mm&r=g","caption":"Cl\u00e9ment"},"sameAs":["https:\/\/footdavant.fr\/"]}]}},"_links":{"self":[{"href":"https:\/\/footdavant.fr\/actualites\/wp-json\/wp\/v2\/posts\/15688"}],"collection":[{"href":"https:\/\/footdavant.fr\/actualites\/wp-json\/wp\/v2\/posts"}],"about":[{"href":"https:\/\/footdavant.fr\/actualites\/wp-json\/wp\/v2\/types\/post"}],"author":[{"embeddable":true,"href":"https:\/\/footdavant.fr\/actualites\/wp-json\/wp\/v2\/users\/1"}],"replies":[{"embeddable":true,"href":"https:\/\/footdavant.fr\/actualites\/wp-json\/wp\/v2\/comments?post=15688"}],"version-history":[{"count":1,"href":"https:\/\/footdavant.fr\/actualites\/wp-json\/wp\/v2\/posts\/15688\/revisions"}],"predecessor-version":[{"id":15690,"href":"https:\/\/footdavant.fr\/actualites\/wp-json\/wp\/v2\/posts\/15688\/revisions\/15690"}],"wp:featuredmedia":[{"embeddable":true,"href":"https:\/\/footdavant.fr\/actualites\/wp-json\/wp\/v2\/media\/15689"}],"wp:attachment":[{"href":"https:\/\/footdavant.fr\/actualites\/wp-json\/wp\/v2\/media?parent=15688"}],"wp:term":[{"taxonomy":"category","embeddable":true,"href":"https:\/\/footdavant.fr\/actualites\/wp-json\/wp\/v2\/categories?post=15688"},{"taxonomy":"post_tag","embeddable":true,"href":"https:\/\/footdavant.fr\/actualites\/wp-json\/wp\/v2\/tags?post=15688"}],"curies":[{"name":"wp","href":"https:\/\/api.w.org\/{rel}","templated":true}]}}