{"id":1573,"date":"2023-11-28T14:48:46","date_gmt":"2023-11-28T13:48:46","guid":{"rendered":"https:\/\/footdavant.fr\/actualites\/gains-et-mentions-de-carriere-de-king-ry\/"},"modified":"2023-11-28T14:48:47","modified_gmt":"2023-11-28T13:48:47","slug":"gains-et-mentions-de-carriere-de-king-ry","status":"publish","type":"post","link":"https:\/\/footdavant.fr\/actualites\/gains-et-mentions-de-carriere-de-king-ry\/","title":{"rendered":"Gains et mentions de carri\u00e8re de \u00ab\u00a0King Ry\u00a0\u00bb"},"content":{"rendered":"<div>\n<h2><\/h2>\n<p>Ryan Garcia est boxeur professionnel depuis l&rsquo;\u00e2ge de 18 ans. Il boxe r\u00e9guli\u00e8rement depuis sept ans d&rsquo;affil\u00e9e dans les rangs professionnels, gagnant de plus en plus d&rsquo;argent \u00e0 mesure que sa carri\u00e8re progresse.<\/p>\n<p>La superstar de la boxe n\u00e9e en 1998 est actuellement promue par Oscar De La Hoya et Golden Boy Promotions.  Garcia a travaill\u00e9 avec Golden Boy pendant la majeure partie de sa carri\u00e8re professionnelle et a r\u00e9cemment montr\u00e9 sa loyaut\u00e9 envers Oscar De La Hoya en signant un nouvel accord de cinq ans avec la soci\u00e9t\u00e9 de promotion.<\/p>\n<p>En d\u00e9cembre 2023, il est rapport\u00e9 que (<em>source : c\u00e9l\u00e9brit\u00e9networth.com<\/em>).<\/p>\n<p>C&rsquo;est un chiffre stup\u00e9fiant pour quelqu&rsquo;un qui boxe depuis seulement sept ans et qui n&rsquo;a que 25 ans. L&rsquo;une des raisons pour lesquelles la valeur nette de Garcia pourrait \u00eatre si \u00e9lev\u00e9e est qu&rsquo;il aurait sign\u00e9 un contrat de 700 millions de dollars avec Golden Boy Promotions en 2017. 2019.<\/p>\n<p>\u00c0 l\u2019\u00e9poque, Oscar De La Hoya pensait que Ryan Garcia avait la capacit\u00e9 de devenir \u00ab la plus grande star de la boxe jamais vue, haut la main \u00bb.  L&rsquo;accord de 700 millions de dollars doublerait presque le contrat de 365 millions de dollars que De La Hoya a conclu pour Saul \u00ab\u00a0Canelo\u00a0\u00bb Alvarez, qui, il convient de le noter, est devenu le visage de la boxe et le plus grand combattant de ce sport.  Cependant, il n\u2019a jamais \u00e9t\u00e9 clairement \u00e9tabli si un accord aussi massif deviendrait r\u00e9alit\u00e9.<\/p>\n<p>Bien s\u00fbr, \u00e9tant donn\u00e9 que Ryan Garcia est un homme extr\u00eamement riche, il aime aussi sa part d&rsquo;articles de luxe.  \u00ab\u00a0King Ry\u00a0\u00bb a acquis des biens immobiliers, des bijoux co\u00fbteux, des voitures flashy et divers autres actifs qui ont contribu\u00e9 \u00e0 sa richesse.<\/p>\n<p>Ce chiffre de 20 millions de dollars est susceptible d&rsquo;augmenter pour le Californien apr\u00e8s son prochain combat.  Il n\u2019est pas surprenant que Garcia ait gagn\u00e9 autant d\u2019argent au cours de sa carri\u00e8re de boxeur professionnel.  Il est devenu 15 fois champion national amateur avant de se tourner vers les rangs professionnels, compilant un record amateur de 215-15.  Il y avait beaucoup de battage m\u00e9diatique autour de son passage \u00e0 un professionnel, c&rsquo;est pourquoi il a d\u00e9j\u00e0 gagn\u00e9 autant d&rsquo;argent.<\/p>\n<p>Bien que Garcia ait \u00e9t\u00e9 battu par Gervonta Davis le 22 avril, sa valeur nette continuera de cro\u00eetre \u00e0 condition qu&rsquo;il continue \u00e0 se battre au plus haut niveau.<\/p>\n<hr>\n<h4>CONNEXES : Record de boxe de Ryan Garcia : \u00ab King Ry \u00bb poss\u00e8de un CV impressionnant de 23-1<\/h4>\n<hr>\n<h2><\/h2>\n<p><img loading=\"lazy\" decoding=\"async\" class=\"size-large wp-image-500379 aligncenter\" title=\"Ryan Garcia Roi Ry Boxe 1\" src=\"https:\/\/footdavant.fr\/actualites\/wp-content\/uploads\/2023\/11\/Gains-et-mentions-de-carriere-de-King-Ry.jpg\" alt=\"Ryan Garcia Roi Ry Boxe 1\" width=\"640\" height=\"480\"  ><\/p>\n<p>Apr\u00e8s 24 combats de boxe professionnelle, (<em>source : sportspadeia.com)<\/em>.  C&rsquo;est apparemment ce que Garcia a gagn\u00e9 pour son combat avec Gervonta Davis le samedi 22 avril pour leur combat de 136 livres.<\/p>\n<p>Cela montre simplement que \u00abKing Ry\u00bb est un combattant r\u00e9compens\u00e9 et l&rsquo;une des figures les plus reconnaissables et les plus commercialisables du sport de la boxe.  Cela s\u2019accompagne de gains sensationnels sur le ring.<\/p>\n<p>Avec les boxeurs, vous n&rsquo;avez g\u00e9n\u00e9ralement pas vraiment de salaire car cela d\u00e9pend du nombre de combats qu&rsquo;ils m\u00e8nent dans une ann\u00e9e, de leur niveau d&rsquo;activit\u00e9 et du niveau auquel ils se battent.  Comme Garcia est d\u00e9sormais un combattant de niveau mondial et combat assez r\u00e9guli\u00e8rement (environ deux fois par an), son (<em>source : caknowledge.com<\/em>).<\/p>\n<p>Ryan Garcia aurait gagn\u00e9 une somme totale d&rsquo;environ 20 millions de dollars au cours de sa carri\u00e8re de boxeur professionnel depuis ses d\u00e9buts jusqu&rsquo;\u00e0 pr\u00e9sent.  Le combat contre \u00ab\u00a0Tank\u00a0\u00bb la derni\u00e8re fois, o\u00f9 Garcia a perdu par KO au septi\u00e8me round en tant qu&rsquo;opprim\u00e9 des meilleurs paris sportifs offshore am\u00e9ricains, a \u00e9t\u00e9 la plus grosse bourse de sa carri\u00e8re.<\/p>\n<p>Parmi les autres bourses \u00e0 sept chiffres pour \u00ab King Ry \u00bb, citons ses combats avec Javier Fortuna, Emmanuel Tagoe et Luke Campbell.  Garcia aurait remport\u00e9 2,1 millions de dollars pour le combat contre Fortuna, tout en empochant un peu moins de 3 millions de dollars combin\u00e9s pour les combats contre Campbell et Tagoe. <em>(source\u00a0:\u00a0Paiements sportifs)<\/em>.<\/p>\n<p>Il est juste de dire que Ryan Garcia ne manque pas d\u2019un dollar ou deux.  Sa valeur nette, son salaire et ses bourses de combat continueront d&rsquo;augmenter \u00e0 mesure que sa carri\u00e8re se d\u00e9veloppera et qu&rsquo;il remportera les plus gros combats.  Bien s\u00fbr, plus Garcia remporte de combats, plus il obtiendra de gros combats et d\u2019opportunit\u00e9s de gros gains.<\/p>\n<h3>Ryan Garcia Fight Purses (5 derniers):<\/h3>\n<div class=\"su-table su-table-responsive su-table-alternate\">\n<table>\n<tbody>\n<tr>\n<th style=\"text-align: center;vertical-align: middle\">Lutte<\/th>\n<th style=\"text-align: center;vertical-align: middle\">Bourse de combat<\/th>\n<\/tr>\n<tr>\n<td style=\"text-align: center;vertical-align: middle\">Ryan Garcia contre Gervonta Davis<\/td>\n<td style=\"text-align: center;vertical-align: middle\">5 millions de dollars<\/td>\n<\/tr>\n<tr>\n<td style=\"text-align: center;vertical-align: middle\">Ryan Garcia contre Javier Fortuna<\/td>\n<td style=\"text-align: center;vertical-align: middle\">2,1 millions de dollars<\/td>\n<\/tr>\n<tr>\n<td style=\"text-align: center;vertical-align: middle\">Ryan Garcia contre Emmanuel Tagoe<\/td>\n<td style=\"text-align: center;vertical-align: middle\">1,7 million de dollars<\/td>\n<\/tr>\n<tr>\n<td style=\"text-align: center;vertical-align: middle\">Ryan Garcia contre Luke Campbell<\/td>\n<td style=\"text-align: center;vertical-align: middle\">1,2 million de dollars<\/td>\n<\/tr>\n<tr>\n<td style=\"text-align: center;vertical-align: middle\">Ryan Garcia contre Francisco Fonseca<\/td>\n<td style=\"text-align: center;vertical-align: middle\">800 000 $<\/td>\n<\/tr>\n<\/tbody>\n<\/table>\n<\/div>\n<h2><\/h2>\n<ul>\n<li role=\"presentation\">Rang\u00a0: #8 Super-l\u00e9ger (BoxRec)<\/li>\n<li role=\"presentation\">\u00c2ge : 25 ans<\/li>\n<li role=\"presentation\">Pays : \u00c9tats-Unis<\/li>\n<li role=\"presentation\">Hauteur : 5&rsquo;8 1\/2\u2033 (174 cm)<\/li>\n<li role=\"presentation\">Port\u00e9e\u00a0: 70&Prime; (178 cm)<\/li>\n<li role=\"presentation\">Position\u00a0: orthodoxe<\/li>\n<li role=\"presentation\">Bilan global\u00a0: 23-1<\/li>\n<li role=\"presentation\">Combats gagn\u00e9s par KO\/TKO\u00a0: 19<\/li>\n<li role=\"presentation\">Combats gagn\u00e9s par d\u00e9cision\u00a0: 4<\/li>\n<\/ul>\n<hr>\n<h4><\/h4>\n<hr>\n<h2><\/h2>\n<p>Bien que la grande majorit\u00e9 des revenus de Ryan Garcia proviennent de combats pour des prix, il gagne \u00e9galement des millions de dollars en dehors du ring.  Ces vastes accords de parrainage ext\u00e9rieurs au ring jouent un r\u00f4le important dans l\u2019augmentation de la valeur nette et du salaire de Garcia.<\/p>\n<p>Le plus gros contrat de parrainage du joueur de 25 ans \u00e0 ce jour est son partenariat avec Gymshark.  Gymshark est l&rsquo;une des entreprises de v\u00eatements et d&rsquo;accessoires les plus connues au monde.  \u00ab King Ry \u00bb gagne certainement une fortune gr\u00e2ce \u00e0 son accord de parrainage avec Gymshark.  Cependant, le chiffre exact est inconnu.<\/p>\n<p>Il a \u00e9galement travaill\u00e9 avec 1800 Tequila et a r\u00e9alis\u00e9 du mannequinat dans le pass\u00e9.  En 2021, Garcia a \u00e9galement d\u00e9croch\u00e9 un \u00e9norme contrat de parrainage avec la boisson pour sportifs Gatorade.  Garcia est \u00e0 son tour apparu dans quelques publicit\u00e9s Gatorade diff\u00e9rentes, ainsi que des publicit\u00e9s pour ses autres marques.<\/p>\n<p>Dans l\u2019ensemble, les diff\u00e9rents parrainages de Ryan Garcia contribuent certainement \u00e0 augmenter sa valeur nette.  En fin de compte, c&rsquo;est frapper les gens au visage pour gagner leur vie qui rapporte le plus d&rsquo;argent au \u00ab King Ry \u00bb.<\/p>\n<p>Assurez-vous de r\u00e9clamer les diff\u00e9rentes applications de paris sportifs et les paris gratuits sur la boxe disponibles sur le site. <em>Objectifs de sport<\/em> site avant le prochain combat de Ryan Garcia.<\/p>\n<\/p><\/div>\n","protected":false},"excerpt":{"rendered":"<p>Ryan Garcia est boxeur professionnel depuis l&rsquo;\u00e2ge de 18 ans. Il boxe r\u00e9guli\u00e8rement depuis sept ans d&rsquo;affil\u00e9e dans les rangs professionnels, gagnant de plus en<\/p>\n","protected":false},"author":1,"featured_media":1574,"comment_status":"closed","ping_status":"","sticky":false,"template":"","format":"standard","meta":{"footnotes":""},"categories":[3],"tags":[597,1666,1668,1667],"yoast_head":"<!-- This site is optimized with the Yoast SEO plugin v21.0 - https:\/\/yoast.com\/wordpress\/plugins\/seo\/ -->\n<title>Gains et mentions de carri\u00e8re de \u00ab\u00a0King Ry\u00a0\u00bb<\/title>\n<meta name=\"robots\" content=\"index, follow, max-snippet:-1, max-image-preview:large, max-video-preview:-1\" \/>\n<link rel=\"canonical\" href=\"https:\/\/footdavant.fr\/actualites\/gains-et-mentions-de-carriere-de-king-ry\/\" \/>\n<meta property=\"og:locale\" content=\"fr_FR\" \/>\n<meta property=\"og:type\" content=\"article\" \/>\n<meta property=\"og:title\" content=\"Gains et mentions de carri\u00e8re de \u00ab\u00a0King Ry\u00a0\u00bb\" \/>\n<meta property=\"og:description\" content=\"Ryan Garcia est boxeur professionnel depuis l&rsquo;\u00e2ge de 18 ans. Il boxe r\u00e9guli\u00e8rement depuis sept ans d&rsquo;affil\u00e9e dans les rangs professionnels, gagnant de plus en\" \/>\n<meta property=\"og:url\" content=\"https:\/\/footdavant.fr\/actualites\/gains-et-mentions-de-carriere-de-king-ry\/\" \/>\n<meta property=\"og:site_name\" content=\"Foot d&#039;avant\" \/>\n<meta property=\"article:publisher\" content=\"https:\/\/www.facebook.com\/Footdavant\/\" \/>\n<meta property=\"article:published_time\" content=\"2023-11-28T13:48:46+00:00\" \/>\n<meta property=\"article:modified_time\" content=\"2023-11-28T13:48:47+00:00\" \/>\n<meta property=\"og:image\" content=\"https:\/\/footdavant.fr\/actualites\/wp-content\/uploads\/2023\/11\/1701179327_Gains-et-mentions-de-carriere-de-King-Ry.jpg\" \/>\n\t<meta property=\"og:image:width\" content=\"696\" \/>\n\t<meta property=\"og:image:height\" content=\"696\" \/>\n\t<meta property=\"og:image:type\" content=\"image\/jpeg\" \/>\n<meta name=\"author\" content=\"Cl\u00e9ment\" \/>\n<meta name=\"twitter:card\" content=\"summary_large_image\" \/>\n<meta name=\"twitter:creator\" content=\"@FootdavantFr\" \/>\n<meta name=\"twitter:site\" content=\"@FootdavantFr\" \/>\n<meta name=\"twitter:label1\" content=\"\u00c9crit par\" \/>\n\t<meta name=\"twitter:data1\" content=\"Cl\u00e9ment\" \/>\n\t<meta name=\"twitter:label2\" content=\"Dur\u00e9e de lecture estim\u00e9e\" \/>\n\t<meta name=\"twitter:data2\" content=\"5 minutes\" \/>\n<script type=\"application\/ld+json\" class=\"yoast-schema-graph\">{\"@context\":\"https:\/\/schema.org\",\"@graph\":[{\"@type\":\"Article\",\"@id\":\"https:\/\/footdavant.fr\/actualites\/gains-et-mentions-de-carriere-de-king-ry\/#article\",\"isPartOf\":{\"@id\":\"https:\/\/footdavant.fr\/actualites\/gains-et-mentions-de-carriere-de-king-ry\/\"},\"author\":{\"name\":\"Cl\u00e9ment\",\"@id\":\"https:\/\/footdavant.fr\/actualites\/#\/schema\/person\/bc222566d95871b37e597b3ed3ba5e1d\"},\"headline\":\"Gains et mentions de carri\u00e8re de \u00ab\u00a0King Ry\u00a0\u00bb\",\"datePublished\":\"2023-11-28T13:48:46+00:00\",\"dateModified\":\"2023-11-28T13:48:47+00:00\",\"mainEntityOfPage\":{\"@id\":\"https:\/\/footdavant.fr\/actualites\/gains-et-mentions-de-carriere-de-king-ry\/\"},\"wordCount\":1041,\"publisher\":{\"@id\":\"https:\/\/footdavant.fr\/actualites\/#organization\"},\"keywords\":[\"carri\u00e8re\",\"Gains\",\"King\",\"mentions\"],\"articleSection\":[\"Football\"],\"inLanguage\":\"fr-FR\"},{\"@type\":\"WebPage\",\"@id\":\"https:\/\/footdavant.fr\/actualites\/gains-et-mentions-de-carriere-de-king-ry\/\",\"url\":\"https:\/\/footdavant.fr\/actualites\/gains-et-mentions-de-carriere-de-king-ry\/\",\"name\":\"Gains et mentions de carri\u00e8re de \u00ab\u00a0King Ry\u00a0\u00bb\",\"isPartOf\":{\"@id\":\"https:\/\/footdavant.fr\/actualites\/#website\"},\"datePublished\":\"2023-11-28T13:48:46+00:00\",\"dateModified\":\"2023-11-28T13:48:47+00:00\",\"breadcrumb\":{\"@id\":\"https:\/\/footdavant.fr\/actualites\/gains-et-mentions-de-carriere-de-king-ry\/#breadcrumb\"},\"inLanguage\":\"fr-FR\",\"potentialAction\":[{\"@type\":\"ReadAction\",\"target\":[\"https:\/\/footdavant.fr\/actualites\/gains-et-mentions-de-carriere-de-king-ry\/\"]}]},{\"@type\":\"BreadcrumbList\",\"@id\":\"https:\/\/footdavant.fr\/actualites\/gains-et-mentions-de-carriere-de-king-ry\/#breadcrumb\",\"itemListElement\":[{\"@type\":\"ListItem\",\"position\":1,\"name\":\"Accueil\",\"item\":\"https:\/\/footdavant.fr\/actualites\/\"},{\"@type\":\"ListItem\",\"position\":2,\"name\":\"Gains et mentions de carri\u00e8re de \u00ab\u00a0King Ry\u00a0\u00bb\"}]},{\"@type\":\"WebSite\",\"@id\":\"https:\/\/footdavant.fr\/actualites\/#website\",\"url\":\"https:\/\/footdavant.fr\/actualites\/\",\"name\":\"Foot d'avant\",\"description\":\"\",\"publisher\":{\"@id\":\"https:\/\/footdavant.fr\/actualites\/#organization\"},\"potentialAction\":[{\"@type\":\"SearchAction\",\"target\":{\"@type\":\"EntryPoint\",\"urlTemplate\":\"https:\/\/footdavant.fr\/actualites\/?s={search_term_string}\"},\"query-input\":\"required name=search_term_string\"}],\"inLanguage\":\"fr-FR\"},{\"@type\":\"Organization\",\"@id\":\"https:\/\/footdavant.fr\/actualites\/#organization\",\"name\":\"Foot d'avant\",\"url\":\"https:\/\/footdavant.fr\/actualites\/\",\"logo\":{\"@type\":\"ImageObject\",\"inLanguage\":\"fr-FR\",\"@id\":\"https:\/\/footdavant.fr\/actualites\/#\/schema\/logo\/image\/\",\"url\":\"https:\/\/footdavant.fr\/actualites\/wp-content\/uploads\/2023\/09\/Copy-of-FootDavant-Logo.png\",\"contentUrl\":\"https:\/\/footdavant.fr\/actualites\/wp-content\/uploads\/2023\/09\/Copy-of-FootDavant-Logo.png\",\"width\":936,\"height\":549,\"caption\":\"Foot d'avant\"},\"image\":{\"@id\":\"https:\/\/footdavant.fr\/actualites\/#\/schema\/logo\/image\/\"},\"sameAs\":[\"https:\/\/www.facebook.com\/Footdavant\/\",\"https:\/\/twitter.com\/FootdavantFr\",\"https:\/\/www.instagram.com\/footdavant.fr\/\"]},{\"@type\":\"Person\",\"@id\":\"https:\/\/footdavant.fr\/actualites\/#\/schema\/person\/bc222566d95871b37e597b3ed3ba5e1d\",\"name\":\"Cl\u00e9ment\",\"image\":{\"@type\":\"ImageObject\",\"inLanguage\":\"fr-FR\",\"@id\":\"https:\/\/footdavant.fr\/actualites\/#\/schema\/person\/image\/\",\"url\":\"https:\/\/secure.gravatar.com\/avatar\/7728b29aac2719421e1a9159b2254c44?s=96&d=mm&r=g\",\"contentUrl\":\"https:\/\/secure.gravatar.com\/avatar\/7728b29aac2719421e1a9159b2254c44?s=96&d=mm&r=g\",\"caption\":\"Cl\u00e9ment\"},\"sameAs\":[\"https:\/\/footdavant.fr\/\"]}]}<\/script>\n<!-- \/ Yoast SEO plugin. -->","yoast_head_json":{"title":"Gains et mentions de carri\u00e8re de \u00ab\u00a0King Ry\u00a0\u00bb","robots":{"index":"index","follow":"follow","max-snippet":"max-snippet:-1","max-image-preview":"max-image-preview:large","max-video-preview":"max-video-preview:-1"},"canonical":"https:\/\/footdavant.fr\/actualites\/gains-et-mentions-de-carriere-de-king-ry\/","og_locale":"fr_FR","og_type":"article","og_title":"Gains et mentions de carri\u00e8re de \u00ab\u00a0King Ry\u00a0\u00bb","og_description":"Ryan Garcia est boxeur professionnel depuis l&rsquo;\u00e2ge de 18 ans. Il boxe r\u00e9guli\u00e8rement depuis sept ans d&rsquo;affil\u00e9e dans les rangs professionnels, gagnant de plus en","og_url":"https:\/\/footdavant.fr\/actualites\/gains-et-mentions-de-carriere-de-king-ry\/","og_site_name":"Foot d&#039;avant","article_publisher":"https:\/\/www.facebook.com\/Footdavant\/","article_published_time":"2023-11-28T13:48:46+00:00","article_modified_time":"2023-11-28T13:48:47+00:00","og_image":[{"width":696,"height":696,"url":"https:\/\/footdavant.fr\/actualites\/wp-content\/uploads\/2023\/11\/1701179327_Gains-et-mentions-de-carriere-de-King-Ry.jpg","type":"image\/jpeg"}],"author":"Cl\u00e9ment","twitter_card":"summary_large_image","twitter_creator":"@FootdavantFr","twitter_site":"@FootdavantFr","twitter_misc":{"\u00c9crit par":"Cl\u00e9ment","Dur\u00e9e de lecture estim\u00e9e":"5 minutes"},"schema":{"@context":"https:\/\/schema.org","@graph":[{"@type":"Article","@id":"https:\/\/footdavant.fr\/actualites\/gains-et-mentions-de-carriere-de-king-ry\/#article","isPartOf":{"@id":"https:\/\/footdavant.fr\/actualites\/gains-et-mentions-de-carriere-de-king-ry\/"},"author":{"name":"Cl\u00e9ment","@id":"https:\/\/footdavant.fr\/actualites\/#\/schema\/person\/bc222566d95871b37e597b3ed3ba5e1d"},"headline":"Gains et mentions de carri\u00e8re de \u00ab\u00a0King Ry\u00a0\u00bb","datePublished":"2023-11-28T13:48:46+00:00","dateModified":"2023-11-28T13:48:47+00:00","mainEntityOfPage":{"@id":"https:\/\/footdavant.fr\/actualites\/gains-et-mentions-de-carriere-de-king-ry\/"},"wordCount":1041,"publisher":{"@id":"https:\/\/footdavant.fr\/actualites\/#organization"},"keywords":["carri\u00e8re","Gains","King","mentions"],"articleSection":["Football"],"inLanguage":"fr-FR"},{"@type":"WebPage","@id":"https:\/\/footdavant.fr\/actualites\/gains-et-mentions-de-carriere-de-king-ry\/","url":"https:\/\/footdavant.fr\/actualites\/gains-et-mentions-de-carriere-de-king-ry\/","name":"Gains et mentions de carri\u00e8re de \u00ab\u00a0King Ry\u00a0\u00bb","isPartOf":{"@id":"https:\/\/footdavant.fr\/actualites\/#website"},"datePublished":"2023-11-28T13:48:46+00:00","dateModified":"2023-11-28T13:48:47+00:00","breadcrumb":{"@id":"https:\/\/footdavant.fr\/actualites\/gains-et-mentions-de-carriere-de-king-ry\/#breadcrumb"},"inLanguage":"fr-FR","potentialAction":[{"@type":"ReadAction","target":["https:\/\/footdavant.fr\/actualites\/gains-et-mentions-de-carriere-de-king-ry\/"]}]},{"@type":"BreadcrumbList","@id":"https:\/\/footdavant.fr\/actualites\/gains-et-mentions-de-carriere-de-king-ry\/#breadcrumb","itemListElement":[{"@type":"ListItem","position":1,"name":"Accueil","item":"https:\/\/footdavant.fr\/actualites\/"},{"@type":"ListItem","position":2,"name":"Gains et mentions de carri\u00e8re de \u00ab\u00a0King Ry\u00a0\u00bb"}]},{"@type":"WebSite","@id":"https:\/\/footdavant.fr\/actualites\/#website","url":"https:\/\/footdavant.fr\/actualites\/","name":"Foot d'avant","description":"","publisher":{"@id":"https:\/\/footdavant.fr\/actualites\/#organization"},"potentialAction":[{"@type":"SearchAction","target":{"@type":"EntryPoint","urlTemplate":"https:\/\/footdavant.fr\/actualites\/?s={search_term_string}"},"query-input":"required name=search_term_string"}],"inLanguage":"fr-FR"},{"@type":"Organization","@id":"https:\/\/footdavant.fr\/actualites\/#organization","name":"Foot d'avant","url":"https:\/\/footdavant.fr\/actualites\/","logo":{"@type":"ImageObject","inLanguage":"fr-FR","@id":"https:\/\/footdavant.fr\/actualites\/#\/schema\/logo\/image\/","url":"https:\/\/footdavant.fr\/actualites\/wp-content\/uploads\/2023\/09\/Copy-of-FootDavant-Logo.png","contentUrl":"https:\/\/footdavant.fr\/actualites\/wp-content\/uploads\/2023\/09\/Copy-of-FootDavant-Logo.png","width":936,"height":549,"caption":"Foot d'avant"},"image":{"@id":"https:\/\/footdavant.fr\/actualites\/#\/schema\/logo\/image\/"},"sameAs":["https:\/\/www.facebook.com\/Footdavant\/","https:\/\/twitter.com\/FootdavantFr","https:\/\/www.instagram.com\/footdavant.fr\/"]},{"@type":"Person","@id":"https:\/\/footdavant.fr\/actualites\/#\/schema\/person\/bc222566d95871b37e597b3ed3ba5e1d","name":"Cl\u00e9ment","image":{"@type":"ImageObject","inLanguage":"fr-FR","@id":"https:\/\/footdavant.fr\/actualites\/#\/schema\/person\/image\/","url":"https:\/\/secure.gravatar.com\/avatar\/7728b29aac2719421e1a9159b2254c44?s=96&d=mm&r=g","contentUrl":"https:\/\/secure.gravatar.com\/avatar\/7728b29aac2719421e1a9159b2254c44?s=96&d=mm&r=g","caption":"Cl\u00e9ment"},"sameAs":["https:\/\/footdavant.fr\/"]}]}},"_links":{"self":[{"href":"https:\/\/footdavant.fr\/actualites\/wp-json\/wp\/v2\/posts\/1573"}],"collection":[{"href":"https:\/\/footdavant.fr\/actualites\/wp-json\/wp\/v2\/posts"}],"about":[{"href":"https:\/\/footdavant.fr\/actualites\/wp-json\/wp\/v2\/types\/post"}],"author":[{"embeddable":true,"href":"https:\/\/footdavant.fr\/actualites\/wp-json\/wp\/v2\/users\/1"}],"replies":[{"embeddable":true,"href":"https:\/\/footdavant.fr\/actualites\/wp-json\/wp\/v2\/comments?post=1573"}],"version-history":[{"count":1,"href":"https:\/\/footdavant.fr\/actualites\/wp-json\/wp\/v2\/posts\/1573\/revisions"}],"predecessor-version":[{"id":1575,"href":"https:\/\/footdavant.fr\/actualites\/wp-json\/wp\/v2\/posts\/1573\/revisions\/1575"}],"wp:featuredmedia":[{"embeddable":true,"href":"https:\/\/footdavant.fr\/actualites\/wp-json\/wp\/v2\/media\/1574"}],"wp:attachment":[{"href":"https:\/\/footdavant.fr\/actualites\/wp-json\/wp\/v2\/media?parent=1573"}],"wp:term":[{"taxonomy":"category","embeddable":true,"href":"https:\/\/footdavant.fr\/actualites\/wp-json\/wp\/v2\/categories?post=1573"},{"taxonomy":"post_tag","embeddable":true,"href":"https:\/\/footdavant.fr\/actualites\/wp-json\/wp\/v2\/tags?post=1573"}],"curies":[{"name":"wp","href":"https:\/\/api.w.org\/{rel}","templated":true}]}}