{"id":15767,"date":"2024-11-06T04:48:00","date_gmt":"2024-11-06T03:48:00","guid":{"rendered":"https:\/\/footdavant.fr\/actualites\/las-vegas-a-embauche-lancien-entraineur-chef-des-raiders-norv-turner-comme-assistant-offensif\/"},"modified":"2024-11-06T04:48:01","modified_gmt":"2024-11-06T03:48:01","slug":"las-vegas-a-embauche-lancien-entraineur-chef-des-raiders-norv-turner-comme-assistant-offensif","status":"publish","type":"post","link":"https:\/\/footdavant.fr\/actualites\/las-vegas-a-embauche-lancien-entraineur-chef-des-raiders-norv-turner-comme-assistant-offensif\/","title":{"rendered":"Las Vegas a embauch\u00e9 l&#39;ancien entra\u00eeneur-chef des Raiders Norv Turner comme assistant offensif"},"content":{"rendered":"<div>\n<p>Pour aider l&#39;offensive pour le reste de la saison, l&#39;entra\u00eeneur-chef Antonio Pierce a embauch\u00e9 l&#39;ancien entra\u00eeneur-chef des Raiders Norv Turner. Il a occup\u00e9 pour la derni\u00e8re fois un poste d&#39;assistant des \u00e9quipes sp\u00e9ciales avec les Panthers en 2019. Avec une fiche de 2-7, les Raiders rateront probablement les s\u00e9ries \u00e9liminatoires en 2024. Cependant, Pierce a fait appel \u00e0 Turner pour l&#39;aider \u00e0 r\u00e9parer l&#39;offensive. Nous verrons \u00e0 quel point le joueur de 72 ans est efficace apr\u00e8s avoir \u00e9t\u00e9 absent pendant quelques saisons.<\/p>\n<h2>Norv Turner a \u00e9t\u00e9 embauch\u00e9 par les Raiders comme assistant offensif<\/h2>\n<blockquote class=\"twitter-tweet\">\n<p dir=\"ltr\" lang=\"en\">Une d\u00e9cision vraiment intelligente de la part du <a rel=\"nofollow\" href=\"https:\/\/twitter.com\/hashtag\/Raiders?src=hash&amp;ref_src=twsrc%5Etfw\">#Raiders<\/a>. Un bonus suppl\u00e9mentaire ? Norv se rapproche de ses petits-enfants. https:\/\/t.co\/r5Bvigmdq1<\/p>\n<p>\u2013 Ian Rapoport (@RapSheet) <a rel=\"nofollow\" href=\"https:\/\/twitter.com\/RapSheet\/status\/1853829897459785909?ref_src=twsrc%5Etfw\">5 novembre 2024<\/a><\/p>\n<\/blockquote>\n<p>En 1991, Norv Turner a d\u00e9but\u00e9 sa carri\u00e8re d&#39;entra\u00eeneur en tant que coordinateur offensif des Cowboys de Dallas. Turner a remport\u00e9 deux Super Bowls cons\u00e9cutifs avec les Cowboys en 1992 et 1993 en tant qu&#39;OC. Il a occup\u00e9 ce poste pendant trois saisons avant d&#39;\u00eatre embauch\u00e9 comme entra\u00eeneur-chef des Redskins de Washington (Commanders). En sept saisons comme entra\u00eeneur-chef \u00e0 Washington, Turner a obtenu une fiche de 49-59-1. Il a eu une autre chance en tant qu&#39;entra\u00eeneur-chef en 2004 lorsqu&#39;il a \u00e9t\u00e9 embauch\u00e9 par les Raiders. Turner n&#39;a dur\u00e9 que deux saisons \u00e0 Oakland.<\/p>\n<p>Son dernier poste d&#39;entra\u00eeneur-chef dans la NFL remonte \u00e0 2007-2012 avec les Chargers de San Diego. Il avait une fiche de 56-40 en six saisons \u00e0 San Diego. Turner a \u00e9t\u00e9 entra\u00eeneur lors de huit matchs \u00e9liminatoires au cours de sa carri\u00e8re, dont six avec les Chargers. Apr\u00e8s que les Raiders se soient s\u00e9par\u00e9s de plusieurs entra\u00eeneurs offensifs, ils ont engag\u00e9 Turner pour r\u00e9parer l&#39;offensive entre-temps. Son fils Scott a \u00e9t\u00e9 embauch\u00e9 par les Raiders en 2023 en tant que coordinateur du jeu de passes. Il devrait jouer un r\u00f4le plus important au sein de l\u2019\u00e9quipe. L&#39;embauche de Turner est une d\u00e9cision int\u00e9ressante de la part des Raiders, mais ils \u00e9taient d\u00e9sesp\u00e9r\u00e9s d&#39;avoir un changement en attaque.<\/p>\n<\/p><\/div>\n<p><script async src=\"https:\/\/platform.twitter.com\/widgets.js\" charset=\"utf-8\"><\/script><\/p>\n","protected":false},"excerpt":{"rendered":"<p>Pour aider l&#39;offensive pour le reste de la saison, l&#39;entra\u00eeneur-chef Antonio Pierce a embauch\u00e9 l&#39;ancien entra\u00eeneur-chef des Raiders Norv Turner. Il a occup\u00e9 pour la<\/p>\n","protected":false},"author":1,"featured_media":15768,"comment_status":"closed","ping_status":"","sticky":false,"template":"","format":"standard","meta":{"footnotes":""},"categories":[3],"tags":[6948,990,12,6946,2934,4404,848,6947,4362,2542,6932,6945],"yoast_head":"<!-- This site is optimized with the Yoast SEO plugin v21.0 - https:\/\/yoast.com\/wordpress\/plugins\/seo\/ -->\n<title>Las Vegas a embauch\u00e9 l&#039;ancien entra\u00eeneur-chef des Raiders Norv Turner comme assistant offensif<\/title>\n<meta name=\"robots\" content=\"index, follow, max-snippet:-1, max-image-preview:large, max-video-preview:-1\" \/>\n<link rel=\"canonical\" href=\"https:\/\/footdavant.fr\/actualites\/las-vegas-a-embauche-lancien-entraineur-chef-des-raiders-norv-turner-comme-assistant-offensif\/\" \/>\n<meta property=\"og:locale\" content=\"fr_FR\" \/>\n<meta property=\"og:type\" content=\"article\" \/>\n<meta property=\"og:title\" content=\"Las Vegas a embauch\u00e9 l&#039;ancien entra\u00eeneur-chef des Raiders Norv Turner comme assistant offensif\" \/>\n<meta property=\"og:description\" content=\"Pour aider l&#039;offensive pour le reste de la saison, l&#039;entra\u00eeneur-chef Antonio Pierce a embauch\u00e9 l&#039;ancien entra\u00eeneur-chef des Raiders Norv Turner. Il a occup\u00e9 pour la\" \/>\n<meta property=\"og:url\" content=\"https:\/\/footdavant.fr\/actualites\/las-vegas-a-embauche-lancien-entraineur-chef-des-raiders-norv-turner-comme-assistant-offensif\/\" \/>\n<meta property=\"og:site_name\" content=\"Foot d&#039;avant\" \/>\n<meta property=\"article:publisher\" content=\"https:\/\/www.facebook.com\/Footdavant\/\" \/>\n<meta property=\"article:published_time\" content=\"2024-11-06T03:48:00+00:00\" \/>\n<meta property=\"article:modified_time\" content=\"2024-11-06T03:48:01+00:00\" \/>\n<meta property=\"og:image\" content=\"https:\/\/footdavant.fr\/actualites\/wp-content\/uploads\/2024\/11\/Las-Vegas-a-embauche-l39ancien-entraineur-chef-des-Raiders-Norv-Turner.jpg\" \/>\n\t<meta property=\"og:image:width\" content=\"696\" \/>\n\t<meta property=\"og:image:height\" content=\"464\" \/>\n\t<meta property=\"og:image:type\" content=\"image\/jpeg\" \/>\n<meta name=\"author\" content=\"Cl\u00e9ment\" \/>\n<meta name=\"twitter:card\" content=\"summary_large_image\" \/>\n<meta name=\"twitter:creator\" content=\"@FootdavantFr\" \/>\n<meta name=\"twitter:site\" content=\"@FootdavantFr\" \/>\n<meta name=\"twitter:label1\" content=\"\u00c9crit par\" \/>\n\t<meta name=\"twitter:data1\" content=\"Cl\u00e9ment\" \/>\n\t<meta name=\"twitter:label2\" content=\"Dur\u00e9e de lecture estim\u00e9e\" \/>\n\t<meta name=\"twitter:data2\" content=\"2 minutes\" \/>\n<script type=\"application\/ld+json\" class=\"yoast-schema-graph\">{\"@context\":\"https:\/\/schema.org\",\"@graph\":[{\"@type\":\"Article\",\"@id\":\"https:\/\/footdavant.fr\/actualites\/las-vegas-a-embauche-lancien-entraineur-chef-des-raiders-norv-turner-comme-assistant-offensif\/#article\",\"isPartOf\":{\"@id\":\"https:\/\/footdavant.fr\/actualites\/las-vegas-a-embauche-lancien-entraineur-chef-des-raiders-norv-turner-comme-assistant-offensif\/\"},\"author\":{\"name\":\"Cl\u00e9ment\",\"@id\":\"https:\/\/footdavant.fr\/actualites\/#\/schema\/person\/bc222566d95871b37e597b3ed3ba5e1d\"},\"headline\":\"Las Vegas a embauch\u00e9 l&#39;ancien entra\u00eeneur-chef des Raiders Norv Turner comme assistant offensif\",\"datePublished\":\"2024-11-06T03:48:00+00:00\",\"dateModified\":\"2024-11-06T03:48:01+00:00\",\"mainEntityOfPage\":{\"@id\":\"https:\/\/footdavant.fr\/actualites\/las-vegas-a-embauche-lancien-entraineur-chef-des-raiders-norv-turner-comme-assistant-offensif\/\"},\"wordCount\":379,\"publisher\":{\"@id\":\"https:\/\/footdavant.fr\/actualites\/#organization\"},\"keywords\":[\"assistant\",\"comme\",\"des\",\"embauch\u00e9\",\"entra\u00eeneurchef\",\"l39ancien\",\"las\",\"Norv\",\"offensif\",\"Raiders\",\"Turner\",\"Vegas\"],\"articleSection\":[\"Football\"],\"inLanguage\":\"fr-FR\"},{\"@type\":\"WebPage\",\"@id\":\"https:\/\/footdavant.fr\/actualites\/las-vegas-a-embauche-lancien-entraineur-chef-des-raiders-norv-turner-comme-assistant-offensif\/\",\"url\":\"https:\/\/footdavant.fr\/actualites\/las-vegas-a-embauche-lancien-entraineur-chef-des-raiders-norv-turner-comme-assistant-offensif\/\",\"name\":\"Las Vegas a embauch\u00e9 l&#39;ancien entra\u00eeneur-chef des Raiders Norv Turner comme assistant offensif\",\"isPartOf\":{\"@id\":\"https:\/\/footdavant.fr\/actualites\/#website\"},\"datePublished\":\"2024-11-06T03:48:00+00:00\",\"dateModified\":\"2024-11-06T03:48:01+00:00\",\"breadcrumb\":{\"@id\":\"https:\/\/footdavant.fr\/actualites\/las-vegas-a-embauche-lancien-entraineur-chef-des-raiders-norv-turner-comme-assistant-offensif\/#breadcrumb\"},\"inLanguage\":\"fr-FR\",\"potentialAction\":[{\"@type\":\"ReadAction\",\"target\":[\"https:\/\/footdavant.fr\/actualites\/las-vegas-a-embauche-lancien-entraineur-chef-des-raiders-norv-turner-comme-assistant-offensif\/\"]}]},{\"@type\":\"BreadcrumbList\",\"@id\":\"https:\/\/footdavant.fr\/actualites\/las-vegas-a-embauche-lancien-entraineur-chef-des-raiders-norv-turner-comme-assistant-offensif\/#breadcrumb\",\"itemListElement\":[{\"@type\":\"ListItem\",\"position\":1,\"name\":\"Accueil\",\"item\":\"https:\/\/footdavant.fr\/actualites\/\"},{\"@type\":\"ListItem\",\"position\":2,\"name\":\"Las Vegas a embauch\u00e9 l&#39;ancien entra\u00eeneur-chef des Raiders Norv Turner comme assistant offensif\"}]},{\"@type\":\"WebSite\",\"@id\":\"https:\/\/footdavant.fr\/actualites\/#website\",\"url\":\"https:\/\/footdavant.fr\/actualites\/\",\"name\":\"Foot d'avant\",\"description\":\"\",\"publisher\":{\"@id\":\"https:\/\/footdavant.fr\/actualites\/#organization\"},\"potentialAction\":[{\"@type\":\"SearchAction\",\"target\":{\"@type\":\"EntryPoint\",\"urlTemplate\":\"https:\/\/footdavant.fr\/actualites\/?s={search_term_string}\"},\"query-input\":\"required name=search_term_string\"}],\"inLanguage\":\"fr-FR\"},{\"@type\":\"Organization\",\"@id\":\"https:\/\/footdavant.fr\/actualites\/#organization\",\"name\":\"Foot d'avant\",\"url\":\"https:\/\/footdavant.fr\/actualites\/\",\"logo\":{\"@type\":\"ImageObject\",\"inLanguage\":\"fr-FR\",\"@id\":\"https:\/\/footdavant.fr\/actualites\/#\/schema\/logo\/image\/\",\"url\":\"https:\/\/footdavant.fr\/actualites\/wp-content\/uploads\/2023\/09\/Copy-of-FootDavant-Logo.png\",\"contentUrl\":\"https:\/\/footdavant.fr\/actualites\/wp-content\/uploads\/2023\/09\/Copy-of-FootDavant-Logo.png\",\"width\":936,\"height\":549,\"caption\":\"Foot d'avant\"},\"image\":{\"@id\":\"https:\/\/footdavant.fr\/actualites\/#\/schema\/logo\/image\/\"},\"sameAs\":[\"https:\/\/www.facebook.com\/Footdavant\/\",\"https:\/\/twitter.com\/FootdavantFr\",\"https:\/\/www.instagram.com\/footdavant.fr\/\"]},{\"@type\":\"Person\",\"@id\":\"https:\/\/footdavant.fr\/actualites\/#\/schema\/person\/bc222566d95871b37e597b3ed3ba5e1d\",\"name\":\"Cl\u00e9ment\",\"image\":{\"@type\":\"ImageObject\",\"inLanguage\":\"fr-FR\",\"@id\":\"https:\/\/footdavant.fr\/actualites\/#\/schema\/person\/image\/\",\"url\":\"https:\/\/secure.gravatar.com\/avatar\/7728b29aac2719421e1a9159b2254c44?s=96&d=mm&r=g\",\"contentUrl\":\"https:\/\/secure.gravatar.com\/avatar\/7728b29aac2719421e1a9159b2254c44?s=96&d=mm&r=g\",\"caption\":\"Cl\u00e9ment\"},\"sameAs\":[\"https:\/\/footdavant.fr\/\"]}]}<\/script>\n<!-- \/ Yoast SEO plugin. -->","yoast_head_json":{"title":"Las Vegas a embauch\u00e9 l&#39;ancien entra\u00eeneur-chef des Raiders Norv Turner comme assistant offensif","robots":{"index":"index","follow":"follow","max-snippet":"max-snippet:-1","max-image-preview":"max-image-preview:large","max-video-preview":"max-video-preview:-1"},"canonical":"https:\/\/footdavant.fr\/actualites\/las-vegas-a-embauche-lancien-entraineur-chef-des-raiders-norv-turner-comme-assistant-offensif\/","og_locale":"fr_FR","og_type":"article","og_title":"Las Vegas a embauch\u00e9 l&#39;ancien entra\u00eeneur-chef des Raiders Norv Turner comme assistant offensif","og_description":"Pour aider l&#39;offensive pour le reste de la saison, l&#39;entra\u00eeneur-chef Antonio Pierce a embauch\u00e9 l&#39;ancien entra\u00eeneur-chef des Raiders Norv Turner. Il a occup\u00e9 pour la","og_url":"https:\/\/footdavant.fr\/actualites\/las-vegas-a-embauche-lancien-entraineur-chef-des-raiders-norv-turner-comme-assistant-offensif\/","og_site_name":"Foot d&#039;avant","article_publisher":"https:\/\/www.facebook.com\/Footdavant\/","article_published_time":"2024-11-06T03:48:00+00:00","article_modified_time":"2024-11-06T03:48:01+00:00","og_image":[{"width":696,"height":464,"url":"https:\/\/footdavant.fr\/actualites\/wp-content\/uploads\/2024\/11\/Las-Vegas-a-embauche-l39ancien-entraineur-chef-des-Raiders-Norv-Turner.jpg","type":"image\/jpeg"}],"author":"Cl\u00e9ment","twitter_card":"summary_large_image","twitter_creator":"@FootdavantFr","twitter_site":"@FootdavantFr","twitter_misc":{"\u00c9crit par":"Cl\u00e9ment","Dur\u00e9e de lecture estim\u00e9e":"2 minutes"},"schema":{"@context":"https:\/\/schema.org","@graph":[{"@type":"Article","@id":"https:\/\/footdavant.fr\/actualites\/las-vegas-a-embauche-lancien-entraineur-chef-des-raiders-norv-turner-comme-assistant-offensif\/#article","isPartOf":{"@id":"https:\/\/footdavant.fr\/actualites\/las-vegas-a-embauche-lancien-entraineur-chef-des-raiders-norv-turner-comme-assistant-offensif\/"},"author":{"name":"Cl\u00e9ment","@id":"https:\/\/footdavant.fr\/actualites\/#\/schema\/person\/bc222566d95871b37e597b3ed3ba5e1d"},"headline":"Las Vegas a embauch\u00e9 l&#39;ancien entra\u00eeneur-chef des Raiders Norv Turner comme assistant offensif","datePublished":"2024-11-06T03:48:00+00:00","dateModified":"2024-11-06T03:48:01+00:00","mainEntityOfPage":{"@id":"https:\/\/footdavant.fr\/actualites\/las-vegas-a-embauche-lancien-entraineur-chef-des-raiders-norv-turner-comme-assistant-offensif\/"},"wordCount":379,"publisher":{"@id":"https:\/\/footdavant.fr\/actualites\/#organization"},"keywords":["assistant","comme","des","embauch\u00e9","entra\u00eeneurchef","l39ancien","las","Norv","offensif","Raiders","Turner","Vegas"],"articleSection":["Football"],"inLanguage":"fr-FR"},{"@type":"WebPage","@id":"https:\/\/footdavant.fr\/actualites\/las-vegas-a-embauche-lancien-entraineur-chef-des-raiders-norv-turner-comme-assistant-offensif\/","url":"https:\/\/footdavant.fr\/actualites\/las-vegas-a-embauche-lancien-entraineur-chef-des-raiders-norv-turner-comme-assistant-offensif\/","name":"Las Vegas a embauch\u00e9 l&#39;ancien entra\u00eeneur-chef des Raiders Norv Turner comme assistant offensif","isPartOf":{"@id":"https:\/\/footdavant.fr\/actualites\/#website"},"datePublished":"2024-11-06T03:48:00+00:00","dateModified":"2024-11-06T03:48:01+00:00","breadcrumb":{"@id":"https:\/\/footdavant.fr\/actualites\/las-vegas-a-embauche-lancien-entraineur-chef-des-raiders-norv-turner-comme-assistant-offensif\/#breadcrumb"},"inLanguage":"fr-FR","potentialAction":[{"@type":"ReadAction","target":["https:\/\/footdavant.fr\/actualites\/las-vegas-a-embauche-lancien-entraineur-chef-des-raiders-norv-turner-comme-assistant-offensif\/"]}]},{"@type":"BreadcrumbList","@id":"https:\/\/footdavant.fr\/actualites\/las-vegas-a-embauche-lancien-entraineur-chef-des-raiders-norv-turner-comme-assistant-offensif\/#breadcrumb","itemListElement":[{"@type":"ListItem","position":1,"name":"Accueil","item":"https:\/\/footdavant.fr\/actualites\/"},{"@type":"ListItem","position":2,"name":"Las Vegas a embauch\u00e9 l&#39;ancien entra\u00eeneur-chef des Raiders Norv Turner comme assistant offensif"}]},{"@type":"WebSite","@id":"https:\/\/footdavant.fr\/actualites\/#website","url":"https:\/\/footdavant.fr\/actualites\/","name":"Foot d'avant","description":"","publisher":{"@id":"https:\/\/footdavant.fr\/actualites\/#organization"},"potentialAction":[{"@type":"SearchAction","target":{"@type":"EntryPoint","urlTemplate":"https:\/\/footdavant.fr\/actualites\/?s={search_term_string}"},"query-input":"required name=search_term_string"}],"inLanguage":"fr-FR"},{"@type":"Organization","@id":"https:\/\/footdavant.fr\/actualites\/#organization","name":"Foot d'avant","url":"https:\/\/footdavant.fr\/actualites\/","logo":{"@type":"ImageObject","inLanguage":"fr-FR","@id":"https:\/\/footdavant.fr\/actualites\/#\/schema\/logo\/image\/","url":"https:\/\/footdavant.fr\/actualites\/wp-content\/uploads\/2023\/09\/Copy-of-FootDavant-Logo.png","contentUrl":"https:\/\/footdavant.fr\/actualites\/wp-content\/uploads\/2023\/09\/Copy-of-FootDavant-Logo.png","width":936,"height":549,"caption":"Foot d'avant"},"image":{"@id":"https:\/\/footdavant.fr\/actualites\/#\/schema\/logo\/image\/"},"sameAs":["https:\/\/www.facebook.com\/Footdavant\/","https:\/\/twitter.com\/FootdavantFr","https:\/\/www.instagram.com\/footdavant.fr\/"]},{"@type":"Person","@id":"https:\/\/footdavant.fr\/actualites\/#\/schema\/person\/bc222566d95871b37e597b3ed3ba5e1d","name":"Cl\u00e9ment","image":{"@type":"ImageObject","inLanguage":"fr-FR","@id":"https:\/\/footdavant.fr\/actualites\/#\/schema\/person\/image\/","url":"https:\/\/secure.gravatar.com\/avatar\/7728b29aac2719421e1a9159b2254c44?s=96&d=mm&r=g","contentUrl":"https:\/\/secure.gravatar.com\/avatar\/7728b29aac2719421e1a9159b2254c44?s=96&d=mm&r=g","caption":"Cl\u00e9ment"},"sameAs":["https:\/\/footdavant.fr\/"]}]}},"_links":{"self":[{"href":"https:\/\/footdavant.fr\/actualites\/wp-json\/wp\/v2\/posts\/15767"}],"collection":[{"href":"https:\/\/footdavant.fr\/actualites\/wp-json\/wp\/v2\/posts"}],"about":[{"href":"https:\/\/footdavant.fr\/actualites\/wp-json\/wp\/v2\/types\/post"}],"author":[{"embeddable":true,"href":"https:\/\/footdavant.fr\/actualites\/wp-json\/wp\/v2\/users\/1"}],"replies":[{"embeddable":true,"href":"https:\/\/footdavant.fr\/actualites\/wp-json\/wp\/v2\/comments?post=15767"}],"version-history":[{"count":1,"href":"https:\/\/footdavant.fr\/actualites\/wp-json\/wp\/v2\/posts\/15767\/revisions"}],"predecessor-version":[{"id":15769,"href":"https:\/\/footdavant.fr\/actualites\/wp-json\/wp\/v2\/posts\/15767\/revisions\/15769"}],"wp:featuredmedia":[{"embeddable":true,"href":"https:\/\/footdavant.fr\/actualites\/wp-json\/wp\/v2\/media\/15768"}],"wp:attachment":[{"href":"https:\/\/footdavant.fr\/actualites\/wp-json\/wp\/v2\/media?parent=15767"}],"wp:term":[{"taxonomy":"category","embeddable":true,"href":"https:\/\/footdavant.fr\/actualites\/wp-json\/wp\/v2\/categories?post=15767"},{"taxonomy":"post_tag","embeddable":true,"href":"https:\/\/footdavant.fr\/actualites\/wp-json\/wp\/v2\/tags?post=15767"}],"curies":[{"name":"wp","href":"https:\/\/api.w.org\/{rel}","templated":true}]}}