{"id":15829,"date":"2024-11-07T09:48:54","date_gmt":"2024-11-07T08:48:54","guid":{"rendered":"https:\/\/footdavant.fr\/actualites\/composition-daston-villa-contre-le-club-de-bruges-composition-prevue-pour-la-ligue-des-champions-alors-que-watkins-et-duran-se-battent-pour-commencer\/"},"modified":"2024-11-07T09:48:55","modified_gmt":"2024-11-07T08:48:55","slug":"composition-daston-villa-contre-le-club-de-bruges-composition-prevue-pour-la-ligue-des-champions-alors-que-watkins-et-duran-se-battent-pour-commencer","status":"publish","type":"post","link":"https:\/\/footdavant.fr\/actualites\/composition-daston-villa-contre-le-club-de-bruges-composition-prevue-pour-la-ligue-des-champions-alors-que-watkins-et-duran-se-battent-pour-commencer\/","title":{"rendered":"Composition d&#39;Aston Villa contre le Club de Bruges : composition pr\u00e9vue pour la Ligue des champions, alors que Watkins et Duran se battent pour commencer"},"content":{"rendered":"<p>Sports Mole examine en profondeur comment Aston Villa pourrait s&#39;aligner pour le choc de la Ligue des Champions de mercredi avec le Club de Bruges.<\/p>\n<div id=\"article_body\" itemprop=\"articleBody\">\n<p class=\"firstPara\">Dans le but de prolonger un d\u00e9but de vie sans faille \u00e0 la premi\u00e8re table europ\u00e9enne, <strong class=\"autotag\">Ligue des champions<\/strong> dirigeants <strong class=\"autotag\">Villa Aston<\/strong> affrontera les champions belges <strong class=\"autotag\">Club de Bruges<\/strong> le mercredi soir.<\/p>\n<p><strong>Victoire sur Bologne<\/strong> le mois dernier s\u00e9curis\u00e9 <strong>maximum de points<\/strong> des trois premiers matches de Villa, avec le capitaine <strong class=\"autotag\">John McGinn<\/strong> et attaquant colombien <strong class=\"autotag\">John Duran<\/strong> marquer les buts \u00e0 Birmingham.<\/p>\n<p>Entra\u00eeneur-chef <strong class=\"autotag\">Unai Emery<\/strong> est \u00e0 nouveau confront\u00e9 \u00e0 une d\u00e9cision difficile quant \u00e0 savoir si ce dernier se verra offrir une autre opportunit\u00e9 en milieu de semaine, ou s&#39;il est pr\u00e9f\u00e9r\u00e9 comme titulaire en Premier League <strong class=\"autotag\">Ollie Watkins<\/strong> devrait continuer \u00e0 montrer la voie. <\/p>\n<p>Duran a marqu\u00e9 quatre buts en championnat en tant que rempla\u00e7ant et a marqu\u00e9 un but vainqueur spectaculaire apr\u00e8s avoir quitt\u00e9 le banc contre le Bayern Munich, mais a r\u00e9cemment d\u00e9but\u00e9 plusieurs matchs de coupe et pourrait \u00e0 nouveau obtenir le feu vert \u00e0 Bruges.<\/p>\n<p>McGinn et <strong class=\"autotag\">Morgane Rogers<\/strong> sont les plus susceptibles de fournir les deux tiers du casting de soutien du seul attaquant, avec <strong class=\"autotag\">L\u00e9on Bailey<\/strong>, <strong class=\"autotag\">Jacob Ramsey<\/strong> et <strong class=\"autotag\">Jaden Philog\u00e8ne<\/strong> tous en lice pour l&#39;autre place.<\/p>\n<p><strong class=\"autotag\">Emiliano Mart\u00ednez<\/strong> commence dans le but, derri\u00e8re une ligne arri\u00e8re qui pourrait voir <strong class=\"autotag\">Diego Carlos<\/strong> introduit pour les bless\u00e9s <strong class=\"autotag\">Matty Cash<\/strong>avec <strong class=\"autotag\">Ezri Konsa<\/strong> se d\u00e9placer vers l&#39;arri\u00e8re droit\u00a0; si <strong class=\"autotag\">Lucas Digne<\/strong> est repos\u00e9, <strong class=\"autotag\">Ian Maatsen<\/strong> figurerait \u00e0 gauche.<\/p>\n<p>De retour dans leur patrie, <strong class=\"autotag\">Amadou Onana<\/strong> et <strong class=\"autotag\">Youri Tielemans<\/strong> uniront leurs forces au milieu de terrain, comme <strong class=\"autotag\">Boubacar Kamara<\/strong> est toujours \u00e0 court de forme physique apr\u00e8s une longue mise \u00e0 pied ; en outre, <strong class=\"autotag\">Ross Barkley<\/strong> est mis \u00e0 l\u2019\u00e9cart \u00e0 cause d\u2019une blessure.<\/p>\n<p>Avec Kamara et <strong class=\"autotag\">Tyrone Mings<\/strong> D\u00e9sormais de retour de longues blessures, seuls Cash et Barkley ont rat\u00e9 le voyage en Belgique.<\/p>\n<p><strong>Aston Villa composition de d\u00e9part possible :<\/strong> Martinez\u00a0; Konsa, Carlos, Torres, Maatsen ; Onana, Tielemans; McGinn, Rogers, Ramsey; Duran<\/p>\n<\/div>\n","protected":false},"excerpt":{"rendered":"<p>Sports Mole examine en profondeur comment Aston Villa pourrait s&#39;aligner pour le choc de la Ligue des Champions de mercredi avec le Club de Bruges.<\/p>\n","protected":false},"author":1,"featured_media":14447,"comment_status":"closed","ping_status":"","sticky":false,"template":"","format":"standard","meta":{"footnotes":""},"categories":[4],"tags":[318,1418,3743,31,333,6040,2291,20,4823,12,5226,30,51,6510,370,869],"yoast_head":"<!-- This site is optimized with the Yoast SEO plugin v21.0 - https:\/\/yoast.com\/wordpress\/plugins\/seo\/ -->\n<title>Composition d&#039;Aston Villa contre le Club de Bruges : composition pr\u00e9vue pour la Ligue des champions, alors que Watkins et Duran se battent pour commencer<\/title>\n<meta name=\"robots\" content=\"index, follow, max-snippet:-1, max-image-preview:large, max-video-preview:-1\" \/>\n<link rel=\"canonical\" href=\"https:\/\/footdavant.fr\/actualites\/composition-daston-villa-contre-le-club-de-bruges-composition-prevue-pour-la-ligue-des-champions-alors-que-watkins-et-duran-se-battent-pour-commencer\/\" \/>\n<meta property=\"og:locale\" content=\"fr_FR\" \/>\n<meta property=\"og:type\" content=\"article\" \/>\n<meta property=\"og:title\" content=\"Composition d&#039;Aston Villa contre le Club de Bruges : composition pr\u00e9vue pour la Ligue des champions, alors que Watkins et Duran se battent pour commencer\" \/>\n<meta property=\"og:description\" content=\"Sports Mole examine en profondeur comment Aston Villa pourrait s&#039;aligner pour le choc de la Ligue des Champions de mercredi avec le Club de Bruges.\" \/>\n<meta property=\"og:url\" content=\"https:\/\/footdavant.fr\/actualites\/composition-daston-villa-contre-le-club-de-bruges-composition-prevue-pour-la-ligue-des-champions-alors-que-watkins-et-duran-se-battent-pour-commencer\/\" \/>\n<meta property=\"og:site_name\" content=\"Foot d&#039;avant\" \/>\n<meta property=\"article:publisher\" content=\"https:\/\/www.facebook.com\/Footdavant\/\" \/>\n<meta property=\"article:published_time\" content=\"2024-11-07T08:48:54+00:00\" \/>\n<meta property=\"article:modified_time\" content=\"2024-11-07T08:48:55+00:00\" \/>\n<meta property=\"og:image\" content=\"https:\/\/footdavant.fr\/actualites\/wp-content\/uploads\/2024\/10\/Aston-Villa-1-0-Bayern-Munich-Jhon-Duran-decrit-comme.jpg\" \/>\n\t<meta property=\"og:image:width\" content=\"1280\" \/>\n\t<meta property=\"og:image:height\" content=\"960\" \/>\n\t<meta property=\"og:image:type\" content=\"image\/jpeg\" \/>\n<meta name=\"author\" content=\"Cl\u00e9ment\" \/>\n<meta name=\"twitter:card\" content=\"summary_large_image\" \/>\n<meta name=\"twitter:creator\" content=\"@FootdavantFr\" \/>\n<meta name=\"twitter:site\" content=\"@FootdavantFr\" \/>\n<meta name=\"twitter:label1\" content=\"\u00c9crit par\" \/>\n\t<meta name=\"twitter:data1\" content=\"Cl\u00e9ment\" \/>\n\t<meta name=\"twitter:label2\" content=\"Dur\u00e9e de lecture estim\u00e9e\" \/>\n\t<meta name=\"twitter:data2\" content=\"2 minutes\" \/>\n<script type=\"application\/ld+json\" class=\"yoast-schema-graph\">{\"@context\":\"https:\/\/schema.org\",\"@graph\":[{\"@type\":\"Article\",\"@id\":\"https:\/\/footdavant.fr\/actualites\/composition-daston-villa-contre-le-club-de-bruges-composition-prevue-pour-la-ligue-des-champions-alors-que-watkins-et-duran-se-battent-pour-commencer\/#article\",\"isPartOf\":{\"@id\":\"https:\/\/footdavant.fr\/actualites\/composition-daston-villa-contre-le-club-de-bruges-composition-prevue-pour-la-ligue-des-champions-alors-que-watkins-et-duran-se-battent-pour-commencer\/\"},\"author\":{\"name\":\"Cl\u00e9ment\",\"@id\":\"https:\/\/footdavant.fr\/actualites\/#\/schema\/person\/bc222566d95871b37e597b3ed3ba5e1d\"},\"headline\":\"Composition d&#39;Aston Villa contre le Club de Bruges : composition pr\u00e9vue pour la Ligue des champions, alors que Watkins et Duran se battent pour commencer\",\"datePublished\":\"2024-11-07T08:48:54+00:00\",\"dateModified\":\"2024-11-07T08:48:55+00:00\",\"mainEntityOfPage\":{\"@id\":\"https:\/\/footdavant.fr\/actualites\/composition-daston-villa-contre-le-club-de-bruges-composition-prevue-pour-la-ligue-des-champions-alors-que-watkins-et-duran-se-battent-pour-commencer\/\"},\"wordCount\":374,\"publisher\":{\"@id\":\"https:\/\/footdavant.fr\/actualites\/#organization\"},\"keywords\":[\"alors\",\"battent\",\"Bruges\",\"champions\",\"club\",\"commencer\",\"composition\",\"contre\",\"d39Aston\",\"des\",\"Duran\",\"Ligue\",\"pour\",\"pr\u00e9vue\",\"Villa\",\"Watkins\"],\"articleSection\":[\"Champions League\"],\"inLanguage\":\"fr-FR\"},{\"@type\":\"WebPage\",\"@id\":\"https:\/\/footdavant.fr\/actualites\/composition-daston-villa-contre-le-club-de-bruges-composition-prevue-pour-la-ligue-des-champions-alors-que-watkins-et-duran-se-battent-pour-commencer\/\",\"url\":\"https:\/\/footdavant.fr\/actualites\/composition-daston-villa-contre-le-club-de-bruges-composition-prevue-pour-la-ligue-des-champions-alors-que-watkins-et-duran-se-battent-pour-commencer\/\",\"name\":\"Composition d&#39;Aston Villa contre le Club de Bruges : composition pr\u00e9vue pour la Ligue des champions, alors que Watkins et Duran se battent pour commencer\",\"isPartOf\":{\"@id\":\"https:\/\/footdavant.fr\/actualites\/#website\"},\"datePublished\":\"2024-11-07T08:48:54+00:00\",\"dateModified\":\"2024-11-07T08:48:55+00:00\",\"breadcrumb\":{\"@id\":\"https:\/\/footdavant.fr\/actualites\/composition-daston-villa-contre-le-club-de-bruges-composition-prevue-pour-la-ligue-des-champions-alors-que-watkins-et-duran-se-battent-pour-commencer\/#breadcrumb\"},\"inLanguage\":\"fr-FR\",\"potentialAction\":[{\"@type\":\"ReadAction\",\"target\":[\"https:\/\/footdavant.fr\/actualites\/composition-daston-villa-contre-le-club-de-bruges-composition-prevue-pour-la-ligue-des-champions-alors-que-watkins-et-duran-se-battent-pour-commencer\/\"]}]},{\"@type\":\"BreadcrumbList\",\"@id\":\"https:\/\/footdavant.fr\/actualites\/composition-daston-villa-contre-le-club-de-bruges-composition-prevue-pour-la-ligue-des-champions-alors-que-watkins-et-duran-se-battent-pour-commencer\/#breadcrumb\",\"itemListElement\":[{\"@type\":\"ListItem\",\"position\":1,\"name\":\"Accueil\",\"item\":\"https:\/\/footdavant.fr\/actualites\/\"},{\"@type\":\"ListItem\",\"position\":2,\"name\":\"Composition d&#39;Aston Villa contre le Club de Bruges : composition pr\u00e9vue pour la Ligue des champions, alors que Watkins et Duran se battent pour commencer\"}]},{\"@type\":\"WebSite\",\"@id\":\"https:\/\/footdavant.fr\/actualites\/#website\",\"url\":\"https:\/\/footdavant.fr\/actualites\/\",\"name\":\"Foot d'avant\",\"description\":\"\",\"publisher\":{\"@id\":\"https:\/\/footdavant.fr\/actualites\/#organization\"},\"potentialAction\":[{\"@type\":\"SearchAction\",\"target\":{\"@type\":\"EntryPoint\",\"urlTemplate\":\"https:\/\/footdavant.fr\/actualites\/?s={search_term_string}\"},\"query-input\":\"required name=search_term_string\"}],\"inLanguage\":\"fr-FR\"},{\"@type\":\"Organization\",\"@id\":\"https:\/\/footdavant.fr\/actualites\/#organization\",\"name\":\"Foot d'avant\",\"url\":\"https:\/\/footdavant.fr\/actualites\/\",\"logo\":{\"@type\":\"ImageObject\",\"inLanguage\":\"fr-FR\",\"@id\":\"https:\/\/footdavant.fr\/actualites\/#\/schema\/logo\/image\/\",\"url\":\"https:\/\/footdavant.fr\/actualites\/wp-content\/uploads\/2023\/09\/Copy-of-FootDavant-Logo.png\",\"contentUrl\":\"https:\/\/footdavant.fr\/actualites\/wp-content\/uploads\/2023\/09\/Copy-of-FootDavant-Logo.png\",\"width\":936,\"height\":549,\"caption\":\"Foot d'avant\"},\"image\":{\"@id\":\"https:\/\/footdavant.fr\/actualites\/#\/schema\/logo\/image\/\"},\"sameAs\":[\"https:\/\/www.facebook.com\/Footdavant\/\",\"https:\/\/twitter.com\/FootdavantFr\",\"https:\/\/www.instagram.com\/footdavant.fr\/\"]},{\"@type\":\"Person\",\"@id\":\"https:\/\/footdavant.fr\/actualites\/#\/schema\/person\/bc222566d95871b37e597b3ed3ba5e1d\",\"name\":\"Cl\u00e9ment\",\"image\":{\"@type\":\"ImageObject\",\"inLanguage\":\"fr-FR\",\"@id\":\"https:\/\/footdavant.fr\/actualites\/#\/schema\/person\/image\/\",\"url\":\"https:\/\/secure.gravatar.com\/avatar\/7728b29aac2719421e1a9159b2254c44?s=96&d=mm&r=g\",\"contentUrl\":\"https:\/\/secure.gravatar.com\/avatar\/7728b29aac2719421e1a9159b2254c44?s=96&d=mm&r=g\",\"caption\":\"Cl\u00e9ment\"},\"sameAs\":[\"https:\/\/footdavant.fr\/\"]}]}<\/script>\n<!-- \/ Yoast SEO plugin. -->","yoast_head_json":{"title":"Composition d&#39;Aston Villa contre le Club de Bruges : composition pr\u00e9vue pour la Ligue des champions, alors que Watkins et Duran se battent pour commencer","robots":{"index":"index","follow":"follow","max-snippet":"max-snippet:-1","max-image-preview":"max-image-preview:large","max-video-preview":"max-video-preview:-1"},"canonical":"https:\/\/footdavant.fr\/actualites\/composition-daston-villa-contre-le-club-de-bruges-composition-prevue-pour-la-ligue-des-champions-alors-que-watkins-et-duran-se-battent-pour-commencer\/","og_locale":"fr_FR","og_type":"article","og_title":"Composition d&#39;Aston Villa contre le Club de Bruges : composition pr\u00e9vue pour la Ligue des champions, alors que Watkins et Duran se battent pour commencer","og_description":"Sports Mole examine en profondeur comment Aston Villa pourrait s&#39;aligner pour le choc de la Ligue des Champions de mercredi avec le Club de Bruges.","og_url":"https:\/\/footdavant.fr\/actualites\/composition-daston-villa-contre-le-club-de-bruges-composition-prevue-pour-la-ligue-des-champions-alors-que-watkins-et-duran-se-battent-pour-commencer\/","og_site_name":"Foot d&#039;avant","article_publisher":"https:\/\/www.facebook.com\/Footdavant\/","article_published_time":"2024-11-07T08:48:54+00:00","article_modified_time":"2024-11-07T08:48:55+00:00","og_image":[{"width":1280,"height":960,"url":"https:\/\/footdavant.fr\/actualites\/wp-content\/uploads\/2024\/10\/Aston-Villa-1-0-Bayern-Munich-Jhon-Duran-decrit-comme.jpg","type":"image\/jpeg"}],"author":"Cl\u00e9ment","twitter_card":"summary_large_image","twitter_creator":"@FootdavantFr","twitter_site":"@FootdavantFr","twitter_misc":{"\u00c9crit par":"Cl\u00e9ment","Dur\u00e9e de lecture estim\u00e9e":"2 minutes"},"schema":{"@context":"https:\/\/schema.org","@graph":[{"@type":"Article","@id":"https:\/\/footdavant.fr\/actualites\/composition-daston-villa-contre-le-club-de-bruges-composition-prevue-pour-la-ligue-des-champions-alors-que-watkins-et-duran-se-battent-pour-commencer\/#article","isPartOf":{"@id":"https:\/\/footdavant.fr\/actualites\/composition-daston-villa-contre-le-club-de-bruges-composition-prevue-pour-la-ligue-des-champions-alors-que-watkins-et-duran-se-battent-pour-commencer\/"},"author":{"name":"Cl\u00e9ment","@id":"https:\/\/footdavant.fr\/actualites\/#\/schema\/person\/bc222566d95871b37e597b3ed3ba5e1d"},"headline":"Composition d&#39;Aston Villa contre le Club de Bruges : composition pr\u00e9vue pour la Ligue des champions, alors que Watkins et Duran se battent pour commencer","datePublished":"2024-11-07T08:48:54+00:00","dateModified":"2024-11-07T08:48:55+00:00","mainEntityOfPage":{"@id":"https:\/\/footdavant.fr\/actualites\/composition-daston-villa-contre-le-club-de-bruges-composition-prevue-pour-la-ligue-des-champions-alors-que-watkins-et-duran-se-battent-pour-commencer\/"},"wordCount":374,"publisher":{"@id":"https:\/\/footdavant.fr\/actualites\/#organization"},"keywords":["alors","battent","Bruges","champions","club","commencer","composition","contre","d39Aston","des","Duran","Ligue","pour","pr\u00e9vue","Villa","Watkins"],"articleSection":["Champions League"],"inLanguage":"fr-FR"},{"@type":"WebPage","@id":"https:\/\/footdavant.fr\/actualites\/composition-daston-villa-contre-le-club-de-bruges-composition-prevue-pour-la-ligue-des-champions-alors-que-watkins-et-duran-se-battent-pour-commencer\/","url":"https:\/\/footdavant.fr\/actualites\/composition-daston-villa-contre-le-club-de-bruges-composition-prevue-pour-la-ligue-des-champions-alors-que-watkins-et-duran-se-battent-pour-commencer\/","name":"Composition d&#39;Aston Villa contre le Club de Bruges : composition pr\u00e9vue pour la Ligue des champions, alors que Watkins et Duran se battent pour commencer","isPartOf":{"@id":"https:\/\/footdavant.fr\/actualites\/#website"},"datePublished":"2024-11-07T08:48:54+00:00","dateModified":"2024-11-07T08:48:55+00:00","breadcrumb":{"@id":"https:\/\/footdavant.fr\/actualites\/composition-daston-villa-contre-le-club-de-bruges-composition-prevue-pour-la-ligue-des-champions-alors-que-watkins-et-duran-se-battent-pour-commencer\/#breadcrumb"},"inLanguage":"fr-FR","potentialAction":[{"@type":"ReadAction","target":["https:\/\/footdavant.fr\/actualites\/composition-daston-villa-contre-le-club-de-bruges-composition-prevue-pour-la-ligue-des-champions-alors-que-watkins-et-duran-se-battent-pour-commencer\/"]}]},{"@type":"BreadcrumbList","@id":"https:\/\/footdavant.fr\/actualites\/composition-daston-villa-contre-le-club-de-bruges-composition-prevue-pour-la-ligue-des-champions-alors-que-watkins-et-duran-se-battent-pour-commencer\/#breadcrumb","itemListElement":[{"@type":"ListItem","position":1,"name":"Accueil","item":"https:\/\/footdavant.fr\/actualites\/"},{"@type":"ListItem","position":2,"name":"Composition d&#39;Aston Villa contre le Club de Bruges : composition pr\u00e9vue pour la Ligue des champions, alors que Watkins et Duran se battent pour commencer"}]},{"@type":"WebSite","@id":"https:\/\/footdavant.fr\/actualites\/#website","url":"https:\/\/footdavant.fr\/actualites\/","name":"Foot d'avant","description":"","publisher":{"@id":"https:\/\/footdavant.fr\/actualites\/#organization"},"potentialAction":[{"@type":"SearchAction","target":{"@type":"EntryPoint","urlTemplate":"https:\/\/footdavant.fr\/actualites\/?s={search_term_string}"},"query-input":"required name=search_term_string"}],"inLanguage":"fr-FR"},{"@type":"Organization","@id":"https:\/\/footdavant.fr\/actualites\/#organization","name":"Foot d'avant","url":"https:\/\/footdavant.fr\/actualites\/","logo":{"@type":"ImageObject","inLanguage":"fr-FR","@id":"https:\/\/footdavant.fr\/actualites\/#\/schema\/logo\/image\/","url":"https:\/\/footdavant.fr\/actualites\/wp-content\/uploads\/2023\/09\/Copy-of-FootDavant-Logo.png","contentUrl":"https:\/\/footdavant.fr\/actualites\/wp-content\/uploads\/2023\/09\/Copy-of-FootDavant-Logo.png","width":936,"height":549,"caption":"Foot d'avant"},"image":{"@id":"https:\/\/footdavant.fr\/actualites\/#\/schema\/logo\/image\/"},"sameAs":["https:\/\/www.facebook.com\/Footdavant\/","https:\/\/twitter.com\/FootdavantFr","https:\/\/www.instagram.com\/footdavant.fr\/"]},{"@type":"Person","@id":"https:\/\/footdavant.fr\/actualites\/#\/schema\/person\/bc222566d95871b37e597b3ed3ba5e1d","name":"Cl\u00e9ment","image":{"@type":"ImageObject","inLanguage":"fr-FR","@id":"https:\/\/footdavant.fr\/actualites\/#\/schema\/person\/image\/","url":"https:\/\/secure.gravatar.com\/avatar\/7728b29aac2719421e1a9159b2254c44?s=96&d=mm&r=g","contentUrl":"https:\/\/secure.gravatar.com\/avatar\/7728b29aac2719421e1a9159b2254c44?s=96&d=mm&r=g","caption":"Cl\u00e9ment"},"sameAs":["https:\/\/footdavant.fr\/"]}]}},"_links":{"self":[{"href":"https:\/\/footdavant.fr\/actualites\/wp-json\/wp\/v2\/posts\/15829"}],"collection":[{"href":"https:\/\/footdavant.fr\/actualites\/wp-json\/wp\/v2\/posts"}],"about":[{"href":"https:\/\/footdavant.fr\/actualites\/wp-json\/wp\/v2\/types\/post"}],"author":[{"embeddable":true,"href":"https:\/\/footdavant.fr\/actualites\/wp-json\/wp\/v2\/users\/1"}],"replies":[{"embeddable":true,"href":"https:\/\/footdavant.fr\/actualites\/wp-json\/wp\/v2\/comments?post=15829"}],"version-history":[{"count":1,"href":"https:\/\/footdavant.fr\/actualites\/wp-json\/wp\/v2\/posts\/15829\/revisions"}],"predecessor-version":[{"id":15830,"href":"https:\/\/footdavant.fr\/actualites\/wp-json\/wp\/v2\/posts\/15829\/revisions\/15830"}],"wp:featuredmedia":[{"embeddable":true,"href":"https:\/\/footdavant.fr\/actualites\/wp-json\/wp\/v2\/media\/14447"}],"wp:attachment":[{"href":"https:\/\/footdavant.fr\/actualites\/wp-json\/wp\/v2\/media?parent=15829"}],"wp:term":[{"taxonomy":"category","embeddable":true,"href":"https:\/\/footdavant.fr\/actualites\/wp-json\/wp\/v2\/categories?post=15829"},{"taxonomy":"post_tag","embeddable":true,"href":"https:\/\/footdavant.fr\/actualites\/wp-json\/wp\/v2\/tags?post=15829"}],"curies":[{"name":"wp","href":"https:\/\/api.w.org\/{rel}","templated":true}]}}