{"id":15834,"date":"2024-11-07T12:48:09","date_gmt":"2024-11-07T11:48:09","guid":{"rendered":"https:\/\/footdavant.fr\/actualites\/lancien-entraineur-de-man-united-mike-phelan-estime-que-trop-de-fardeau-a-ete-impose-a-bruno-fernandes\/"},"modified":"2024-11-07T12:48:11","modified_gmt":"2024-11-07T11:48:11","slug":"lancien-entraineur-de-man-united-mike-phelan-estime-que-trop-de-fardeau-a-ete-impose-a-bruno-fernandes","status":"publish","type":"post","link":"https:\/\/footdavant.fr\/actualites\/lancien-entraineur-de-man-united-mike-phelan-estime-que-trop-de-fardeau-a-ete-impose-a-bruno-fernandes\/","title":{"rendered":"L&#39;ancien entra\u00eeneur de Man United, Mike Phelan, estime que trop de fardeau a \u00e9t\u00e9 impos\u00e9 \u00e0 Bruno Fernandes &#8211;"},"content":{"rendered":"<div id=\"penci-post-entry-inner\">\n<p>\t\t\t<i class=\"penci-post-countview-number-check\" style=\"display:none\">1<\/i><\/p>\n<p>L&#39;ancien directeur adjoint de Manchester United, Mike Phelan, a affirm\u00e9 que son ancienne \u00e9quipe devait trouver un moyen de tirer \u00e0 nouveau le meilleur de Bruno Fernandes.<\/p>\n<p>Phelan \u00e9tait membre de l&#39;\u00e9quipe d&#39;entra\u00eeneurs en 2020 lorsque l&#39;international portugais a \u00e9t\u00e9 sign\u00e9 par Ole Gunnar Solskjaer.<\/p>\n<p>Le joueur de 62 ans a \u00e9galement accompagn\u00e9 Solskjaer lors d&#39;un voyage de reconnaissance \u00e0 Lisbonne pour voir Fernandes en action et selon une r\u00e9cente interview avec The Athletic, cela a suffi \u00e0 les convaincre de ses talents.<\/p>\n<p>Commentant le match o\u00f9 ils ont vu Fernandes en action, Phelan a d\u00e9clar\u00e9 : \u00ab Bruno a tout fait ce jour-l\u00e0. Pas vraiment de poste pr\u00e9cis, mais il \u00e9tait partout, assez indisciplin\u00e9. Cela fonctionnait dans l\u2019environnement dans lequel il se trouvait. Ce qu\u2019il avait, c\u2019\u00e9tait une vision, la capacit\u00e9 de contr\u00f4ler le ballon, de prendre des risques et de cr\u00e9er quelque chose.<\/p>\n<p>L\u2019ancien entra\u00eeneur de l\u2019\u00e9quipe premi\u00e8re a affirm\u00e9 que le club \u00e9tait convaincu, alors \u00ab avait fait tapis \u00bb pour lui et ils n\u2019\u00e9taient pas d\u00e9\u00e7us de ce qu\u2019ils avaient obtenu alors qu\u2019il s\u2019adaptait instantan\u00e9ment \u00e0 la vie \u00e0 Old Trafford. <\/p>\n<p>\u00ab Il n&#39;a pas d\u00e9\u00e7u. Tr\u00e8s enthousiaste, connaissant bien le jeu. Assez efficace sur place, assez contr\u00f4lant. Mais il a tenu ses promesses. Et il \u00e9tait le bon joueur au bon moment pour nous. Une bonne personne.<\/p>\n<p>Alors que Fernandes est g\u00e9n\u00e9ralement consid\u00e9r\u00e9 comme un succ\u00e8s global et, dans les livres de nombreux gens, comme le plus grand succ\u00e8s de transfert du club depuis la retraite de Sir Alex Ferguson, le joueur a r\u00e9cemment \u00e9t\u00e9 critiqu\u00e9.<\/p>\n<p>Phelan estime que la volont\u00e9 du joueur d&#39;assumer ses responsabilit\u00e9s a finalement eu un impact n\u00e9gatif sur le joueur qu&#39;il \u00e9tait autrefois.<\/p>\n<p>\u00ab Il est devenu le point central de tout, et cela \u00e9tait probablement d\u00fb au groupe de joueurs que nous avions. Puis il devient capitaine. C\u2019\u00e9tait une d\u00e9cision que d\u2019autres personnes avaient prise pour diverses raisons, et il s\u2019est probablement un peu nivel\u00e9. Il a probablement essay\u00e9 d\u2019influencer tout le monde et s\u2019est oubli\u00e9 lui-m\u00eame.<\/p>\n<p>Phelan a ensuite sugg\u00e9r\u00e9 que la plus grande t\u00e2che de l&#39;un des nouveaux entra\u00eeneurs, Ruben Amorim, serait de \u00ab trouver un moyen de tirer le meilleur parti de Bruno. Je pense qu&#39;ils jonglent encore avec \u00e7a. Fait-il partie de la r\u00e9ponse ou fait-il partie du probl\u00e8me ? Je ne sais pas. Il s\u2019agit parfois d\u2019essayer de le rendre un peu plus conscient du travail.<\/p>\n<p>Fernandes n&#39;a pas connu sa meilleure saison jusqu&#39;\u00e0 pr\u00e9sent, mais il compte tout de m\u00eame huit buts toutes comp\u00e9titions confondues, dont trois buts lors de ses deux derniers matches.<\/p>\n<p>Il esp\u00e8re que l&#39;arriv\u00e9e de son compatriote, Amorim, l&#39;aidera \u00e0 redevenir le joueur exceptionnel qu&#39;il a \u00e9t\u00e9 pendant la majeure partie de son s\u00e9jour au club de football.<\/p>\n<\/p>\n<p><!-- CONTENT END 3 --><\/p><\/div>\n","protected":false},"excerpt":{"rendered":"<p>1 L&#39;ancien directeur adjoint de Manchester United, Mike Phelan, a affirm\u00e9 que son ancienne \u00e9quipe devait trouver un moyen de tirer \u00e0 nouveau le meilleur<\/p>\n","protected":false},"author":1,"featured_media":15835,"comment_status":"closed","ping_status":"","sticky":false,"template":"","format":"standard","meta":{"footnotes":""},"categories":[3],"tags":[138,4023,4995,776,6960,139,6961,4404,24,2003,6959,1366,13],"yoast_head":"<!-- This site is optimized with the Yoast SEO plugin v21.0 - https:\/\/yoast.com\/wordpress\/plugins\/seo\/ -->\n<title>L&#039;ancien entra\u00eeneur de Man United, Mike Phelan, estime que trop de fardeau a \u00e9t\u00e9 impos\u00e9 \u00e0 Bruno Fernandes -<\/title>\n<meta name=\"robots\" content=\"index, follow, max-snippet:-1, max-image-preview:large, max-video-preview:-1\" \/>\n<link rel=\"canonical\" href=\"https:\/\/footdavant.fr\/actualites\/lancien-entraineur-de-man-united-mike-phelan-estime-que-trop-de-fardeau-a-ete-impose-a-bruno-fernandes\/\" \/>\n<meta property=\"og:locale\" content=\"fr_FR\" \/>\n<meta property=\"og:type\" content=\"article\" \/>\n<meta property=\"og:title\" content=\"L&#039;ancien entra\u00eeneur de Man United, Mike Phelan, estime que trop de fardeau a \u00e9t\u00e9 impos\u00e9 \u00e0 Bruno Fernandes -\" \/>\n<meta property=\"og:description\" content=\"1 L&#039;ancien directeur adjoint de Manchester United, Mike Phelan, a affirm\u00e9 que son ancienne \u00e9quipe devait trouver un moyen de tirer \u00e0 nouveau le meilleur\" \/>\n<meta property=\"og:url\" content=\"https:\/\/footdavant.fr\/actualites\/lancien-entraineur-de-man-united-mike-phelan-estime-que-trop-de-fardeau-a-ete-impose-a-bruno-fernandes\/\" \/>\n<meta property=\"og:site_name\" content=\"Foot d&#039;avant\" \/>\n<meta property=\"article:publisher\" content=\"https:\/\/www.facebook.com\/Footdavant\/\" \/>\n<meta property=\"article:published_time\" content=\"2024-11-07T11:48:09+00:00\" \/>\n<meta property=\"article:modified_time\" content=\"2024-11-07T11:48:11+00:00\" \/>\n<meta property=\"og:image\" content=\"https:\/\/footdavant.fr\/actualites\/wp-content\/uploads\/2024\/11\/L39ancien-entraineur-de-Man-United-Mike-Phelan-estime-que-trop.jpg\" \/>\n\t<meta property=\"og:image:width\" content=\"1600\" \/>\n\t<meta property=\"og:image:height\" content=\"723\" \/>\n\t<meta property=\"og:image:type\" content=\"image\/jpeg\" \/>\n<meta name=\"author\" content=\"Cl\u00e9ment\" \/>\n<meta name=\"twitter:card\" content=\"summary_large_image\" \/>\n<meta name=\"twitter:creator\" content=\"@FootdavantFr\" \/>\n<meta name=\"twitter:site\" content=\"@FootdavantFr\" \/>\n<meta name=\"twitter:label1\" content=\"\u00c9crit par\" \/>\n\t<meta name=\"twitter:data1\" content=\"Cl\u00e9ment\" \/>\n\t<meta name=\"twitter:label2\" content=\"Dur\u00e9e de lecture estim\u00e9e\" \/>\n\t<meta name=\"twitter:data2\" content=\"3 minutes\" \/>\n<script type=\"application\/ld+json\" class=\"yoast-schema-graph\">{\"@context\":\"https:\/\/schema.org\",\"@graph\":[{\"@type\":\"Article\",\"@id\":\"https:\/\/footdavant.fr\/actualites\/lancien-entraineur-de-man-united-mike-phelan-estime-que-trop-de-fardeau-a-ete-impose-a-bruno-fernandes\/#article\",\"isPartOf\":{\"@id\":\"https:\/\/footdavant.fr\/actualites\/lancien-entraineur-de-man-united-mike-phelan-estime-que-trop-de-fardeau-a-ete-impose-a-bruno-fernandes\/\"},\"author\":{\"name\":\"Cl\u00e9ment\",\"@id\":\"https:\/\/footdavant.fr\/actualites\/#\/schema\/person\/bc222566d95871b37e597b3ed3ba5e1d\"},\"headline\":\"L&#39;ancien entra\u00eeneur de Man United, Mike Phelan, estime que trop de fardeau a \u00e9t\u00e9 impos\u00e9 \u00e0 Bruno Fernandes &#8211;\",\"datePublished\":\"2024-11-07T11:48:09+00:00\",\"dateModified\":\"2024-11-07T11:48:11+00:00\",\"mainEntityOfPage\":{\"@id\":\"https:\/\/footdavant.fr\/actualites\/lancien-entraineur-de-man-united-mike-phelan-estime-que-trop-de-fardeau-a-ete-impose-a-bruno-fernandes\/\"},\"wordCount\":527,\"publisher\":{\"@id\":\"https:\/\/footdavant.fr\/actualites\/#organization\"},\"keywords\":[\"Bruno\",\"entra\u00eeneur\",\"estime\",\"\u00e9t\u00e9\",\"fardeau\",\"Fernandes\",\"impos\u00e9\",\"l39ancien\",\"Man\",\"Mike\",\"Phelan\",\"trop\",\"United\"],\"articleSection\":[\"Football\"],\"inLanguage\":\"fr-FR\"},{\"@type\":\"WebPage\",\"@id\":\"https:\/\/footdavant.fr\/actualites\/lancien-entraineur-de-man-united-mike-phelan-estime-que-trop-de-fardeau-a-ete-impose-a-bruno-fernandes\/\",\"url\":\"https:\/\/footdavant.fr\/actualites\/lancien-entraineur-de-man-united-mike-phelan-estime-que-trop-de-fardeau-a-ete-impose-a-bruno-fernandes\/\",\"name\":\"L&#39;ancien entra\u00eeneur de Man United, Mike Phelan, estime que trop de fardeau a \u00e9t\u00e9 impos\u00e9 \u00e0 Bruno Fernandes -\",\"isPartOf\":{\"@id\":\"https:\/\/footdavant.fr\/actualites\/#website\"},\"datePublished\":\"2024-11-07T11:48:09+00:00\",\"dateModified\":\"2024-11-07T11:48:11+00:00\",\"breadcrumb\":{\"@id\":\"https:\/\/footdavant.fr\/actualites\/lancien-entraineur-de-man-united-mike-phelan-estime-que-trop-de-fardeau-a-ete-impose-a-bruno-fernandes\/#breadcrumb\"},\"inLanguage\":\"fr-FR\",\"potentialAction\":[{\"@type\":\"ReadAction\",\"target\":[\"https:\/\/footdavant.fr\/actualites\/lancien-entraineur-de-man-united-mike-phelan-estime-que-trop-de-fardeau-a-ete-impose-a-bruno-fernandes\/\"]}]},{\"@type\":\"BreadcrumbList\",\"@id\":\"https:\/\/footdavant.fr\/actualites\/lancien-entraineur-de-man-united-mike-phelan-estime-que-trop-de-fardeau-a-ete-impose-a-bruno-fernandes\/#breadcrumb\",\"itemListElement\":[{\"@type\":\"ListItem\",\"position\":1,\"name\":\"Accueil\",\"item\":\"https:\/\/footdavant.fr\/actualites\/\"},{\"@type\":\"ListItem\",\"position\":2,\"name\":\"L&#39;ancien entra\u00eeneur de Man United, Mike Phelan, estime que trop de fardeau a \u00e9t\u00e9 impos\u00e9 \u00e0 Bruno Fernandes &#8211;\"}]},{\"@type\":\"WebSite\",\"@id\":\"https:\/\/footdavant.fr\/actualites\/#website\",\"url\":\"https:\/\/footdavant.fr\/actualites\/\",\"name\":\"Foot d'avant\",\"description\":\"\",\"publisher\":{\"@id\":\"https:\/\/footdavant.fr\/actualites\/#organization\"},\"potentialAction\":[{\"@type\":\"SearchAction\",\"target\":{\"@type\":\"EntryPoint\",\"urlTemplate\":\"https:\/\/footdavant.fr\/actualites\/?s={search_term_string}\"},\"query-input\":\"required name=search_term_string\"}],\"inLanguage\":\"fr-FR\"},{\"@type\":\"Organization\",\"@id\":\"https:\/\/footdavant.fr\/actualites\/#organization\",\"name\":\"Foot d'avant\",\"url\":\"https:\/\/footdavant.fr\/actualites\/\",\"logo\":{\"@type\":\"ImageObject\",\"inLanguage\":\"fr-FR\",\"@id\":\"https:\/\/footdavant.fr\/actualites\/#\/schema\/logo\/image\/\",\"url\":\"https:\/\/footdavant.fr\/actualites\/wp-content\/uploads\/2023\/09\/Copy-of-FootDavant-Logo.png\",\"contentUrl\":\"https:\/\/footdavant.fr\/actualites\/wp-content\/uploads\/2023\/09\/Copy-of-FootDavant-Logo.png\",\"width\":936,\"height\":549,\"caption\":\"Foot d'avant\"},\"image\":{\"@id\":\"https:\/\/footdavant.fr\/actualites\/#\/schema\/logo\/image\/\"},\"sameAs\":[\"https:\/\/www.facebook.com\/Footdavant\/\",\"https:\/\/twitter.com\/FootdavantFr\",\"https:\/\/www.instagram.com\/footdavant.fr\/\"]},{\"@type\":\"Person\",\"@id\":\"https:\/\/footdavant.fr\/actualites\/#\/schema\/person\/bc222566d95871b37e597b3ed3ba5e1d\",\"name\":\"Cl\u00e9ment\",\"image\":{\"@type\":\"ImageObject\",\"inLanguage\":\"fr-FR\",\"@id\":\"https:\/\/footdavant.fr\/actualites\/#\/schema\/person\/image\/\",\"url\":\"https:\/\/secure.gravatar.com\/avatar\/7728b29aac2719421e1a9159b2254c44?s=96&d=mm&r=g\",\"contentUrl\":\"https:\/\/secure.gravatar.com\/avatar\/7728b29aac2719421e1a9159b2254c44?s=96&d=mm&r=g\",\"caption\":\"Cl\u00e9ment\"},\"sameAs\":[\"https:\/\/footdavant.fr\/\"]}]}<\/script>\n<!-- \/ Yoast SEO plugin. -->","yoast_head_json":{"title":"L&#39;ancien entra\u00eeneur de Man United, Mike Phelan, estime que trop de fardeau a \u00e9t\u00e9 impos\u00e9 \u00e0 Bruno Fernandes -","robots":{"index":"index","follow":"follow","max-snippet":"max-snippet:-1","max-image-preview":"max-image-preview:large","max-video-preview":"max-video-preview:-1"},"canonical":"https:\/\/footdavant.fr\/actualites\/lancien-entraineur-de-man-united-mike-phelan-estime-que-trop-de-fardeau-a-ete-impose-a-bruno-fernandes\/","og_locale":"fr_FR","og_type":"article","og_title":"L&#39;ancien entra\u00eeneur de Man United, Mike Phelan, estime que trop de fardeau a \u00e9t\u00e9 impos\u00e9 \u00e0 Bruno Fernandes -","og_description":"1 L&#39;ancien directeur adjoint de Manchester United, Mike Phelan, a affirm\u00e9 que son ancienne \u00e9quipe devait trouver un moyen de tirer \u00e0 nouveau le meilleur","og_url":"https:\/\/footdavant.fr\/actualites\/lancien-entraineur-de-man-united-mike-phelan-estime-que-trop-de-fardeau-a-ete-impose-a-bruno-fernandes\/","og_site_name":"Foot d&#039;avant","article_publisher":"https:\/\/www.facebook.com\/Footdavant\/","article_published_time":"2024-11-07T11:48:09+00:00","article_modified_time":"2024-11-07T11:48:11+00:00","og_image":[{"width":1600,"height":723,"url":"https:\/\/footdavant.fr\/actualites\/wp-content\/uploads\/2024\/11\/L39ancien-entraineur-de-Man-United-Mike-Phelan-estime-que-trop.jpg","type":"image\/jpeg"}],"author":"Cl\u00e9ment","twitter_card":"summary_large_image","twitter_creator":"@FootdavantFr","twitter_site":"@FootdavantFr","twitter_misc":{"\u00c9crit par":"Cl\u00e9ment","Dur\u00e9e de lecture estim\u00e9e":"3 minutes"},"schema":{"@context":"https:\/\/schema.org","@graph":[{"@type":"Article","@id":"https:\/\/footdavant.fr\/actualites\/lancien-entraineur-de-man-united-mike-phelan-estime-que-trop-de-fardeau-a-ete-impose-a-bruno-fernandes\/#article","isPartOf":{"@id":"https:\/\/footdavant.fr\/actualites\/lancien-entraineur-de-man-united-mike-phelan-estime-que-trop-de-fardeau-a-ete-impose-a-bruno-fernandes\/"},"author":{"name":"Cl\u00e9ment","@id":"https:\/\/footdavant.fr\/actualites\/#\/schema\/person\/bc222566d95871b37e597b3ed3ba5e1d"},"headline":"L&#39;ancien entra\u00eeneur de Man United, Mike Phelan, estime que trop de fardeau a \u00e9t\u00e9 impos\u00e9 \u00e0 Bruno Fernandes &#8211;","datePublished":"2024-11-07T11:48:09+00:00","dateModified":"2024-11-07T11:48:11+00:00","mainEntityOfPage":{"@id":"https:\/\/footdavant.fr\/actualites\/lancien-entraineur-de-man-united-mike-phelan-estime-que-trop-de-fardeau-a-ete-impose-a-bruno-fernandes\/"},"wordCount":527,"publisher":{"@id":"https:\/\/footdavant.fr\/actualites\/#organization"},"keywords":["Bruno","entra\u00eeneur","estime","\u00e9t\u00e9","fardeau","Fernandes","impos\u00e9","l39ancien","Man","Mike","Phelan","trop","United"],"articleSection":["Football"],"inLanguage":"fr-FR"},{"@type":"WebPage","@id":"https:\/\/footdavant.fr\/actualites\/lancien-entraineur-de-man-united-mike-phelan-estime-que-trop-de-fardeau-a-ete-impose-a-bruno-fernandes\/","url":"https:\/\/footdavant.fr\/actualites\/lancien-entraineur-de-man-united-mike-phelan-estime-que-trop-de-fardeau-a-ete-impose-a-bruno-fernandes\/","name":"L&#39;ancien entra\u00eeneur de Man United, Mike Phelan, estime que trop de fardeau a \u00e9t\u00e9 impos\u00e9 \u00e0 Bruno Fernandes -","isPartOf":{"@id":"https:\/\/footdavant.fr\/actualites\/#website"},"datePublished":"2024-11-07T11:48:09+00:00","dateModified":"2024-11-07T11:48:11+00:00","breadcrumb":{"@id":"https:\/\/footdavant.fr\/actualites\/lancien-entraineur-de-man-united-mike-phelan-estime-que-trop-de-fardeau-a-ete-impose-a-bruno-fernandes\/#breadcrumb"},"inLanguage":"fr-FR","potentialAction":[{"@type":"ReadAction","target":["https:\/\/footdavant.fr\/actualites\/lancien-entraineur-de-man-united-mike-phelan-estime-que-trop-de-fardeau-a-ete-impose-a-bruno-fernandes\/"]}]},{"@type":"BreadcrumbList","@id":"https:\/\/footdavant.fr\/actualites\/lancien-entraineur-de-man-united-mike-phelan-estime-que-trop-de-fardeau-a-ete-impose-a-bruno-fernandes\/#breadcrumb","itemListElement":[{"@type":"ListItem","position":1,"name":"Accueil","item":"https:\/\/footdavant.fr\/actualites\/"},{"@type":"ListItem","position":2,"name":"L&#39;ancien entra\u00eeneur de Man United, Mike Phelan, estime que trop de fardeau a \u00e9t\u00e9 impos\u00e9 \u00e0 Bruno Fernandes &#8211;"}]},{"@type":"WebSite","@id":"https:\/\/footdavant.fr\/actualites\/#website","url":"https:\/\/footdavant.fr\/actualites\/","name":"Foot d'avant","description":"","publisher":{"@id":"https:\/\/footdavant.fr\/actualites\/#organization"},"potentialAction":[{"@type":"SearchAction","target":{"@type":"EntryPoint","urlTemplate":"https:\/\/footdavant.fr\/actualites\/?s={search_term_string}"},"query-input":"required name=search_term_string"}],"inLanguage":"fr-FR"},{"@type":"Organization","@id":"https:\/\/footdavant.fr\/actualites\/#organization","name":"Foot d'avant","url":"https:\/\/footdavant.fr\/actualites\/","logo":{"@type":"ImageObject","inLanguage":"fr-FR","@id":"https:\/\/footdavant.fr\/actualites\/#\/schema\/logo\/image\/","url":"https:\/\/footdavant.fr\/actualites\/wp-content\/uploads\/2023\/09\/Copy-of-FootDavant-Logo.png","contentUrl":"https:\/\/footdavant.fr\/actualites\/wp-content\/uploads\/2023\/09\/Copy-of-FootDavant-Logo.png","width":936,"height":549,"caption":"Foot d'avant"},"image":{"@id":"https:\/\/footdavant.fr\/actualites\/#\/schema\/logo\/image\/"},"sameAs":["https:\/\/www.facebook.com\/Footdavant\/","https:\/\/twitter.com\/FootdavantFr","https:\/\/www.instagram.com\/footdavant.fr\/"]},{"@type":"Person","@id":"https:\/\/footdavant.fr\/actualites\/#\/schema\/person\/bc222566d95871b37e597b3ed3ba5e1d","name":"Cl\u00e9ment","image":{"@type":"ImageObject","inLanguage":"fr-FR","@id":"https:\/\/footdavant.fr\/actualites\/#\/schema\/person\/image\/","url":"https:\/\/secure.gravatar.com\/avatar\/7728b29aac2719421e1a9159b2254c44?s=96&d=mm&r=g","contentUrl":"https:\/\/secure.gravatar.com\/avatar\/7728b29aac2719421e1a9159b2254c44?s=96&d=mm&r=g","caption":"Cl\u00e9ment"},"sameAs":["https:\/\/footdavant.fr\/"]}]}},"_links":{"self":[{"href":"https:\/\/footdavant.fr\/actualites\/wp-json\/wp\/v2\/posts\/15834"}],"collection":[{"href":"https:\/\/footdavant.fr\/actualites\/wp-json\/wp\/v2\/posts"}],"about":[{"href":"https:\/\/footdavant.fr\/actualites\/wp-json\/wp\/v2\/types\/post"}],"author":[{"embeddable":true,"href":"https:\/\/footdavant.fr\/actualites\/wp-json\/wp\/v2\/users\/1"}],"replies":[{"embeddable":true,"href":"https:\/\/footdavant.fr\/actualites\/wp-json\/wp\/v2\/comments?post=15834"}],"version-history":[{"count":1,"href":"https:\/\/footdavant.fr\/actualites\/wp-json\/wp\/v2\/posts\/15834\/revisions"}],"predecessor-version":[{"id":15836,"href":"https:\/\/footdavant.fr\/actualites\/wp-json\/wp\/v2\/posts\/15834\/revisions\/15836"}],"wp:featuredmedia":[{"embeddable":true,"href":"https:\/\/footdavant.fr\/actualites\/wp-json\/wp\/v2\/media\/15835"}],"wp:attachment":[{"href":"https:\/\/footdavant.fr\/actualites\/wp-json\/wp\/v2\/media?parent=15834"}],"wp:term":[{"taxonomy":"category","embeddable":true,"href":"https:\/\/footdavant.fr\/actualites\/wp-json\/wp\/v2\/categories?post=15834"},{"taxonomy":"post_tag","embeddable":true,"href":"https:\/\/footdavant.fr\/actualites\/wp-json\/wp\/v2\/tags?post=15834"}],"curies":[{"name":"wp","href":"https:\/\/api.w.org\/{rel}","templated":true}]}}