{"id":15882,"date":"2024-11-08T10:48:01","date_gmt":"2024-11-08T09:48:01","guid":{"rendered":"https:\/\/footdavant.fr\/actualites\/nouvelles-du-transfert-daston-villa-youri-tielemans-ne-commente-pas-un-eventuel-futur-transfert\/"},"modified":"2024-11-08T10:48:03","modified_gmt":"2024-11-08T09:48:03","slug":"nouvelles-du-transfert-daston-villa-youri-tielemans-ne-commente-pas-un-eventuel-futur-transfert","status":"publish","type":"post","link":"https:\/\/footdavant.fr\/actualites\/nouvelles-du-transfert-daston-villa-youri-tielemans-ne-commente-pas-un-eventuel-futur-transfert\/","title":{"rendered":"Nouvelles du transfert d&#39;Aston Villa : Youri Tielemans \u00ab\u00a0ne commente pas\u00a0\u00bb un \u00e9ventuel futur transfert"},"content":{"rendered":"<p>Le milieu de terrain d\u2019Aston Villa Youri Tielemans insiste sur le fait qu\u2019il ne regarde pas plus loin que d\u2019essayer d\u2019aider l\u2019\u00e9quipe des West Midlands \u00e0 progresser davantage sous la direction d\u2019Unai Emery.<\/p>\n<div id=\"article_body\" itemprop=\"articleBody\">\n<h3 class=\"firstPara\">\n<strong class=\"autotag\">Youri Tielemans<\/strong> a tent\u00e9 de minimiser les suggestions selon lesquelles il aurait de plus grandes ambitions que de jouer pour <strong class=\"autotag\">Villa Aston<\/strong>.<\/h3>\n<p>Alors que Tielemans arrivait en fin de contrat \u00e0 Leicester City \u00e0 l\u2019\u00e9t\u00e9 2023, les sp\u00e9culations \u00e9taient fr\u00e9quentes concernant son prochain club.<\/p>\n<p>Plut\u00f4t que de rejoindre une \u00e9quipe participant \u00e0 la Ligue des Champions ou \u00e0 la Ligue Europa, l&#39;international belge a fait un court d\u00e9placement \u00e0 travers les Midlands jusqu&#39;\u00e0 Villa apr\u00e8s sa qualification en Conference League.<\/p>\n<p>M\u00eame si Tielemans a mis du temps \u00e0 gagner une place r\u00e9guli\u00e8re dans <strong class=\"autotag\">Unai Emery<\/strong>Dans la formation de d\u00e9part, le joueur de 27 ans est d\u00e9sormais consid\u00e9r\u00e9 comme l&#39;un des premiers noms sur la feuille d&#39;\u00e9quipe.<\/p>\n<p>Tielemans a d\u00e9but\u00e9 les 13 matches de Premier League et de Ligue des champions en 2024-25, contribuant un but et quatre passes d\u00e9cisives.<\/p>\n<p>Cependant, la r\u00e9cente s\u00e9rie d&#39;invincibilit\u00e9 de Villa avec lui dans l&#39;\u00e9quipe a pris fin dimanche apr\u00e8s-midi alors qu&#39;ils ont \u00e9t\u00e9 \u00e9poustoufl\u00e9s. <strong>par Tottenham Hotspur lors d&#39;une d\u00e9faite 4-1<\/strong>.<\/p>\n<p class=\"imgI\">\n<h2 class=\"k3\">Qu\u2019a dit Tielemans ?<\/h2>\n<p>Alors que Villa est tomb\u00e9e \u00e0 sept points du leader Liverpool, un d\u00e9fi surprise pour le titre en Premier League semble peu probable au cours de cette saison.<\/p>\n<p>\u00c9tant donn\u00e9 que Villa a d\u00e9j\u00e0 \u00e9t\u00e9 \u00e9limin\u00e9e de la Coupe EFL et qu&#39;elle est un outsider pour approfondir la Ligue des champions, leur seul espoir r\u00e9aliste de remporter l&#39;argenterie cette campagne est la FA Cup.<\/p>\n<p>Dans une interview avec <em>Le Belang du Limbourg<\/em>Tielemans a parl\u00e9 des critiques des premiers mois de son passage \u00e0 Villa, et a tent\u00e9 de rester timide quant \u00e0 savoir s&#39;il envisagerait de rejoindre un club plus prestigieux si une opportunit\u00e9 se mat\u00e9rialisait.<\/p>\n<p>Tielemans a d\u00e9clar\u00e9 : \u00ab\u00a0J&#39;ai entendu partout pourquoi je ne suis pas all\u00e9 dans un si grand club plus t\u00f4t, mais je me d\u00e9brouille tr\u00e8s bien ici. L&#39;entra\u00eeneur voulait atteindre la Ligue des Champions, et nous y sommes d\u00e9j\u00e0, plus t\u00f4t. que pr\u00e9vu.<\/p>\n<p>\u00ab\u00a0Aston Villa va encore grandir, mais quand vous avez l&#39;opportunit\u00e9 de progresser, vous ne dites jamais non \u00e0 l&#39;avance. Pour le moment, je n&#39;y pense pas.\u00a0\u00bb<\/p>\n<p class=\"imgI\"><img decoding=\"async\" loading=\"lazy\" class=\"l\" src=\"https:\/\/footdavant.fr\/actualites\/wp-content\/uploads\/2024\/11\/1731059281_347_Nouvelles-du-transfert-d39Aston-Villa-Youri-Tielemans-ne-commente.jpg\" title=\"Granit Xhaka d&#39;Arsenal et Youri Tielemans de Leicester City se battent pour le ballon le 25 f\u00e9vrier 2023\" alt=\"Granit Xhaka d&#39;Arsenal et Youri Tielemans de Leicester City se battent pour le ballon le 25 f\u00e9vrier 2023\" width=\"640\" height=\"480\"><\/p>\n<h2 class=\"k3\">Les plus grands clubs poursuivraient-ils encore Tielemans ?<\/h2>\n<p>Bien qu&#39;il ait jou\u00e9 pour Anderlecht et pour Monaco au d\u00e9but de sa carri\u00e8re, ses meilleurs jours ont \u00e9t\u00e9 pass\u00e9s dans les Midlands depuis 2019.<\/p>\n<p>Gagner une FA Cup avec Leicester et remporter 74 s\u00e9lections pour la Belgique sont les moments forts, mais Tielemans aura 28 ans \u00e0 la fin de la saison.<\/p>\n<p>Avec deux ans restants sur son contrat \u00e0 ce stade, il n&#39;est peut-\u00eatre pas press\u00e9 de s&#39;engager dans un renouvellement car il anticipe une derni\u00e8re chance de passer \u00e0 une \u00e9quipe de Ligue des champions plus \u00e9tablie.<\/p>\n<p>Du point de vue de Villa, ils ont sign\u00e9 un transfert gratuit avec Tielemans, leur offrant ainsi une opportunit\u00e9 future de r\u00e9aliser un b\u00e9n\u00e9fice substantiel en ce qui concerne les r\u00e9glementations sur les b\u00e9n\u00e9fices et la durabilit\u00e9 de la Premier League.<\/p>\n<p>Tirer parti de ce sc\u00e9nario est une possibilit\u00e9 qui ne peut \u00eatre ignor\u00e9e compte tenu des probl\u00e8mes auxquels ils ont \u00e9t\u00e9 confront\u00e9s plus t\u00f4t cette ann\u00e9e.<\/p>\n<\/div>\n","protected":false},"excerpt":{"rendered":"<p>Le milieu de terrain d\u2019Aston Villa Youri Tielemans insiste sur le fait qu\u2019il ne regarde pas plus loin que d\u2019essayer d\u2019aider l\u2019\u00e9quipe des West Midlands<\/p>\n","protected":false},"author":1,"featured_media":15883,"comment_status":"closed","ping_status":"","sticky":false,"template":"","format":"standard","meta":{"footnotes":""},"categories":[5],"tags":[3833,4823,2360,3665,461,71,6969,700,370,6968],"yoast_head":"<!-- This site is optimized with the Yoast SEO plugin v21.0 - https:\/\/yoast.com\/wordpress\/plugins\/seo\/ -->\n<title>Nouvelles du transfert d&#039;Aston Villa : Youri Tielemans &quot;ne commente pas&quot; un \u00e9ventuel futur transfert<\/title>\n<meta name=\"robots\" content=\"index, follow, max-snippet:-1, max-image-preview:large, max-video-preview:-1\" \/>\n<link rel=\"canonical\" href=\"https:\/\/footdavant.fr\/actualites\/nouvelles-du-transfert-daston-villa-youri-tielemans-ne-commente-pas-un-eventuel-futur-transfert\/\" \/>\n<meta property=\"og:locale\" content=\"fr_FR\" \/>\n<meta property=\"og:type\" content=\"article\" \/>\n<meta property=\"og:title\" content=\"Nouvelles du transfert d&#039;Aston Villa : Youri Tielemans &quot;ne commente pas&quot; un \u00e9ventuel futur transfert\" \/>\n<meta property=\"og:description\" content=\"Le milieu de terrain d\u2019Aston Villa Youri Tielemans insiste sur le fait qu\u2019il ne regarde pas plus loin que d\u2019essayer d\u2019aider l\u2019\u00e9quipe des West Midlands\" \/>\n<meta property=\"og:url\" content=\"https:\/\/footdavant.fr\/actualites\/nouvelles-du-transfert-daston-villa-youri-tielemans-ne-commente-pas-un-eventuel-futur-transfert\/\" \/>\n<meta property=\"og:site_name\" content=\"Foot d&#039;avant\" \/>\n<meta property=\"article:publisher\" content=\"https:\/\/www.facebook.com\/Footdavant\/\" \/>\n<meta property=\"article:published_time\" content=\"2024-11-08T09:48:01+00:00\" \/>\n<meta property=\"article:modified_time\" content=\"2024-11-08T09:48:03+00:00\" \/>\n<meta property=\"og:image\" content=\"https:\/\/footdavant.fr\/actualites\/wp-content\/uploads\/2024\/11\/Nouvelles-du-transfert-d39Aston-Villa-Youri-Tielemans-ne-commente.jpg\" \/>\n\t<meta property=\"og:image:width\" content=\"640\" \/>\n\t<meta property=\"og:image:height\" content=\"480\" \/>\n\t<meta property=\"og:image:type\" content=\"image\/jpeg\" \/>\n<meta name=\"author\" content=\"Cl\u00e9ment\" \/>\n<meta name=\"twitter:card\" content=\"summary_large_image\" \/>\n<meta name=\"twitter:creator\" content=\"@FootdavantFr\" \/>\n<meta name=\"twitter:site\" content=\"@FootdavantFr\" \/>\n<meta name=\"twitter:label1\" content=\"\u00c9crit par\" \/>\n\t<meta name=\"twitter:data1\" content=\"Cl\u00e9ment\" \/>\n\t<meta name=\"twitter:label2\" content=\"Dur\u00e9e de lecture estim\u00e9e\" \/>\n\t<meta name=\"twitter:data2\" content=\"3 minutes\" \/>\n<script type=\"application\/ld+json\" class=\"yoast-schema-graph\">{\"@context\":\"https:\/\/schema.org\",\"@graph\":[{\"@type\":\"Article\",\"@id\":\"https:\/\/footdavant.fr\/actualites\/nouvelles-du-transfert-daston-villa-youri-tielemans-ne-commente-pas-un-eventuel-futur-transfert\/#article\",\"isPartOf\":{\"@id\":\"https:\/\/footdavant.fr\/actualites\/nouvelles-du-transfert-daston-villa-youri-tielemans-ne-commente-pas-un-eventuel-futur-transfert\/\"},\"author\":{\"name\":\"Cl\u00e9ment\",\"@id\":\"https:\/\/footdavant.fr\/actualites\/#\/schema\/person\/bc222566d95871b37e597b3ed3ba5e1d\"},\"headline\":\"Nouvelles du transfert d&#39;Aston Villa : Youri Tielemans \u00ab\u00a0ne commente pas\u00a0\u00bb un \u00e9ventuel futur transfert\",\"datePublished\":\"2024-11-08T09:48:01+00:00\",\"dateModified\":\"2024-11-08T09:48:03+00:00\",\"mainEntityOfPage\":{\"@id\":\"https:\/\/footdavant.fr\/actualites\/nouvelles-du-transfert-daston-villa-youri-tielemans-ne-commente-pas-un-eventuel-futur-transfert\/\"},\"wordCount\":612,\"publisher\":{\"@id\":\"https:\/\/footdavant.fr\/actualites\/#organization\"},\"keywords\":[\"commente\",\"d39Aston\",\"\u00e9ventuel\",\"futur\",\"Nouvelles\",\"pas\",\"Tielemans\",\"transfert\",\"Villa\",\"Youri\"],\"articleSection\":[\"Premier League\"],\"inLanguage\":\"fr-FR\"},{\"@type\":\"WebPage\",\"@id\":\"https:\/\/footdavant.fr\/actualites\/nouvelles-du-transfert-daston-villa-youri-tielemans-ne-commente-pas-un-eventuel-futur-transfert\/\",\"url\":\"https:\/\/footdavant.fr\/actualites\/nouvelles-du-transfert-daston-villa-youri-tielemans-ne-commente-pas-un-eventuel-futur-transfert\/\",\"name\":\"Nouvelles du transfert d&#39;Aston Villa : Youri Tielemans \\\"ne commente pas\\\" un \u00e9ventuel futur transfert\",\"isPartOf\":{\"@id\":\"https:\/\/footdavant.fr\/actualites\/#website\"},\"datePublished\":\"2024-11-08T09:48:01+00:00\",\"dateModified\":\"2024-11-08T09:48:03+00:00\",\"breadcrumb\":{\"@id\":\"https:\/\/footdavant.fr\/actualites\/nouvelles-du-transfert-daston-villa-youri-tielemans-ne-commente-pas-un-eventuel-futur-transfert\/#breadcrumb\"},\"inLanguage\":\"fr-FR\",\"potentialAction\":[{\"@type\":\"ReadAction\",\"target\":[\"https:\/\/footdavant.fr\/actualites\/nouvelles-du-transfert-daston-villa-youri-tielemans-ne-commente-pas-un-eventuel-futur-transfert\/\"]}]},{\"@type\":\"BreadcrumbList\",\"@id\":\"https:\/\/footdavant.fr\/actualites\/nouvelles-du-transfert-daston-villa-youri-tielemans-ne-commente-pas-un-eventuel-futur-transfert\/#breadcrumb\",\"itemListElement\":[{\"@type\":\"ListItem\",\"position\":1,\"name\":\"Accueil\",\"item\":\"https:\/\/footdavant.fr\/actualites\/\"},{\"@type\":\"ListItem\",\"position\":2,\"name\":\"Nouvelles du transfert d&#39;Aston Villa : Youri Tielemans \u00ab\u00a0ne commente pas\u00a0\u00bb un \u00e9ventuel futur transfert\"}]},{\"@type\":\"WebSite\",\"@id\":\"https:\/\/footdavant.fr\/actualites\/#website\",\"url\":\"https:\/\/footdavant.fr\/actualites\/\",\"name\":\"Foot d'avant\",\"description\":\"\",\"publisher\":{\"@id\":\"https:\/\/footdavant.fr\/actualites\/#organization\"},\"potentialAction\":[{\"@type\":\"SearchAction\",\"target\":{\"@type\":\"EntryPoint\",\"urlTemplate\":\"https:\/\/footdavant.fr\/actualites\/?s={search_term_string}\"},\"query-input\":\"required name=search_term_string\"}],\"inLanguage\":\"fr-FR\"},{\"@type\":\"Organization\",\"@id\":\"https:\/\/footdavant.fr\/actualites\/#organization\",\"name\":\"Foot d'avant\",\"url\":\"https:\/\/footdavant.fr\/actualites\/\",\"logo\":{\"@type\":\"ImageObject\",\"inLanguage\":\"fr-FR\",\"@id\":\"https:\/\/footdavant.fr\/actualites\/#\/schema\/logo\/image\/\",\"url\":\"https:\/\/footdavant.fr\/actualites\/wp-content\/uploads\/2023\/09\/Copy-of-FootDavant-Logo.png\",\"contentUrl\":\"https:\/\/footdavant.fr\/actualites\/wp-content\/uploads\/2023\/09\/Copy-of-FootDavant-Logo.png\",\"width\":936,\"height\":549,\"caption\":\"Foot d'avant\"},\"image\":{\"@id\":\"https:\/\/footdavant.fr\/actualites\/#\/schema\/logo\/image\/\"},\"sameAs\":[\"https:\/\/www.facebook.com\/Footdavant\/\",\"https:\/\/twitter.com\/FootdavantFr\",\"https:\/\/www.instagram.com\/footdavant.fr\/\"]},{\"@type\":\"Person\",\"@id\":\"https:\/\/footdavant.fr\/actualites\/#\/schema\/person\/bc222566d95871b37e597b3ed3ba5e1d\",\"name\":\"Cl\u00e9ment\",\"image\":{\"@type\":\"ImageObject\",\"inLanguage\":\"fr-FR\",\"@id\":\"https:\/\/footdavant.fr\/actualites\/#\/schema\/person\/image\/\",\"url\":\"https:\/\/secure.gravatar.com\/avatar\/7728b29aac2719421e1a9159b2254c44?s=96&d=mm&r=g\",\"contentUrl\":\"https:\/\/secure.gravatar.com\/avatar\/7728b29aac2719421e1a9159b2254c44?s=96&d=mm&r=g\",\"caption\":\"Cl\u00e9ment\"},\"sameAs\":[\"https:\/\/footdavant.fr\/\"]}]}<\/script>\n<!-- \/ Yoast SEO plugin. -->","yoast_head_json":{"title":"Nouvelles du transfert d&#39;Aston Villa : Youri Tielemans \"ne commente pas\" un \u00e9ventuel futur transfert","robots":{"index":"index","follow":"follow","max-snippet":"max-snippet:-1","max-image-preview":"max-image-preview:large","max-video-preview":"max-video-preview:-1"},"canonical":"https:\/\/footdavant.fr\/actualites\/nouvelles-du-transfert-daston-villa-youri-tielemans-ne-commente-pas-un-eventuel-futur-transfert\/","og_locale":"fr_FR","og_type":"article","og_title":"Nouvelles du transfert d&#39;Aston Villa : Youri Tielemans \"ne commente pas\" un \u00e9ventuel futur transfert","og_description":"Le milieu de terrain d\u2019Aston Villa Youri Tielemans insiste sur le fait qu\u2019il ne regarde pas plus loin que d\u2019essayer d\u2019aider l\u2019\u00e9quipe des West Midlands","og_url":"https:\/\/footdavant.fr\/actualites\/nouvelles-du-transfert-daston-villa-youri-tielemans-ne-commente-pas-un-eventuel-futur-transfert\/","og_site_name":"Foot d&#039;avant","article_publisher":"https:\/\/www.facebook.com\/Footdavant\/","article_published_time":"2024-11-08T09:48:01+00:00","article_modified_time":"2024-11-08T09:48:03+00:00","og_image":[{"width":640,"height":480,"url":"https:\/\/footdavant.fr\/actualites\/wp-content\/uploads\/2024\/11\/Nouvelles-du-transfert-d39Aston-Villa-Youri-Tielemans-ne-commente.jpg","type":"image\/jpeg"}],"author":"Cl\u00e9ment","twitter_card":"summary_large_image","twitter_creator":"@FootdavantFr","twitter_site":"@FootdavantFr","twitter_misc":{"\u00c9crit par":"Cl\u00e9ment","Dur\u00e9e de lecture estim\u00e9e":"3 minutes"},"schema":{"@context":"https:\/\/schema.org","@graph":[{"@type":"Article","@id":"https:\/\/footdavant.fr\/actualites\/nouvelles-du-transfert-daston-villa-youri-tielemans-ne-commente-pas-un-eventuel-futur-transfert\/#article","isPartOf":{"@id":"https:\/\/footdavant.fr\/actualites\/nouvelles-du-transfert-daston-villa-youri-tielemans-ne-commente-pas-un-eventuel-futur-transfert\/"},"author":{"name":"Cl\u00e9ment","@id":"https:\/\/footdavant.fr\/actualites\/#\/schema\/person\/bc222566d95871b37e597b3ed3ba5e1d"},"headline":"Nouvelles du transfert d&#39;Aston Villa : Youri Tielemans \u00ab\u00a0ne commente pas\u00a0\u00bb un \u00e9ventuel futur transfert","datePublished":"2024-11-08T09:48:01+00:00","dateModified":"2024-11-08T09:48:03+00:00","mainEntityOfPage":{"@id":"https:\/\/footdavant.fr\/actualites\/nouvelles-du-transfert-daston-villa-youri-tielemans-ne-commente-pas-un-eventuel-futur-transfert\/"},"wordCount":612,"publisher":{"@id":"https:\/\/footdavant.fr\/actualites\/#organization"},"keywords":["commente","d39Aston","\u00e9ventuel","futur","Nouvelles","pas","Tielemans","transfert","Villa","Youri"],"articleSection":["Premier League"],"inLanguage":"fr-FR"},{"@type":"WebPage","@id":"https:\/\/footdavant.fr\/actualites\/nouvelles-du-transfert-daston-villa-youri-tielemans-ne-commente-pas-un-eventuel-futur-transfert\/","url":"https:\/\/footdavant.fr\/actualites\/nouvelles-du-transfert-daston-villa-youri-tielemans-ne-commente-pas-un-eventuel-futur-transfert\/","name":"Nouvelles du transfert d&#39;Aston Villa : Youri Tielemans \"ne commente pas\" un \u00e9ventuel futur transfert","isPartOf":{"@id":"https:\/\/footdavant.fr\/actualites\/#website"},"datePublished":"2024-11-08T09:48:01+00:00","dateModified":"2024-11-08T09:48:03+00:00","breadcrumb":{"@id":"https:\/\/footdavant.fr\/actualites\/nouvelles-du-transfert-daston-villa-youri-tielemans-ne-commente-pas-un-eventuel-futur-transfert\/#breadcrumb"},"inLanguage":"fr-FR","potentialAction":[{"@type":"ReadAction","target":["https:\/\/footdavant.fr\/actualites\/nouvelles-du-transfert-daston-villa-youri-tielemans-ne-commente-pas-un-eventuel-futur-transfert\/"]}]},{"@type":"BreadcrumbList","@id":"https:\/\/footdavant.fr\/actualites\/nouvelles-du-transfert-daston-villa-youri-tielemans-ne-commente-pas-un-eventuel-futur-transfert\/#breadcrumb","itemListElement":[{"@type":"ListItem","position":1,"name":"Accueil","item":"https:\/\/footdavant.fr\/actualites\/"},{"@type":"ListItem","position":2,"name":"Nouvelles du transfert d&#39;Aston Villa : Youri Tielemans \u00ab\u00a0ne commente pas\u00a0\u00bb un \u00e9ventuel futur transfert"}]},{"@type":"WebSite","@id":"https:\/\/footdavant.fr\/actualites\/#website","url":"https:\/\/footdavant.fr\/actualites\/","name":"Foot d'avant","description":"","publisher":{"@id":"https:\/\/footdavant.fr\/actualites\/#organization"},"potentialAction":[{"@type":"SearchAction","target":{"@type":"EntryPoint","urlTemplate":"https:\/\/footdavant.fr\/actualites\/?s={search_term_string}"},"query-input":"required name=search_term_string"}],"inLanguage":"fr-FR"},{"@type":"Organization","@id":"https:\/\/footdavant.fr\/actualites\/#organization","name":"Foot d'avant","url":"https:\/\/footdavant.fr\/actualites\/","logo":{"@type":"ImageObject","inLanguage":"fr-FR","@id":"https:\/\/footdavant.fr\/actualites\/#\/schema\/logo\/image\/","url":"https:\/\/footdavant.fr\/actualites\/wp-content\/uploads\/2023\/09\/Copy-of-FootDavant-Logo.png","contentUrl":"https:\/\/footdavant.fr\/actualites\/wp-content\/uploads\/2023\/09\/Copy-of-FootDavant-Logo.png","width":936,"height":549,"caption":"Foot d'avant"},"image":{"@id":"https:\/\/footdavant.fr\/actualites\/#\/schema\/logo\/image\/"},"sameAs":["https:\/\/www.facebook.com\/Footdavant\/","https:\/\/twitter.com\/FootdavantFr","https:\/\/www.instagram.com\/footdavant.fr\/"]},{"@type":"Person","@id":"https:\/\/footdavant.fr\/actualites\/#\/schema\/person\/bc222566d95871b37e597b3ed3ba5e1d","name":"Cl\u00e9ment","image":{"@type":"ImageObject","inLanguage":"fr-FR","@id":"https:\/\/footdavant.fr\/actualites\/#\/schema\/person\/image\/","url":"https:\/\/secure.gravatar.com\/avatar\/7728b29aac2719421e1a9159b2254c44?s=96&d=mm&r=g","contentUrl":"https:\/\/secure.gravatar.com\/avatar\/7728b29aac2719421e1a9159b2254c44?s=96&d=mm&r=g","caption":"Cl\u00e9ment"},"sameAs":["https:\/\/footdavant.fr\/"]}]}},"_links":{"self":[{"href":"https:\/\/footdavant.fr\/actualites\/wp-json\/wp\/v2\/posts\/15882"}],"collection":[{"href":"https:\/\/footdavant.fr\/actualites\/wp-json\/wp\/v2\/posts"}],"about":[{"href":"https:\/\/footdavant.fr\/actualites\/wp-json\/wp\/v2\/types\/post"}],"author":[{"embeddable":true,"href":"https:\/\/footdavant.fr\/actualites\/wp-json\/wp\/v2\/users\/1"}],"replies":[{"embeddable":true,"href":"https:\/\/footdavant.fr\/actualites\/wp-json\/wp\/v2\/comments?post=15882"}],"version-history":[{"count":1,"href":"https:\/\/footdavant.fr\/actualites\/wp-json\/wp\/v2\/posts\/15882\/revisions"}],"predecessor-version":[{"id":15884,"href":"https:\/\/footdavant.fr\/actualites\/wp-json\/wp\/v2\/posts\/15882\/revisions\/15884"}],"wp:featuredmedia":[{"embeddable":true,"href":"https:\/\/footdavant.fr\/actualites\/wp-json\/wp\/v2\/media\/15883"}],"wp:attachment":[{"href":"https:\/\/footdavant.fr\/actualites\/wp-json\/wp\/v2\/media?parent=15882"}],"wp:term":[{"taxonomy":"category","embeddable":true,"href":"https:\/\/footdavant.fr\/actualites\/wp-json\/wp\/v2\/categories?post=15882"},{"taxonomy":"post_tag","embeddable":true,"href":"https:\/\/footdavant.fr\/actualites\/wp-json\/wp\/v2\/tags?post=15882"}],"curies":[{"name":"wp","href":"https:\/\/api.w.org\/{rel}","templated":true}]}}