{"id":15885,"date":"2024-11-08T12:48:50","date_gmt":"2024-11-08T11:48:50","guid":{"rendered":"https:\/\/footdavant.fr\/actualites\/david-moyes-affirme-que-resoudre-le-probleme-du-rythme-de-travail-de-man-united-sera-la-plus-grande-tache-de-ruben-amorim\/"},"modified":"2024-11-08T12:48:51","modified_gmt":"2024-11-08T11:48:51","slug":"david-moyes-affirme-que-resoudre-le-probleme-du-rythme-de-travail-de-man-united-sera-la-plus-grande-tache-de-ruben-amorim","status":"publish","type":"post","link":"https:\/\/footdavant.fr\/actualites\/david-moyes-affirme-que-resoudre-le-probleme-du-rythme-de-travail-de-man-united-sera-la-plus-grande-tache-de-ruben-amorim\/","title":{"rendered":"David Moyes affirme que r\u00e9soudre le probl\u00e8me du rythme de travail de Man United sera la plus grande t\u00e2che de Ruben Amorim &#8211;"},"content":{"rendered":"<div id=\"penci-post-entry-inner\">\n<p>\t\t\t<i class=\"penci-post-countview-number-check\" style=\"display:none\">1<\/i><\/p>\n<p>L&#39;ancien patron de Manchester United, David Moyes, a affirm\u00e9 que faire travailler plus dur son ancienne \u00e9quipe serait l&#39;un des d\u00e9fis les plus grands et les plus importants du nouvel entra\u00eeneur-chef Ruben Amorim.<\/p>\n<p>Les Diables Rouges ont connu un tr\u00e8s mauvais d\u00e9but de saison qui a rapidement an\u00e9anti tout optimisme d\u2019une fen\u00eatre estivale de signatures relativement r\u00e9ussie.<\/p>\n<p>Les mauvais r\u00e9sultats et performances ont finalement co\u00fbt\u00e9 son poste \u00e0 Erik ten Hag fin octobre et il a \u00e9t\u00e9 rapidement remplac\u00e9 par Amorim du Sporting Lisbonne.<\/p>\n<p>United a une multitude de probl\u00e8mes \u00e0 r\u00e9soudre alors qu\u2019il se retrouve 13e au classement de la Premier League et 15e au classement de la Ligue Europa.<\/p>\n<p>S&#39;adressant au podcast Stick to Football de Sky Sports, l&#39;ancien manager de United, David Moyes, a soulign\u00e9 exactement le travail auquel Amorim sera confront\u00e9 lorsqu&#39;il prendra les r\u00eanes dans quelques jours seulement.<\/p>\n<p>L&#39;ancien manager de West Ham United a salu\u00e9 le talent de l&#39;\u00e9quipe, mais a affirm\u00e9 qu&#39;il restait un probl\u00e8me \u00e0 r\u00e9soudre.<\/p>\n<p>S\u2019exprimant sur le podcast, il a d\u00e9clar\u00e9 : \u00ab En fait, je pense que Manchester United a des joueurs vraiment tr\u00e8s talentueux. Mais je pense que ce que vous avez dit, Jill, \u00e0 propos du rythme de travail, ce serait la premi\u00e8re chose.<\/p>\n<p>Cela a \u00e9t\u00e9 pleinement visible hier soir puisqu&#39;\u00e0 part Amad Diallo, le reste des joueurs de United ont d\u00e9ploy\u00e9 un effort plut\u00f4t l\u00e9thargique contre l&#39;\u00e9quipe grecque du PAOK en Ligue Europa.<\/p>\n<p>Heureusement, du point de vue de United, deux moments de g\u00e9nie individuel et juste ce qu&#39;il faut de professionnalisme ont permis aux Diables Rouges de faire le travail, qui se sont impos\u00e9s 2-0, mais ce n&#39;est pas une performance qui fera battre le c\u0153ur d&#39;Amorim, du moins pour les bonnes raisons. .<\/p>\n<p>Moyes a \u00e9galement parl\u00e9 de certains des joueurs actuels de United et a d\u00e9clar\u00e9 que la situation \u00e9tait totalement diff\u00e9rente de celle \u00e0 laquelle il a \u00e9t\u00e9 confront\u00e9 en 2013, alors qu&#39;il reprenait les champions d&#39;Angleterre.<\/p>\n<p>\u00ab\u00a0Je pense qu&#39;en ce moment, les joueurs pourraient regarder maintenant et dire : &#39;H\u00e9, au fait, si nous n&#39;agissons pas\u2026&#39;. Le manager pourrait venir d\u2019une position plus forte car ces joueurs vont devoir intensifier leurs efforts.<\/p>\n<p>Il a \u00e9galement affirm\u00e9 que les joueurs devraient assumer davantage de responsabilit\u00e9s pour leurs propres \u00e9checs et cesser de se contenter de laisser continuellement les managers prendre la responsabilit\u00e9 de leurs propres mauvaises performances.<\/p>\n<p>\u00ab\u00a0Il ne s&#39;agit pas toujours d&#39;appeler les joueurs, mais je le vois un peu o\u00f9 je pense que les joueurs sont plut\u00f4t heureux de se cacher derri\u00e8re les managers en ce moment, de laisser les managers prendre le coup.\u00a0\u00bb<\/p>\n<p>\u00ab\u00a0J&#39;aurais bien aim\u00e9 que certains d&#39;entre eux sortent et disent : &#39;Au fait, je sais que je n&#39;en suis pas encore l\u00e0 en ce moment, je ne joue pas assez bien en ce moment&#39;. Nous n\u2019en recevons pas beaucoup.<\/p>\n<p>Bien que Moyes n\u2019ait certainement pas bien compris pendant son s\u00e9jour \u00e0 Old Trafford, ces commentaires trouveront un \u00e9cho aupr\u00e8s de nombreux fans de United \u00e9tant donn\u00e9 l\u2019\u00e9tat actuel de l\u2019\u00e9quipe. <\/p>\n<p><!-- CONTENT END 3 --><\/p><\/div>\n","protected":false},"excerpt":{"rendered":"<p>1 L&#39;ancien patron de Manchester United, David Moyes, a affirm\u00e9 que faire travailler plus dur son ancienne \u00e9quipe serait l&#39;un des d\u00e9fis les plus grands<\/p>\n","protected":false},"author":1,"featured_media":15886,"comment_status":"closed","ping_status":"","sticky":false,"template":"","format":"standard","meta":{"footnotes":""},"categories":[3],"tags":[1115,4477,342,1751,24,1216,2243,1197,160,5461,1126,558,3738,13],"yoast_head":"<!-- This site is optimized with the Yoast SEO plugin v21.0 - https:\/\/yoast.com\/wordpress\/plugins\/seo\/ -->\n<title>David Moyes affirme que r\u00e9soudre le probl\u00e8me du rythme de travail de Man United sera la plus grande t\u00e2che de Ruben Amorim -<\/title>\n<meta name=\"robots\" content=\"index, follow, max-snippet:-1, max-image-preview:large, max-video-preview:-1\" \/>\n<link rel=\"canonical\" href=\"https:\/\/footdavant.fr\/actualites\/david-moyes-affirme-que-resoudre-le-probleme-du-rythme-de-travail-de-man-united-sera-la-plus-grande-tache-de-ruben-amorim\/\" \/>\n<meta property=\"og:locale\" content=\"fr_FR\" \/>\n<meta property=\"og:type\" content=\"article\" \/>\n<meta property=\"og:title\" content=\"David Moyes affirme que r\u00e9soudre le probl\u00e8me du rythme de travail de Man United sera la plus grande t\u00e2che de Ruben Amorim -\" \/>\n<meta property=\"og:description\" content=\"1 L&#039;ancien patron de Manchester United, David Moyes, a affirm\u00e9 que faire travailler plus dur son ancienne \u00e9quipe serait l&#039;un des d\u00e9fis les plus grands\" \/>\n<meta property=\"og:url\" content=\"https:\/\/footdavant.fr\/actualites\/david-moyes-affirme-que-resoudre-le-probleme-du-rythme-de-travail-de-man-united-sera-la-plus-grande-tache-de-ruben-amorim\/\" \/>\n<meta property=\"og:site_name\" content=\"Foot d&#039;avant\" \/>\n<meta property=\"article:publisher\" content=\"https:\/\/www.facebook.com\/Footdavant\/\" \/>\n<meta property=\"article:published_time\" content=\"2024-11-08T11:48:50+00:00\" \/>\n<meta property=\"article:modified_time\" content=\"2024-11-08T11:48:51+00:00\" \/>\n<meta property=\"og:image\" content=\"https:\/\/footdavant.fr\/actualites\/wp-content\/uploads\/2024\/11\/David-Moyes-affirme-que-resoudre-le-probleme-du-rythme-de.jpg\" \/>\n\t<meta property=\"og:image:width\" content=\"800\" \/>\n\t<meta property=\"og:image:height\" content=\"350\" \/>\n\t<meta property=\"og:image:type\" content=\"image\/jpeg\" \/>\n<meta name=\"author\" content=\"Cl\u00e9ment\" \/>\n<meta name=\"twitter:card\" content=\"summary_large_image\" \/>\n<meta name=\"twitter:creator\" content=\"@FootdavantFr\" \/>\n<meta name=\"twitter:site\" content=\"@FootdavantFr\" \/>\n<meta name=\"twitter:label1\" content=\"\u00c9crit par\" \/>\n\t<meta name=\"twitter:data1\" content=\"Cl\u00e9ment\" \/>\n\t<meta name=\"twitter:label2\" content=\"Dur\u00e9e de lecture estim\u00e9e\" \/>\n\t<meta name=\"twitter:data2\" content=\"3 minutes\" \/>\n<script type=\"application\/ld+json\" class=\"yoast-schema-graph\">{\"@context\":\"https:\/\/schema.org\",\"@graph\":[{\"@type\":\"Article\",\"@id\":\"https:\/\/footdavant.fr\/actualites\/david-moyes-affirme-que-resoudre-le-probleme-du-rythme-de-travail-de-man-united-sera-la-plus-grande-tache-de-ruben-amorim\/#article\",\"isPartOf\":{\"@id\":\"https:\/\/footdavant.fr\/actualites\/david-moyes-affirme-que-resoudre-le-probleme-du-rythme-de-travail-de-man-united-sera-la-plus-grande-tache-de-ruben-amorim\/\"},\"author\":{\"name\":\"Cl\u00e9ment\",\"@id\":\"https:\/\/footdavant.fr\/actualites\/#\/schema\/person\/bc222566d95871b37e597b3ed3ba5e1d\"},\"headline\":\"David Moyes affirme que r\u00e9soudre le probl\u00e8me du rythme de travail de Man United sera la plus grande t\u00e2che de Ruben Amorim &#8211;\",\"datePublished\":\"2024-11-08T11:48:50+00:00\",\"dateModified\":\"2024-11-08T11:48:51+00:00\",\"mainEntityOfPage\":{\"@id\":\"https:\/\/footdavant.fr\/actualites\/david-moyes-affirme-que-resoudre-le-probleme-du-rythme-de-travail-de-man-united-sera-la-plus-grande-tache-de-ruben-amorim\/\"},\"wordCount\":578,\"publisher\":{\"@id\":\"https:\/\/footdavant.fr\/actualites\/#organization\"},\"keywords\":[\"affirme\",\"Amorim\",\"David\",\"grande\",\"Man\",\"Moyes\",\"probl\u00e8me\",\"r\u00e9soudre\",\"Ruben\",\"rythme\",\"sera\",\"T\u00e2che\",\"travail\",\"United\"],\"articleSection\":[\"Football\"],\"inLanguage\":\"fr-FR\"},{\"@type\":\"WebPage\",\"@id\":\"https:\/\/footdavant.fr\/actualites\/david-moyes-affirme-que-resoudre-le-probleme-du-rythme-de-travail-de-man-united-sera-la-plus-grande-tache-de-ruben-amorim\/\",\"url\":\"https:\/\/footdavant.fr\/actualites\/david-moyes-affirme-que-resoudre-le-probleme-du-rythme-de-travail-de-man-united-sera-la-plus-grande-tache-de-ruben-amorim\/\",\"name\":\"David Moyes affirme que r\u00e9soudre le probl\u00e8me du rythme de travail de Man United sera la plus grande t\u00e2che de Ruben Amorim -\",\"isPartOf\":{\"@id\":\"https:\/\/footdavant.fr\/actualites\/#website\"},\"datePublished\":\"2024-11-08T11:48:50+00:00\",\"dateModified\":\"2024-11-08T11:48:51+00:00\",\"breadcrumb\":{\"@id\":\"https:\/\/footdavant.fr\/actualites\/david-moyes-affirme-que-resoudre-le-probleme-du-rythme-de-travail-de-man-united-sera-la-plus-grande-tache-de-ruben-amorim\/#breadcrumb\"},\"inLanguage\":\"fr-FR\",\"potentialAction\":[{\"@type\":\"ReadAction\",\"target\":[\"https:\/\/footdavant.fr\/actualites\/david-moyes-affirme-que-resoudre-le-probleme-du-rythme-de-travail-de-man-united-sera-la-plus-grande-tache-de-ruben-amorim\/\"]}]},{\"@type\":\"BreadcrumbList\",\"@id\":\"https:\/\/footdavant.fr\/actualites\/david-moyes-affirme-que-resoudre-le-probleme-du-rythme-de-travail-de-man-united-sera-la-plus-grande-tache-de-ruben-amorim\/#breadcrumb\",\"itemListElement\":[{\"@type\":\"ListItem\",\"position\":1,\"name\":\"Accueil\",\"item\":\"https:\/\/footdavant.fr\/actualites\/\"},{\"@type\":\"ListItem\",\"position\":2,\"name\":\"David Moyes affirme que r\u00e9soudre le probl\u00e8me du rythme de travail de Man United sera la plus grande t\u00e2che de Ruben Amorim &#8211;\"}]},{\"@type\":\"WebSite\",\"@id\":\"https:\/\/footdavant.fr\/actualites\/#website\",\"url\":\"https:\/\/footdavant.fr\/actualites\/\",\"name\":\"Foot d'avant\",\"description\":\"\",\"publisher\":{\"@id\":\"https:\/\/footdavant.fr\/actualites\/#organization\"},\"potentialAction\":[{\"@type\":\"SearchAction\",\"target\":{\"@type\":\"EntryPoint\",\"urlTemplate\":\"https:\/\/footdavant.fr\/actualites\/?s={search_term_string}\"},\"query-input\":\"required name=search_term_string\"}],\"inLanguage\":\"fr-FR\"},{\"@type\":\"Organization\",\"@id\":\"https:\/\/footdavant.fr\/actualites\/#organization\",\"name\":\"Foot d'avant\",\"url\":\"https:\/\/footdavant.fr\/actualites\/\",\"logo\":{\"@type\":\"ImageObject\",\"inLanguage\":\"fr-FR\",\"@id\":\"https:\/\/footdavant.fr\/actualites\/#\/schema\/logo\/image\/\",\"url\":\"https:\/\/footdavant.fr\/actualites\/wp-content\/uploads\/2023\/09\/Copy-of-FootDavant-Logo.png\",\"contentUrl\":\"https:\/\/footdavant.fr\/actualites\/wp-content\/uploads\/2023\/09\/Copy-of-FootDavant-Logo.png\",\"width\":936,\"height\":549,\"caption\":\"Foot d'avant\"},\"image\":{\"@id\":\"https:\/\/footdavant.fr\/actualites\/#\/schema\/logo\/image\/\"},\"sameAs\":[\"https:\/\/www.facebook.com\/Footdavant\/\",\"https:\/\/twitter.com\/FootdavantFr\",\"https:\/\/www.instagram.com\/footdavant.fr\/\"]},{\"@type\":\"Person\",\"@id\":\"https:\/\/footdavant.fr\/actualites\/#\/schema\/person\/bc222566d95871b37e597b3ed3ba5e1d\",\"name\":\"Cl\u00e9ment\",\"image\":{\"@type\":\"ImageObject\",\"inLanguage\":\"fr-FR\",\"@id\":\"https:\/\/footdavant.fr\/actualites\/#\/schema\/person\/image\/\",\"url\":\"https:\/\/secure.gravatar.com\/avatar\/7728b29aac2719421e1a9159b2254c44?s=96&d=mm&r=g\",\"contentUrl\":\"https:\/\/secure.gravatar.com\/avatar\/7728b29aac2719421e1a9159b2254c44?s=96&d=mm&r=g\",\"caption\":\"Cl\u00e9ment\"},\"sameAs\":[\"https:\/\/footdavant.fr\/\"]}]}<\/script>\n<!-- \/ Yoast SEO plugin. -->","yoast_head_json":{"title":"David Moyes affirme que r\u00e9soudre le probl\u00e8me du rythme de travail de Man United sera la plus grande t\u00e2che de Ruben Amorim -","robots":{"index":"index","follow":"follow","max-snippet":"max-snippet:-1","max-image-preview":"max-image-preview:large","max-video-preview":"max-video-preview:-1"},"canonical":"https:\/\/footdavant.fr\/actualites\/david-moyes-affirme-que-resoudre-le-probleme-du-rythme-de-travail-de-man-united-sera-la-plus-grande-tache-de-ruben-amorim\/","og_locale":"fr_FR","og_type":"article","og_title":"David Moyes affirme que r\u00e9soudre le probl\u00e8me du rythme de travail de Man United sera la plus grande t\u00e2che de Ruben Amorim -","og_description":"1 L&#39;ancien patron de Manchester United, David Moyes, a affirm\u00e9 que faire travailler plus dur son ancienne \u00e9quipe serait l&#39;un des d\u00e9fis les plus grands","og_url":"https:\/\/footdavant.fr\/actualites\/david-moyes-affirme-que-resoudre-le-probleme-du-rythme-de-travail-de-man-united-sera-la-plus-grande-tache-de-ruben-amorim\/","og_site_name":"Foot d&#039;avant","article_publisher":"https:\/\/www.facebook.com\/Footdavant\/","article_published_time":"2024-11-08T11:48:50+00:00","article_modified_time":"2024-11-08T11:48:51+00:00","og_image":[{"width":800,"height":350,"url":"https:\/\/footdavant.fr\/actualites\/wp-content\/uploads\/2024\/11\/David-Moyes-affirme-que-resoudre-le-probleme-du-rythme-de.jpg","type":"image\/jpeg"}],"author":"Cl\u00e9ment","twitter_card":"summary_large_image","twitter_creator":"@FootdavantFr","twitter_site":"@FootdavantFr","twitter_misc":{"\u00c9crit par":"Cl\u00e9ment","Dur\u00e9e de lecture estim\u00e9e":"3 minutes"},"schema":{"@context":"https:\/\/schema.org","@graph":[{"@type":"Article","@id":"https:\/\/footdavant.fr\/actualites\/david-moyes-affirme-que-resoudre-le-probleme-du-rythme-de-travail-de-man-united-sera-la-plus-grande-tache-de-ruben-amorim\/#article","isPartOf":{"@id":"https:\/\/footdavant.fr\/actualites\/david-moyes-affirme-que-resoudre-le-probleme-du-rythme-de-travail-de-man-united-sera-la-plus-grande-tache-de-ruben-amorim\/"},"author":{"name":"Cl\u00e9ment","@id":"https:\/\/footdavant.fr\/actualites\/#\/schema\/person\/bc222566d95871b37e597b3ed3ba5e1d"},"headline":"David Moyes affirme que r\u00e9soudre le probl\u00e8me du rythme de travail de Man United sera la plus grande t\u00e2che de Ruben Amorim &#8211;","datePublished":"2024-11-08T11:48:50+00:00","dateModified":"2024-11-08T11:48:51+00:00","mainEntityOfPage":{"@id":"https:\/\/footdavant.fr\/actualites\/david-moyes-affirme-que-resoudre-le-probleme-du-rythme-de-travail-de-man-united-sera-la-plus-grande-tache-de-ruben-amorim\/"},"wordCount":578,"publisher":{"@id":"https:\/\/footdavant.fr\/actualites\/#organization"},"keywords":["affirme","Amorim","David","grande","Man","Moyes","probl\u00e8me","r\u00e9soudre","Ruben","rythme","sera","T\u00e2che","travail","United"],"articleSection":["Football"],"inLanguage":"fr-FR"},{"@type":"WebPage","@id":"https:\/\/footdavant.fr\/actualites\/david-moyes-affirme-que-resoudre-le-probleme-du-rythme-de-travail-de-man-united-sera-la-plus-grande-tache-de-ruben-amorim\/","url":"https:\/\/footdavant.fr\/actualites\/david-moyes-affirme-que-resoudre-le-probleme-du-rythme-de-travail-de-man-united-sera-la-plus-grande-tache-de-ruben-amorim\/","name":"David Moyes affirme que r\u00e9soudre le probl\u00e8me du rythme de travail de Man United sera la plus grande t\u00e2che de Ruben Amorim -","isPartOf":{"@id":"https:\/\/footdavant.fr\/actualites\/#website"},"datePublished":"2024-11-08T11:48:50+00:00","dateModified":"2024-11-08T11:48:51+00:00","breadcrumb":{"@id":"https:\/\/footdavant.fr\/actualites\/david-moyes-affirme-que-resoudre-le-probleme-du-rythme-de-travail-de-man-united-sera-la-plus-grande-tache-de-ruben-amorim\/#breadcrumb"},"inLanguage":"fr-FR","potentialAction":[{"@type":"ReadAction","target":["https:\/\/footdavant.fr\/actualites\/david-moyes-affirme-que-resoudre-le-probleme-du-rythme-de-travail-de-man-united-sera-la-plus-grande-tache-de-ruben-amorim\/"]}]},{"@type":"BreadcrumbList","@id":"https:\/\/footdavant.fr\/actualites\/david-moyes-affirme-que-resoudre-le-probleme-du-rythme-de-travail-de-man-united-sera-la-plus-grande-tache-de-ruben-amorim\/#breadcrumb","itemListElement":[{"@type":"ListItem","position":1,"name":"Accueil","item":"https:\/\/footdavant.fr\/actualites\/"},{"@type":"ListItem","position":2,"name":"David Moyes affirme que r\u00e9soudre le probl\u00e8me du rythme de travail de Man United sera la plus grande t\u00e2che de Ruben Amorim &#8211;"}]},{"@type":"WebSite","@id":"https:\/\/footdavant.fr\/actualites\/#website","url":"https:\/\/footdavant.fr\/actualites\/","name":"Foot d'avant","description":"","publisher":{"@id":"https:\/\/footdavant.fr\/actualites\/#organization"},"potentialAction":[{"@type":"SearchAction","target":{"@type":"EntryPoint","urlTemplate":"https:\/\/footdavant.fr\/actualites\/?s={search_term_string}"},"query-input":"required name=search_term_string"}],"inLanguage":"fr-FR"},{"@type":"Organization","@id":"https:\/\/footdavant.fr\/actualites\/#organization","name":"Foot d'avant","url":"https:\/\/footdavant.fr\/actualites\/","logo":{"@type":"ImageObject","inLanguage":"fr-FR","@id":"https:\/\/footdavant.fr\/actualites\/#\/schema\/logo\/image\/","url":"https:\/\/footdavant.fr\/actualites\/wp-content\/uploads\/2023\/09\/Copy-of-FootDavant-Logo.png","contentUrl":"https:\/\/footdavant.fr\/actualites\/wp-content\/uploads\/2023\/09\/Copy-of-FootDavant-Logo.png","width":936,"height":549,"caption":"Foot d'avant"},"image":{"@id":"https:\/\/footdavant.fr\/actualites\/#\/schema\/logo\/image\/"},"sameAs":["https:\/\/www.facebook.com\/Footdavant\/","https:\/\/twitter.com\/FootdavantFr","https:\/\/www.instagram.com\/footdavant.fr\/"]},{"@type":"Person","@id":"https:\/\/footdavant.fr\/actualites\/#\/schema\/person\/bc222566d95871b37e597b3ed3ba5e1d","name":"Cl\u00e9ment","image":{"@type":"ImageObject","inLanguage":"fr-FR","@id":"https:\/\/footdavant.fr\/actualites\/#\/schema\/person\/image\/","url":"https:\/\/secure.gravatar.com\/avatar\/7728b29aac2719421e1a9159b2254c44?s=96&d=mm&r=g","contentUrl":"https:\/\/secure.gravatar.com\/avatar\/7728b29aac2719421e1a9159b2254c44?s=96&d=mm&r=g","caption":"Cl\u00e9ment"},"sameAs":["https:\/\/footdavant.fr\/"]}]}},"_links":{"self":[{"href":"https:\/\/footdavant.fr\/actualites\/wp-json\/wp\/v2\/posts\/15885"}],"collection":[{"href":"https:\/\/footdavant.fr\/actualites\/wp-json\/wp\/v2\/posts"}],"about":[{"href":"https:\/\/footdavant.fr\/actualites\/wp-json\/wp\/v2\/types\/post"}],"author":[{"embeddable":true,"href":"https:\/\/footdavant.fr\/actualites\/wp-json\/wp\/v2\/users\/1"}],"replies":[{"embeddable":true,"href":"https:\/\/footdavant.fr\/actualites\/wp-json\/wp\/v2\/comments?post=15885"}],"version-history":[{"count":1,"href":"https:\/\/footdavant.fr\/actualites\/wp-json\/wp\/v2\/posts\/15885\/revisions"}],"predecessor-version":[{"id":15887,"href":"https:\/\/footdavant.fr\/actualites\/wp-json\/wp\/v2\/posts\/15885\/revisions\/15887"}],"wp:featuredmedia":[{"embeddable":true,"href":"https:\/\/footdavant.fr\/actualites\/wp-json\/wp\/v2\/media\/15886"}],"wp:attachment":[{"href":"https:\/\/footdavant.fr\/actualites\/wp-json\/wp\/v2\/media?parent=15885"}],"wp:term":[{"taxonomy":"category","embeddable":true,"href":"https:\/\/footdavant.fr\/actualites\/wp-json\/wp\/v2\/categories?post=15885"},{"taxonomy":"post_tag","embeddable":true,"href":"https:\/\/footdavant.fr\/actualites\/wp-json\/wp\/v2\/tags?post=15885"}],"curies":[{"name":"wp","href":"https:\/\/api.w.org\/{rel}","templated":true}]}}