{"id":15894,"date":"2024-11-08T16:48:05","date_gmt":"2024-11-08T15:48:05","guid":{"rendered":"https:\/\/footdavant.fr\/actualites\/malo-gusto-devra-desormais-se-battre-pour-la-premiere-place-de-titulaire-en-equipe\/"},"modified":"2024-11-08T16:48:06","modified_gmt":"2024-11-08T15:48:06","slug":"malo-gusto-devra-desormais-se-battre-pour-la-premiere-place-de-titulaire-en-equipe","status":"publish","type":"post","link":"https:\/\/footdavant.fr\/actualites\/malo-gusto-devra-desormais-se-battre-pour-la-premiere-place-de-titulaire-en-equipe\/","title":{"rendered":"Malo Gusto devra d\u00e9sormais se battre pour la premi\u00e8re place de titulaire en \u00e9quipe \u2013"},"content":{"rendered":"<div id=\"mvp-content-main\">\n<p>Malo Gusto \u00e9tait l\u2019une des lumi\u00e8res brillantes de Chelsea la saison derni\u00e8re malgr\u00e9 une saison largement difficile et toxique au club.<\/p>\n<p>Le seul point positif sur lequel nous sommes toujours revenus, et le seul joueur sur lequel nous avons tous convenu qu&#39;il s&#39;agissait d&#39;un excellent recrutement de la part des directeurs sportifs, est Malo Gusto.<\/p>\n<p>Il a \u00e9t\u00e9 une superbe signature, et personne ne peut en douter.<\/p>\n<p>Cependant, il s&#39;est un peu \u00e9loign\u00e9 cette saison, et j&#39;ai du mal \u00e0 comprendre pourquoi.<\/p>\n<p>Est-ce parce qu&#39;on lui demande de jouer en lat\u00e9ral invers\u00e9 et que c&#39;est devenu trop pour un jeune joueur ? Peut-\u00eatre. Il n\u2019a encore que 21 ans, il est donc encore en train de se d\u00e9velopper et d\u2019apprendre.<\/p>\n<p>Je pense qu&#39;il a peut-\u00eatre juste besoin de rester concentr\u00e9 sur le fait de devenir un arri\u00e8re droit sup\u00e9rieur plut\u00f4t que de se voir demander de jouer deux r\u00f4les \u00e0 la fois, c&#39;est juste une grande demande et demande beaucoup de concentration et de conscience.<\/p>\n<p>J&#39;adore Gusto, et ce n&#39;est absolument pas du tout que je l&#39;\u00e9carte ou que je perde la foi. Je pense que c&#39;est un excellent arri\u00e8re droit et il y a eu des moments la saison derni\u00e8re o\u00f9 je l&#39;aurais m\u00eame choisi devant un Reece James en forme. Il \u00e9tait si bon.<\/p>\n<p>Mais je crains qu\u2019il ne soit sur le point de perdre sa place de titulaire dans la A-Team, et peut-\u00eatre que cela pourrait \u00eatre une bonne chose ? Faire un pas en arri\u00e8re pour ensuite avancer \u00e0 nouveau ?<\/p>\n<p>Apr\u00e8s avoir \u00e9t\u00e9 \u00e9limin\u00e9 \u00e0 la mi-temps contre Manchester United apr\u00e8s une autre mauvaise performance ce week-end, je soup\u00e7onne que Gusto d\u00e9butera d\u00e9sormais contre Noah en Conference League ce jeudi soir au sein de la B-Team, et Marc Cucurella d\u00e9butera ensuite contre Arsenal. dimanche, retour dans l&#39;\u00e9quipe A. Cucurella, soit dit en passant, a m\u00e9rit\u00e9 cette place et l&#39;a m\u00e9rit\u00e9e. Il continue d&#39;impressionner cette saison.<\/p>\n<p>Gusto reviendra, j&#39;en suis s\u00fbr. Des baisses de forme se produisent et c&#39;est tout \u00e0 fait bien. Mais je ne pense tout simplement pas qu\u2019il devrait s\u2019inverser pour le moment. Ce qui soul\u00e8ve la question : quelle est sa place d\u00e9sormais dans l&#39;\u00e9quipe de Maresca ?<\/p>\n<p>\t\t\t\t\t\t\t\t\t<!--mvp-post-tags--><\/p><\/div>\n","protected":false},"excerpt":{"rendered":"<p>Malo Gusto \u00e9tait l\u2019une des lumi\u00e8res brillantes de Chelsea la saison derni\u00e8re malgr\u00e9 une saison largement difficile et toxique au club. Le seul point positif<\/p>\n","protected":false},"author":1,"featured_media":6253,"comment_status":"closed","ping_status":"","sticky":false,"template":"","format":"standard","meta":{"footnotes":""},"categories":[3],"tags":[540,1564,3908,28,2567,4096,147,51,1024,1282],"yoast_head":"<!-- This site is optimized with the Yoast SEO plugin v21.0 - https:\/\/yoast.com\/wordpress\/plugins\/seo\/ -->\n<title>Malo Gusto devra d\u00e9sormais se battre pour la premi\u00e8re place de titulaire en \u00e9quipe \u2013<\/title>\n<meta name=\"robots\" content=\"index, follow, max-snippet:-1, max-image-preview:large, max-video-preview:-1\" \/>\n<link rel=\"canonical\" href=\"https:\/\/footdavant.fr\/actualites\/malo-gusto-devra-desormais-se-battre-pour-la-premiere-place-de-titulaire-en-equipe\/\" \/>\n<meta property=\"og:locale\" content=\"fr_FR\" \/>\n<meta property=\"og:type\" content=\"article\" \/>\n<meta property=\"og:title\" content=\"Malo Gusto devra d\u00e9sormais se battre pour la premi\u00e8re place de titulaire en \u00e9quipe \u2013\" \/>\n<meta property=\"og:description\" content=\"Malo Gusto \u00e9tait l\u2019une des lumi\u00e8res brillantes de Chelsea la saison derni\u00e8re malgr\u00e9 une saison largement difficile et toxique au club. Le seul point positif\" \/>\n<meta property=\"og:url\" content=\"https:\/\/footdavant.fr\/actualites\/malo-gusto-devra-desormais-se-battre-pour-la-premiere-place-de-titulaire-en-equipe\/\" \/>\n<meta property=\"og:site_name\" content=\"Foot d&#039;avant\" \/>\n<meta property=\"article:publisher\" content=\"https:\/\/www.facebook.com\/Footdavant\/\" \/>\n<meta property=\"article:published_time\" content=\"2024-11-08T15:48:05+00:00\" \/>\n<meta property=\"article:modified_time\" content=\"2024-11-08T15:48:06+00:00\" \/>\n<meta property=\"og:image\" content=\"https:\/\/footdavant.fr\/actualites\/wp-content\/uploads\/2024\/03\/Cole-Palmer-et-Malo-Gusto-sont-dexcellents-exemples-de-recrutement.jpeg\" \/>\n\t<meta property=\"og:image:width\" content=\"2560\" \/>\n\t<meta property=\"og:image:height\" content=\"1703\" \/>\n\t<meta property=\"og:image:type\" content=\"image\/jpeg\" \/>\n<meta name=\"author\" content=\"Cl\u00e9ment\" \/>\n<meta name=\"twitter:card\" content=\"summary_large_image\" \/>\n<meta name=\"twitter:creator\" content=\"@FootdavantFr\" \/>\n<meta name=\"twitter:site\" content=\"@FootdavantFr\" \/>\n<meta name=\"twitter:label1\" content=\"\u00c9crit par\" \/>\n\t<meta name=\"twitter:data1\" content=\"Cl\u00e9ment\" \/>\n\t<meta name=\"twitter:label2\" content=\"Dur\u00e9e de lecture estim\u00e9e\" \/>\n\t<meta name=\"twitter:data2\" content=\"2 minutes\" \/>\n<script type=\"application\/ld+json\" class=\"yoast-schema-graph\">{\"@context\":\"https:\/\/schema.org\",\"@graph\":[{\"@type\":\"Article\",\"@id\":\"https:\/\/footdavant.fr\/actualites\/malo-gusto-devra-desormais-se-battre-pour-la-premiere-place-de-titulaire-en-equipe\/#article\",\"isPartOf\":{\"@id\":\"https:\/\/footdavant.fr\/actualites\/malo-gusto-devra-desormais-se-battre-pour-la-premiere-place-de-titulaire-en-equipe\/\"},\"author\":{\"name\":\"Cl\u00e9ment\",\"@id\":\"https:\/\/footdavant.fr\/actualites\/#\/schema\/person\/bc222566d95871b37e597b3ed3ba5e1d\"},\"headline\":\"Malo Gusto devra d\u00e9sormais se battre pour la premi\u00e8re place de titulaire en \u00e9quipe \u2013\",\"datePublished\":\"2024-11-08T15:48:05+00:00\",\"dateModified\":\"2024-11-08T15:48:06+00:00\",\"mainEntityOfPage\":{\"@id\":\"https:\/\/footdavant.fr\/actualites\/malo-gusto-devra-desormais-se-battre-pour-la-premiere-place-de-titulaire-en-equipe\/\"},\"wordCount\":424,\"publisher\":{\"@id\":\"https:\/\/footdavant.fr\/actualites\/#organization\"},\"keywords\":[\"battre\",\"d\u00e9sormais\",\"devra\",\"\u00c9quipe\",\"Gusto\",\"Malo\",\"place\",\"pour\",\"premi\u00e8re\",\"titulaire\"],\"articleSection\":[\"Football\"],\"inLanguage\":\"fr-FR\"},{\"@type\":\"WebPage\",\"@id\":\"https:\/\/footdavant.fr\/actualites\/malo-gusto-devra-desormais-se-battre-pour-la-premiere-place-de-titulaire-en-equipe\/\",\"url\":\"https:\/\/footdavant.fr\/actualites\/malo-gusto-devra-desormais-se-battre-pour-la-premiere-place-de-titulaire-en-equipe\/\",\"name\":\"Malo Gusto devra d\u00e9sormais se battre pour la premi\u00e8re place de titulaire en \u00e9quipe \u2013\",\"isPartOf\":{\"@id\":\"https:\/\/footdavant.fr\/actualites\/#website\"},\"datePublished\":\"2024-11-08T15:48:05+00:00\",\"dateModified\":\"2024-11-08T15:48:06+00:00\",\"breadcrumb\":{\"@id\":\"https:\/\/footdavant.fr\/actualites\/malo-gusto-devra-desormais-se-battre-pour-la-premiere-place-de-titulaire-en-equipe\/#breadcrumb\"},\"inLanguage\":\"fr-FR\",\"potentialAction\":[{\"@type\":\"ReadAction\",\"target\":[\"https:\/\/footdavant.fr\/actualites\/malo-gusto-devra-desormais-se-battre-pour-la-premiere-place-de-titulaire-en-equipe\/\"]}]},{\"@type\":\"BreadcrumbList\",\"@id\":\"https:\/\/footdavant.fr\/actualites\/malo-gusto-devra-desormais-se-battre-pour-la-premiere-place-de-titulaire-en-equipe\/#breadcrumb\",\"itemListElement\":[{\"@type\":\"ListItem\",\"position\":1,\"name\":\"Accueil\",\"item\":\"https:\/\/footdavant.fr\/actualites\/\"},{\"@type\":\"ListItem\",\"position\":2,\"name\":\"Malo Gusto devra d\u00e9sormais se battre pour la premi\u00e8re place de titulaire en \u00e9quipe \u2013\"}]},{\"@type\":\"WebSite\",\"@id\":\"https:\/\/footdavant.fr\/actualites\/#website\",\"url\":\"https:\/\/footdavant.fr\/actualites\/\",\"name\":\"Foot d'avant\",\"description\":\"\",\"publisher\":{\"@id\":\"https:\/\/footdavant.fr\/actualites\/#organization\"},\"potentialAction\":[{\"@type\":\"SearchAction\",\"target\":{\"@type\":\"EntryPoint\",\"urlTemplate\":\"https:\/\/footdavant.fr\/actualites\/?s={search_term_string}\"},\"query-input\":\"required name=search_term_string\"}],\"inLanguage\":\"fr-FR\"},{\"@type\":\"Organization\",\"@id\":\"https:\/\/footdavant.fr\/actualites\/#organization\",\"name\":\"Foot d'avant\",\"url\":\"https:\/\/footdavant.fr\/actualites\/\",\"logo\":{\"@type\":\"ImageObject\",\"inLanguage\":\"fr-FR\",\"@id\":\"https:\/\/footdavant.fr\/actualites\/#\/schema\/logo\/image\/\",\"url\":\"https:\/\/footdavant.fr\/actualites\/wp-content\/uploads\/2023\/09\/Copy-of-FootDavant-Logo.png\",\"contentUrl\":\"https:\/\/footdavant.fr\/actualites\/wp-content\/uploads\/2023\/09\/Copy-of-FootDavant-Logo.png\",\"width\":936,\"height\":549,\"caption\":\"Foot d'avant\"},\"image\":{\"@id\":\"https:\/\/footdavant.fr\/actualites\/#\/schema\/logo\/image\/\"},\"sameAs\":[\"https:\/\/www.facebook.com\/Footdavant\/\",\"https:\/\/twitter.com\/FootdavantFr\",\"https:\/\/www.instagram.com\/footdavant.fr\/\"]},{\"@type\":\"Person\",\"@id\":\"https:\/\/footdavant.fr\/actualites\/#\/schema\/person\/bc222566d95871b37e597b3ed3ba5e1d\",\"name\":\"Cl\u00e9ment\",\"image\":{\"@type\":\"ImageObject\",\"inLanguage\":\"fr-FR\",\"@id\":\"https:\/\/footdavant.fr\/actualites\/#\/schema\/person\/image\/\",\"url\":\"https:\/\/secure.gravatar.com\/avatar\/7728b29aac2719421e1a9159b2254c44?s=96&d=mm&r=g\",\"contentUrl\":\"https:\/\/secure.gravatar.com\/avatar\/7728b29aac2719421e1a9159b2254c44?s=96&d=mm&r=g\",\"caption\":\"Cl\u00e9ment\"},\"sameAs\":[\"https:\/\/footdavant.fr\/\"]}]}<\/script>\n<!-- \/ Yoast SEO plugin. -->","yoast_head_json":{"title":"Malo Gusto devra d\u00e9sormais se battre pour la premi\u00e8re place de titulaire en \u00e9quipe \u2013","robots":{"index":"index","follow":"follow","max-snippet":"max-snippet:-1","max-image-preview":"max-image-preview:large","max-video-preview":"max-video-preview:-1"},"canonical":"https:\/\/footdavant.fr\/actualites\/malo-gusto-devra-desormais-se-battre-pour-la-premiere-place-de-titulaire-en-equipe\/","og_locale":"fr_FR","og_type":"article","og_title":"Malo Gusto devra d\u00e9sormais se battre pour la premi\u00e8re place de titulaire en \u00e9quipe \u2013","og_description":"Malo Gusto \u00e9tait l\u2019une des lumi\u00e8res brillantes de Chelsea la saison derni\u00e8re malgr\u00e9 une saison largement difficile et toxique au club. Le seul point positif","og_url":"https:\/\/footdavant.fr\/actualites\/malo-gusto-devra-desormais-se-battre-pour-la-premiere-place-de-titulaire-en-equipe\/","og_site_name":"Foot d&#039;avant","article_publisher":"https:\/\/www.facebook.com\/Footdavant\/","article_published_time":"2024-11-08T15:48:05+00:00","article_modified_time":"2024-11-08T15:48:06+00:00","og_image":[{"width":2560,"height":1703,"url":"https:\/\/footdavant.fr\/actualites\/wp-content\/uploads\/2024\/03\/Cole-Palmer-et-Malo-Gusto-sont-dexcellents-exemples-de-recrutement.jpeg","type":"image\/jpeg"}],"author":"Cl\u00e9ment","twitter_card":"summary_large_image","twitter_creator":"@FootdavantFr","twitter_site":"@FootdavantFr","twitter_misc":{"\u00c9crit par":"Cl\u00e9ment","Dur\u00e9e de lecture estim\u00e9e":"2 minutes"},"schema":{"@context":"https:\/\/schema.org","@graph":[{"@type":"Article","@id":"https:\/\/footdavant.fr\/actualites\/malo-gusto-devra-desormais-se-battre-pour-la-premiere-place-de-titulaire-en-equipe\/#article","isPartOf":{"@id":"https:\/\/footdavant.fr\/actualites\/malo-gusto-devra-desormais-se-battre-pour-la-premiere-place-de-titulaire-en-equipe\/"},"author":{"name":"Cl\u00e9ment","@id":"https:\/\/footdavant.fr\/actualites\/#\/schema\/person\/bc222566d95871b37e597b3ed3ba5e1d"},"headline":"Malo Gusto devra d\u00e9sormais se battre pour la premi\u00e8re place de titulaire en \u00e9quipe \u2013","datePublished":"2024-11-08T15:48:05+00:00","dateModified":"2024-11-08T15:48:06+00:00","mainEntityOfPage":{"@id":"https:\/\/footdavant.fr\/actualites\/malo-gusto-devra-desormais-se-battre-pour-la-premiere-place-de-titulaire-en-equipe\/"},"wordCount":424,"publisher":{"@id":"https:\/\/footdavant.fr\/actualites\/#organization"},"keywords":["battre","d\u00e9sormais","devra","\u00c9quipe","Gusto","Malo","place","pour","premi\u00e8re","titulaire"],"articleSection":["Football"],"inLanguage":"fr-FR"},{"@type":"WebPage","@id":"https:\/\/footdavant.fr\/actualites\/malo-gusto-devra-desormais-se-battre-pour-la-premiere-place-de-titulaire-en-equipe\/","url":"https:\/\/footdavant.fr\/actualites\/malo-gusto-devra-desormais-se-battre-pour-la-premiere-place-de-titulaire-en-equipe\/","name":"Malo Gusto devra d\u00e9sormais se battre pour la premi\u00e8re place de titulaire en \u00e9quipe \u2013","isPartOf":{"@id":"https:\/\/footdavant.fr\/actualites\/#website"},"datePublished":"2024-11-08T15:48:05+00:00","dateModified":"2024-11-08T15:48:06+00:00","breadcrumb":{"@id":"https:\/\/footdavant.fr\/actualites\/malo-gusto-devra-desormais-se-battre-pour-la-premiere-place-de-titulaire-en-equipe\/#breadcrumb"},"inLanguage":"fr-FR","potentialAction":[{"@type":"ReadAction","target":["https:\/\/footdavant.fr\/actualites\/malo-gusto-devra-desormais-se-battre-pour-la-premiere-place-de-titulaire-en-equipe\/"]}]},{"@type":"BreadcrumbList","@id":"https:\/\/footdavant.fr\/actualites\/malo-gusto-devra-desormais-se-battre-pour-la-premiere-place-de-titulaire-en-equipe\/#breadcrumb","itemListElement":[{"@type":"ListItem","position":1,"name":"Accueil","item":"https:\/\/footdavant.fr\/actualites\/"},{"@type":"ListItem","position":2,"name":"Malo Gusto devra d\u00e9sormais se battre pour la premi\u00e8re place de titulaire en \u00e9quipe \u2013"}]},{"@type":"WebSite","@id":"https:\/\/footdavant.fr\/actualites\/#website","url":"https:\/\/footdavant.fr\/actualites\/","name":"Foot d'avant","description":"","publisher":{"@id":"https:\/\/footdavant.fr\/actualites\/#organization"},"potentialAction":[{"@type":"SearchAction","target":{"@type":"EntryPoint","urlTemplate":"https:\/\/footdavant.fr\/actualites\/?s={search_term_string}"},"query-input":"required name=search_term_string"}],"inLanguage":"fr-FR"},{"@type":"Organization","@id":"https:\/\/footdavant.fr\/actualites\/#organization","name":"Foot d'avant","url":"https:\/\/footdavant.fr\/actualites\/","logo":{"@type":"ImageObject","inLanguage":"fr-FR","@id":"https:\/\/footdavant.fr\/actualites\/#\/schema\/logo\/image\/","url":"https:\/\/footdavant.fr\/actualites\/wp-content\/uploads\/2023\/09\/Copy-of-FootDavant-Logo.png","contentUrl":"https:\/\/footdavant.fr\/actualites\/wp-content\/uploads\/2023\/09\/Copy-of-FootDavant-Logo.png","width":936,"height":549,"caption":"Foot d'avant"},"image":{"@id":"https:\/\/footdavant.fr\/actualites\/#\/schema\/logo\/image\/"},"sameAs":["https:\/\/www.facebook.com\/Footdavant\/","https:\/\/twitter.com\/FootdavantFr","https:\/\/www.instagram.com\/footdavant.fr\/"]},{"@type":"Person","@id":"https:\/\/footdavant.fr\/actualites\/#\/schema\/person\/bc222566d95871b37e597b3ed3ba5e1d","name":"Cl\u00e9ment","image":{"@type":"ImageObject","inLanguage":"fr-FR","@id":"https:\/\/footdavant.fr\/actualites\/#\/schema\/person\/image\/","url":"https:\/\/secure.gravatar.com\/avatar\/7728b29aac2719421e1a9159b2254c44?s=96&d=mm&r=g","contentUrl":"https:\/\/secure.gravatar.com\/avatar\/7728b29aac2719421e1a9159b2254c44?s=96&d=mm&r=g","caption":"Cl\u00e9ment"},"sameAs":["https:\/\/footdavant.fr\/"]}]}},"_links":{"self":[{"href":"https:\/\/footdavant.fr\/actualites\/wp-json\/wp\/v2\/posts\/15894"}],"collection":[{"href":"https:\/\/footdavant.fr\/actualites\/wp-json\/wp\/v2\/posts"}],"about":[{"href":"https:\/\/footdavant.fr\/actualites\/wp-json\/wp\/v2\/types\/post"}],"author":[{"embeddable":true,"href":"https:\/\/footdavant.fr\/actualites\/wp-json\/wp\/v2\/users\/1"}],"replies":[{"embeddable":true,"href":"https:\/\/footdavant.fr\/actualites\/wp-json\/wp\/v2\/comments?post=15894"}],"version-history":[{"count":1,"href":"https:\/\/footdavant.fr\/actualites\/wp-json\/wp\/v2\/posts\/15894\/revisions"}],"predecessor-version":[{"id":15895,"href":"https:\/\/footdavant.fr\/actualites\/wp-json\/wp\/v2\/posts\/15894\/revisions\/15895"}],"wp:featuredmedia":[{"embeddable":true,"href":"https:\/\/footdavant.fr\/actualites\/wp-json\/wp\/v2\/media\/6253"}],"wp:attachment":[{"href":"https:\/\/footdavant.fr\/actualites\/wp-json\/wp\/v2\/media?parent=15894"}],"wp:term":[{"taxonomy":"category","embeddable":true,"href":"https:\/\/footdavant.fr\/actualites\/wp-json\/wp\/v2\/categories?post=15894"},{"taxonomy":"post_tag","embeddable":true,"href":"https:\/\/footdavant.fr\/actualites\/wp-json\/wp\/v2\/tags?post=15894"}],"curies":[{"name":"wp","href":"https:\/\/api.w.org\/{rel}","templated":true}]}}