{"id":1609,"date":"2023-11-29T03:50:20","date_gmt":"2023-11-29T02:50:20","guid":{"rendered":"https:\/\/footdavant.fr\/actualites\/arsenal-vs-lens-bilan-des-face-a-face-et-rencontres-passees\/"},"modified":"2023-11-29T03:50:20","modified_gmt":"2023-11-29T02:50:20","slug":"arsenal-vs-lens-bilan-des-face-a-face-et-rencontres-passees","status":"publish","type":"post","link":"https:\/\/footdavant.fr\/actualites\/arsenal-vs-lens-bilan-des-face-a-face-et-rencontres-passees\/","title":{"rendered":"Arsenal vs Lens : bilan des face-\u00e0-face et rencontres pass\u00e9es"},"content":{"rendered":"<p>Avant le choc de la Ligue des Champions de mercredi entre Arsenal et Lens, Sports Mole se penche sur le bilan face-\u00e0-face et les rencontres pr\u00e9c\u00e9dentes entre les deux clubs.<\/p>\n<div id=\"article_body\" itemprop=\"articleBody\">\n<p class=\"firstPara\">\u00c0 port\u00e9e de main d&rsquo;un billet pour le <strong class=\"autotag\">Ligue des champions<\/strong> les huiti\u00e8mes de finale, <strong class=\"autotag\">Arsenal<\/strong> h\u00f4te <strong class=\"autotag\">Lentille<\/strong> lors de leur avant-derni\u00e8re rencontre du Groupe B mercredi soir.<\/p>\n<p>Les Gunners ont amass\u00e9 neuf points en quatre matches jusqu&rsquo;\u00e0 pr\u00e9sent pour se tailler une avance inattaquable en t\u00eate du classement et n&rsquo;ont besoin que d&rsquo;un point pour s&rsquo;assurer d&rsquo;une place parmi les deux premiers.<\/p>\n<p>La victoire dans le nord de Londres verrait \u00e9galement <strong class=\"autotag\">Mikel Arteta<\/strong>Les hommes de s&#8217;emparent de la premi\u00e8re place \u00e0 un match de la fin, tandis que leurs homologues de Ligue 1 occupent actuellement la troisi\u00e8me place du groupe avec cinq points \u00e0 leur actif.<\/p>\n<p>Ici, <strong>Taupe de sport<\/strong> examine en profondeur le bilan des face-\u00e0-face et les rencontres pr\u00e9c\u00e9dentes entre les deux parties.<\/p>\n<hr>\n<p class=\"imgI\">\n<h2>Record en face-\u00e0-face<\/h2>\n<p><strong>R\u00e9unions pr\u00e9c\u00e9dentes :<\/strong> 5<br \/><strong>Arsenal gagne :<\/strong> 2<br \/><strong>Tirages\u00a0:<\/strong> 1<br \/><strong>Lens gagne :<\/strong> 2<\/p>\n<p>Si Arsenal n&rsquo;avait pas \u00e9chou\u00e9 au Stade Bollaert-Delelis d\u00e9but octobre, ils pourraient tr\u00e8s bien entrer dans le match de mercredi apr\u00e8s avoir d\u00e9j\u00e0 confirm\u00e9 une balle dans le pot pour le tirage au sort des huiti\u00e8mes de finale, comme <strong class=\"autotag\">Gabriel J\u00e9sus<\/strong>Le premier but de , contre Lens, s&rsquo;est av\u00e9r\u00e9 inutile.<\/p>\n<p>En effet, une amende <strong class=\"autotag\">Adrien Thomasson<\/strong> l&rsquo;\u00e9galisation en premi\u00e8re mi-temps a pr\u00e9c\u00e9d\u00e9 une premi\u00e8re fois <strong class=\"autotag\">\u00c9lye Wahi<\/strong> but apr\u00e8s la pause alors que les Gunners subissaient leur premi\u00e8re d\u00e9faite en Ligue des champions depuis plus de six ans, et seulement leur deuxi\u00e8me sur cinq rencontres pr\u00e9c\u00e9dentes avec Lens.<\/p>\n<p>Compte tenu du manque de sens europ\u00e9en des Merlus au XXIe si\u00e8cle, les rencontres entre les deux \u00e9quipes ont \u00e9t\u00e9, sans surprise, rares, et la d\u00e9faite d&rsquo;octobre a marqu\u00e9 des retrouvailles entre Arsenal et Lens 23 ans apr\u00e8s que les clubs se soient affront\u00e9s en demi-finale de la Coupe d&rsquo;Europe 1999. Coupe UEFA 2000.<\/p>\n<p><strong class=\"autotag\">Arsene Wenger<\/strong>Les hommes de se sont r\u00e9v\u00e9l\u00e9s trop forts pour les puissances de la Ligue 1 \u00e0 deux reprises cette ann\u00e9e-l\u00e0, car <strong class=\"autotag\">Denis Bergkamp<\/strong> a marqu\u00e9 apr\u00e8s seulement deux minutes lors d&rsquo;une victoire 1-0 \u00e0 l&rsquo;aller \u00e0 Highbury, avant <strong class=\"autotag\">Thierry Henry<\/strong> et <strong class=\"autotag\">Nwankwo Kanu<\/strong> a propuls\u00e9 les Gunners vers un succ\u00e8s 2-1 outre-Manche ;  Arsenal allait cependant souffrir du chagrin contre Galatasaray en finale.<\/p>\n<p>La victoire aller-retour d&rsquo;Arsenal contre Lens en deuxi\u00e8me division du football europ\u00e9en repr\u00e9sentait sa revanche sur la phase de groupes de la Ligue des Champions 1998-99, o\u00f9 les deux \u00e9quipes se sont rencontr\u00e9es dans un cadre comp\u00e9titif pour la toute premi\u00e8re fois, et l&rsquo;\u00e9quipe fran\u00e7aise a \u00e9merg\u00e9 avec sa fiert\u00e9. intact \u00e0 ces deux occasions.<\/p>\n<p>La r\u00e9union inaugurale des clubs a eu lieu au Stade Bollaert-Delelis, o\u00f9 <strong class=\"autotag\">Marc Overmars<\/strong>Le premier match de a \u00e9t\u00e9 annul\u00e9 par un \u00e9galiseur dans le temps additionnel de l&rsquo;ancien international fran\u00e7ais <strong class=\"autotag\">Tony Vairelles<\/strong>et un peu plus de deux mois plus tard, fin novembre 1998, Arsenal s&rsquo;inclinait 1-0 \u00e0 Londres alors que <strong class=\"autotag\">Salon de Ray<\/strong> re\u00e7ut ses ordres de marche.<\/p>\n<p>En tant que tel, Arsenal n&rsquo;a toujours pas remport\u00e9 de victoire europ\u00e9enne de haut niveau apr\u00e8s trois tentatives contre Lens, mais cette rencontre de novembre 1998 a eu lieu au stade de Wembley plut\u00f4t qu&rsquo;\u00e0 la base d&rsquo;Arsenal \u00e0 Highbury, et les Merlus n&rsquo;ont pas encore go\u00fbt\u00e9 \u00e0 l&rsquo;atmosph\u00e8re intimidante d&rsquo;Emirates. une soir\u00e9e de Ligue des Champions.<\/p>\n<h2>R\u00e9unions pr\u00e9c\u00e9dentes<\/h2>\n<p><strong>03 octobre 2023\u00a0:<\/strong> Lens 2-1 Arsenal (phase de groupes de la Ligue des Champions)<br \/><strong>20 avril 2000\u00a0:<\/strong> Lens 1-2 Arsenal (demi-finale de la Coupe UEFA)<br \/><strong>06 avril 2000\u00a0:<\/strong> Arsenal 1-0 Lens (demi-finale de la Coupe UEFA)<br \/><strong>25 novembre 1998\u00a0:<\/strong> Arsenal 0-1 Lens (phase de groupes de la Ligue des Champions)<br \/><strong>16 septembre 1998\u00a0:<\/strong> Lens 1-1 Arsenal (phase de groupes de la Ligue des Champions)<\/div>\n","protected":false},"excerpt":{"rendered":"<p>Avant le choc de la Ligue des Champions de mercredi entre Arsenal et Lens, Sports Mole se penche sur le bilan face-\u00e0-face et les rencontres<\/p>\n","protected":false},"author":1,"featured_media":1610,"comment_status":"closed","ping_status":"","sticky":false,"template":"","format":"standard","meta":{"footnotes":""},"categories":[4],"tags":[67,251,12,252,589,254,253],"yoast_head":"<!-- This site is optimized with the Yoast SEO plugin v21.0 - https:\/\/yoast.com\/wordpress\/plugins\/seo\/ -->\n<title>Arsenal vs Lens : bilan des face-\u00e0-face et rencontres pass\u00e9es<\/title>\n<meta name=\"robots\" content=\"index, follow, max-snippet:-1, max-image-preview:large, max-video-preview:-1\" \/>\n<link rel=\"canonical\" href=\"https:\/\/footdavant.fr\/actualites\/arsenal-vs-lens-bilan-des-face-a-face-et-rencontres-passees\/\" \/>\n<meta property=\"og:locale\" content=\"fr_FR\" \/>\n<meta property=\"og:type\" content=\"article\" \/>\n<meta property=\"og:title\" content=\"Arsenal vs Lens : bilan des face-\u00e0-face et rencontres pass\u00e9es\" \/>\n<meta property=\"og:description\" content=\"Avant le choc de la Ligue des Champions de mercredi entre Arsenal et Lens, Sports Mole se penche sur le bilan face-\u00e0-face et les rencontres\" \/>\n<meta property=\"og:url\" content=\"https:\/\/footdavant.fr\/actualites\/arsenal-vs-lens-bilan-des-face-a-face-et-rencontres-passees\/\" \/>\n<meta property=\"og:site_name\" content=\"Foot d&#039;avant\" \/>\n<meta property=\"article:publisher\" content=\"https:\/\/www.facebook.com\/Footdavant\/\" \/>\n<meta property=\"article:published_time\" content=\"2023-11-29T02:50:20+00:00\" \/>\n<meta property=\"og:image\" content=\"https:\/\/footdavant.fr\/actualites\/wp-content\/uploads\/2023\/11\/Arsenal-vs-Lens-bilan-des-face-a-face-et-rencontres-passees.jpg\" \/>\n\t<meta property=\"og:image:width\" content=\"640\" \/>\n\t<meta property=\"og:image:height\" content=\"480\" \/>\n\t<meta property=\"og:image:type\" content=\"image\/jpeg\" \/>\n<meta name=\"author\" content=\"Cl\u00e9ment\" \/>\n<meta name=\"twitter:card\" content=\"summary_large_image\" \/>\n<meta name=\"twitter:creator\" content=\"@FootdavantFr\" \/>\n<meta name=\"twitter:site\" content=\"@FootdavantFr\" \/>\n<meta name=\"twitter:label1\" content=\"\u00c9crit par\" \/>\n\t<meta name=\"twitter:data1\" content=\"Cl\u00e9ment\" \/>\n\t<meta name=\"twitter:label2\" content=\"Dur\u00e9e de lecture estim\u00e9e\" \/>\n\t<meta name=\"twitter:data2\" content=\"3 minutes\" \/>\n<script type=\"application\/ld+json\" class=\"yoast-schema-graph\">{\"@context\":\"https:\/\/schema.org\",\"@graph\":[{\"@type\":\"Article\",\"@id\":\"https:\/\/footdavant.fr\/actualites\/arsenal-vs-lens-bilan-des-face-a-face-et-rencontres-passees\/#article\",\"isPartOf\":{\"@id\":\"https:\/\/footdavant.fr\/actualites\/arsenal-vs-lens-bilan-des-face-a-face-et-rencontres-passees\/\"},\"author\":{\"name\":\"Cl\u00e9ment\",\"@id\":\"https:\/\/footdavant.fr\/actualites\/#\/schema\/person\/bc222566d95871b37e597b3ed3ba5e1d\"},\"headline\":\"Arsenal vs Lens : bilan des face-\u00e0-face et rencontres pass\u00e9es\",\"datePublished\":\"2023-11-29T02:50:20+00:00\",\"dateModified\":\"2023-11-29T02:50:20+00:00\",\"mainEntityOfPage\":{\"@id\":\"https:\/\/footdavant.fr\/actualites\/arsenal-vs-lens-bilan-des-face-a-face-et-rencontres-passees\/\"},\"wordCount\":668,\"publisher\":{\"@id\":\"https:\/\/footdavant.fr\/actualites\/#organization\"},\"keywords\":[\"Arsenal\",\"bilan\",\"des\",\"face\u00e0face\",\"Lens\",\"pass\u00e9es\",\"rencontres\"],\"articleSection\":[\"Champions League\"],\"inLanguage\":\"fr-FR\"},{\"@type\":\"WebPage\",\"@id\":\"https:\/\/footdavant.fr\/actualites\/arsenal-vs-lens-bilan-des-face-a-face-et-rencontres-passees\/\",\"url\":\"https:\/\/footdavant.fr\/actualites\/arsenal-vs-lens-bilan-des-face-a-face-et-rencontres-passees\/\",\"name\":\"Arsenal vs Lens : bilan des face-\u00e0-face et rencontres pass\u00e9es\",\"isPartOf\":{\"@id\":\"https:\/\/footdavant.fr\/actualites\/#website\"},\"datePublished\":\"2023-11-29T02:50:20+00:00\",\"dateModified\":\"2023-11-29T02:50:20+00:00\",\"breadcrumb\":{\"@id\":\"https:\/\/footdavant.fr\/actualites\/arsenal-vs-lens-bilan-des-face-a-face-et-rencontres-passees\/#breadcrumb\"},\"inLanguage\":\"fr-FR\",\"potentialAction\":[{\"@type\":\"ReadAction\",\"target\":[\"https:\/\/footdavant.fr\/actualites\/arsenal-vs-lens-bilan-des-face-a-face-et-rencontres-passees\/\"]}]},{\"@type\":\"BreadcrumbList\",\"@id\":\"https:\/\/footdavant.fr\/actualites\/arsenal-vs-lens-bilan-des-face-a-face-et-rencontres-passees\/#breadcrumb\",\"itemListElement\":[{\"@type\":\"ListItem\",\"position\":1,\"name\":\"Accueil\",\"item\":\"https:\/\/footdavant.fr\/actualites\/\"},{\"@type\":\"ListItem\",\"position\":2,\"name\":\"Arsenal vs Lens : bilan des face-\u00e0-face et rencontres pass\u00e9es\"}]},{\"@type\":\"WebSite\",\"@id\":\"https:\/\/footdavant.fr\/actualites\/#website\",\"url\":\"https:\/\/footdavant.fr\/actualites\/\",\"name\":\"Foot d'avant\",\"description\":\"\",\"publisher\":{\"@id\":\"https:\/\/footdavant.fr\/actualites\/#organization\"},\"potentialAction\":[{\"@type\":\"SearchAction\",\"target\":{\"@type\":\"EntryPoint\",\"urlTemplate\":\"https:\/\/footdavant.fr\/actualites\/?s={search_term_string}\"},\"query-input\":\"required name=search_term_string\"}],\"inLanguage\":\"fr-FR\"},{\"@type\":\"Organization\",\"@id\":\"https:\/\/footdavant.fr\/actualites\/#organization\",\"name\":\"Foot d'avant\",\"url\":\"https:\/\/footdavant.fr\/actualites\/\",\"logo\":{\"@type\":\"ImageObject\",\"inLanguage\":\"fr-FR\",\"@id\":\"https:\/\/footdavant.fr\/actualites\/#\/schema\/logo\/image\/\",\"url\":\"https:\/\/footdavant.fr\/actualites\/wp-content\/uploads\/2023\/09\/Copy-of-FootDavant-Logo.png\",\"contentUrl\":\"https:\/\/footdavant.fr\/actualites\/wp-content\/uploads\/2023\/09\/Copy-of-FootDavant-Logo.png\",\"width\":936,\"height\":549,\"caption\":\"Foot d'avant\"},\"image\":{\"@id\":\"https:\/\/footdavant.fr\/actualites\/#\/schema\/logo\/image\/\"},\"sameAs\":[\"https:\/\/www.facebook.com\/Footdavant\/\",\"https:\/\/twitter.com\/FootdavantFr\",\"https:\/\/www.instagram.com\/footdavant.fr\/\"]},{\"@type\":\"Person\",\"@id\":\"https:\/\/footdavant.fr\/actualites\/#\/schema\/person\/bc222566d95871b37e597b3ed3ba5e1d\",\"name\":\"Cl\u00e9ment\",\"image\":{\"@type\":\"ImageObject\",\"inLanguage\":\"fr-FR\",\"@id\":\"https:\/\/footdavant.fr\/actualites\/#\/schema\/person\/image\/\",\"url\":\"https:\/\/secure.gravatar.com\/avatar\/7728b29aac2719421e1a9159b2254c44?s=96&d=mm&r=g\",\"contentUrl\":\"https:\/\/secure.gravatar.com\/avatar\/7728b29aac2719421e1a9159b2254c44?s=96&d=mm&r=g\",\"caption\":\"Cl\u00e9ment\"},\"sameAs\":[\"https:\/\/footdavant.fr\/\"]}]}<\/script>\n<!-- \/ Yoast SEO plugin. -->","yoast_head_json":{"title":"Arsenal vs Lens : bilan des face-\u00e0-face et rencontres pass\u00e9es","robots":{"index":"index","follow":"follow","max-snippet":"max-snippet:-1","max-image-preview":"max-image-preview:large","max-video-preview":"max-video-preview:-1"},"canonical":"https:\/\/footdavant.fr\/actualites\/arsenal-vs-lens-bilan-des-face-a-face-et-rencontres-passees\/","og_locale":"fr_FR","og_type":"article","og_title":"Arsenal vs Lens : bilan des face-\u00e0-face et rencontres pass\u00e9es","og_description":"Avant le choc de la Ligue des Champions de mercredi entre Arsenal et Lens, Sports Mole se penche sur le bilan face-\u00e0-face et les rencontres","og_url":"https:\/\/footdavant.fr\/actualites\/arsenal-vs-lens-bilan-des-face-a-face-et-rencontres-passees\/","og_site_name":"Foot d&#039;avant","article_publisher":"https:\/\/www.facebook.com\/Footdavant\/","article_published_time":"2023-11-29T02:50:20+00:00","og_image":[{"width":640,"height":480,"url":"https:\/\/footdavant.fr\/actualites\/wp-content\/uploads\/2023\/11\/Arsenal-vs-Lens-bilan-des-face-a-face-et-rencontres-passees.jpg","type":"image\/jpeg"}],"author":"Cl\u00e9ment","twitter_card":"summary_large_image","twitter_creator":"@FootdavantFr","twitter_site":"@FootdavantFr","twitter_misc":{"\u00c9crit par":"Cl\u00e9ment","Dur\u00e9e de lecture estim\u00e9e":"3 minutes"},"schema":{"@context":"https:\/\/schema.org","@graph":[{"@type":"Article","@id":"https:\/\/footdavant.fr\/actualites\/arsenal-vs-lens-bilan-des-face-a-face-et-rencontres-passees\/#article","isPartOf":{"@id":"https:\/\/footdavant.fr\/actualites\/arsenal-vs-lens-bilan-des-face-a-face-et-rencontres-passees\/"},"author":{"name":"Cl\u00e9ment","@id":"https:\/\/footdavant.fr\/actualites\/#\/schema\/person\/bc222566d95871b37e597b3ed3ba5e1d"},"headline":"Arsenal vs Lens : bilan des face-\u00e0-face et rencontres pass\u00e9es","datePublished":"2023-11-29T02:50:20+00:00","dateModified":"2023-11-29T02:50:20+00:00","mainEntityOfPage":{"@id":"https:\/\/footdavant.fr\/actualites\/arsenal-vs-lens-bilan-des-face-a-face-et-rencontres-passees\/"},"wordCount":668,"publisher":{"@id":"https:\/\/footdavant.fr\/actualites\/#organization"},"keywords":["Arsenal","bilan","des","face\u00e0face","Lens","pass\u00e9es","rencontres"],"articleSection":["Champions League"],"inLanguage":"fr-FR"},{"@type":"WebPage","@id":"https:\/\/footdavant.fr\/actualites\/arsenal-vs-lens-bilan-des-face-a-face-et-rencontres-passees\/","url":"https:\/\/footdavant.fr\/actualites\/arsenal-vs-lens-bilan-des-face-a-face-et-rencontres-passees\/","name":"Arsenal vs Lens : bilan des face-\u00e0-face et rencontres pass\u00e9es","isPartOf":{"@id":"https:\/\/footdavant.fr\/actualites\/#website"},"datePublished":"2023-11-29T02:50:20+00:00","dateModified":"2023-11-29T02:50:20+00:00","breadcrumb":{"@id":"https:\/\/footdavant.fr\/actualites\/arsenal-vs-lens-bilan-des-face-a-face-et-rencontres-passees\/#breadcrumb"},"inLanguage":"fr-FR","potentialAction":[{"@type":"ReadAction","target":["https:\/\/footdavant.fr\/actualites\/arsenal-vs-lens-bilan-des-face-a-face-et-rencontres-passees\/"]}]},{"@type":"BreadcrumbList","@id":"https:\/\/footdavant.fr\/actualites\/arsenal-vs-lens-bilan-des-face-a-face-et-rencontres-passees\/#breadcrumb","itemListElement":[{"@type":"ListItem","position":1,"name":"Accueil","item":"https:\/\/footdavant.fr\/actualites\/"},{"@type":"ListItem","position":2,"name":"Arsenal vs Lens : bilan des face-\u00e0-face et rencontres pass\u00e9es"}]},{"@type":"WebSite","@id":"https:\/\/footdavant.fr\/actualites\/#website","url":"https:\/\/footdavant.fr\/actualites\/","name":"Foot d'avant","description":"","publisher":{"@id":"https:\/\/footdavant.fr\/actualites\/#organization"},"potentialAction":[{"@type":"SearchAction","target":{"@type":"EntryPoint","urlTemplate":"https:\/\/footdavant.fr\/actualites\/?s={search_term_string}"},"query-input":"required name=search_term_string"}],"inLanguage":"fr-FR"},{"@type":"Organization","@id":"https:\/\/footdavant.fr\/actualites\/#organization","name":"Foot d'avant","url":"https:\/\/footdavant.fr\/actualites\/","logo":{"@type":"ImageObject","inLanguage":"fr-FR","@id":"https:\/\/footdavant.fr\/actualites\/#\/schema\/logo\/image\/","url":"https:\/\/footdavant.fr\/actualites\/wp-content\/uploads\/2023\/09\/Copy-of-FootDavant-Logo.png","contentUrl":"https:\/\/footdavant.fr\/actualites\/wp-content\/uploads\/2023\/09\/Copy-of-FootDavant-Logo.png","width":936,"height":549,"caption":"Foot d'avant"},"image":{"@id":"https:\/\/footdavant.fr\/actualites\/#\/schema\/logo\/image\/"},"sameAs":["https:\/\/www.facebook.com\/Footdavant\/","https:\/\/twitter.com\/FootdavantFr","https:\/\/www.instagram.com\/footdavant.fr\/"]},{"@type":"Person","@id":"https:\/\/footdavant.fr\/actualites\/#\/schema\/person\/bc222566d95871b37e597b3ed3ba5e1d","name":"Cl\u00e9ment","image":{"@type":"ImageObject","inLanguage":"fr-FR","@id":"https:\/\/footdavant.fr\/actualites\/#\/schema\/person\/image\/","url":"https:\/\/secure.gravatar.com\/avatar\/7728b29aac2719421e1a9159b2254c44?s=96&d=mm&r=g","contentUrl":"https:\/\/secure.gravatar.com\/avatar\/7728b29aac2719421e1a9159b2254c44?s=96&d=mm&r=g","caption":"Cl\u00e9ment"},"sameAs":["https:\/\/footdavant.fr\/"]}]}},"_links":{"self":[{"href":"https:\/\/footdavant.fr\/actualites\/wp-json\/wp\/v2\/posts\/1609"}],"collection":[{"href":"https:\/\/footdavant.fr\/actualites\/wp-json\/wp\/v2\/posts"}],"about":[{"href":"https:\/\/footdavant.fr\/actualites\/wp-json\/wp\/v2\/types\/post"}],"author":[{"embeddable":true,"href":"https:\/\/footdavant.fr\/actualites\/wp-json\/wp\/v2\/users\/1"}],"replies":[{"embeddable":true,"href":"https:\/\/footdavant.fr\/actualites\/wp-json\/wp\/v2\/comments?post=1609"}],"version-history":[{"count":1,"href":"https:\/\/footdavant.fr\/actualites\/wp-json\/wp\/v2\/posts\/1609\/revisions"}],"predecessor-version":[{"id":1611,"href":"https:\/\/footdavant.fr\/actualites\/wp-json\/wp\/v2\/posts\/1609\/revisions\/1611"}],"wp:featuredmedia":[{"embeddable":true,"href":"https:\/\/footdavant.fr\/actualites\/wp-json\/wp\/v2\/media\/1610"}],"wp:attachment":[{"href":"https:\/\/footdavant.fr\/actualites\/wp-json\/wp\/v2\/media?parent=1609"}],"wp:term":[{"taxonomy":"category","embeddable":true,"href":"https:\/\/footdavant.fr\/actualites\/wp-json\/wp\/v2\/categories?post=1609"},{"taxonomy":"post_tag","embeddable":true,"href":"https:\/\/footdavant.fr\/actualites\/wp-json\/wp\/v2\/tags?post=1609"}],"curies":[{"name":"wp","href":"https:\/\/api.w.org\/{rel}","templated":true}]}}