{"id":16096,"date":"2024-11-12T14:49:12","date_gmt":"2024-11-12T13:49:12","guid":{"rendered":"https:\/\/footdavant.fr\/actualites\/nouvelles-des-blessures-a-chelsea-mise-a-jour-sur-le-probleme-du-genou-de-cole-palmer-fournie-par-enzo-maresca\/"},"modified":"2024-11-12T14:49:13","modified_gmt":"2024-11-12T13:49:13","slug":"nouvelles-des-blessures-a-chelsea-mise-a-jour-sur-le-probleme-du-genou-de-cole-palmer-fournie-par-enzo-maresca","status":"publish","type":"post","link":"https:\/\/footdavant.fr\/actualites\/nouvelles-des-blessures-a-chelsea-mise-a-jour-sur-le-probleme-du-genou-de-cole-palmer-fournie-par-enzo-maresca\/","title":{"rendered":"Nouvelles des blessures \u00e0 Chelsea\u00a0: mise \u00e0 jour sur le probl\u00e8me du genou de Cole Palmer fournie par Enzo Maresca"},"content":{"rendered":"<p>L&#39;entra\u00eeneur-chef de Chelsea, Enzo Maresca, fait le point sur la forme physique de Cole Palmer avant la confrontation de dimanche en Premier League contre Arsenal.<\/p>\n<div id=\"article_body\" itemprop=\"articleBody\">\n<h3 class=\"firstPara\">\n<strong class=\"autotag\">Chelsea<\/strong> entra\u00eeneur-chef <strong class=\"autotag\">Enzo Maresca<\/strong> a sugg\u00e9r\u00e9 que <strong class=\"autotag\">Cole Palmer<\/strong> reste en lice pour affronter <strong class=\"autotag\">Arsenal<\/strong> le dimanche apr\u00e8s-midi.<\/h3>\n<p>Le meneur de jeu des Blues est omnipr\u00e9sent dans le onze de d\u00e9part des matches de Premier League depuis l&#39;arriv\u00e9e d&#39;Enzo Maresca cet \u00e9t\u00e9.<\/p>\n<p>Cependant, prolonger cette s\u00e9quence \u00e0 11 d\u00e9parts est actuellement menac\u00e9 apr\u00e8s que l&#39;international anglais s&#39;est bless\u00e9 au genou suite \u00e0 un d\u00e9fi tardif du d\u00e9fenseur de Manchester United. <strong class=\"autotag\">Lisandro Martinez<\/strong> le week-end dernier.<\/p>\n<p>Bien que Palmer ait pu terminer les derni\u00e8res minutes \u00e0 Old Trafford, il a ensuite d\u00fb appliquer de la glace sur la zone et se soumettre \u00e0 un scanner.<\/p>\n<p>Plus t\u00f4t cette semaine, <strong>Maresca r\u00e9v\u00e9l\u00e9e<\/strong> que Palmer n&#39;avait pas pu reprendre l&#39;entra\u00eenement depuis l&#39;incident, mettant en doute sa participation contre les Gunners.<\/p>\n<p class=\"imgI\">\n<h2 class=\"k3\">Qu\u2019a dit Maresca ?<\/h2>\n<p>S&#39;adressant aux journalistes apr\u00e8s le match de Conference League de jeudi contre le FC Noah, Maresca a r\u00e9v\u00e9l\u00e9 que Palmer n&#39;avait toujours pas pu s&#39;entra\u00eener avant le week-end.<\/p>\n<p>L&#39;Italien a d\u00e9clar\u00e9, cit\u00e9 par <em>football.londres<\/em>: \u00ab\u00a0Il va mieux. Il va mieux. S&#39;il peut marcher et d\u00eener, cela ne veut pas dire qu&#39;il est compl\u00e8tement en forme. <\/p>\n<p>\u00ab\u00a0Il va mieux. J&#39;esp\u00e8re que nous pourrons l&#39;avoir pour la s\u00e9ance au moins samedi et que nous pourrons alors prendre une d\u00e9cision.\u00a0\u00bb<\/p>\n<p class=\"imgI\"><img decoding=\"async\" loading=\"lazy\" class=\"l\" src=\"https:\/\/footdavant.fr\/actualites\/wp-content\/uploads\/2024\/11\/1731419352_84_Nouvelles-des-blessures-a-Chelsea-mise-a-jour-sur-le.jpg\" title=\"Cole Palmer de Chelsea fait la f\u00eate contre Newcastle United lors du choc des deux \u00e9quipes, le 27 octobre 2024\" alt=\"Cole Palmer de Chelsea fait la f\u00eate contre Newcastle United lors du choc des deux \u00e9quipes, le 27 octobre 2024\" width=\"640\" height=\"480\"><\/p>\n<h2 class=\"k3\">Palmer manquerait-il \u00e0 Chelsea ?<\/h2>\n<p>Quand on parle d\u2019un joueur qui s\u2019est impos\u00e9 comme l\u2019un des meilleurs du football mondial au cours des 15 derniers mois, c\u2019est peut-\u00eatre une question illogique.<\/p>\n<p>Cependant, Palmer n&#39;a pas fait de son mieux lors des r\u00e9cents matches contre Liverpool et Man United, Chelsea n&#39;ayant marqu\u00e9 qu&#39;une seule fois dans chacun de ces matches.<\/p>\n<p>Ce programme double \u00e9tait pris en sandwich entre une performance d&#39;homme du match lors d&#39;un match de Premier League contre Newcastle United, mais Palmer n&#39;a atteint les normes \u00e9lev\u00e9es qu&#39;il avait fix\u00e9es lors des matchs pr\u00e9c\u00e9dents qu&#39;une fois sur quatre sorties.<\/p>\n<p><strong class=\"autotag\">Jo\u00e3o F\u00e9lix<\/strong> et <strong class=\"autotag\">Christophe Nkunku<\/strong> sont tous deux d\u00e9sireux de faire bonne impression dans l&#39;\u00e9lite, les deux hommes n&#39;ayant qu&#39;un seul d\u00e9part en championnat \u00e0 eux deux toute la saison.<\/p>\n<p>Dans toutes les comp\u00e9titions, cependant, ils ont contribu\u00e9 15 buts et deux passes d\u00e9cisives, et il serait logique de ne prendre aucun risque avec Palmer alors que Maresca dispose de deux talents de classe mondiale capables de le remplacer.<\/p>\n<\/div>\n","protected":false},"excerpt":{"rendered":"<p>L&#39;entra\u00eeneur-chef de Chelsea, Enzo Maresca, fait le point sur la forme physique de Cole Palmer avant la confrontation de dimanche en Premier League contre Arsenal.<\/p>\n","protected":false},"author":1,"featured_media":16097,"comment_status":"closed","ping_status":"","sticky":false,"template":"","format":"standard","meta":{"footnotes":""},"categories":[5],"tags":[155,171,1122,12,1806,7016,2899,328,5107,327,461,1123,75,2243,103],"yoast_head":"<!-- This site is optimized with the Yoast SEO plugin v21.0 - https:\/\/yoast.com\/wordpress\/plugins\/seo\/ -->\n<title>Nouvelles des blessures \u00e0 Chelsea\u00a0: mise \u00e0 jour sur le probl\u00e8me du genou de Cole Palmer fournie par Enzo Maresca<\/title>\n<meta name=\"robots\" content=\"index, follow, max-snippet:-1, max-image-preview:large, max-video-preview:-1\" \/>\n<link rel=\"canonical\" href=\"https:\/\/footdavant.fr\/actualites\/nouvelles-des-blessures-a-chelsea-mise-a-jour-sur-le-probleme-du-genou-de-cole-palmer-fournie-par-enzo-maresca\/\" \/>\n<meta property=\"og:locale\" content=\"fr_FR\" \/>\n<meta property=\"og:type\" content=\"article\" \/>\n<meta property=\"og:title\" content=\"Nouvelles des blessures \u00e0 Chelsea\u00a0: mise \u00e0 jour sur le probl\u00e8me du genou de Cole Palmer fournie par Enzo Maresca\" \/>\n<meta property=\"og:description\" content=\"L&#039;entra\u00eeneur-chef de Chelsea, Enzo Maresca, fait le point sur la forme physique de Cole Palmer avant la confrontation de dimanche en Premier League contre Arsenal.\" \/>\n<meta property=\"og:url\" content=\"https:\/\/footdavant.fr\/actualites\/nouvelles-des-blessures-a-chelsea-mise-a-jour-sur-le-probleme-du-genou-de-cole-palmer-fournie-par-enzo-maresca\/\" \/>\n<meta property=\"og:site_name\" content=\"Foot d&#039;avant\" \/>\n<meta property=\"article:publisher\" content=\"https:\/\/www.facebook.com\/Footdavant\/\" \/>\n<meta property=\"article:published_time\" content=\"2024-11-12T13:49:12+00:00\" \/>\n<meta property=\"article:modified_time\" content=\"2024-11-12T13:49:13+00:00\" \/>\n<meta property=\"og:image\" content=\"https:\/\/footdavant.fr\/actualites\/wp-content\/uploads\/2024\/11\/Nouvelles-des-blessures-a-Chelsea-mise-a-jour-sur-le.jpg\" \/>\n\t<meta property=\"og:image:width\" content=\"640\" \/>\n\t<meta property=\"og:image:height\" content=\"480\" \/>\n\t<meta property=\"og:image:type\" content=\"image\/jpeg\" \/>\n<meta name=\"author\" content=\"Cl\u00e9ment\" \/>\n<meta name=\"twitter:card\" content=\"summary_large_image\" \/>\n<meta name=\"twitter:creator\" content=\"@FootdavantFr\" \/>\n<meta name=\"twitter:site\" content=\"@FootdavantFr\" \/>\n<meta name=\"twitter:label1\" content=\"\u00c9crit par\" \/>\n\t<meta name=\"twitter:data1\" content=\"Cl\u00e9ment\" \/>\n\t<meta name=\"twitter:label2\" content=\"Dur\u00e9e de lecture estim\u00e9e\" \/>\n\t<meta name=\"twitter:data2\" content=\"2 minutes\" \/>\n<script type=\"application\/ld+json\" class=\"yoast-schema-graph\">{\"@context\":\"https:\/\/schema.org\",\"@graph\":[{\"@type\":\"Article\",\"@id\":\"https:\/\/footdavant.fr\/actualites\/nouvelles-des-blessures-a-chelsea-mise-a-jour-sur-le-probleme-du-genou-de-cole-palmer-fournie-par-enzo-maresca\/#article\",\"isPartOf\":{\"@id\":\"https:\/\/footdavant.fr\/actualites\/nouvelles-des-blessures-a-chelsea-mise-a-jour-sur-le-probleme-du-genou-de-cole-palmer-fournie-par-enzo-maresca\/\"},\"author\":{\"name\":\"Cl\u00e9ment\",\"@id\":\"https:\/\/footdavant.fr\/actualites\/#\/schema\/person\/bc222566d95871b37e597b3ed3ba5e1d\"},\"headline\":\"Nouvelles des blessures \u00e0 Chelsea\u00a0: mise \u00e0 jour sur le probl\u00e8me du genou de Cole Palmer fournie par Enzo Maresca\",\"datePublished\":\"2024-11-12T13:49:12+00:00\",\"dateModified\":\"2024-11-12T13:49:13+00:00\",\"mainEntityOfPage\":{\"@id\":\"https:\/\/footdavant.fr\/actualites\/nouvelles-des-blessures-a-chelsea-mise-a-jour-sur-le-probleme-du-genou-de-cole-palmer-fournie-par-enzo-maresca\/\"},\"wordCount\":483,\"publisher\":{\"@id\":\"https:\/\/footdavant.fr\/actualites\/#organization\"},\"keywords\":[\"blessures\",\"Chelsea\",\"Cole\",\"des\",\"Enzo\",\"fournie\",\"genou\",\"jour\",\"Maresca\",\"mise\",\"Nouvelles\",\"Palmer\",\"par\",\"probl\u00e8me\",\"sur\"],\"articleSection\":[\"Premier League\"],\"inLanguage\":\"fr-FR\"},{\"@type\":\"WebPage\",\"@id\":\"https:\/\/footdavant.fr\/actualites\/nouvelles-des-blessures-a-chelsea-mise-a-jour-sur-le-probleme-du-genou-de-cole-palmer-fournie-par-enzo-maresca\/\",\"url\":\"https:\/\/footdavant.fr\/actualites\/nouvelles-des-blessures-a-chelsea-mise-a-jour-sur-le-probleme-du-genou-de-cole-palmer-fournie-par-enzo-maresca\/\",\"name\":\"Nouvelles des blessures \u00e0 Chelsea\u00a0: mise \u00e0 jour sur le probl\u00e8me du genou de Cole Palmer fournie par Enzo Maresca\",\"isPartOf\":{\"@id\":\"https:\/\/footdavant.fr\/actualites\/#website\"},\"datePublished\":\"2024-11-12T13:49:12+00:00\",\"dateModified\":\"2024-11-12T13:49:13+00:00\",\"breadcrumb\":{\"@id\":\"https:\/\/footdavant.fr\/actualites\/nouvelles-des-blessures-a-chelsea-mise-a-jour-sur-le-probleme-du-genou-de-cole-palmer-fournie-par-enzo-maresca\/#breadcrumb\"},\"inLanguage\":\"fr-FR\",\"potentialAction\":[{\"@type\":\"ReadAction\",\"target\":[\"https:\/\/footdavant.fr\/actualites\/nouvelles-des-blessures-a-chelsea-mise-a-jour-sur-le-probleme-du-genou-de-cole-palmer-fournie-par-enzo-maresca\/\"]}]},{\"@type\":\"BreadcrumbList\",\"@id\":\"https:\/\/footdavant.fr\/actualites\/nouvelles-des-blessures-a-chelsea-mise-a-jour-sur-le-probleme-du-genou-de-cole-palmer-fournie-par-enzo-maresca\/#breadcrumb\",\"itemListElement\":[{\"@type\":\"ListItem\",\"position\":1,\"name\":\"Accueil\",\"item\":\"https:\/\/footdavant.fr\/actualites\/\"},{\"@type\":\"ListItem\",\"position\":2,\"name\":\"Nouvelles des blessures \u00e0 Chelsea\u00a0: mise \u00e0 jour sur le probl\u00e8me du genou de Cole Palmer fournie par Enzo Maresca\"}]},{\"@type\":\"WebSite\",\"@id\":\"https:\/\/footdavant.fr\/actualites\/#website\",\"url\":\"https:\/\/footdavant.fr\/actualites\/\",\"name\":\"Foot d'avant\",\"description\":\"\",\"publisher\":{\"@id\":\"https:\/\/footdavant.fr\/actualites\/#organization\"},\"potentialAction\":[{\"@type\":\"SearchAction\",\"target\":{\"@type\":\"EntryPoint\",\"urlTemplate\":\"https:\/\/footdavant.fr\/actualites\/?s={search_term_string}\"},\"query-input\":\"required name=search_term_string\"}],\"inLanguage\":\"fr-FR\"},{\"@type\":\"Organization\",\"@id\":\"https:\/\/footdavant.fr\/actualites\/#organization\",\"name\":\"Foot d'avant\",\"url\":\"https:\/\/footdavant.fr\/actualites\/\",\"logo\":{\"@type\":\"ImageObject\",\"inLanguage\":\"fr-FR\",\"@id\":\"https:\/\/footdavant.fr\/actualites\/#\/schema\/logo\/image\/\",\"url\":\"https:\/\/footdavant.fr\/actualites\/wp-content\/uploads\/2023\/09\/Copy-of-FootDavant-Logo.png\",\"contentUrl\":\"https:\/\/footdavant.fr\/actualites\/wp-content\/uploads\/2023\/09\/Copy-of-FootDavant-Logo.png\",\"width\":936,\"height\":549,\"caption\":\"Foot d'avant\"},\"image\":{\"@id\":\"https:\/\/footdavant.fr\/actualites\/#\/schema\/logo\/image\/\"},\"sameAs\":[\"https:\/\/www.facebook.com\/Footdavant\/\",\"https:\/\/twitter.com\/FootdavantFr\",\"https:\/\/www.instagram.com\/footdavant.fr\/\"]},{\"@type\":\"Person\",\"@id\":\"https:\/\/footdavant.fr\/actualites\/#\/schema\/person\/bc222566d95871b37e597b3ed3ba5e1d\",\"name\":\"Cl\u00e9ment\",\"image\":{\"@type\":\"ImageObject\",\"inLanguage\":\"fr-FR\",\"@id\":\"https:\/\/footdavant.fr\/actualites\/#\/schema\/person\/image\/\",\"url\":\"https:\/\/secure.gravatar.com\/avatar\/7728b29aac2719421e1a9159b2254c44?s=96&d=mm&r=g\",\"contentUrl\":\"https:\/\/secure.gravatar.com\/avatar\/7728b29aac2719421e1a9159b2254c44?s=96&d=mm&r=g\",\"caption\":\"Cl\u00e9ment\"},\"sameAs\":[\"https:\/\/footdavant.fr\/\"]}]}<\/script>\n<!-- \/ Yoast SEO plugin. -->","yoast_head_json":{"title":"Nouvelles des blessures \u00e0 Chelsea\u00a0: mise \u00e0 jour sur le probl\u00e8me du genou de Cole Palmer fournie par Enzo Maresca","robots":{"index":"index","follow":"follow","max-snippet":"max-snippet:-1","max-image-preview":"max-image-preview:large","max-video-preview":"max-video-preview:-1"},"canonical":"https:\/\/footdavant.fr\/actualites\/nouvelles-des-blessures-a-chelsea-mise-a-jour-sur-le-probleme-du-genou-de-cole-palmer-fournie-par-enzo-maresca\/","og_locale":"fr_FR","og_type":"article","og_title":"Nouvelles des blessures \u00e0 Chelsea\u00a0: mise \u00e0 jour sur le probl\u00e8me du genou de Cole Palmer fournie par Enzo Maresca","og_description":"L&#39;entra\u00eeneur-chef de Chelsea, Enzo Maresca, fait le point sur la forme physique de Cole Palmer avant la confrontation de dimanche en Premier League contre Arsenal.","og_url":"https:\/\/footdavant.fr\/actualites\/nouvelles-des-blessures-a-chelsea-mise-a-jour-sur-le-probleme-du-genou-de-cole-palmer-fournie-par-enzo-maresca\/","og_site_name":"Foot d&#039;avant","article_publisher":"https:\/\/www.facebook.com\/Footdavant\/","article_published_time":"2024-11-12T13:49:12+00:00","article_modified_time":"2024-11-12T13:49:13+00:00","og_image":[{"width":640,"height":480,"url":"https:\/\/footdavant.fr\/actualites\/wp-content\/uploads\/2024\/11\/Nouvelles-des-blessures-a-Chelsea-mise-a-jour-sur-le.jpg","type":"image\/jpeg"}],"author":"Cl\u00e9ment","twitter_card":"summary_large_image","twitter_creator":"@FootdavantFr","twitter_site":"@FootdavantFr","twitter_misc":{"\u00c9crit par":"Cl\u00e9ment","Dur\u00e9e de lecture estim\u00e9e":"2 minutes"},"schema":{"@context":"https:\/\/schema.org","@graph":[{"@type":"Article","@id":"https:\/\/footdavant.fr\/actualites\/nouvelles-des-blessures-a-chelsea-mise-a-jour-sur-le-probleme-du-genou-de-cole-palmer-fournie-par-enzo-maresca\/#article","isPartOf":{"@id":"https:\/\/footdavant.fr\/actualites\/nouvelles-des-blessures-a-chelsea-mise-a-jour-sur-le-probleme-du-genou-de-cole-palmer-fournie-par-enzo-maresca\/"},"author":{"name":"Cl\u00e9ment","@id":"https:\/\/footdavant.fr\/actualites\/#\/schema\/person\/bc222566d95871b37e597b3ed3ba5e1d"},"headline":"Nouvelles des blessures \u00e0 Chelsea\u00a0: mise \u00e0 jour sur le probl\u00e8me du genou de Cole Palmer fournie par Enzo Maresca","datePublished":"2024-11-12T13:49:12+00:00","dateModified":"2024-11-12T13:49:13+00:00","mainEntityOfPage":{"@id":"https:\/\/footdavant.fr\/actualites\/nouvelles-des-blessures-a-chelsea-mise-a-jour-sur-le-probleme-du-genou-de-cole-palmer-fournie-par-enzo-maresca\/"},"wordCount":483,"publisher":{"@id":"https:\/\/footdavant.fr\/actualites\/#organization"},"keywords":["blessures","Chelsea","Cole","des","Enzo","fournie","genou","jour","Maresca","mise","Nouvelles","Palmer","par","probl\u00e8me","sur"],"articleSection":["Premier League"],"inLanguage":"fr-FR"},{"@type":"WebPage","@id":"https:\/\/footdavant.fr\/actualites\/nouvelles-des-blessures-a-chelsea-mise-a-jour-sur-le-probleme-du-genou-de-cole-palmer-fournie-par-enzo-maresca\/","url":"https:\/\/footdavant.fr\/actualites\/nouvelles-des-blessures-a-chelsea-mise-a-jour-sur-le-probleme-du-genou-de-cole-palmer-fournie-par-enzo-maresca\/","name":"Nouvelles des blessures \u00e0 Chelsea\u00a0: mise \u00e0 jour sur le probl\u00e8me du genou de Cole Palmer fournie par Enzo Maresca","isPartOf":{"@id":"https:\/\/footdavant.fr\/actualites\/#website"},"datePublished":"2024-11-12T13:49:12+00:00","dateModified":"2024-11-12T13:49:13+00:00","breadcrumb":{"@id":"https:\/\/footdavant.fr\/actualites\/nouvelles-des-blessures-a-chelsea-mise-a-jour-sur-le-probleme-du-genou-de-cole-palmer-fournie-par-enzo-maresca\/#breadcrumb"},"inLanguage":"fr-FR","potentialAction":[{"@type":"ReadAction","target":["https:\/\/footdavant.fr\/actualites\/nouvelles-des-blessures-a-chelsea-mise-a-jour-sur-le-probleme-du-genou-de-cole-palmer-fournie-par-enzo-maresca\/"]}]},{"@type":"BreadcrumbList","@id":"https:\/\/footdavant.fr\/actualites\/nouvelles-des-blessures-a-chelsea-mise-a-jour-sur-le-probleme-du-genou-de-cole-palmer-fournie-par-enzo-maresca\/#breadcrumb","itemListElement":[{"@type":"ListItem","position":1,"name":"Accueil","item":"https:\/\/footdavant.fr\/actualites\/"},{"@type":"ListItem","position":2,"name":"Nouvelles des blessures \u00e0 Chelsea\u00a0: mise \u00e0 jour sur le probl\u00e8me du genou de Cole Palmer fournie par Enzo Maresca"}]},{"@type":"WebSite","@id":"https:\/\/footdavant.fr\/actualites\/#website","url":"https:\/\/footdavant.fr\/actualites\/","name":"Foot d'avant","description":"","publisher":{"@id":"https:\/\/footdavant.fr\/actualites\/#organization"},"potentialAction":[{"@type":"SearchAction","target":{"@type":"EntryPoint","urlTemplate":"https:\/\/footdavant.fr\/actualites\/?s={search_term_string}"},"query-input":"required name=search_term_string"}],"inLanguage":"fr-FR"},{"@type":"Organization","@id":"https:\/\/footdavant.fr\/actualites\/#organization","name":"Foot d'avant","url":"https:\/\/footdavant.fr\/actualites\/","logo":{"@type":"ImageObject","inLanguage":"fr-FR","@id":"https:\/\/footdavant.fr\/actualites\/#\/schema\/logo\/image\/","url":"https:\/\/footdavant.fr\/actualites\/wp-content\/uploads\/2023\/09\/Copy-of-FootDavant-Logo.png","contentUrl":"https:\/\/footdavant.fr\/actualites\/wp-content\/uploads\/2023\/09\/Copy-of-FootDavant-Logo.png","width":936,"height":549,"caption":"Foot d'avant"},"image":{"@id":"https:\/\/footdavant.fr\/actualites\/#\/schema\/logo\/image\/"},"sameAs":["https:\/\/www.facebook.com\/Footdavant\/","https:\/\/twitter.com\/FootdavantFr","https:\/\/www.instagram.com\/footdavant.fr\/"]},{"@type":"Person","@id":"https:\/\/footdavant.fr\/actualites\/#\/schema\/person\/bc222566d95871b37e597b3ed3ba5e1d","name":"Cl\u00e9ment","image":{"@type":"ImageObject","inLanguage":"fr-FR","@id":"https:\/\/footdavant.fr\/actualites\/#\/schema\/person\/image\/","url":"https:\/\/secure.gravatar.com\/avatar\/7728b29aac2719421e1a9159b2254c44?s=96&d=mm&r=g","contentUrl":"https:\/\/secure.gravatar.com\/avatar\/7728b29aac2719421e1a9159b2254c44?s=96&d=mm&r=g","caption":"Cl\u00e9ment"},"sameAs":["https:\/\/footdavant.fr\/"]}]}},"_links":{"self":[{"href":"https:\/\/footdavant.fr\/actualites\/wp-json\/wp\/v2\/posts\/16096"}],"collection":[{"href":"https:\/\/footdavant.fr\/actualites\/wp-json\/wp\/v2\/posts"}],"about":[{"href":"https:\/\/footdavant.fr\/actualites\/wp-json\/wp\/v2\/types\/post"}],"author":[{"embeddable":true,"href":"https:\/\/footdavant.fr\/actualites\/wp-json\/wp\/v2\/users\/1"}],"replies":[{"embeddable":true,"href":"https:\/\/footdavant.fr\/actualites\/wp-json\/wp\/v2\/comments?post=16096"}],"version-history":[{"count":1,"href":"https:\/\/footdavant.fr\/actualites\/wp-json\/wp\/v2\/posts\/16096\/revisions"}],"predecessor-version":[{"id":16098,"href":"https:\/\/footdavant.fr\/actualites\/wp-json\/wp\/v2\/posts\/16096\/revisions\/16098"}],"wp:featuredmedia":[{"embeddable":true,"href":"https:\/\/footdavant.fr\/actualites\/wp-json\/wp\/v2\/media\/16097"}],"wp:attachment":[{"href":"https:\/\/footdavant.fr\/actualites\/wp-json\/wp\/v2\/media?parent=16096"}],"wp:term":[{"taxonomy":"category","embeddable":true,"href":"https:\/\/footdavant.fr\/actualites\/wp-json\/wp\/v2\/categories?post=16096"},{"taxonomy":"post_tag","embeddable":true,"href":"https:\/\/footdavant.fr\/actualites\/wp-json\/wp\/v2\/tags?post=16096"}],"curies":[{"name":"wp","href":"https:\/\/api.w.org\/{rel}","templated":true}]}}