{"id":1615,"date":"2023-11-29T06:03:48","date_gmt":"2023-11-29T05:03:48","guid":{"rendered":"https:\/\/footdavant.fr\/actualites\/journo-dit-que-lhomme-du-lfc-pourrait-chercher-un-transfert-en-raison-du-manque-de-temps-de-jeu\/"},"modified":"2023-11-29T06:03:49","modified_gmt":"2023-11-29T05:03:49","slug":"journo-dit-que-lhomme-du-lfc-pourrait-chercher-un-transfert-en-raison-du-manque-de-temps-de-jeu","status":"publish","type":"post","link":"https:\/\/footdavant.fr\/actualites\/journo-dit-que-lhomme-du-lfc-pourrait-chercher-un-transfert-en-raison-du-manque-de-temps-de-jeu\/","title":{"rendered":"Journo dit que l&rsquo;homme du LFC \u00ab\u00a0pourrait chercher un transfert\u00a0\u00bb en raison du manque de temps de jeu"},"content":{"rendered":"<p><\/p>\n<div id=\"article-body\">\n<!-- Article Start --><\/p>\n<p>Liverpool a peut-\u00eatre gagn\u00e9 un point contre Manchester City samedi, ce qui a \u00e9t\u00e9 un excellent r\u00e9sultat pour l&rsquo;\u00e9quipe de Jurgen Klopp, mais le match a apport\u00e9 une certaine d\u00e9ception pour l&rsquo;\u00e9quipe d&rsquo;Anfield.<\/p>\n<p>Diogo Jota a \u00e9t\u00e9 remplac\u00e9 en seconde p\u00e9riode apr\u00e8s avoir sembl\u00e9 se blesser tandis qu&rsquo;Alisson Becker a jou\u00e9 tout le match mais se serrait les ischio-jambiers lors des derni\u00e8res \u00e9tapes de l&rsquo;affrontement.<\/p>\n<p>L&rsquo;\u00e9tendue compl\u00e8te des deux blessures n&rsquo;a pas encore \u00e9t\u00e9 d\u00e9couverte, mais si notre num\u00e9ro 1 est pr\u00eat \u00e0 rester sur le banc de touche, cela offrira une opportunit\u00e9 \u00e0 Caoimhin Kelleher de le remplacer &#8211; un joueur qui \u00ab\u00a0pourrait chercher un transfert\u00a0\u00bb. \u00bb si son temps de jeu en L4 ne s&rsquo;am\u00e9liore pas selon le journaliste Dean Jones.<\/p>\n<p>  Jones a d\u00e9clar\u00e9 \u00e0 GIVEMESPORT. <\/p>\n<\/p>\n<p>Kelleher est un brillant gardien \u00e0 part enti\u00e8re, mais a naturellement d\u00fb se contenter d&rsquo;une place derri\u00e8re Alisson dans l&rsquo;ordre hi\u00e9rarchique de Klopp.<\/p>\n<p>L&rsquo;international irlandais a impressionn\u00e9 lorsqu&rsquo;il a \u00e9t\u00e9 sollicit\u00e9 au fil des ann\u00e9es par notre tacticien allemand et il serait quelque peu compr\u00e9hensible qu&rsquo;il fasse pression pour s&rsquo;\u00e9loigner du club.<\/p>\n<p>Il est difficile pour un joueur de son talent de passer autant de temps sur le banc, mais le joueur de 25 ans est conscient de tout ce qu&rsquo;il a d\u00e9velopp\u00e9 rien qu&rsquo;en s&rsquo;entra\u00eenant aux c\u00f4t\u00e9s de l&rsquo;ancien Rom.<\/p>\n<p>Nous esp\u00e9rons certainement que les blessures d&rsquo;Alisson et de Jota ne sont pas trop graves, mais la perspective que notre num\u00e9ro 62 re\u00e7oive une longue p\u00e9riode dans l&rsquo;\u00e9quipe est quelque chose dont il cherchera \u00e0 tirer le meilleur parti.<\/p>\n<p>Les clubs de Premier League, dont les Spurs, Brentford et Brighton (selon Irish Independent), seraient parmi les \u00e9quipes int\u00e9ress\u00e9es par Kelleher vers la fin de la saison derni\u00e8re, Klopp ayant d\u00e9clar\u00e9 pr\u00e9c\u00e9demment que seule une \u00ab offre extraordinaire \u00bb l&rsquo;inciterait \u00e0 envisager de vendre. le bouchon de tir.<\/p>\n<\/p>\n<p><span class=\"embed-youtube\" style=\"text-align:center; display: block;\"><\/span><\/p>\n<p><!-- Article End -->\t\t\t\t<\/div>\n","protected":false},"excerpt":{"rendered":"<p>Liverpool a peut-\u00eatre gagn\u00e9 un point contre Manchester City samedi, ce qui a \u00e9t\u00e9 un excellent r\u00e9sultat pour l&rsquo;\u00e9quipe de Jurgen Klopp, mais le match<\/p>\n","protected":false},"author":1,"featured_media":1565,"comment_status":"closed","ping_status":"","sticky":false,"template":"","format":"standard","meta":{"footnotes":""},"categories":[3],"tags":[1691,125,840,1689,204,1690,476,269,182,168,700],"yoast_head":"<!-- This site is optimized with the Yoast SEO plugin v21.0 - https:\/\/yoast.com\/wordpress\/plugins\/seo\/ -->\n<title>Journo dit que l&#039;homme du LFC &quot;pourrait chercher un transfert&quot; en raison du manque de temps de jeu<\/title>\n<meta name=\"robots\" content=\"index, follow, max-snippet:-1, max-image-preview:large, max-video-preview:-1\" \/>\n<link rel=\"canonical\" href=\"https:\/\/footdavant.fr\/actualites\/journo-dit-que-lhomme-du-lfc-pourrait-chercher-un-transfert-en-raison-du-manque-de-temps-de-jeu\/\" \/>\n<meta property=\"og:locale\" content=\"fr_FR\" \/>\n<meta property=\"og:type\" content=\"article\" \/>\n<meta property=\"og:title\" content=\"Journo dit que l&#039;homme du LFC &quot;pourrait chercher un transfert&quot; en raison du manque de temps de jeu\" \/>\n<meta property=\"og:description\" content=\"Liverpool a peut-\u00eatre gagn\u00e9 un point contre Manchester City samedi, ce qui a \u00e9t\u00e9 un excellent r\u00e9sultat pour l&rsquo;\u00e9quipe de Jurgen Klopp, mais le match\" \/>\n<meta property=\"og:url\" content=\"https:\/\/footdavant.fr\/actualites\/journo-dit-que-lhomme-du-lfc-pourrait-chercher-un-transfert-en-raison-du-manque-de-temps-de-jeu\/\" \/>\n<meta property=\"og:site_name\" content=\"Foot d&#039;avant\" \/>\n<meta property=\"article:publisher\" content=\"https:\/\/www.facebook.com\/Footdavant\/\" \/>\n<meta property=\"article:published_time\" content=\"2023-11-29T05:03:48+00:00\" \/>\n<meta property=\"article:modified_time\" content=\"2023-11-29T05:03:49+00:00\" \/>\n<meta property=\"og:image\" content=\"https:\/\/footdavant.fr\/actualites\/wp-content\/uploads\/2023\/11\/1701168657_La-sortie-de-lobjectif-de-Liverpool-du-club-actuel-est-scaled.jpg\" \/>\n\t<meta property=\"og:image:width\" content=\"2560\" \/>\n\t<meta property=\"og:image:height\" content=\"1704\" \/>\n\t<meta property=\"og:image:type\" content=\"image\/jpeg\" \/>\n<meta name=\"author\" content=\"Cl\u00e9ment\" \/>\n<meta name=\"twitter:card\" content=\"summary_large_image\" \/>\n<meta name=\"twitter:creator\" content=\"@FootdavantFr\" \/>\n<meta name=\"twitter:site\" content=\"@FootdavantFr\" \/>\n<meta name=\"twitter:label1\" content=\"\u00c9crit par\" \/>\n\t<meta name=\"twitter:data1\" content=\"Cl\u00e9ment\" \/>\n\t<meta name=\"twitter:label2\" content=\"Dur\u00e9e de lecture estim\u00e9e\" \/>\n\t<meta name=\"twitter:data2\" content=\"2 minutes\" \/>\n<script type=\"application\/ld+json\" class=\"yoast-schema-graph\">{\"@context\":\"https:\/\/schema.org\",\"@graph\":[{\"@type\":\"Article\",\"@id\":\"https:\/\/footdavant.fr\/actualites\/journo-dit-que-lhomme-du-lfc-pourrait-chercher-un-transfert-en-raison-du-manque-de-temps-de-jeu\/#article\",\"isPartOf\":{\"@id\":\"https:\/\/footdavant.fr\/actualites\/journo-dit-que-lhomme-du-lfc-pourrait-chercher-un-transfert-en-raison-du-manque-de-temps-de-jeu\/\"},\"author\":{\"name\":\"Cl\u00e9ment\",\"@id\":\"https:\/\/footdavant.fr\/actualites\/#\/schema\/person\/bc222566d95871b37e597b3ed3ba5e1d\"},\"headline\":\"Journo dit que l&rsquo;homme du LFC \u00ab\u00a0pourrait chercher un transfert\u00a0\u00bb en raison du manque de temps de jeu\",\"datePublished\":\"2023-11-29T05:03:48+00:00\",\"dateModified\":\"2023-11-29T05:03:49+00:00\",\"mainEntityOfPage\":{\"@id\":\"https:\/\/footdavant.fr\/actualites\/journo-dit-que-lhomme-du-lfc-pourrait-chercher-un-transfert-en-raison-du-manque-de-temps-de-jeu\/\"},\"wordCount\":348,\"publisher\":{\"@id\":\"https:\/\/footdavant.fr\/actualites\/#organization\"},\"keywords\":[\"chercher\",\"dit\",\"jeu\",\"Journo\",\"LFC\",\"lhomme\",\"manque\",\"pourrait\",\"raison\",\"temps\",\"transfert\"],\"articleSection\":[\"Football\"],\"inLanguage\":\"fr-FR\"},{\"@type\":\"WebPage\",\"@id\":\"https:\/\/footdavant.fr\/actualites\/journo-dit-que-lhomme-du-lfc-pourrait-chercher-un-transfert-en-raison-du-manque-de-temps-de-jeu\/\",\"url\":\"https:\/\/footdavant.fr\/actualites\/journo-dit-que-lhomme-du-lfc-pourrait-chercher-un-transfert-en-raison-du-manque-de-temps-de-jeu\/\",\"name\":\"Journo dit que l'homme du LFC \\\"pourrait chercher un transfert\\\" en raison du manque de temps de jeu\",\"isPartOf\":{\"@id\":\"https:\/\/footdavant.fr\/actualites\/#website\"},\"datePublished\":\"2023-11-29T05:03:48+00:00\",\"dateModified\":\"2023-11-29T05:03:49+00:00\",\"breadcrumb\":{\"@id\":\"https:\/\/footdavant.fr\/actualites\/journo-dit-que-lhomme-du-lfc-pourrait-chercher-un-transfert-en-raison-du-manque-de-temps-de-jeu\/#breadcrumb\"},\"inLanguage\":\"fr-FR\",\"potentialAction\":[{\"@type\":\"ReadAction\",\"target\":[\"https:\/\/footdavant.fr\/actualites\/journo-dit-que-lhomme-du-lfc-pourrait-chercher-un-transfert-en-raison-du-manque-de-temps-de-jeu\/\"]}]},{\"@type\":\"BreadcrumbList\",\"@id\":\"https:\/\/footdavant.fr\/actualites\/journo-dit-que-lhomme-du-lfc-pourrait-chercher-un-transfert-en-raison-du-manque-de-temps-de-jeu\/#breadcrumb\",\"itemListElement\":[{\"@type\":\"ListItem\",\"position\":1,\"name\":\"Accueil\",\"item\":\"https:\/\/footdavant.fr\/actualites\/\"},{\"@type\":\"ListItem\",\"position\":2,\"name\":\"Journo dit que l&rsquo;homme du LFC \u00ab\u00a0pourrait chercher un transfert\u00a0\u00bb en raison du manque de temps de jeu\"}]},{\"@type\":\"WebSite\",\"@id\":\"https:\/\/footdavant.fr\/actualites\/#website\",\"url\":\"https:\/\/footdavant.fr\/actualites\/\",\"name\":\"Foot d'avant\",\"description\":\"\",\"publisher\":{\"@id\":\"https:\/\/footdavant.fr\/actualites\/#organization\"},\"potentialAction\":[{\"@type\":\"SearchAction\",\"target\":{\"@type\":\"EntryPoint\",\"urlTemplate\":\"https:\/\/footdavant.fr\/actualites\/?s={search_term_string}\"},\"query-input\":\"required name=search_term_string\"}],\"inLanguage\":\"fr-FR\"},{\"@type\":\"Organization\",\"@id\":\"https:\/\/footdavant.fr\/actualites\/#organization\",\"name\":\"Foot d'avant\",\"url\":\"https:\/\/footdavant.fr\/actualites\/\",\"logo\":{\"@type\":\"ImageObject\",\"inLanguage\":\"fr-FR\",\"@id\":\"https:\/\/footdavant.fr\/actualites\/#\/schema\/logo\/image\/\",\"url\":\"https:\/\/footdavant.fr\/actualites\/wp-content\/uploads\/2023\/09\/Copy-of-FootDavant-Logo.png\",\"contentUrl\":\"https:\/\/footdavant.fr\/actualites\/wp-content\/uploads\/2023\/09\/Copy-of-FootDavant-Logo.png\",\"width\":936,\"height\":549,\"caption\":\"Foot d'avant\"},\"image\":{\"@id\":\"https:\/\/footdavant.fr\/actualites\/#\/schema\/logo\/image\/\"},\"sameAs\":[\"https:\/\/www.facebook.com\/Footdavant\/\",\"https:\/\/twitter.com\/FootdavantFr\",\"https:\/\/www.instagram.com\/footdavant.fr\/\"]},{\"@type\":\"Person\",\"@id\":\"https:\/\/footdavant.fr\/actualites\/#\/schema\/person\/bc222566d95871b37e597b3ed3ba5e1d\",\"name\":\"Cl\u00e9ment\",\"image\":{\"@type\":\"ImageObject\",\"inLanguage\":\"fr-FR\",\"@id\":\"https:\/\/footdavant.fr\/actualites\/#\/schema\/person\/image\/\",\"url\":\"https:\/\/secure.gravatar.com\/avatar\/7728b29aac2719421e1a9159b2254c44?s=96&d=mm&r=g\",\"contentUrl\":\"https:\/\/secure.gravatar.com\/avatar\/7728b29aac2719421e1a9159b2254c44?s=96&d=mm&r=g\",\"caption\":\"Cl\u00e9ment\"},\"sameAs\":[\"https:\/\/footdavant.fr\/\"]}]}<\/script>\n<!-- \/ Yoast SEO plugin. -->","yoast_head_json":{"title":"Journo dit que l'homme du LFC \"pourrait chercher un transfert\" en raison du manque de temps de jeu","robots":{"index":"index","follow":"follow","max-snippet":"max-snippet:-1","max-image-preview":"max-image-preview:large","max-video-preview":"max-video-preview:-1"},"canonical":"https:\/\/footdavant.fr\/actualites\/journo-dit-que-lhomme-du-lfc-pourrait-chercher-un-transfert-en-raison-du-manque-de-temps-de-jeu\/","og_locale":"fr_FR","og_type":"article","og_title":"Journo dit que l'homme du LFC \"pourrait chercher un transfert\" en raison du manque de temps de jeu","og_description":"Liverpool a peut-\u00eatre gagn\u00e9 un point contre Manchester City samedi, ce qui a \u00e9t\u00e9 un excellent r\u00e9sultat pour l&rsquo;\u00e9quipe de Jurgen Klopp, mais le match","og_url":"https:\/\/footdavant.fr\/actualites\/journo-dit-que-lhomme-du-lfc-pourrait-chercher-un-transfert-en-raison-du-manque-de-temps-de-jeu\/","og_site_name":"Foot d&#039;avant","article_publisher":"https:\/\/www.facebook.com\/Footdavant\/","article_published_time":"2023-11-29T05:03:48+00:00","article_modified_time":"2023-11-29T05:03:49+00:00","og_image":[{"width":2560,"height":1704,"url":"https:\/\/footdavant.fr\/actualites\/wp-content\/uploads\/2023\/11\/1701168657_La-sortie-de-lobjectif-de-Liverpool-du-club-actuel-est-scaled.jpg","type":"image\/jpeg"}],"author":"Cl\u00e9ment","twitter_card":"summary_large_image","twitter_creator":"@FootdavantFr","twitter_site":"@FootdavantFr","twitter_misc":{"\u00c9crit par":"Cl\u00e9ment","Dur\u00e9e de lecture estim\u00e9e":"2 minutes"},"schema":{"@context":"https:\/\/schema.org","@graph":[{"@type":"Article","@id":"https:\/\/footdavant.fr\/actualites\/journo-dit-que-lhomme-du-lfc-pourrait-chercher-un-transfert-en-raison-du-manque-de-temps-de-jeu\/#article","isPartOf":{"@id":"https:\/\/footdavant.fr\/actualites\/journo-dit-que-lhomme-du-lfc-pourrait-chercher-un-transfert-en-raison-du-manque-de-temps-de-jeu\/"},"author":{"name":"Cl\u00e9ment","@id":"https:\/\/footdavant.fr\/actualites\/#\/schema\/person\/bc222566d95871b37e597b3ed3ba5e1d"},"headline":"Journo dit que l&rsquo;homme du LFC \u00ab\u00a0pourrait chercher un transfert\u00a0\u00bb en raison du manque de temps de jeu","datePublished":"2023-11-29T05:03:48+00:00","dateModified":"2023-11-29T05:03:49+00:00","mainEntityOfPage":{"@id":"https:\/\/footdavant.fr\/actualites\/journo-dit-que-lhomme-du-lfc-pourrait-chercher-un-transfert-en-raison-du-manque-de-temps-de-jeu\/"},"wordCount":348,"publisher":{"@id":"https:\/\/footdavant.fr\/actualites\/#organization"},"keywords":["chercher","dit","jeu","Journo","LFC","lhomme","manque","pourrait","raison","temps","transfert"],"articleSection":["Football"],"inLanguage":"fr-FR"},{"@type":"WebPage","@id":"https:\/\/footdavant.fr\/actualites\/journo-dit-que-lhomme-du-lfc-pourrait-chercher-un-transfert-en-raison-du-manque-de-temps-de-jeu\/","url":"https:\/\/footdavant.fr\/actualites\/journo-dit-que-lhomme-du-lfc-pourrait-chercher-un-transfert-en-raison-du-manque-de-temps-de-jeu\/","name":"Journo dit que l'homme du LFC \"pourrait chercher un transfert\" en raison du manque de temps de jeu","isPartOf":{"@id":"https:\/\/footdavant.fr\/actualites\/#website"},"datePublished":"2023-11-29T05:03:48+00:00","dateModified":"2023-11-29T05:03:49+00:00","breadcrumb":{"@id":"https:\/\/footdavant.fr\/actualites\/journo-dit-que-lhomme-du-lfc-pourrait-chercher-un-transfert-en-raison-du-manque-de-temps-de-jeu\/#breadcrumb"},"inLanguage":"fr-FR","potentialAction":[{"@type":"ReadAction","target":["https:\/\/footdavant.fr\/actualites\/journo-dit-que-lhomme-du-lfc-pourrait-chercher-un-transfert-en-raison-du-manque-de-temps-de-jeu\/"]}]},{"@type":"BreadcrumbList","@id":"https:\/\/footdavant.fr\/actualites\/journo-dit-que-lhomme-du-lfc-pourrait-chercher-un-transfert-en-raison-du-manque-de-temps-de-jeu\/#breadcrumb","itemListElement":[{"@type":"ListItem","position":1,"name":"Accueil","item":"https:\/\/footdavant.fr\/actualites\/"},{"@type":"ListItem","position":2,"name":"Journo dit que l&rsquo;homme du LFC \u00ab\u00a0pourrait chercher un transfert\u00a0\u00bb en raison du manque de temps de jeu"}]},{"@type":"WebSite","@id":"https:\/\/footdavant.fr\/actualites\/#website","url":"https:\/\/footdavant.fr\/actualites\/","name":"Foot d'avant","description":"","publisher":{"@id":"https:\/\/footdavant.fr\/actualites\/#organization"},"potentialAction":[{"@type":"SearchAction","target":{"@type":"EntryPoint","urlTemplate":"https:\/\/footdavant.fr\/actualites\/?s={search_term_string}"},"query-input":"required name=search_term_string"}],"inLanguage":"fr-FR"},{"@type":"Organization","@id":"https:\/\/footdavant.fr\/actualites\/#organization","name":"Foot d'avant","url":"https:\/\/footdavant.fr\/actualites\/","logo":{"@type":"ImageObject","inLanguage":"fr-FR","@id":"https:\/\/footdavant.fr\/actualites\/#\/schema\/logo\/image\/","url":"https:\/\/footdavant.fr\/actualites\/wp-content\/uploads\/2023\/09\/Copy-of-FootDavant-Logo.png","contentUrl":"https:\/\/footdavant.fr\/actualites\/wp-content\/uploads\/2023\/09\/Copy-of-FootDavant-Logo.png","width":936,"height":549,"caption":"Foot d'avant"},"image":{"@id":"https:\/\/footdavant.fr\/actualites\/#\/schema\/logo\/image\/"},"sameAs":["https:\/\/www.facebook.com\/Footdavant\/","https:\/\/twitter.com\/FootdavantFr","https:\/\/www.instagram.com\/footdavant.fr\/"]},{"@type":"Person","@id":"https:\/\/footdavant.fr\/actualites\/#\/schema\/person\/bc222566d95871b37e597b3ed3ba5e1d","name":"Cl\u00e9ment","image":{"@type":"ImageObject","inLanguage":"fr-FR","@id":"https:\/\/footdavant.fr\/actualites\/#\/schema\/person\/image\/","url":"https:\/\/secure.gravatar.com\/avatar\/7728b29aac2719421e1a9159b2254c44?s=96&d=mm&r=g","contentUrl":"https:\/\/secure.gravatar.com\/avatar\/7728b29aac2719421e1a9159b2254c44?s=96&d=mm&r=g","caption":"Cl\u00e9ment"},"sameAs":["https:\/\/footdavant.fr\/"]}]}},"_links":{"self":[{"href":"https:\/\/footdavant.fr\/actualites\/wp-json\/wp\/v2\/posts\/1615"}],"collection":[{"href":"https:\/\/footdavant.fr\/actualites\/wp-json\/wp\/v2\/posts"}],"about":[{"href":"https:\/\/footdavant.fr\/actualites\/wp-json\/wp\/v2\/types\/post"}],"author":[{"embeddable":true,"href":"https:\/\/footdavant.fr\/actualites\/wp-json\/wp\/v2\/users\/1"}],"replies":[{"embeddable":true,"href":"https:\/\/footdavant.fr\/actualites\/wp-json\/wp\/v2\/comments?post=1615"}],"version-history":[{"count":1,"href":"https:\/\/footdavant.fr\/actualites\/wp-json\/wp\/v2\/posts\/1615\/revisions"}],"predecessor-version":[{"id":1616,"href":"https:\/\/footdavant.fr\/actualites\/wp-json\/wp\/v2\/posts\/1615\/revisions\/1616"}],"wp:featuredmedia":[{"embeddable":true,"href":"https:\/\/footdavant.fr\/actualites\/wp-json\/wp\/v2\/media\/1565"}],"wp:attachment":[{"href":"https:\/\/footdavant.fr\/actualites\/wp-json\/wp\/v2\/media?parent=1615"}],"wp:term":[{"taxonomy":"category","embeddable":true,"href":"https:\/\/footdavant.fr\/actualites\/wp-json\/wp\/v2\/categories?post=1615"},{"taxonomy":"post_tag","embeddable":true,"href":"https:\/\/footdavant.fr\/actualites\/wp-json\/wp\/v2\/tags?post=1615"}],"curies":[{"name":"wp","href":"https:\/\/api.w.org\/{rel}","templated":true}]}}