{"id":16172,"date":"2024-11-13T20:27:31","date_gmt":"2024-11-13T19:27:31","guid":{"rendered":"https:\/\/footdavant.fr\/actualites\/?p=16172"},"modified":"2024-11-13T20:27:32","modified_gmt":"2024-11-13T19:27:32","slug":"rachid-mekhloufi-cette-legende-meconnue","status":"publish","type":"post","link":"https:\/\/footdavant.fr\/actualites\/rachid-mekhloufi-cette-legende-meconnue\/","title":{"rendered":"Rachid Mekhloufi, cette l\u00e9gende m\u00e9connue"},"content":{"rendered":"\n<p>Quand on parle de football fran\u00e7ais et alg\u00e9rien, il est impossible de ne pas mentionner Rachid Mekhloufi.<\/p>\n\n\n\n<p>Pourtant, malgr\u00e9 son immense talent et ses exploits sur les terrains, ce nom reste \u00e9tonnamment peu connu aupr\u00e8s du grand public. Revenons ensemble sur la carri\u00e8re exceptionnelle de cet <strong>attaquant embl\u00e9matique<\/strong>, ainsi que son impact au-del\u00e0 des terrains.<\/p>\n\n\n\n<h2 class=\"wp-block-heading\">Les d\u00e9buts prometteurs<\/h2>\n\n\n\n<p>D\u00e8s son plus jeune \u00e2ge, Rachid Mekhloufi montra un talent exceptionnel pour le football. N\u00e9 en Alg\u00e9rie, il fit ses premiers pas dans les rues de S\u00e9tif o\u00f9 il d\u00e9veloppa une technique redoutable et une vision de jeu hors pair. Rapidement rep\u00e9r\u00e9 par des recruteurs, il int\u00e9gra l&rsquo;<strong>AS Saint-\u00c9tienne<\/strong> \u00e0 seulement 18 ans.<\/p>\n\n\n\n<p>\u00c0 ses d\u00e9buts avec l&rsquo;AS Saint-\u00c9tienne, Mekhloufi devint rapidement une pi\u00e8ce ma\u00eetresse de l&rsquo;\u00e9quipe. Son style de jeu \u00e9l\u00e9gant et son efficacit\u00e9 devant le but firent de lui un joueur indispensable. Sous ses couleurs, il remporta plusieurs titres, contribuant largement aux succ\u00e8s de l&rsquo;\u00e9quipe st\u00e9phanoise durant les ann\u00e9es 1950 et 1960.<\/p>\n\n\n\n<h3 class=\"wp-block-heading\">L&rsquo;apog\u00e9e \u00e0 Saint-\u00c9tienne<\/h3>\n\n\n\n<p>Durant son passage \u00e0 l&rsquo;AS Saint-\u00c9tienne, Mekhloufi se forgea une r\u00e9putation de <strong>l\u00e9gende du football<\/strong>. Ses dribbles d\u00e9routants, sa capacit\u00e9 \u00e0 marquer des buts d\u00e9cisifs et son leadership naturel firent de lui une figure centrale de l\u2019\u00e9quipe. Il joua un r\u00f4le crucial dans l&rsquo;obtention de plusieurs championnats et coupes nationales.<\/p>\n\n\n\n<p>En dehors des terrains, Mekhloufi s&rsquo;investit \u00e9galement dans l&rsquo;encadrement des jeunes joueurs. Le club organisa <strong>des stages de football encadr\u00e9s par Jean-Michel Larqu\u00e9<\/strong>, un grand admirateur de Mekhloufi. Ces stages offrent encore aujourd&rsquo;hui une formation de qualit\u00e9 aux jeunes passionn\u00e9s, et il est par exemple possible de participer \u00e0 un <a href=\"https:\/\/looking-for-soccer.com\/fr-fr\/club-stages-football\/asse-saint-etienne\/asse-saint-etienne-france\/\" rel=\"noreferrer noopener\" target=\"_blank\">stage foot asse<\/a> pour d\u00e9couvrir l&rsquo;esprit du club.<\/p>\n\n\n\n<h2 class=\"wp-block-heading\">L&rsquo;\u00e9pop\u00e9e avec la glorieuse \u00e9quipe du FLN<\/h2>\n\n\n\n<p>En 1958, en pleine guerre pour l&rsquo;ind\u00e9pendance alg\u00e9rienne, Rachid Mekhloufi prit une d\u00e9cision qui fit de lui non seulement un h\u00e9ros sportif mais aussi un symbole fort de la <strong>lutte pour l&rsquo;ind\u00e9pendance<\/strong>. Il quitta brusquement l\u2019AS Saint-\u00c9tienne pour rejoindre la <strong>glorieuse \u00e9quipe du FLN<\/strong> (Front de Lib\u00e9ration Nationale).<\/p>\n\n\n\n<p>B\u00e9n\u00e9ficiant d&rsquo;une grande reconnaissance en France, cette \u00e9quipe embryonnaire de ce qui allait devenir la s\u00e9lection nationale alg\u00e9rienne utilisa le football comme moyen de sensibiliser le monde \u00e0 la cause alg\u00e9rienne. Les tourn\u00e9es de cette \u00e9quipe en Europe et en Asie suscit\u00e8rent un \u00e9norme \u00e9cho m\u00e9diatique.<\/p>\n\n\n\n<h3 class=\"wp-block-heading\">Un impact au-del\u00e0 du sport<\/h3>\n\n\n\n<p>La contribution de Mekhloufi \u00e0 la glorieuse \u00e9quipe du FLN allait bien au-del\u00e0 du simple fait de jouer au football. En rejoignant cette \u00e9quipe, il s\u2019assura que le r\u00eave d\u2019ind\u00e9pendance alg\u00e9rien \u00e9tait visible sur la sc\u00e8ne internationale. Son engagement fit de lui l&rsquo;un des symboles forts de la <strong>lutte pour l\u2019ind\u00e9pendance<\/strong>, d\u00e9montrant que le sport pouvait \u00eatre un puissant v\u00e9hicule pour le changement social et politique.<\/p>\n\n\n\n<p>Ainsi, m\u00eame apr\u00e8s l&rsquo;ind\u00e9pendance alg\u00e9rienne en 1962, Mekhloufi resta impliqu\u00e9 dans le d\u00e9veloppement du <strong>football alg\u00e9rien<\/strong> et forma plusieurs g\u00e9n\u00e9rations de joueurs talentueux, contribuant \u00e0 renforcer les liens culturels entre l&rsquo;Alg\u00e9rie et la France \u00e0 travers le sport.<\/p>\n\n\n\n<h2 class=\"wp-block-heading\">Retour triomphal en France<\/h2>\n\n\n\n<p>Apr\u00e8s la fin de l\u2019\u00e9pop\u00e9e de l\u2019\u00e9quipe du FLN, Rachid Mekhloufi revint en France o\u00f9 il fut accueilli \u00e0 bras ouverts par l&rsquo;AS Saint-\u00c9tienne. Malgr\u00e9 le temps \u00e9coul\u00e9, il retrouva vite sa place au sein de l&rsquo;\u00e9quipe et continua de briller sur les terrains.<\/p>\n\n\n\n<p>Ce retour symbolisa \u00e9galement une r\u00e9conciliation, montrant que malgr\u00e9 les tensions politiques, le football pouvait rassembler et b\u00e2tir des ponts entre nations. Dans cette p\u00e9riode de reconstruction, Mekhloufi demeura un exemple de pers\u00e9v\u00e9rance et de talent in\u00e9gal\u00e9.<\/p>\n\n\n\n<h3 class=\"wp-block-heading\">L&rsquo;engagement post-carri\u00e8re<\/h3>\n\n\n\n<p>Retir\u00e9 des terrains, Mekhloufi demeura actif dans le monde du football. Il se consacra \u00e0 la formation des jeunes talents et joua un r\u00f4le majeur dans la mise en place des infrastructures sportives en Alg\u00e9rie. Son d\u00e9vouement \u00e0 aider les nouvelles g\u00e9n\u00e9rations montre que son amour pour le football va bien au-del\u00e0 de sa propre carri\u00e8re.<\/p>\n\n\n\n<p>Jean-Michel Larqu\u00e9, tout comme beaucoup d&rsquo;autres, garde encore aujourd\u2019hui une admiration profonde pour Mekhloufi. Des programmes tels que les <strong>stages organis\u00e9s par l&rsquo;AS Saint-\u00c9tienne<\/strong> en t\u00e9moignent. Ces initiatives perp\u00e9tuent l&rsquo;esprit de formation et de transmission qu&rsquo;incarnait Mekhloufi.<\/p>\n\n\n\n<h2 class=\"wp-block-heading\">Rachid Mekhloufi : une l\u00e9gende \u00e9ternelle<\/h2>\n\n\n\n<p>Le r\u00e9cent d\u00e9c\u00e8s de Rachid Mekhloufi a plong\u00e9 le monde du football dans une grande tristesse. Cet \u00e9v\u00e9nement tragique rappelle \u00e0 quel point il \u00e9tait une figure aim\u00e9e et respect\u00e9e dans le milieu sportif. Son h\u00e9ritage perdure non seulement dans les archives du <strong>football fran\u00e7ais<\/strong> et alg\u00e9rien, mais aussi dans le c\u0153ur de ceux qui l\u2019ont suivi et admir\u00e9.<\/p>\n\n\n\n<p>Mekhloufi n\u2019\u00e9tait pas seulement un ma\u00eetre du ballon rond; il incarnait les valeurs de courage, de d\u00e9termination et de solidarit\u00e9. Sa vie et sa carri\u00e8re restent source d&rsquo;inspiration pour de nombreux jeunes joueurs qui r\u00eavent de marcher sur ses traces.<\/p>\n\n\n\n<h3 class=\"wp-block-heading\">Liste de ses contributions majeures<\/h3>\n\n\n\n<ul>\n<li>Championnat de France remport\u00e9 avec l&rsquo;AS Saint-\u00c9tienne<\/li>\n\n\n\n<li>Participation active \u00e0 l\u2019\u00e9quipe du FLN pendant la lutte pour l\u2019ind\u00e9pendance alg\u00e9rienne<\/li>\n\n\n\n<li>Formation et soutien des jeunes talents en Alg\u00e9rie post-ind\u00e9pendante<\/li>\n\n\n\n<li>Premier ambassadeur du football franco-alg\u00e9rien, symbole de paix et de collaboration<\/li>\n<\/ul>\n\n\n\n<p>Pour conclure ce merveilleux voyage \u00e0 travers la vie de <strong>Rachid Mekhloufi<\/strong>, cette incroyable carri\u00e8re dans le <strong>football fran\u00e7ais<\/strong> et <strong>alg\u00e9rien<\/strong> sert de rappel vibrant du pouvoir unificateur du sport. Ce <strong>joueur l\u00e9gendaire<\/strong> m\u00e9rite certainement d&rsquo;\u00eatre plus reconnu et honor\u00e9 pour ses contributions tant sur le terrain qu&rsquo;en dehors.<\/p>\n","protected":false},"excerpt":{"rendered":"<p>Quand on parle de football fran\u00e7ais et alg\u00e9rien, il est impossible de ne pas mentionner Rachid Mekhloufi. Pourtant, malgr\u00e9 son immense talent et ses exploits<\/p>\n","protected":false},"author":1,"featured_media":16173,"comment_status":"closed","ping_status":"closed","sticky":true,"template":"","format":"standard","meta":{"footnotes":""},"categories":[3],"tags":[],"yoast_head":"<!-- This site is optimized with the Yoast SEO plugin v21.0 - https:\/\/yoast.com\/wordpress\/plugins\/seo\/ -->\n<title>Rachid Mekhloufi, cette l\u00e9gende m\u00e9connue<\/title>\n<meta name=\"robots\" content=\"index, follow, max-snippet:-1, max-image-preview:large, max-video-preview:-1\" \/>\n<link rel=\"canonical\" href=\"https:\/\/footdavant.fr\/actualites\/rachid-mekhloufi-cette-legende-meconnue\/\" \/>\n<meta property=\"og:locale\" content=\"fr_FR\" \/>\n<meta property=\"og:type\" content=\"article\" \/>\n<meta property=\"og:title\" content=\"Rachid Mekhloufi, cette l\u00e9gende m\u00e9connue\" \/>\n<meta property=\"og:description\" content=\"Quand on parle de football fran\u00e7ais et alg\u00e9rien, il est impossible de ne pas mentionner Rachid Mekhloufi. Pourtant, malgr\u00e9 son immense talent et ses exploits\" \/>\n<meta property=\"og:url\" content=\"https:\/\/footdavant.fr\/actualites\/rachid-mekhloufi-cette-legende-meconnue\/\" \/>\n<meta property=\"og:site_name\" content=\"Foot d&#039;avant\" \/>\n<meta property=\"article:publisher\" content=\"https:\/\/www.facebook.com\/Footdavant\/\" \/>\n<meta property=\"article:published_time\" content=\"2024-11-13T19:27:31+00:00\" \/>\n<meta property=\"article:modified_time\" content=\"2024-11-13T19:27:32+00:00\" \/>\n<meta property=\"og:image\" content=\"https:\/\/footdavant.fr\/actualites\/wp-content\/uploads\/2024\/11\/Rachid-Mekhloufi-cette-legende-meconnue.jpg\" \/>\n\t<meta property=\"og:image:width\" content=\"600\" \/>\n\t<meta property=\"og:image:height\" content=\"390\" \/>\n\t<meta property=\"og:image:type\" content=\"image\/jpeg\" \/>\n<meta name=\"author\" content=\"Cl\u00e9ment\" \/>\n<meta name=\"twitter:card\" content=\"summary_large_image\" \/>\n<meta name=\"twitter:creator\" content=\"@FootdavantFr\" \/>\n<meta name=\"twitter:site\" content=\"@FootdavantFr\" \/>\n<meta name=\"twitter:label1\" content=\"\u00c9crit par\" \/>\n\t<meta name=\"twitter:data1\" content=\"Cl\u00e9ment\" \/>\n\t<meta name=\"twitter:label2\" content=\"Dur\u00e9e de lecture estim\u00e9e\" \/>\n\t<meta name=\"twitter:data2\" content=\"5 minutes\" \/>\n<script type=\"application\/ld+json\" class=\"yoast-schema-graph\">{\"@context\":\"https:\/\/schema.org\",\"@graph\":[{\"@type\":\"Article\",\"@id\":\"https:\/\/footdavant.fr\/actualites\/rachid-mekhloufi-cette-legende-meconnue\/#article\",\"isPartOf\":{\"@id\":\"https:\/\/footdavant.fr\/actualites\/rachid-mekhloufi-cette-legende-meconnue\/\"},\"author\":{\"name\":\"Cl\u00e9ment\",\"@id\":\"https:\/\/footdavant.fr\/actualites\/#\/schema\/person\/bc222566d95871b37e597b3ed3ba5e1d\"},\"headline\":\"Rachid Mekhloufi, cette l\u00e9gende m\u00e9connue\",\"datePublished\":\"2024-11-13T19:27:31+00:00\",\"dateModified\":\"2024-11-13T19:27:32+00:00\",\"mainEntityOfPage\":{\"@id\":\"https:\/\/footdavant.fr\/actualites\/rachid-mekhloufi-cette-legende-meconnue\/\"},\"wordCount\":973,\"publisher\":{\"@id\":\"https:\/\/footdavant.fr\/actualites\/#organization\"},\"articleSection\":[\"Football\"],\"inLanguage\":\"fr-FR\"},{\"@type\":\"WebPage\",\"@id\":\"https:\/\/footdavant.fr\/actualites\/rachid-mekhloufi-cette-legende-meconnue\/\",\"url\":\"https:\/\/footdavant.fr\/actualites\/rachid-mekhloufi-cette-legende-meconnue\/\",\"name\":\"Rachid Mekhloufi, cette l\u00e9gende m\u00e9connue\",\"isPartOf\":{\"@id\":\"https:\/\/footdavant.fr\/actualites\/#website\"},\"datePublished\":\"2024-11-13T19:27:31+00:00\",\"dateModified\":\"2024-11-13T19:27:32+00:00\",\"breadcrumb\":{\"@id\":\"https:\/\/footdavant.fr\/actualites\/rachid-mekhloufi-cette-legende-meconnue\/#breadcrumb\"},\"inLanguage\":\"fr-FR\",\"potentialAction\":[{\"@type\":\"ReadAction\",\"target\":[\"https:\/\/footdavant.fr\/actualites\/rachid-mekhloufi-cette-legende-meconnue\/\"]}]},{\"@type\":\"BreadcrumbList\",\"@id\":\"https:\/\/footdavant.fr\/actualites\/rachid-mekhloufi-cette-legende-meconnue\/#breadcrumb\",\"itemListElement\":[{\"@type\":\"ListItem\",\"position\":1,\"name\":\"Accueil\",\"item\":\"https:\/\/footdavant.fr\/actualites\/\"},{\"@type\":\"ListItem\",\"position\":2,\"name\":\"Rachid Mekhloufi, cette l\u00e9gende m\u00e9connue\"}]},{\"@type\":\"WebSite\",\"@id\":\"https:\/\/footdavant.fr\/actualites\/#website\",\"url\":\"https:\/\/footdavant.fr\/actualites\/\",\"name\":\"Foot d'avant\",\"description\":\"\",\"publisher\":{\"@id\":\"https:\/\/footdavant.fr\/actualites\/#organization\"},\"potentialAction\":[{\"@type\":\"SearchAction\",\"target\":{\"@type\":\"EntryPoint\",\"urlTemplate\":\"https:\/\/footdavant.fr\/actualites\/?s={search_term_string}\"},\"query-input\":\"required name=search_term_string\"}],\"inLanguage\":\"fr-FR\"},{\"@type\":\"Organization\",\"@id\":\"https:\/\/footdavant.fr\/actualites\/#organization\",\"name\":\"Foot d'avant\",\"url\":\"https:\/\/footdavant.fr\/actualites\/\",\"logo\":{\"@type\":\"ImageObject\",\"inLanguage\":\"fr-FR\",\"@id\":\"https:\/\/footdavant.fr\/actualites\/#\/schema\/logo\/image\/\",\"url\":\"https:\/\/footdavant.fr\/actualites\/wp-content\/uploads\/2023\/09\/Copy-of-FootDavant-Logo.png\",\"contentUrl\":\"https:\/\/footdavant.fr\/actualites\/wp-content\/uploads\/2023\/09\/Copy-of-FootDavant-Logo.png\",\"width\":936,\"height\":549,\"caption\":\"Foot d'avant\"},\"image\":{\"@id\":\"https:\/\/footdavant.fr\/actualites\/#\/schema\/logo\/image\/\"},\"sameAs\":[\"https:\/\/www.facebook.com\/Footdavant\/\",\"https:\/\/twitter.com\/FootdavantFr\",\"https:\/\/www.instagram.com\/footdavant.fr\/\"]},{\"@type\":\"Person\",\"@id\":\"https:\/\/footdavant.fr\/actualites\/#\/schema\/person\/bc222566d95871b37e597b3ed3ba5e1d\",\"name\":\"Cl\u00e9ment\",\"image\":{\"@type\":\"ImageObject\",\"inLanguage\":\"fr-FR\",\"@id\":\"https:\/\/footdavant.fr\/actualites\/#\/schema\/person\/image\/\",\"url\":\"https:\/\/secure.gravatar.com\/avatar\/7728b29aac2719421e1a9159b2254c44?s=96&d=mm&r=g\",\"contentUrl\":\"https:\/\/secure.gravatar.com\/avatar\/7728b29aac2719421e1a9159b2254c44?s=96&d=mm&r=g\",\"caption\":\"Cl\u00e9ment\"},\"sameAs\":[\"https:\/\/footdavant.fr\/\"]}]}<\/script>\n<!-- \/ Yoast SEO plugin. -->","yoast_head_json":{"title":"Rachid Mekhloufi, cette l\u00e9gende m\u00e9connue","robots":{"index":"index","follow":"follow","max-snippet":"max-snippet:-1","max-image-preview":"max-image-preview:large","max-video-preview":"max-video-preview:-1"},"canonical":"https:\/\/footdavant.fr\/actualites\/rachid-mekhloufi-cette-legende-meconnue\/","og_locale":"fr_FR","og_type":"article","og_title":"Rachid Mekhloufi, cette l\u00e9gende m\u00e9connue","og_description":"Quand on parle de football fran\u00e7ais et alg\u00e9rien, il est impossible de ne pas mentionner Rachid Mekhloufi. Pourtant, malgr\u00e9 son immense talent et ses exploits","og_url":"https:\/\/footdavant.fr\/actualites\/rachid-mekhloufi-cette-legende-meconnue\/","og_site_name":"Foot d&#039;avant","article_publisher":"https:\/\/www.facebook.com\/Footdavant\/","article_published_time":"2024-11-13T19:27:31+00:00","article_modified_time":"2024-11-13T19:27:32+00:00","og_image":[{"width":600,"height":390,"url":"https:\/\/footdavant.fr\/actualites\/wp-content\/uploads\/2024\/11\/Rachid-Mekhloufi-cette-legende-meconnue.jpg","type":"image\/jpeg"}],"author":"Cl\u00e9ment","twitter_card":"summary_large_image","twitter_creator":"@FootdavantFr","twitter_site":"@FootdavantFr","twitter_misc":{"\u00c9crit par":"Cl\u00e9ment","Dur\u00e9e de lecture estim\u00e9e":"5 minutes"},"schema":{"@context":"https:\/\/schema.org","@graph":[{"@type":"Article","@id":"https:\/\/footdavant.fr\/actualites\/rachid-mekhloufi-cette-legende-meconnue\/#article","isPartOf":{"@id":"https:\/\/footdavant.fr\/actualites\/rachid-mekhloufi-cette-legende-meconnue\/"},"author":{"name":"Cl\u00e9ment","@id":"https:\/\/footdavant.fr\/actualites\/#\/schema\/person\/bc222566d95871b37e597b3ed3ba5e1d"},"headline":"Rachid Mekhloufi, cette l\u00e9gende m\u00e9connue","datePublished":"2024-11-13T19:27:31+00:00","dateModified":"2024-11-13T19:27:32+00:00","mainEntityOfPage":{"@id":"https:\/\/footdavant.fr\/actualites\/rachid-mekhloufi-cette-legende-meconnue\/"},"wordCount":973,"publisher":{"@id":"https:\/\/footdavant.fr\/actualites\/#organization"},"articleSection":["Football"],"inLanguage":"fr-FR"},{"@type":"WebPage","@id":"https:\/\/footdavant.fr\/actualites\/rachid-mekhloufi-cette-legende-meconnue\/","url":"https:\/\/footdavant.fr\/actualites\/rachid-mekhloufi-cette-legende-meconnue\/","name":"Rachid Mekhloufi, cette l\u00e9gende m\u00e9connue","isPartOf":{"@id":"https:\/\/footdavant.fr\/actualites\/#website"},"datePublished":"2024-11-13T19:27:31+00:00","dateModified":"2024-11-13T19:27:32+00:00","breadcrumb":{"@id":"https:\/\/footdavant.fr\/actualites\/rachid-mekhloufi-cette-legende-meconnue\/#breadcrumb"},"inLanguage":"fr-FR","potentialAction":[{"@type":"ReadAction","target":["https:\/\/footdavant.fr\/actualites\/rachid-mekhloufi-cette-legende-meconnue\/"]}]},{"@type":"BreadcrumbList","@id":"https:\/\/footdavant.fr\/actualites\/rachid-mekhloufi-cette-legende-meconnue\/#breadcrumb","itemListElement":[{"@type":"ListItem","position":1,"name":"Accueil","item":"https:\/\/footdavant.fr\/actualites\/"},{"@type":"ListItem","position":2,"name":"Rachid Mekhloufi, cette l\u00e9gende m\u00e9connue"}]},{"@type":"WebSite","@id":"https:\/\/footdavant.fr\/actualites\/#website","url":"https:\/\/footdavant.fr\/actualites\/","name":"Foot d'avant","description":"","publisher":{"@id":"https:\/\/footdavant.fr\/actualites\/#organization"},"potentialAction":[{"@type":"SearchAction","target":{"@type":"EntryPoint","urlTemplate":"https:\/\/footdavant.fr\/actualites\/?s={search_term_string}"},"query-input":"required name=search_term_string"}],"inLanguage":"fr-FR"},{"@type":"Organization","@id":"https:\/\/footdavant.fr\/actualites\/#organization","name":"Foot d'avant","url":"https:\/\/footdavant.fr\/actualites\/","logo":{"@type":"ImageObject","inLanguage":"fr-FR","@id":"https:\/\/footdavant.fr\/actualites\/#\/schema\/logo\/image\/","url":"https:\/\/footdavant.fr\/actualites\/wp-content\/uploads\/2023\/09\/Copy-of-FootDavant-Logo.png","contentUrl":"https:\/\/footdavant.fr\/actualites\/wp-content\/uploads\/2023\/09\/Copy-of-FootDavant-Logo.png","width":936,"height":549,"caption":"Foot d'avant"},"image":{"@id":"https:\/\/footdavant.fr\/actualites\/#\/schema\/logo\/image\/"},"sameAs":["https:\/\/www.facebook.com\/Footdavant\/","https:\/\/twitter.com\/FootdavantFr","https:\/\/www.instagram.com\/footdavant.fr\/"]},{"@type":"Person","@id":"https:\/\/footdavant.fr\/actualites\/#\/schema\/person\/bc222566d95871b37e597b3ed3ba5e1d","name":"Cl\u00e9ment","image":{"@type":"ImageObject","inLanguage":"fr-FR","@id":"https:\/\/footdavant.fr\/actualites\/#\/schema\/person\/image\/","url":"https:\/\/secure.gravatar.com\/avatar\/7728b29aac2719421e1a9159b2254c44?s=96&d=mm&r=g","contentUrl":"https:\/\/secure.gravatar.com\/avatar\/7728b29aac2719421e1a9159b2254c44?s=96&d=mm&r=g","caption":"Cl\u00e9ment"},"sameAs":["https:\/\/footdavant.fr\/"]}]}},"_links":{"self":[{"href":"https:\/\/footdavant.fr\/actualites\/wp-json\/wp\/v2\/posts\/16172"}],"collection":[{"href":"https:\/\/footdavant.fr\/actualites\/wp-json\/wp\/v2\/posts"}],"about":[{"href":"https:\/\/footdavant.fr\/actualites\/wp-json\/wp\/v2\/types\/post"}],"author":[{"embeddable":true,"href":"https:\/\/footdavant.fr\/actualites\/wp-json\/wp\/v2\/users\/1"}],"replies":[{"embeddable":true,"href":"https:\/\/footdavant.fr\/actualites\/wp-json\/wp\/v2\/comments?post=16172"}],"version-history":[{"count":1,"href":"https:\/\/footdavant.fr\/actualites\/wp-json\/wp\/v2\/posts\/16172\/revisions"}],"predecessor-version":[{"id":16174,"href":"https:\/\/footdavant.fr\/actualites\/wp-json\/wp\/v2\/posts\/16172\/revisions\/16174"}],"wp:featuredmedia":[{"embeddable":true,"href":"https:\/\/footdavant.fr\/actualites\/wp-json\/wp\/v2\/media\/16173"}],"wp:attachment":[{"href":"https:\/\/footdavant.fr\/actualites\/wp-json\/wp\/v2\/media?parent=16172"}],"wp:term":[{"taxonomy":"category","embeddable":true,"href":"https:\/\/footdavant.fr\/actualites\/wp-json\/wp\/v2\/categories?post=16172"},{"taxonomy":"post_tag","embeddable":true,"href":"https:\/\/footdavant.fr\/actualites\/wp-json\/wp\/v2\/tags?post=16172"}],"curies":[{"name":"wp","href":"https:\/\/api.w.org\/{rel}","templated":true}]}}