{"id":16178,"date":"2024-11-13T21:48:56","date_gmt":"2024-11-13T20:48:56","guid":{"rendered":"https:\/\/footdavant.fr\/actualites\/club-de-bruges-contre-aston-villa-lequipe-de-premier-league-cherche-a-ecrire-lhistoire-de-la-ligue-des-champions\/"},"modified":"2024-11-13T21:48:57","modified_gmt":"2024-11-13T20:48:57","slug":"club-de-bruges-contre-aston-villa-lequipe-de-premier-league-cherche-a-ecrire-lhistoire-de-la-ligue-des-champions","status":"publish","type":"post","link":"https:\/\/footdavant.fr\/actualites\/club-de-bruges-contre-aston-villa-lequipe-de-premier-league-cherche-a-ecrire-lhistoire-de-la-ligue-des-champions\/","title":{"rendered":"Club de Bruges contre Aston Villa : l\u2019\u00e9quipe de Premier League cherche \u00e0 \u00e9crire l\u2019histoire de la Ligue des Champions"},"content":{"rendered":"<p>Aston Villa tentera d&#39;entrer dans l&#39;histoire de la Ligue des champions lorsqu&#39;elle affrontera le Club de Bruges en Belgique mercredi soir.<\/p>\n<div id=\"article_body\" itemprop=\"articleBody\">\n<h3 class=\"firstPara\">\n<strong class=\"autotag\">Villa Aston<\/strong> va essayer de faire <strong class=\"autotag\">Ligue des Champions<\/strong> l&#39;histoire quand ils s&#39;affrontent <strong class=\"autotag\">Club de Bruges<\/strong> le mercredi soir.<\/h3>\n<p>Pour la premi\u00e8re fois, l&#39;\u00e9quipe des West Midlands tente d&#39;\u00e9quilibrer ses efforts en Premier League avec des matchs au sommet du football europ\u00e9en.<\/p>\n<p>Jusqu&#39;au 26 octobre <strong class=\"autotag\">Unai Emery<\/strong>L&#39;\u00e9quipe d&#39;Angleterre peut se targuer d&#39;avoir impressionn\u00e9 sur les deux sc\u00e8nes apr\u00e8s avoir r\u00e9colt\u00e9 17 points lors de ses huit premiers matches dans l&#39;\u00e9lite anglaise.<\/p>\n<p>Cependant, le fait d&#39;avoir accumul\u00e9 un seul point lors des rencontres avec Bournemouth et Tottenham Hotspur a laiss\u00e9 Villa \u00e0 la sixi\u00e8me place du classement. <strong>Tableau de la Premier League<\/strong>\u00e0 sept points du leader Liverpool.<\/p>\n<p>Bien que Villa n&#39;ait d\u00e9sormais remport\u00e9 aucun de ses trois derniers matchs toutes comp\u00e9titions confondues, ils font le voyage en Belgique avec l&#39;espoir de r\u00e9aliser quelque chose qui n&#39;a jamais \u00e9t\u00e9 r\u00e9alis\u00e9 en Ligue des champions.<\/p>\n<p class=\"imgI\">\n<h2 class=\"k3\">Quel disque est \u00e0 gagner ?<\/h2>\n<p>Villa n&#39;est d\u00e9j\u00e0 que le quatri\u00e8me club de l&#39;histoire de la comp\u00e9tition \u00e0 remporter ses trois premiers matches.<\/p>\n<p>Durant les premi\u00e8res ann\u00e9es qui ont suivi la cr\u00e9ation de la Ligue des Champions, l&#39;AC Milan (1993), le Paris Saint-Germain (1994) et la Juventus (1995) ont tous enregistr\u00e9 autant de victoires successives.<\/p>\n<p>N\u00e9anmoins, aucune des \u00e9quipes susmentionn\u00e9es n&#39;a enregistr\u00e9 de feuilles blanches lors de chacun de ces triomphes, contrairement \u00e0 Villa qui a blanchi les Young Boys, le Bayern Munich et Bologne.<\/p>\n<p>Par cons\u00e9quent, Villa peut devenir la premi\u00e8re \u00e9quipe \u00e0 remporter ses quatre premiers matches de Ligue des champions, ainsi qu\u2019\u00e0 conserver une quatri\u00e8me cage inviol\u00e9e cons\u00e9cutive dans ce qui pourrait \u00eatre un record qui r\u00e9siste \u00e0 l\u2019\u00e9preuve du temps.<\/p>\n<p class=\"imgI\">\n<h2 class=\"k3\">Le bilan du Club de Bruges joue en faveur de Villa&#8230;<\/h2>\n<p>En 2022, le Club de Bruges a incroyablement enregistr\u00e9 trois victoires successives en Ligue des Champions, battant le Bayer Leverkusen, Porto et l&#39;Atletico Madrid.<\/p>\n<p>Depuis lors, cependant, ils n&#39;ont gagn\u00e9 qu&#39;un seul de leurs huit derniers matches, perdant chacun des trois matches qui se sont d\u00e9roul\u00e9s au stade Jan Breydel.<\/p>\n<p>Plus particuli\u00e8rement, les Bleu-Noir n&#39;ont pas r\u00e9ussi \u00e0 marquer lors de chacun de ces matches contre Porto, Benfica et le Borussia Dortmund, encaissant neuf fois au passage.<\/p>\n<p>La derni\u00e8re fois, <strong class=\"autotag\">Nicky Hayen<\/strong>L&#39;\u00e9quipe de s&#39;est inclin\u00e9e 3-1 face \u00e0 l&#39;AC Milan, pas aid\u00e9e par l&#39;expulsion de <strong class=\"autotag\">Rapha\u00ebl Onyedika<\/strong>.<\/p>\n<\/div>\n","protected":false},"excerpt":{"rendered":"<p>Aston Villa tentera d&#39;entrer dans l&#39;histoire de la Ligue des champions lorsqu&#39;elle affrontera le Club de Bruges en Belgique mercredi soir. Villa Aston va essayer<\/p>\n","protected":false},"author":1,"featured_media":14447,"comment_status":"closed","ping_status":"","sticky":false,"template":"","format":"standard","meta":{"footnotes":""},"categories":[4],"tags":[369,3743,31,1765,333,20,12,4093,202,9,2566,30,201,370],"yoast_head":"<!-- This site is optimized with the Yoast SEO plugin v21.0 - https:\/\/yoast.com\/wordpress\/plugins\/seo\/ -->\n<title>Club de Bruges contre Aston Villa : l\u2019\u00e9quipe de Premier League cherche \u00e0 \u00e9crire l\u2019histoire de la Ligue des Champions<\/title>\n<meta name=\"robots\" content=\"index, follow, max-snippet:-1, max-image-preview:large, max-video-preview:-1\" \/>\n<link rel=\"canonical\" href=\"https:\/\/footdavant.fr\/actualites\/club-de-bruges-contre-aston-villa-lequipe-de-premier-league-cherche-a-ecrire-lhistoire-de-la-ligue-des-champions\/\" \/>\n<meta property=\"og:locale\" content=\"fr_FR\" \/>\n<meta property=\"og:type\" content=\"article\" \/>\n<meta property=\"og:title\" content=\"Club de Bruges contre Aston Villa : l\u2019\u00e9quipe de Premier League cherche \u00e0 \u00e9crire l\u2019histoire de la Ligue des Champions\" \/>\n<meta property=\"og:description\" content=\"Aston Villa tentera d&#039;entrer dans l&#039;histoire de la Ligue des champions lorsqu&#039;elle affrontera le Club de Bruges en Belgique mercredi soir. Villa Aston va essayer\" \/>\n<meta property=\"og:url\" content=\"https:\/\/footdavant.fr\/actualites\/club-de-bruges-contre-aston-villa-lequipe-de-premier-league-cherche-a-ecrire-lhistoire-de-la-ligue-des-champions\/\" \/>\n<meta property=\"og:site_name\" content=\"Foot d&#039;avant\" \/>\n<meta property=\"article:publisher\" content=\"https:\/\/www.facebook.com\/Footdavant\/\" \/>\n<meta property=\"article:published_time\" content=\"2024-11-13T20:48:56+00:00\" \/>\n<meta property=\"article:modified_time\" content=\"2024-11-13T20:48:57+00:00\" \/>\n<meta property=\"og:image\" content=\"https:\/\/footdavant.fr\/actualites\/wp-content\/uploads\/2024\/10\/Aston-Villa-1-0-Bayern-Munich-Jhon-Duran-decrit-comme.jpg\" \/>\n\t<meta property=\"og:image:width\" content=\"1280\" \/>\n\t<meta property=\"og:image:height\" content=\"960\" \/>\n\t<meta property=\"og:image:type\" content=\"image\/jpeg\" \/>\n<meta name=\"author\" content=\"Cl\u00e9ment\" \/>\n<meta name=\"twitter:card\" content=\"summary_large_image\" \/>\n<meta name=\"twitter:creator\" content=\"@FootdavantFr\" \/>\n<meta name=\"twitter:site\" content=\"@FootdavantFr\" \/>\n<meta name=\"twitter:label1\" content=\"\u00c9crit par\" \/>\n\t<meta name=\"twitter:data1\" content=\"Cl\u00e9ment\" \/>\n\t<meta name=\"twitter:label2\" content=\"Dur\u00e9e de lecture estim\u00e9e\" \/>\n\t<meta name=\"twitter:data2\" content=\"2 minutes\" \/>\n<script type=\"application\/ld+json\" class=\"yoast-schema-graph\">{\"@context\":\"https:\/\/schema.org\",\"@graph\":[{\"@type\":\"Article\",\"@id\":\"https:\/\/footdavant.fr\/actualites\/club-de-bruges-contre-aston-villa-lequipe-de-premier-league-cherche-a-ecrire-lhistoire-de-la-ligue-des-champions\/#article\",\"isPartOf\":{\"@id\":\"https:\/\/footdavant.fr\/actualites\/club-de-bruges-contre-aston-villa-lequipe-de-premier-league-cherche-a-ecrire-lhistoire-de-la-ligue-des-champions\/\"},\"author\":{\"name\":\"Cl\u00e9ment\",\"@id\":\"https:\/\/footdavant.fr\/actualites\/#\/schema\/person\/bc222566d95871b37e597b3ed3ba5e1d\"},\"headline\":\"Club de Bruges contre Aston Villa : l\u2019\u00e9quipe de Premier League cherche \u00e0 \u00e9crire l\u2019histoire de la Ligue des Champions\",\"datePublished\":\"2024-11-13T20:48:56+00:00\",\"dateModified\":\"2024-11-13T20:48:57+00:00\",\"mainEntityOfPage\":{\"@id\":\"https:\/\/footdavant.fr\/actualites\/club-de-bruges-contre-aston-villa-lequipe-de-premier-league-cherche-a-ecrire-lhistoire-de-la-ligue-des-champions\/\"},\"wordCount\":462,\"publisher\":{\"@id\":\"https:\/\/footdavant.fr\/actualites\/#organization\"},\"keywords\":[\"Aston\",\"Bruges\",\"champions\",\"cherche\",\"club\",\"contre\",\"des\",\"\u00e9crire\",\"League\",\"l\u00e9quipe\",\"lhistoire\",\"Ligue\",\"Premier\",\"Villa\"],\"articleSection\":[\"Champions League\"],\"inLanguage\":\"fr-FR\"},{\"@type\":\"WebPage\",\"@id\":\"https:\/\/footdavant.fr\/actualites\/club-de-bruges-contre-aston-villa-lequipe-de-premier-league-cherche-a-ecrire-lhistoire-de-la-ligue-des-champions\/\",\"url\":\"https:\/\/footdavant.fr\/actualites\/club-de-bruges-contre-aston-villa-lequipe-de-premier-league-cherche-a-ecrire-lhistoire-de-la-ligue-des-champions\/\",\"name\":\"Club de Bruges contre Aston Villa : l\u2019\u00e9quipe de Premier League cherche \u00e0 \u00e9crire l\u2019histoire de la Ligue des Champions\",\"isPartOf\":{\"@id\":\"https:\/\/footdavant.fr\/actualites\/#website\"},\"datePublished\":\"2024-11-13T20:48:56+00:00\",\"dateModified\":\"2024-11-13T20:48:57+00:00\",\"breadcrumb\":{\"@id\":\"https:\/\/footdavant.fr\/actualites\/club-de-bruges-contre-aston-villa-lequipe-de-premier-league-cherche-a-ecrire-lhistoire-de-la-ligue-des-champions\/#breadcrumb\"},\"inLanguage\":\"fr-FR\",\"potentialAction\":[{\"@type\":\"ReadAction\",\"target\":[\"https:\/\/footdavant.fr\/actualites\/club-de-bruges-contre-aston-villa-lequipe-de-premier-league-cherche-a-ecrire-lhistoire-de-la-ligue-des-champions\/\"]}]},{\"@type\":\"BreadcrumbList\",\"@id\":\"https:\/\/footdavant.fr\/actualites\/club-de-bruges-contre-aston-villa-lequipe-de-premier-league-cherche-a-ecrire-lhistoire-de-la-ligue-des-champions\/#breadcrumb\",\"itemListElement\":[{\"@type\":\"ListItem\",\"position\":1,\"name\":\"Accueil\",\"item\":\"https:\/\/footdavant.fr\/actualites\/\"},{\"@type\":\"ListItem\",\"position\":2,\"name\":\"Club de Bruges contre Aston Villa : l\u2019\u00e9quipe de Premier League cherche \u00e0 \u00e9crire l\u2019histoire de la Ligue des Champions\"}]},{\"@type\":\"WebSite\",\"@id\":\"https:\/\/footdavant.fr\/actualites\/#website\",\"url\":\"https:\/\/footdavant.fr\/actualites\/\",\"name\":\"Foot d'avant\",\"description\":\"\",\"publisher\":{\"@id\":\"https:\/\/footdavant.fr\/actualites\/#organization\"},\"potentialAction\":[{\"@type\":\"SearchAction\",\"target\":{\"@type\":\"EntryPoint\",\"urlTemplate\":\"https:\/\/footdavant.fr\/actualites\/?s={search_term_string}\"},\"query-input\":\"required name=search_term_string\"}],\"inLanguage\":\"fr-FR\"},{\"@type\":\"Organization\",\"@id\":\"https:\/\/footdavant.fr\/actualites\/#organization\",\"name\":\"Foot d'avant\",\"url\":\"https:\/\/footdavant.fr\/actualites\/\",\"logo\":{\"@type\":\"ImageObject\",\"inLanguage\":\"fr-FR\",\"@id\":\"https:\/\/footdavant.fr\/actualites\/#\/schema\/logo\/image\/\",\"url\":\"https:\/\/footdavant.fr\/actualites\/wp-content\/uploads\/2023\/09\/Copy-of-FootDavant-Logo.png\",\"contentUrl\":\"https:\/\/footdavant.fr\/actualites\/wp-content\/uploads\/2023\/09\/Copy-of-FootDavant-Logo.png\",\"width\":936,\"height\":549,\"caption\":\"Foot d'avant\"},\"image\":{\"@id\":\"https:\/\/footdavant.fr\/actualites\/#\/schema\/logo\/image\/\"},\"sameAs\":[\"https:\/\/www.facebook.com\/Footdavant\/\",\"https:\/\/twitter.com\/FootdavantFr\",\"https:\/\/www.instagram.com\/footdavant.fr\/\"]},{\"@type\":\"Person\",\"@id\":\"https:\/\/footdavant.fr\/actualites\/#\/schema\/person\/bc222566d95871b37e597b3ed3ba5e1d\",\"name\":\"Cl\u00e9ment\",\"image\":{\"@type\":\"ImageObject\",\"inLanguage\":\"fr-FR\",\"@id\":\"https:\/\/footdavant.fr\/actualites\/#\/schema\/person\/image\/\",\"url\":\"https:\/\/secure.gravatar.com\/avatar\/7728b29aac2719421e1a9159b2254c44?s=96&d=mm&r=g\",\"contentUrl\":\"https:\/\/secure.gravatar.com\/avatar\/7728b29aac2719421e1a9159b2254c44?s=96&d=mm&r=g\",\"caption\":\"Cl\u00e9ment\"},\"sameAs\":[\"https:\/\/footdavant.fr\/\"]}]}<\/script>\n<!-- \/ Yoast SEO plugin. -->","yoast_head_json":{"title":"Club de Bruges contre Aston Villa : l\u2019\u00e9quipe de Premier League cherche \u00e0 \u00e9crire l\u2019histoire de la Ligue des Champions","robots":{"index":"index","follow":"follow","max-snippet":"max-snippet:-1","max-image-preview":"max-image-preview:large","max-video-preview":"max-video-preview:-1"},"canonical":"https:\/\/footdavant.fr\/actualites\/club-de-bruges-contre-aston-villa-lequipe-de-premier-league-cherche-a-ecrire-lhistoire-de-la-ligue-des-champions\/","og_locale":"fr_FR","og_type":"article","og_title":"Club de Bruges contre Aston Villa : l\u2019\u00e9quipe de Premier League cherche \u00e0 \u00e9crire l\u2019histoire de la Ligue des Champions","og_description":"Aston Villa tentera d&#39;entrer dans l&#39;histoire de la Ligue des champions lorsqu&#39;elle affrontera le Club de Bruges en Belgique mercredi soir. Villa Aston va essayer","og_url":"https:\/\/footdavant.fr\/actualites\/club-de-bruges-contre-aston-villa-lequipe-de-premier-league-cherche-a-ecrire-lhistoire-de-la-ligue-des-champions\/","og_site_name":"Foot d&#039;avant","article_publisher":"https:\/\/www.facebook.com\/Footdavant\/","article_published_time":"2024-11-13T20:48:56+00:00","article_modified_time":"2024-11-13T20:48:57+00:00","og_image":[{"width":1280,"height":960,"url":"https:\/\/footdavant.fr\/actualites\/wp-content\/uploads\/2024\/10\/Aston-Villa-1-0-Bayern-Munich-Jhon-Duran-decrit-comme.jpg","type":"image\/jpeg"}],"author":"Cl\u00e9ment","twitter_card":"summary_large_image","twitter_creator":"@FootdavantFr","twitter_site":"@FootdavantFr","twitter_misc":{"\u00c9crit par":"Cl\u00e9ment","Dur\u00e9e de lecture estim\u00e9e":"2 minutes"},"schema":{"@context":"https:\/\/schema.org","@graph":[{"@type":"Article","@id":"https:\/\/footdavant.fr\/actualites\/club-de-bruges-contre-aston-villa-lequipe-de-premier-league-cherche-a-ecrire-lhistoire-de-la-ligue-des-champions\/#article","isPartOf":{"@id":"https:\/\/footdavant.fr\/actualites\/club-de-bruges-contre-aston-villa-lequipe-de-premier-league-cherche-a-ecrire-lhistoire-de-la-ligue-des-champions\/"},"author":{"name":"Cl\u00e9ment","@id":"https:\/\/footdavant.fr\/actualites\/#\/schema\/person\/bc222566d95871b37e597b3ed3ba5e1d"},"headline":"Club de Bruges contre Aston Villa : l\u2019\u00e9quipe de Premier League cherche \u00e0 \u00e9crire l\u2019histoire de la Ligue des Champions","datePublished":"2024-11-13T20:48:56+00:00","dateModified":"2024-11-13T20:48:57+00:00","mainEntityOfPage":{"@id":"https:\/\/footdavant.fr\/actualites\/club-de-bruges-contre-aston-villa-lequipe-de-premier-league-cherche-a-ecrire-lhistoire-de-la-ligue-des-champions\/"},"wordCount":462,"publisher":{"@id":"https:\/\/footdavant.fr\/actualites\/#organization"},"keywords":["Aston","Bruges","champions","cherche","club","contre","des","\u00e9crire","League","l\u00e9quipe","lhistoire","Ligue","Premier","Villa"],"articleSection":["Champions League"],"inLanguage":"fr-FR"},{"@type":"WebPage","@id":"https:\/\/footdavant.fr\/actualites\/club-de-bruges-contre-aston-villa-lequipe-de-premier-league-cherche-a-ecrire-lhistoire-de-la-ligue-des-champions\/","url":"https:\/\/footdavant.fr\/actualites\/club-de-bruges-contre-aston-villa-lequipe-de-premier-league-cherche-a-ecrire-lhistoire-de-la-ligue-des-champions\/","name":"Club de Bruges contre Aston Villa : l\u2019\u00e9quipe de Premier League cherche \u00e0 \u00e9crire l\u2019histoire de la Ligue des Champions","isPartOf":{"@id":"https:\/\/footdavant.fr\/actualites\/#website"},"datePublished":"2024-11-13T20:48:56+00:00","dateModified":"2024-11-13T20:48:57+00:00","breadcrumb":{"@id":"https:\/\/footdavant.fr\/actualites\/club-de-bruges-contre-aston-villa-lequipe-de-premier-league-cherche-a-ecrire-lhistoire-de-la-ligue-des-champions\/#breadcrumb"},"inLanguage":"fr-FR","potentialAction":[{"@type":"ReadAction","target":["https:\/\/footdavant.fr\/actualites\/club-de-bruges-contre-aston-villa-lequipe-de-premier-league-cherche-a-ecrire-lhistoire-de-la-ligue-des-champions\/"]}]},{"@type":"BreadcrumbList","@id":"https:\/\/footdavant.fr\/actualites\/club-de-bruges-contre-aston-villa-lequipe-de-premier-league-cherche-a-ecrire-lhistoire-de-la-ligue-des-champions\/#breadcrumb","itemListElement":[{"@type":"ListItem","position":1,"name":"Accueil","item":"https:\/\/footdavant.fr\/actualites\/"},{"@type":"ListItem","position":2,"name":"Club de Bruges contre Aston Villa : l\u2019\u00e9quipe de Premier League cherche \u00e0 \u00e9crire l\u2019histoire de la Ligue des Champions"}]},{"@type":"WebSite","@id":"https:\/\/footdavant.fr\/actualites\/#website","url":"https:\/\/footdavant.fr\/actualites\/","name":"Foot d'avant","description":"","publisher":{"@id":"https:\/\/footdavant.fr\/actualites\/#organization"},"potentialAction":[{"@type":"SearchAction","target":{"@type":"EntryPoint","urlTemplate":"https:\/\/footdavant.fr\/actualites\/?s={search_term_string}"},"query-input":"required name=search_term_string"}],"inLanguage":"fr-FR"},{"@type":"Organization","@id":"https:\/\/footdavant.fr\/actualites\/#organization","name":"Foot d'avant","url":"https:\/\/footdavant.fr\/actualites\/","logo":{"@type":"ImageObject","inLanguage":"fr-FR","@id":"https:\/\/footdavant.fr\/actualites\/#\/schema\/logo\/image\/","url":"https:\/\/footdavant.fr\/actualites\/wp-content\/uploads\/2023\/09\/Copy-of-FootDavant-Logo.png","contentUrl":"https:\/\/footdavant.fr\/actualites\/wp-content\/uploads\/2023\/09\/Copy-of-FootDavant-Logo.png","width":936,"height":549,"caption":"Foot d'avant"},"image":{"@id":"https:\/\/footdavant.fr\/actualites\/#\/schema\/logo\/image\/"},"sameAs":["https:\/\/www.facebook.com\/Footdavant\/","https:\/\/twitter.com\/FootdavantFr","https:\/\/www.instagram.com\/footdavant.fr\/"]},{"@type":"Person","@id":"https:\/\/footdavant.fr\/actualites\/#\/schema\/person\/bc222566d95871b37e597b3ed3ba5e1d","name":"Cl\u00e9ment","image":{"@type":"ImageObject","inLanguage":"fr-FR","@id":"https:\/\/footdavant.fr\/actualites\/#\/schema\/person\/image\/","url":"https:\/\/secure.gravatar.com\/avatar\/7728b29aac2719421e1a9159b2254c44?s=96&d=mm&r=g","contentUrl":"https:\/\/secure.gravatar.com\/avatar\/7728b29aac2719421e1a9159b2254c44?s=96&d=mm&r=g","caption":"Cl\u00e9ment"},"sameAs":["https:\/\/footdavant.fr\/"]}]}},"_links":{"self":[{"href":"https:\/\/footdavant.fr\/actualites\/wp-json\/wp\/v2\/posts\/16178"}],"collection":[{"href":"https:\/\/footdavant.fr\/actualites\/wp-json\/wp\/v2\/posts"}],"about":[{"href":"https:\/\/footdavant.fr\/actualites\/wp-json\/wp\/v2\/types\/post"}],"author":[{"embeddable":true,"href":"https:\/\/footdavant.fr\/actualites\/wp-json\/wp\/v2\/users\/1"}],"replies":[{"embeddable":true,"href":"https:\/\/footdavant.fr\/actualites\/wp-json\/wp\/v2\/comments?post=16178"}],"version-history":[{"count":1,"href":"https:\/\/footdavant.fr\/actualites\/wp-json\/wp\/v2\/posts\/16178\/revisions"}],"predecessor-version":[{"id":16179,"href":"https:\/\/footdavant.fr\/actualites\/wp-json\/wp\/v2\/posts\/16178\/revisions\/16179"}],"wp:featuredmedia":[{"embeddable":true,"href":"https:\/\/footdavant.fr\/actualites\/wp-json\/wp\/v2\/media\/14447"}],"wp:attachment":[{"href":"https:\/\/footdavant.fr\/actualites\/wp-json\/wp\/v2\/media?parent=16178"}],"wp:term":[{"taxonomy":"category","embeddable":true,"href":"https:\/\/footdavant.fr\/actualites\/wp-json\/wp\/v2\/categories?post=16178"},{"taxonomy":"post_tag","embeddable":true,"href":"https:\/\/footdavant.fr\/actualites\/wp-json\/wp\/v2\/tags?post=16178"}],"curies":[{"name":"wp","href":"https:\/\/api.w.org\/{rel}","templated":true}]}}