{"id":16183,"date":"2024-11-14T00:48:50","date_gmt":"2024-11-13T23:48:50","guid":{"rendered":"https:\/\/footdavant.fr\/actualites\/ruud-van-nistelrooy-a-exhorte-les-joueurs-de-manchester-united-a-soutenir-ruben-amorim-dans-son-dernier-message\/"},"modified":"2024-11-14T00:48:54","modified_gmt":"2024-11-13T23:48:54","slug":"ruud-van-nistelrooy-a-exhorte-les-joueurs-de-manchester-united-a-soutenir-ruben-amorim-dans-son-dernier-message","status":"publish","type":"post","link":"https:\/\/footdavant.fr\/actualites\/ruud-van-nistelrooy-a-exhorte-les-joueurs-de-manchester-united-a-soutenir-ruben-amorim-dans-son-dernier-message\/","title":{"rendered":"Ruud van Nistelrooy a exhort\u00e9 les joueurs de Manchester United \u00e0 soutenir Ruben Amorim dans son dernier message &#8211;"},"content":{"rendered":"<div id=\"penci-post-entry-inner\">\n<p>\t\t\t<i class=\"penci-post-countview-number-check\" style=\"display:none\">3<\/i><\/p>\n<p>Dans son dernier message en tant qu&#39;entra\u00eeneur par int\u00e9rim de Manchester United, Ruud van Nistelrooy aurait demand\u00e9 \u00e0 ses joueurs de soutenir Ruben Amorim.<\/p>\n<p>Van Nistelrooy est revenu \u00e0 United avant la nouvelle saison pour assister Erik ten Hag malgr\u00e9 un passage impressionnant au PSV en tant que manager. Cependant, la d\u00e9cision d&#39;INEOS de r\u00e9organiser le personnel de Ten Hag n&#39;a pas donn\u00e9 les r\u00e9sultats escompt\u00e9s et le N\u00e9erlandais s&#39;est finalement vu montrer la porte de sortie. <\/p>\n<p>L&#39;ancien attaquant s&#39;est vu confier la responsabilit\u00e9 de diriger les Diables Rouges \u00e0 titre int\u00e9rimaire. Il a fait un travail louable pour stabiliser le navire, alors que United est rest\u00e9 invaincu et a remport\u00e9 trois de ses quatre matchs sous sa tutelle.<\/p>\n<p>Selon The Sun, le favori des fans a exhort\u00e9 ses joueurs \u00e0 \u00ab soutenir \u00bb Amorim et \u00e0 \u00ab travailler dur pour ramener les jours de gloire sous le nouveau patron \u00bb avant de signer en tant qu\u2019entra\u00eeneur par int\u00e9rim avec une victoire 3-0 sur Leicester City.<\/p>\n<p>Une source aurait d\u00e9clar\u00e9 au m\u00e9dia que la l\u00e9gende du club souhaitait rester \u00e0 United mais avait en m\u00eame temps compris qu&#39;Amorim pourrait avoir ses propres id\u00e9es.<\/p>\n<p>La source a ajout\u00e9 : \u00ab Il a dit aux joueurs qu&#39;il \u00e9tait tr\u00e8s heureux d&#39;\u00eatre revenu et d&#39;avoir eu la chance de diriger le club pendant quatre matchs. Cela a aid\u00e9 sa carri\u00e8re de manager, renforc\u00e9 ses liens d\u00e9j\u00e0 forts avec United et il n&#39;a pas abandonn\u00e9 l&#39;id\u00e9e qu&#39;il pourrait \u00eatre de retour un jour.<\/p>\n<p>\u00ab\u00a0Il a fait comprendre tout cela clairement aux joueurs et a exig\u00e9 qu&#39;ils donnent tout au nouveau manager.\u00a0\u00bb<\/p>\n<p>Le Sun avait pr\u00e9c\u00e9demment rapport\u00e9 que l&#39;\u00e9quipe premi\u00e8re souhaitait \u00e9galement que Van Nistelrooy reste \u00e0 Carrington sous Amorim.<\/p>\n<p>Cependant, Amorim avait clairement des projets diff\u00e9rents. Il est arriv\u00e9 \u00e0 Carrington lundi et, quelques heures plus tard, il a \u00e9t\u00e9 annonc\u00e9 que Van Nistelrooy ainsi que Ren\u00e9 Hake, Jelle ten Rouwelaar et Pieter Morel avaient quitt\u00e9 le club.<\/p>\n<p>Le tacticien portugais a connu un niveau de r\u00e9ussite remarquable au Sporting CP avec son \u00e9quipe de confiance, qui devrait faire partie de son projet \u00e0 Manchester.<\/p>\n<p>Il est entendu que Carlos Fernandes, Emanuel Ferro, Adelio Candido, Jorge Vital et Paulo Barreira formeront l&#39;\u00e9quipe des coulisses du nouveau patron de United.<\/p>\n<p>Fait int\u00e9ressant, Amorim devrait garder Darren Fletcher et Andreas Georgson. Le premier est \u00e0 United depuis 2020 et le second a \u00e9t\u00e9 ajout\u00e9 au staff du club par le directeur technique Jason Wilcox cet \u00e9t\u00e9.<\/p>\n<\/p>\n<p><!-- CONTENT END 3 --><\/p><\/div>\n","protected":false},"excerpt":{"rendered":"<p>3 Dans son dernier message en tant qu&#39;entra\u00eeneur par int\u00e9rim de Manchester United, Ruud van Nistelrooy aurait demand\u00e9 \u00e0 ses joueurs de soutenir Ruben Amorim.<\/p>\n","protected":false},"author":1,"featured_media":16184,"comment_status":"closed","ping_status":"","sticky":false,"template":"","format":"standard","meta":{"footnotes":""},"categories":[3],"tags":[4477,19,2317,136,220,93,11,678,4169,160,4168,86,4783,13,783],"yoast_head":"<!-- This site is optimized with the Yoast SEO plugin v21.0 - https:\/\/yoast.com\/wordpress\/plugins\/seo\/ -->\n<title>Ruud van Nistelrooy a exhort\u00e9 les joueurs de Manchester United \u00e0 soutenir Ruben Amorim dans son dernier message -<\/title>\n<meta name=\"robots\" content=\"index, follow, max-snippet:-1, max-image-preview:large, max-video-preview:-1\" \/>\n<link rel=\"canonical\" href=\"https:\/\/footdavant.fr\/actualites\/ruud-van-nistelrooy-a-exhorte-les-joueurs-de-manchester-united-a-soutenir-ruben-amorim-dans-son-dernier-message\/\" \/>\n<meta property=\"og:locale\" content=\"fr_FR\" \/>\n<meta property=\"og:type\" content=\"article\" \/>\n<meta property=\"og:title\" content=\"Ruud van Nistelrooy a exhort\u00e9 les joueurs de Manchester United \u00e0 soutenir Ruben Amorim dans son dernier message -\" \/>\n<meta property=\"og:description\" content=\"3 Dans son dernier message en tant qu&#039;entra\u00eeneur par int\u00e9rim de Manchester United, Ruud van Nistelrooy aurait demand\u00e9 \u00e0 ses joueurs de soutenir Ruben Amorim.\" \/>\n<meta property=\"og:url\" content=\"https:\/\/footdavant.fr\/actualites\/ruud-van-nistelrooy-a-exhorte-les-joueurs-de-manchester-united-a-soutenir-ruben-amorim-dans-son-dernier-message\/\" \/>\n<meta property=\"og:site_name\" content=\"Foot d&#039;avant\" \/>\n<meta property=\"article:publisher\" content=\"https:\/\/www.facebook.com\/Footdavant\/\" \/>\n<meta property=\"article:published_time\" content=\"2024-11-13T23:48:50+00:00\" \/>\n<meta property=\"article:modified_time\" content=\"2024-11-13T23:48:54+00:00\" \/>\n<meta property=\"og:image\" content=\"https:\/\/footdavant.fr\/actualites\/wp-content\/uploads\/2024\/11\/Ruud-van-Nistelrooy-a-exhorte-les-joueurs-de-Manchester-United.jpg\" \/>\n\t<meta property=\"og:image:width\" content=\"1600\" \/>\n\t<meta property=\"og:image:height\" content=\"708\" \/>\n\t<meta property=\"og:image:type\" content=\"image\/jpeg\" \/>\n<meta name=\"author\" content=\"Cl\u00e9ment\" \/>\n<meta name=\"twitter:card\" content=\"summary_large_image\" \/>\n<meta name=\"twitter:creator\" content=\"@FootdavantFr\" \/>\n<meta name=\"twitter:site\" content=\"@FootdavantFr\" \/>\n<meta name=\"twitter:label1\" content=\"\u00c9crit par\" \/>\n\t<meta name=\"twitter:data1\" content=\"Cl\u00e9ment\" \/>\n\t<meta name=\"twitter:label2\" content=\"Dur\u00e9e de lecture estim\u00e9e\" \/>\n\t<meta name=\"twitter:data2\" content=\"2 minutes\" \/>\n<script type=\"application\/ld+json\" class=\"yoast-schema-graph\">{\"@context\":\"https:\/\/schema.org\",\"@graph\":[{\"@type\":\"Article\",\"@id\":\"https:\/\/footdavant.fr\/actualites\/ruud-van-nistelrooy-a-exhorte-les-joueurs-de-manchester-united-a-soutenir-ruben-amorim-dans-son-dernier-message\/#article\",\"isPartOf\":{\"@id\":\"https:\/\/footdavant.fr\/actualites\/ruud-van-nistelrooy-a-exhorte-les-joueurs-de-manchester-united-a-soutenir-ruben-amorim-dans-son-dernier-message\/\"},\"author\":{\"name\":\"Cl\u00e9ment\",\"@id\":\"https:\/\/footdavant.fr\/actualites\/#\/schema\/person\/bc222566d95871b37e597b3ed3ba5e1d\"},\"headline\":\"Ruud van Nistelrooy a exhort\u00e9 les joueurs de Manchester United \u00e0 soutenir Ruben Amorim dans son dernier message &#8211;\",\"datePublished\":\"2024-11-13T23:48:50+00:00\",\"dateModified\":\"2024-11-13T23:48:54+00:00\",\"mainEntityOfPage\":{\"@id\":\"https:\/\/footdavant.fr\/actualites\/ruud-van-nistelrooy-a-exhorte-les-joueurs-de-manchester-united-a-soutenir-ruben-amorim-dans-son-dernier-message\/\"},\"wordCount\":453,\"publisher\":{\"@id\":\"https:\/\/footdavant.fr\/actualites\/#organization\"},\"keywords\":[\"Amorim\",\"dans\",\"dernier\",\"exhorte\",\"joueurs\",\"les\",\"Manchester\",\"message\",\"Nistelrooy\",\"Ruben\",\"Ruud\",\"son\",\"soutenir\",\"United\",\"van\"],\"articleSection\":[\"Football\"],\"inLanguage\":\"fr-FR\"},{\"@type\":\"WebPage\",\"@id\":\"https:\/\/footdavant.fr\/actualites\/ruud-van-nistelrooy-a-exhorte-les-joueurs-de-manchester-united-a-soutenir-ruben-amorim-dans-son-dernier-message\/\",\"url\":\"https:\/\/footdavant.fr\/actualites\/ruud-van-nistelrooy-a-exhorte-les-joueurs-de-manchester-united-a-soutenir-ruben-amorim-dans-son-dernier-message\/\",\"name\":\"Ruud van Nistelrooy a exhort\u00e9 les joueurs de Manchester United \u00e0 soutenir Ruben Amorim dans son dernier message -\",\"isPartOf\":{\"@id\":\"https:\/\/footdavant.fr\/actualites\/#website\"},\"datePublished\":\"2024-11-13T23:48:50+00:00\",\"dateModified\":\"2024-11-13T23:48:54+00:00\",\"breadcrumb\":{\"@id\":\"https:\/\/footdavant.fr\/actualites\/ruud-van-nistelrooy-a-exhorte-les-joueurs-de-manchester-united-a-soutenir-ruben-amorim-dans-son-dernier-message\/#breadcrumb\"},\"inLanguage\":\"fr-FR\",\"potentialAction\":[{\"@type\":\"ReadAction\",\"target\":[\"https:\/\/footdavant.fr\/actualites\/ruud-van-nistelrooy-a-exhorte-les-joueurs-de-manchester-united-a-soutenir-ruben-amorim-dans-son-dernier-message\/\"]}]},{\"@type\":\"BreadcrumbList\",\"@id\":\"https:\/\/footdavant.fr\/actualites\/ruud-van-nistelrooy-a-exhorte-les-joueurs-de-manchester-united-a-soutenir-ruben-amorim-dans-son-dernier-message\/#breadcrumb\",\"itemListElement\":[{\"@type\":\"ListItem\",\"position\":1,\"name\":\"Accueil\",\"item\":\"https:\/\/footdavant.fr\/actualites\/\"},{\"@type\":\"ListItem\",\"position\":2,\"name\":\"Ruud van Nistelrooy a exhort\u00e9 les joueurs de Manchester United \u00e0 soutenir Ruben Amorim dans son dernier message &#8211;\"}]},{\"@type\":\"WebSite\",\"@id\":\"https:\/\/footdavant.fr\/actualites\/#website\",\"url\":\"https:\/\/footdavant.fr\/actualites\/\",\"name\":\"Foot d'avant\",\"description\":\"\",\"publisher\":{\"@id\":\"https:\/\/footdavant.fr\/actualites\/#organization\"},\"potentialAction\":[{\"@type\":\"SearchAction\",\"target\":{\"@type\":\"EntryPoint\",\"urlTemplate\":\"https:\/\/footdavant.fr\/actualites\/?s={search_term_string}\"},\"query-input\":\"required name=search_term_string\"}],\"inLanguage\":\"fr-FR\"},{\"@type\":\"Organization\",\"@id\":\"https:\/\/footdavant.fr\/actualites\/#organization\",\"name\":\"Foot d'avant\",\"url\":\"https:\/\/footdavant.fr\/actualites\/\",\"logo\":{\"@type\":\"ImageObject\",\"inLanguage\":\"fr-FR\",\"@id\":\"https:\/\/footdavant.fr\/actualites\/#\/schema\/logo\/image\/\",\"url\":\"https:\/\/footdavant.fr\/actualites\/wp-content\/uploads\/2023\/09\/Copy-of-FootDavant-Logo.png\",\"contentUrl\":\"https:\/\/footdavant.fr\/actualites\/wp-content\/uploads\/2023\/09\/Copy-of-FootDavant-Logo.png\",\"width\":936,\"height\":549,\"caption\":\"Foot d'avant\"},\"image\":{\"@id\":\"https:\/\/footdavant.fr\/actualites\/#\/schema\/logo\/image\/\"},\"sameAs\":[\"https:\/\/www.facebook.com\/Footdavant\/\",\"https:\/\/twitter.com\/FootdavantFr\",\"https:\/\/www.instagram.com\/footdavant.fr\/\"]},{\"@type\":\"Person\",\"@id\":\"https:\/\/footdavant.fr\/actualites\/#\/schema\/person\/bc222566d95871b37e597b3ed3ba5e1d\",\"name\":\"Cl\u00e9ment\",\"image\":{\"@type\":\"ImageObject\",\"inLanguage\":\"fr-FR\",\"@id\":\"https:\/\/footdavant.fr\/actualites\/#\/schema\/person\/image\/\",\"url\":\"https:\/\/secure.gravatar.com\/avatar\/7728b29aac2719421e1a9159b2254c44?s=96&d=mm&r=g\",\"contentUrl\":\"https:\/\/secure.gravatar.com\/avatar\/7728b29aac2719421e1a9159b2254c44?s=96&d=mm&r=g\",\"caption\":\"Cl\u00e9ment\"},\"sameAs\":[\"https:\/\/footdavant.fr\/\"]}]}<\/script>\n<!-- \/ Yoast SEO plugin. -->","yoast_head_json":{"title":"Ruud van Nistelrooy a exhort\u00e9 les joueurs de Manchester United \u00e0 soutenir Ruben Amorim dans son dernier message -","robots":{"index":"index","follow":"follow","max-snippet":"max-snippet:-1","max-image-preview":"max-image-preview:large","max-video-preview":"max-video-preview:-1"},"canonical":"https:\/\/footdavant.fr\/actualites\/ruud-van-nistelrooy-a-exhorte-les-joueurs-de-manchester-united-a-soutenir-ruben-amorim-dans-son-dernier-message\/","og_locale":"fr_FR","og_type":"article","og_title":"Ruud van Nistelrooy a exhort\u00e9 les joueurs de Manchester United \u00e0 soutenir Ruben Amorim dans son dernier message -","og_description":"3 Dans son dernier message en tant qu&#39;entra\u00eeneur par int\u00e9rim de Manchester United, Ruud van Nistelrooy aurait demand\u00e9 \u00e0 ses joueurs de soutenir Ruben Amorim.","og_url":"https:\/\/footdavant.fr\/actualites\/ruud-van-nistelrooy-a-exhorte-les-joueurs-de-manchester-united-a-soutenir-ruben-amorim-dans-son-dernier-message\/","og_site_name":"Foot d&#039;avant","article_publisher":"https:\/\/www.facebook.com\/Footdavant\/","article_published_time":"2024-11-13T23:48:50+00:00","article_modified_time":"2024-11-13T23:48:54+00:00","og_image":[{"width":1600,"height":708,"url":"https:\/\/footdavant.fr\/actualites\/wp-content\/uploads\/2024\/11\/Ruud-van-Nistelrooy-a-exhorte-les-joueurs-de-Manchester-United.jpg","type":"image\/jpeg"}],"author":"Cl\u00e9ment","twitter_card":"summary_large_image","twitter_creator":"@FootdavantFr","twitter_site":"@FootdavantFr","twitter_misc":{"\u00c9crit par":"Cl\u00e9ment","Dur\u00e9e de lecture estim\u00e9e":"2 minutes"},"schema":{"@context":"https:\/\/schema.org","@graph":[{"@type":"Article","@id":"https:\/\/footdavant.fr\/actualites\/ruud-van-nistelrooy-a-exhorte-les-joueurs-de-manchester-united-a-soutenir-ruben-amorim-dans-son-dernier-message\/#article","isPartOf":{"@id":"https:\/\/footdavant.fr\/actualites\/ruud-van-nistelrooy-a-exhorte-les-joueurs-de-manchester-united-a-soutenir-ruben-amorim-dans-son-dernier-message\/"},"author":{"name":"Cl\u00e9ment","@id":"https:\/\/footdavant.fr\/actualites\/#\/schema\/person\/bc222566d95871b37e597b3ed3ba5e1d"},"headline":"Ruud van Nistelrooy a exhort\u00e9 les joueurs de Manchester United \u00e0 soutenir Ruben Amorim dans son dernier message &#8211;","datePublished":"2024-11-13T23:48:50+00:00","dateModified":"2024-11-13T23:48:54+00:00","mainEntityOfPage":{"@id":"https:\/\/footdavant.fr\/actualites\/ruud-van-nistelrooy-a-exhorte-les-joueurs-de-manchester-united-a-soutenir-ruben-amorim-dans-son-dernier-message\/"},"wordCount":453,"publisher":{"@id":"https:\/\/footdavant.fr\/actualites\/#organization"},"keywords":["Amorim","dans","dernier","exhorte","joueurs","les","Manchester","message","Nistelrooy","Ruben","Ruud","son","soutenir","United","van"],"articleSection":["Football"],"inLanguage":"fr-FR"},{"@type":"WebPage","@id":"https:\/\/footdavant.fr\/actualites\/ruud-van-nistelrooy-a-exhorte-les-joueurs-de-manchester-united-a-soutenir-ruben-amorim-dans-son-dernier-message\/","url":"https:\/\/footdavant.fr\/actualites\/ruud-van-nistelrooy-a-exhorte-les-joueurs-de-manchester-united-a-soutenir-ruben-amorim-dans-son-dernier-message\/","name":"Ruud van Nistelrooy a exhort\u00e9 les joueurs de Manchester United \u00e0 soutenir Ruben Amorim dans son dernier message -","isPartOf":{"@id":"https:\/\/footdavant.fr\/actualites\/#website"},"datePublished":"2024-11-13T23:48:50+00:00","dateModified":"2024-11-13T23:48:54+00:00","breadcrumb":{"@id":"https:\/\/footdavant.fr\/actualites\/ruud-van-nistelrooy-a-exhorte-les-joueurs-de-manchester-united-a-soutenir-ruben-amorim-dans-son-dernier-message\/#breadcrumb"},"inLanguage":"fr-FR","potentialAction":[{"@type":"ReadAction","target":["https:\/\/footdavant.fr\/actualites\/ruud-van-nistelrooy-a-exhorte-les-joueurs-de-manchester-united-a-soutenir-ruben-amorim-dans-son-dernier-message\/"]}]},{"@type":"BreadcrumbList","@id":"https:\/\/footdavant.fr\/actualites\/ruud-van-nistelrooy-a-exhorte-les-joueurs-de-manchester-united-a-soutenir-ruben-amorim-dans-son-dernier-message\/#breadcrumb","itemListElement":[{"@type":"ListItem","position":1,"name":"Accueil","item":"https:\/\/footdavant.fr\/actualites\/"},{"@type":"ListItem","position":2,"name":"Ruud van Nistelrooy a exhort\u00e9 les joueurs de Manchester United \u00e0 soutenir Ruben Amorim dans son dernier message &#8211;"}]},{"@type":"WebSite","@id":"https:\/\/footdavant.fr\/actualites\/#website","url":"https:\/\/footdavant.fr\/actualites\/","name":"Foot d'avant","description":"","publisher":{"@id":"https:\/\/footdavant.fr\/actualites\/#organization"},"potentialAction":[{"@type":"SearchAction","target":{"@type":"EntryPoint","urlTemplate":"https:\/\/footdavant.fr\/actualites\/?s={search_term_string}"},"query-input":"required name=search_term_string"}],"inLanguage":"fr-FR"},{"@type":"Organization","@id":"https:\/\/footdavant.fr\/actualites\/#organization","name":"Foot d'avant","url":"https:\/\/footdavant.fr\/actualites\/","logo":{"@type":"ImageObject","inLanguage":"fr-FR","@id":"https:\/\/footdavant.fr\/actualites\/#\/schema\/logo\/image\/","url":"https:\/\/footdavant.fr\/actualites\/wp-content\/uploads\/2023\/09\/Copy-of-FootDavant-Logo.png","contentUrl":"https:\/\/footdavant.fr\/actualites\/wp-content\/uploads\/2023\/09\/Copy-of-FootDavant-Logo.png","width":936,"height":549,"caption":"Foot d'avant"},"image":{"@id":"https:\/\/footdavant.fr\/actualites\/#\/schema\/logo\/image\/"},"sameAs":["https:\/\/www.facebook.com\/Footdavant\/","https:\/\/twitter.com\/FootdavantFr","https:\/\/www.instagram.com\/footdavant.fr\/"]},{"@type":"Person","@id":"https:\/\/footdavant.fr\/actualites\/#\/schema\/person\/bc222566d95871b37e597b3ed3ba5e1d","name":"Cl\u00e9ment","image":{"@type":"ImageObject","inLanguage":"fr-FR","@id":"https:\/\/footdavant.fr\/actualites\/#\/schema\/person\/image\/","url":"https:\/\/secure.gravatar.com\/avatar\/7728b29aac2719421e1a9159b2254c44?s=96&d=mm&r=g","contentUrl":"https:\/\/secure.gravatar.com\/avatar\/7728b29aac2719421e1a9159b2254c44?s=96&d=mm&r=g","caption":"Cl\u00e9ment"},"sameAs":["https:\/\/footdavant.fr\/"]}]}},"_links":{"self":[{"href":"https:\/\/footdavant.fr\/actualites\/wp-json\/wp\/v2\/posts\/16183"}],"collection":[{"href":"https:\/\/footdavant.fr\/actualites\/wp-json\/wp\/v2\/posts"}],"about":[{"href":"https:\/\/footdavant.fr\/actualites\/wp-json\/wp\/v2\/types\/post"}],"author":[{"embeddable":true,"href":"https:\/\/footdavant.fr\/actualites\/wp-json\/wp\/v2\/users\/1"}],"replies":[{"embeddable":true,"href":"https:\/\/footdavant.fr\/actualites\/wp-json\/wp\/v2\/comments?post=16183"}],"version-history":[{"count":1,"href":"https:\/\/footdavant.fr\/actualites\/wp-json\/wp\/v2\/posts\/16183\/revisions"}],"predecessor-version":[{"id":16185,"href":"https:\/\/footdavant.fr\/actualites\/wp-json\/wp\/v2\/posts\/16183\/revisions\/16185"}],"wp:featuredmedia":[{"embeddable":true,"href":"https:\/\/footdavant.fr\/actualites\/wp-json\/wp\/v2\/media\/16184"}],"wp:attachment":[{"href":"https:\/\/footdavant.fr\/actualites\/wp-json\/wp\/v2\/media?parent=16183"}],"wp:term":[{"taxonomy":"category","embeddable":true,"href":"https:\/\/footdavant.fr\/actualites\/wp-json\/wp\/v2\/categories?post=16183"},{"taxonomy":"post_tag","embeddable":true,"href":"https:\/\/footdavant.fr\/actualites\/wp-json\/wp\/v2\/tags?post=16183"}],"curies":[{"name":"wp","href":"https:\/\/api.w.org\/{rel}","templated":true}]}}