{"id":16209,"date":"2024-11-14T18:49:29","date_gmt":"2024-11-14T17:49:29","guid":{"rendered":"https:\/\/footdavant.fr\/actualites\/declin-de-la-ligne-arriere-darsenal-quest-ce-qui-ne-va-pas-avec-la-defense-de-mikel-arteta-cette-saison\/"},"modified":"2024-11-14T18:49:30","modified_gmt":"2024-11-14T17:49:30","slug":"declin-de-la-ligne-arriere-darsenal-quest-ce-qui-ne-va-pas-avec-la-defense-de-mikel-arteta-cette-saison","status":"publish","type":"post","link":"https:\/\/footdavant.fr\/actualites\/declin-de-la-ligne-arriere-darsenal-quest-ce-qui-ne-va-pas-avec-la-defense-de-mikel-arteta-cette-saison\/","title":{"rendered":"D\u00e9clin de la ligne arri\u00e8re d&#39;Arsenal : qu&#39;est-ce qui ne va pas avec la d\u00e9fense de Mikel Arteta cette saison ?"},"content":{"rendered":"<p>L&#39;expert d&#39;Arsenal, Charles Watts, explique ce qui ne va pas avec la d\u00e9fense d&#39;Arsenal apr\u00e8s son septi\u00e8me match de Premier League au rebond sans cage inviol\u00e9e.<\/p>\n<div id=\"article_body\" itemprop=\"articleBody\">\n<p class=\"firstPara\">Aussi exquis que <strong class=\"autotag\">Pedro Neto<\/strong>L&#39;\u00e9galisation du Portugais a \u00e9t\u00e9 le \u00e9galiseur de 20 yards du Portugais pour Chelsea dimanche <strong>Match nul 1-1 en Premier League<\/strong> avec <strong class=\"autotag\">Arsenal<\/strong> \u00e9tait sans doute davantage li\u00e9 aux \u00e9checs d\u00e9fensifs inhabituels des Gunners.<\/p>\n<p>Chaque maillot rouge \u00e9tait derri\u00e8re le ballon quand <strong class=\"autotag\">Enzo Fern\u00e1ndez<\/strong> a recherch\u00e9 un co\u00e9quipier, et l&#39;Argentin a \u00e9t\u00e9 autoris\u00e9 \u00e0 choisir la course de Neto sans aucune pression, gr\u00e2ce \u00e0 un positionnement douteux de la part des membres de l&#39;arri\u00e8re-garde d&#39;Arsenal.<\/p>\n<p>\u00c9crans de milieu de terrain <strong class=\"autotag\">Declan Riz<\/strong> et <strong class=\"autotag\">Thomas Partey<\/strong> aurait s\u00fbrement d\u00fb occuper cette zone pour emp\u00eacher Neto de tirer ; au lieu de cela, les deux hommes \u00e9taient assis au bord de la surface de r\u00e9paration, laissant \u00e0 l&#39;ailier de Chelsea beaucoup trop de temps et d&#39;espace pour choisir sa place.<\/p>\n<p><strong class=\"autotag\">Jurrien Bois<\/strong> est arriv\u00e9 depuis l&#39;arri\u00e8re gauche pour essayer de lancer une jambe sur le chemin de la frappe de Neto, mais cela n&#39;a servi \u00e0 rien ; l&#39;ancien joueur des Wolverhampton Wanderers a marqu\u00e9 un point pour <strong class=\"autotag\">Enzo Maresca<\/strong>et a prolong\u00e9 une tendance \u00e0 la baisse alarmante pour la d\u00e9fense d&#39;Arsenal.<\/p>\n<p>Avec le gagnant du Golden Glove <strong class=\"autotag\">David Raya<\/strong> r\u00e9alisant de merveilleux arr\u00eats r\u00e9flexes cette saison, <strong class=\"autotag\">Gabriel Magalhaes<\/strong> dominant les batailles a\u00e9riennes \u00e0 gauche, \u00e0 droite et au centre et <strong class=\"autotag\">William Saliba<\/strong> \u00e9tant \u2013 enfin, William Saliba \u2013 la ligne arri\u00e8re d\u2019Arsenal a \u00e9t\u00e9 salu\u00e9e comme l\u2019une des plus mena\u00e7antes d\u2019Europe.<\/p>\n<p>Cependant, les Gunners n&#39;ont d\u00e9sormais pas r\u00e9ussi \u00e0 garder leur cage inviol\u00e9e lors de sept matches de Premier League, <strong>dernier blanchissage de son rival du nord de Londres, Tottenham Hotspur<\/strong> le 15 septembre pour l&#39;une des trois feuilles blanches qu&#39;ils ont enregistr\u00e9es lors de 11 sorties de haut niveau en 2024-25.<\/p>\n<h2 class=\"k3\">Les chiffres derri\u00e8re le d\u00e9clin d\u00e9fensif d&#39;Arsenal<\/h2>\n<p class=\"imgI\">\n<p>Depuis son retour du Tottenham Hotspur Stadium avec une victoire 1-0, Arsenal n&#39;a pas r\u00e9ussi \u00e0 tenir \u00e0 distance Chelsea, Liverpool, Bournemouth, Newcastle United, Southampton, Leicester City et Manchester City, et ces vuln\u00e9rabilit\u00e9s d\u00e9fensives ont jou\u00e9 un r\u00f4le \u00e9norme dans leur accusation de titre chancelante.<\/p>\n<p>D\u00e9sormais neuf points derri\u00e8re Liverpool et cinq sous Man City \u00e0 la quatri\u00e8me place du classement. <strong>Tableau de la Premier League<\/strong>Arsenal a encaiss\u00e9 trois buts de plus qu&#39;\u00e0 ce stade la saison derni\u00e8re &#8211; pas une augmentation massive mais une augmentation n\u00e9anmoins &#8211; et depuis le week-end d&#39;ouverture, ils n&#39;ont pas gard\u00e9 leur cage inviol\u00e9e \u00e0 domicile dans l&#39;\u00e9lite.<\/p>\n<p>Les 12 buts encaiss\u00e9s par l&#39;\u00e9quipe d&#39;Arteta les placent \u00e0 \u00e9galit\u00e9 avec le modeste Manchester United dans cette colonne particuli\u00e8re, tandis que Newcastle (11), Nottingham Forest (10) et Liverpool (six) affichent tous de meilleurs records d\u00e9fensifs que les Gunners.<\/p>\n<p>Tout n&#39;est pas sombre pour les hommes d&#39;Arteta sur le front de l&#39;arri\u00e8re-garde &#8211; ils en ont encaiss\u00e9 un de moins que Manchester City et Chelsea et n&#39;ont encaiss\u00e9 qu&#39;un but en quatre matches de Ligue des Champions jusqu&#39;\u00e0 pr\u00e9sent &#8211; mais les Gooners n&#39;ont plus totalement confiance en leur ligne de d\u00e9fense pour fermez les \u00e9coutilles.<\/p>\n<p>Les blessures et les suspensions n&#39;ont pas aid\u00e9 la cause d&#39;Arteta sur ce front ; l&#39;Espagnol vient de perdre <strong class=\"autotag\">Ben Blanc<\/strong> pendant huit semaines en raison d&#39;un probl\u00e8me au genou qu&#39;il souffrait depuis plusieurs semaines, tandis que Jurrien Timber, <strong class=\"autotag\">Riccardo Calafiori<\/strong>Saliba et Gabriel ont tous pass\u00e9 du temps \u00e0 l&#39;\u00e9cart pour une raison ou une autre.<\/p>\n<h2 class=\"k3\">Arsenal a eu sept arri\u00e8res diff\u00e9rents en Premier League 2024-25<\/h2>\n<p><iframe loading=\"lazy\" title=\"The reason behind Arsenal&#039;s defensive decline | @CharlesWattsAFCnews\" width=\"1200\" height=\"675\" src=\"https:\/\/www.youtube.com\/embed\/wtyBHH1lEwY?feature=oembed\" frameborder=\"0\" allow=\"accelerometer; autoplay; clipboard-write; encrypted-media; gyroscope; picture-in-picture; web-share\" referrerpolicy=\"strict-origin-when-cross-origin\" allowfullscreen><\/iframe><\/p>\n<p>En cons\u00e9quence, Arteta a souvent \u00e9t\u00e9 contraint de modifier sa d\u00e9fense en Premier League, et les 11 matches de haut niveau des Gunners jusqu&#39;\u00e0 pr\u00e9sent les ont vu \u00e9liminer sept lignes de fond diff\u00e9rentes au total.<\/p>\n<p>La combinaison la plus courante cette saison a \u00e9t\u00e9 la d\u00e9fense White-Saliba-Gabriel-Timber, celle qui a d\u00e9but\u00e9 contre Chelsea et qui a \u00e9galement \u00e9t\u00e9 responsable des feuilles blanches contre Aston Villa et Tottenham.<\/p>\n<p>Cependant, Arsenal n&#39;a connu le m\u00eame d\u00e9part en arri\u00e8re-plan que lors d&#39;un maximum de trois matchs cons\u00e9cutifs de Premier League cette saison, la configuration White-Saliba-Gabriel-Timber \u00e9tant utilis\u00e9e successivement contre Villa, Brighton &#038; Hove Albion et les Spurs.<\/p>\n<p>Arteta a ensuite introduit Calafiori dans le r\u00f4le d&#39;arri\u00e8re gauche et a d\u00fb faire face \u00e0 la blessure de White et \u00e0 la suspension de Saliba, ce qui a vu Arsenal mettre en place quatre combinaisons d\u00e9fensives diff\u00e9rentes en quatre matchs cons\u00e9cutifs contre Southampton, Bournemouth, Liverpool et Newcastle.<\/p>\n<p>Sans surprise, Arsenal n&#39;a pas r\u00e9ussi \u00e0 garder sa cage inviol\u00e9e dans aucun de ces matchs, tout en perdant Gabriel et Timber sur blessure contre Liverpool lors de la neuvi\u00e8me semaine et en se passant de Rice contre Newcastle en raison de son probl\u00e8me d&#39;orteil.<\/p>\n<h3 class=\"m4\">Les combinaisons de d\u00e9fense d&#39;Arsenal lors de la saison 2024-25 de Premier League<\/h3>\n<p><strong>Semaine de jeu 1\u00a0:<\/strong> Blanc-Saliba-Gabriel-Zinchenko<br \/><strong>Semaine de jeu 2\u00a0:<\/strong> Blanc-Saliba-Gabriel-Timber<br \/><strong>Semaine de jeu 3\u00a0:<\/strong> Blanc-Saliba-Gabriel-Timber<br \/><strong>Semaine de jeu 4\u00a0:<\/strong> Blanc-Saliba-Gabriel-Timber<br \/><strong>Semaine de jeu 5\u00a0:<\/strong> Bois-Saliba-Gabriel-Calafiori<br \/><strong>Semaine de jeu 6\u00a0:<\/strong> Bois-Saliba-Gabriel-Calafiori<br \/><strong>Semaine de jeu 7\u00a0:<\/strong> Partey-Saliba-Gabriel-Calafiori<br \/><strong>Semaine de jeu 8\u00a0:<\/strong> Blanc-Saliba-Gabriel-Calafiori<br \/><strong>Semaine de jeu 9\u00a0:<\/strong> Partey-Blanc-Gabriel-Timber<br \/><strong>Semaine de jeu 10\u00a0:<\/strong> Partey-Saliba-Gabriel-Timber<br \/><strong>Semaine de jeu 11\u00a0:<\/strong> Blanc-Saliba-Gabriel-Timber<\/p>\n<p><strong>Taupe de sport<\/strong> a r\u00e9cemment parl\u00e9 \u00e0 un expert d&#39;Arsenal <strong class=\"autotag\">Charles Watts<\/strong> pour identifier exactement ce qui ne va pas avec la d\u00e9fense des Gunners cette saison. Appuyez sur play sur la vid\u00e9o ci-dessus pour regarder la discussion compl\u00e8te.<\/p>\n<hr>\n<\/div>\n","protected":false},"excerpt":{"rendered":"<p>L&#39;expert d&#39;Arsenal, Charles Watts, explique ce qui ne va pas avec la d\u00e9fense d&#39;Arsenal apr\u00e8s son septi\u00e8me match de Premier League au rebond sans cage<\/p>\n","protected":false},"author":1,"featured_media":16210,"comment_status":"closed","ping_status":"","sticky":false,"template":"","format":"standard","meta":{"footnotes":""},"categories":[5],"tags":[2620,211,91,1222,4221,7043,225,405,210,71,6016,243,482],"yoast_head":"<!-- This site is optimized with the Yoast SEO plugin v21.0 - https:\/\/yoast.com\/wordpress\/plugins\/seo\/ -->\n<title>D\u00e9clin de la ligne arri\u00e8re d&#039;Arsenal : qu&#039;est-ce qui ne va pas avec la d\u00e9fense de Mikel Arteta cette saison ?<\/title>\n<meta name=\"robots\" content=\"index, follow, max-snippet:-1, max-image-preview:large, max-video-preview:-1\" \/>\n<link rel=\"canonical\" href=\"https:\/\/footdavant.fr\/actualites\/declin-de-la-ligne-arriere-darsenal-quest-ce-qui-ne-va-pas-avec-la-defense-de-mikel-arteta-cette-saison\/\" \/>\n<meta property=\"og:locale\" content=\"fr_FR\" \/>\n<meta property=\"og:type\" content=\"article\" \/>\n<meta property=\"og:title\" content=\"D\u00e9clin de la ligne arri\u00e8re d&#039;Arsenal : qu&#039;est-ce qui ne va pas avec la d\u00e9fense de Mikel Arteta cette saison ?\" \/>\n<meta property=\"og:description\" content=\"L&#039;expert d&#039;Arsenal, Charles Watts, explique ce qui ne va pas avec la d\u00e9fense d&#039;Arsenal apr\u00e8s son septi\u00e8me match de Premier League au rebond sans cage\" \/>\n<meta property=\"og:url\" content=\"https:\/\/footdavant.fr\/actualites\/declin-de-la-ligne-arriere-darsenal-quest-ce-qui-ne-va-pas-avec-la-defense-de-mikel-arteta-cette-saison\/\" \/>\n<meta property=\"og:site_name\" content=\"Foot d&#039;avant\" \/>\n<meta property=\"article:publisher\" content=\"https:\/\/www.facebook.com\/Footdavant\/\" \/>\n<meta property=\"article:published_time\" content=\"2024-11-14T17:49:29+00:00\" \/>\n<meta property=\"article:modified_time\" content=\"2024-11-14T17:49:30+00:00\" \/>\n<meta property=\"og:image\" content=\"https:\/\/footdavant.fr\/actualites\/wp-content\/uploads\/2024\/11\/Declin-de-la-ligne-arriere-d39Arsenal-qu39est-ce-qui-ne.jpg\" \/>\n\t<meta property=\"og:image:width\" content=\"640\" \/>\n\t<meta property=\"og:image:height\" content=\"480\" \/>\n\t<meta property=\"og:image:type\" content=\"image\/jpeg\" \/>\n<meta name=\"author\" content=\"Cl\u00e9ment\" \/>\n<meta name=\"twitter:card\" content=\"summary_large_image\" \/>\n<meta name=\"twitter:creator\" content=\"@FootdavantFr\" \/>\n<meta name=\"twitter:site\" content=\"@FootdavantFr\" \/>\n<meta name=\"twitter:label1\" content=\"\u00c9crit par\" \/>\n\t<meta name=\"twitter:data1\" content=\"Cl\u00e9ment\" \/>\n\t<meta name=\"twitter:label2\" content=\"Dur\u00e9e de lecture estim\u00e9e\" \/>\n\t<meta name=\"twitter:data2\" content=\"5 minutes\" \/>\n<script type=\"application\/ld+json\" class=\"yoast-schema-graph\">{\"@context\":\"https:\/\/schema.org\",\"@graph\":[{\"@type\":\"Article\",\"@id\":\"https:\/\/footdavant.fr\/actualites\/declin-de-la-ligne-arriere-darsenal-quest-ce-qui-ne-va-pas-avec-la-defense-de-mikel-arteta-cette-saison\/#article\",\"isPartOf\":{\"@id\":\"https:\/\/footdavant.fr\/actualites\/declin-de-la-ligne-arriere-darsenal-quest-ce-qui-ne-va-pas-avec-la-defense-de-mikel-arteta-cette-saison\/\"},\"author\":{\"name\":\"Cl\u00e9ment\",\"@id\":\"https:\/\/footdavant.fr\/actualites\/#\/schema\/person\/bc222566d95871b37e597b3ed3ba5e1d\"},\"headline\":\"D\u00e9clin de la ligne arri\u00e8re d&#39;Arsenal : qu&#39;est-ce qui ne va pas avec la d\u00e9fense de Mikel Arteta cette saison ?\",\"datePublished\":\"2024-11-14T17:49:29+00:00\",\"dateModified\":\"2024-11-14T17:49:30+00:00\",\"mainEntityOfPage\":{\"@id\":\"https:\/\/footdavant.fr\/actualites\/declin-de-la-ligne-arriere-darsenal-quest-ce-qui-ne-va-pas-avec-la-defense-de-mikel-arteta-cette-saison\/\"},\"wordCount\":1000,\"publisher\":{\"@id\":\"https:\/\/footdavant.fr\/actualites\/#organization\"},\"keywords\":[\"arri\u00e8re\",\"Arteta\",\"avec\",\"cette\",\"d39Arsenal\",\"D\u00e9clin\",\"d\u00e9fense\",\"ligne\",\"Mikel\",\"pas\",\"Qu39estce\",\"qui\",\"saison\"],\"articleSection\":[\"Premier League\"],\"inLanguage\":\"fr-FR\"},{\"@type\":\"WebPage\",\"@id\":\"https:\/\/footdavant.fr\/actualites\/declin-de-la-ligne-arriere-darsenal-quest-ce-qui-ne-va-pas-avec-la-defense-de-mikel-arteta-cette-saison\/\",\"url\":\"https:\/\/footdavant.fr\/actualites\/declin-de-la-ligne-arriere-darsenal-quest-ce-qui-ne-va-pas-avec-la-defense-de-mikel-arteta-cette-saison\/\",\"name\":\"D\u00e9clin de la ligne arri\u00e8re d&#39;Arsenal : qu&#39;est-ce qui ne va pas avec la d\u00e9fense de Mikel Arteta cette saison ?\",\"isPartOf\":{\"@id\":\"https:\/\/footdavant.fr\/actualites\/#website\"},\"datePublished\":\"2024-11-14T17:49:29+00:00\",\"dateModified\":\"2024-11-14T17:49:30+00:00\",\"breadcrumb\":{\"@id\":\"https:\/\/footdavant.fr\/actualites\/declin-de-la-ligne-arriere-darsenal-quest-ce-qui-ne-va-pas-avec-la-defense-de-mikel-arteta-cette-saison\/#breadcrumb\"},\"inLanguage\":\"fr-FR\",\"potentialAction\":[{\"@type\":\"ReadAction\",\"target\":[\"https:\/\/footdavant.fr\/actualites\/declin-de-la-ligne-arriere-darsenal-quest-ce-qui-ne-va-pas-avec-la-defense-de-mikel-arteta-cette-saison\/\"]}]},{\"@type\":\"BreadcrumbList\",\"@id\":\"https:\/\/footdavant.fr\/actualites\/declin-de-la-ligne-arriere-darsenal-quest-ce-qui-ne-va-pas-avec-la-defense-de-mikel-arteta-cette-saison\/#breadcrumb\",\"itemListElement\":[{\"@type\":\"ListItem\",\"position\":1,\"name\":\"Accueil\",\"item\":\"https:\/\/footdavant.fr\/actualites\/\"},{\"@type\":\"ListItem\",\"position\":2,\"name\":\"D\u00e9clin de la ligne arri\u00e8re d&#39;Arsenal : qu&#39;est-ce qui ne va pas avec la d\u00e9fense de Mikel Arteta cette saison ?\"}]},{\"@type\":\"WebSite\",\"@id\":\"https:\/\/footdavant.fr\/actualites\/#website\",\"url\":\"https:\/\/footdavant.fr\/actualites\/\",\"name\":\"Foot d'avant\",\"description\":\"\",\"publisher\":{\"@id\":\"https:\/\/footdavant.fr\/actualites\/#organization\"},\"potentialAction\":[{\"@type\":\"SearchAction\",\"target\":{\"@type\":\"EntryPoint\",\"urlTemplate\":\"https:\/\/footdavant.fr\/actualites\/?s={search_term_string}\"},\"query-input\":\"required name=search_term_string\"}],\"inLanguage\":\"fr-FR\"},{\"@type\":\"Organization\",\"@id\":\"https:\/\/footdavant.fr\/actualites\/#organization\",\"name\":\"Foot d'avant\",\"url\":\"https:\/\/footdavant.fr\/actualites\/\",\"logo\":{\"@type\":\"ImageObject\",\"inLanguage\":\"fr-FR\",\"@id\":\"https:\/\/footdavant.fr\/actualites\/#\/schema\/logo\/image\/\",\"url\":\"https:\/\/footdavant.fr\/actualites\/wp-content\/uploads\/2023\/09\/Copy-of-FootDavant-Logo.png\",\"contentUrl\":\"https:\/\/footdavant.fr\/actualites\/wp-content\/uploads\/2023\/09\/Copy-of-FootDavant-Logo.png\",\"width\":936,\"height\":549,\"caption\":\"Foot d'avant\"},\"image\":{\"@id\":\"https:\/\/footdavant.fr\/actualites\/#\/schema\/logo\/image\/\"},\"sameAs\":[\"https:\/\/www.facebook.com\/Footdavant\/\",\"https:\/\/twitter.com\/FootdavantFr\",\"https:\/\/www.instagram.com\/footdavant.fr\/\"]},{\"@type\":\"Person\",\"@id\":\"https:\/\/footdavant.fr\/actualites\/#\/schema\/person\/bc222566d95871b37e597b3ed3ba5e1d\",\"name\":\"Cl\u00e9ment\",\"image\":{\"@type\":\"ImageObject\",\"inLanguage\":\"fr-FR\",\"@id\":\"https:\/\/footdavant.fr\/actualites\/#\/schema\/person\/image\/\",\"url\":\"https:\/\/secure.gravatar.com\/avatar\/7728b29aac2719421e1a9159b2254c44?s=96&d=mm&r=g\",\"contentUrl\":\"https:\/\/secure.gravatar.com\/avatar\/7728b29aac2719421e1a9159b2254c44?s=96&d=mm&r=g\",\"caption\":\"Cl\u00e9ment\"},\"sameAs\":[\"https:\/\/footdavant.fr\/\"]}]}<\/script>\n<!-- \/ Yoast SEO plugin. -->","yoast_head_json":{"title":"D\u00e9clin de la ligne arri\u00e8re d&#39;Arsenal : qu&#39;est-ce qui ne va pas avec la d\u00e9fense de Mikel Arteta cette saison ?","robots":{"index":"index","follow":"follow","max-snippet":"max-snippet:-1","max-image-preview":"max-image-preview:large","max-video-preview":"max-video-preview:-1"},"canonical":"https:\/\/footdavant.fr\/actualites\/declin-de-la-ligne-arriere-darsenal-quest-ce-qui-ne-va-pas-avec-la-defense-de-mikel-arteta-cette-saison\/","og_locale":"fr_FR","og_type":"article","og_title":"D\u00e9clin de la ligne arri\u00e8re d&#39;Arsenal : qu&#39;est-ce qui ne va pas avec la d\u00e9fense de Mikel Arteta cette saison ?","og_description":"L&#39;expert d&#39;Arsenal, Charles Watts, explique ce qui ne va pas avec la d\u00e9fense d&#39;Arsenal apr\u00e8s son septi\u00e8me match de Premier League au rebond sans cage","og_url":"https:\/\/footdavant.fr\/actualites\/declin-de-la-ligne-arriere-darsenal-quest-ce-qui-ne-va-pas-avec-la-defense-de-mikel-arteta-cette-saison\/","og_site_name":"Foot d&#039;avant","article_publisher":"https:\/\/www.facebook.com\/Footdavant\/","article_published_time":"2024-11-14T17:49:29+00:00","article_modified_time":"2024-11-14T17:49:30+00:00","og_image":[{"width":640,"height":480,"url":"https:\/\/footdavant.fr\/actualites\/wp-content\/uploads\/2024\/11\/Declin-de-la-ligne-arriere-d39Arsenal-qu39est-ce-qui-ne.jpg","type":"image\/jpeg"}],"author":"Cl\u00e9ment","twitter_card":"summary_large_image","twitter_creator":"@FootdavantFr","twitter_site":"@FootdavantFr","twitter_misc":{"\u00c9crit par":"Cl\u00e9ment","Dur\u00e9e de lecture estim\u00e9e":"5 minutes"},"schema":{"@context":"https:\/\/schema.org","@graph":[{"@type":"Article","@id":"https:\/\/footdavant.fr\/actualites\/declin-de-la-ligne-arriere-darsenal-quest-ce-qui-ne-va-pas-avec-la-defense-de-mikel-arteta-cette-saison\/#article","isPartOf":{"@id":"https:\/\/footdavant.fr\/actualites\/declin-de-la-ligne-arriere-darsenal-quest-ce-qui-ne-va-pas-avec-la-defense-de-mikel-arteta-cette-saison\/"},"author":{"name":"Cl\u00e9ment","@id":"https:\/\/footdavant.fr\/actualites\/#\/schema\/person\/bc222566d95871b37e597b3ed3ba5e1d"},"headline":"D\u00e9clin de la ligne arri\u00e8re d&#39;Arsenal : qu&#39;est-ce qui ne va pas avec la d\u00e9fense de Mikel Arteta cette saison ?","datePublished":"2024-11-14T17:49:29+00:00","dateModified":"2024-11-14T17:49:30+00:00","mainEntityOfPage":{"@id":"https:\/\/footdavant.fr\/actualites\/declin-de-la-ligne-arriere-darsenal-quest-ce-qui-ne-va-pas-avec-la-defense-de-mikel-arteta-cette-saison\/"},"wordCount":1000,"publisher":{"@id":"https:\/\/footdavant.fr\/actualites\/#organization"},"keywords":["arri\u00e8re","Arteta","avec","cette","d39Arsenal","D\u00e9clin","d\u00e9fense","ligne","Mikel","pas","Qu39estce","qui","saison"],"articleSection":["Premier League"],"inLanguage":"fr-FR"},{"@type":"WebPage","@id":"https:\/\/footdavant.fr\/actualites\/declin-de-la-ligne-arriere-darsenal-quest-ce-qui-ne-va-pas-avec-la-defense-de-mikel-arteta-cette-saison\/","url":"https:\/\/footdavant.fr\/actualites\/declin-de-la-ligne-arriere-darsenal-quest-ce-qui-ne-va-pas-avec-la-defense-de-mikel-arteta-cette-saison\/","name":"D\u00e9clin de la ligne arri\u00e8re d&#39;Arsenal : qu&#39;est-ce qui ne va pas avec la d\u00e9fense de Mikel Arteta cette saison ?","isPartOf":{"@id":"https:\/\/footdavant.fr\/actualites\/#website"},"datePublished":"2024-11-14T17:49:29+00:00","dateModified":"2024-11-14T17:49:30+00:00","breadcrumb":{"@id":"https:\/\/footdavant.fr\/actualites\/declin-de-la-ligne-arriere-darsenal-quest-ce-qui-ne-va-pas-avec-la-defense-de-mikel-arteta-cette-saison\/#breadcrumb"},"inLanguage":"fr-FR","potentialAction":[{"@type":"ReadAction","target":["https:\/\/footdavant.fr\/actualites\/declin-de-la-ligne-arriere-darsenal-quest-ce-qui-ne-va-pas-avec-la-defense-de-mikel-arteta-cette-saison\/"]}]},{"@type":"BreadcrumbList","@id":"https:\/\/footdavant.fr\/actualites\/declin-de-la-ligne-arriere-darsenal-quest-ce-qui-ne-va-pas-avec-la-defense-de-mikel-arteta-cette-saison\/#breadcrumb","itemListElement":[{"@type":"ListItem","position":1,"name":"Accueil","item":"https:\/\/footdavant.fr\/actualites\/"},{"@type":"ListItem","position":2,"name":"D\u00e9clin de la ligne arri\u00e8re d&#39;Arsenal : qu&#39;est-ce qui ne va pas avec la d\u00e9fense de Mikel Arteta cette saison ?"}]},{"@type":"WebSite","@id":"https:\/\/footdavant.fr\/actualites\/#website","url":"https:\/\/footdavant.fr\/actualites\/","name":"Foot d'avant","description":"","publisher":{"@id":"https:\/\/footdavant.fr\/actualites\/#organization"},"potentialAction":[{"@type":"SearchAction","target":{"@type":"EntryPoint","urlTemplate":"https:\/\/footdavant.fr\/actualites\/?s={search_term_string}"},"query-input":"required name=search_term_string"}],"inLanguage":"fr-FR"},{"@type":"Organization","@id":"https:\/\/footdavant.fr\/actualites\/#organization","name":"Foot d'avant","url":"https:\/\/footdavant.fr\/actualites\/","logo":{"@type":"ImageObject","inLanguage":"fr-FR","@id":"https:\/\/footdavant.fr\/actualites\/#\/schema\/logo\/image\/","url":"https:\/\/footdavant.fr\/actualites\/wp-content\/uploads\/2023\/09\/Copy-of-FootDavant-Logo.png","contentUrl":"https:\/\/footdavant.fr\/actualites\/wp-content\/uploads\/2023\/09\/Copy-of-FootDavant-Logo.png","width":936,"height":549,"caption":"Foot d'avant"},"image":{"@id":"https:\/\/footdavant.fr\/actualites\/#\/schema\/logo\/image\/"},"sameAs":["https:\/\/www.facebook.com\/Footdavant\/","https:\/\/twitter.com\/FootdavantFr","https:\/\/www.instagram.com\/footdavant.fr\/"]},{"@type":"Person","@id":"https:\/\/footdavant.fr\/actualites\/#\/schema\/person\/bc222566d95871b37e597b3ed3ba5e1d","name":"Cl\u00e9ment","image":{"@type":"ImageObject","inLanguage":"fr-FR","@id":"https:\/\/footdavant.fr\/actualites\/#\/schema\/person\/image\/","url":"https:\/\/secure.gravatar.com\/avatar\/7728b29aac2719421e1a9159b2254c44?s=96&d=mm&r=g","contentUrl":"https:\/\/secure.gravatar.com\/avatar\/7728b29aac2719421e1a9159b2254c44?s=96&d=mm&r=g","caption":"Cl\u00e9ment"},"sameAs":["https:\/\/footdavant.fr\/"]}]}},"_links":{"self":[{"href":"https:\/\/footdavant.fr\/actualites\/wp-json\/wp\/v2\/posts\/16209"}],"collection":[{"href":"https:\/\/footdavant.fr\/actualites\/wp-json\/wp\/v2\/posts"}],"about":[{"href":"https:\/\/footdavant.fr\/actualites\/wp-json\/wp\/v2\/types\/post"}],"author":[{"embeddable":true,"href":"https:\/\/footdavant.fr\/actualites\/wp-json\/wp\/v2\/users\/1"}],"replies":[{"embeddable":true,"href":"https:\/\/footdavant.fr\/actualites\/wp-json\/wp\/v2\/comments?post=16209"}],"version-history":[{"count":1,"href":"https:\/\/footdavant.fr\/actualites\/wp-json\/wp\/v2\/posts\/16209\/revisions"}],"predecessor-version":[{"id":16211,"href":"https:\/\/footdavant.fr\/actualites\/wp-json\/wp\/v2\/posts\/16209\/revisions\/16211"}],"wp:featuredmedia":[{"embeddable":true,"href":"https:\/\/footdavant.fr\/actualites\/wp-json\/wp\/v2\/media\/16210"}],"wp:attachment":[{"href":"https:\/\/footdavant.fr\/actualites\/wp-json\/wp\/v2\/media?parent=16209"}],"wp:term":[{"taxonomy":"category","embeddable":true,"href":"https:\/\/footdavant.fr\/actualites\/wp-json\/wp\/v2\/categories?post=16209"},{"taxonomy":"post_tag","embeddable":true,"href":"https:\/\/footdavant.fr\/actualites\/wp-json\/wp\/v2\/tags?post=16209"}],"curies":[{"name":"wp","href":"https:\/\/api.w.org\/{rel}","templated":true}]}}