{"id":16212,"date":"2024-11-14T20:48:32","date_gmt":"2024-11-14T19:48:32","guid":{"rendered":"https:\/\/footdavant.fr\/actualites\/nouvelles-de-lequipe-onze-de-depart-confirmes-alors-que-kane-est-exclu-de-la-ligue-des-nations\/"},"modified":"2024-11-14T20:48:35","modified_gmt":"2024-11-14T19:48:35","slug":"nouvelles-de-lequipe-onze-de-depart-confirmes-alors-que-kane-est-exclu-de-la-ligue-des-nations","status":"publish","type":"post","link":"https:\/\/footdavant.fr\/actualites\/nouvelles-de-lequipe-onze-de-depart-confirmes-alors-que-kane-est-exclu-de-la-ligue-des-nations\/","title":{"rendered":"Nouvelles de l&#39;\u00e9quipe, onze de d\u00e9part confirm\u00e9s alors que Kane est exclu de la Ligue des Nations"},"content":{"rendered":"<div>\n<p>Le meilleur buteur de tous les temps en Angleterre, Harry Kane, a \u00e9t\u00e9 exclu de l&#39;\u00e9quipe de d\u00e9part des Trois Lions pour leur match de Ligue des Nations en Gr\u00e8ce.<\/p>\n<p>Ollie Watkins d&#39;Aston Villa est l&#39;attaquant absolu du manager par int\u00e9rim Lee Carsley \u00e0 Ath\u00e8nes, tandis que le milieu de terrain de Liverpool Curtis Jones fait sa premi\u00e8re titularisation.<\/p>\n<p>Le d\u00e9fenseur de Manchester City, Kyle Walker, dirige les visiteurs en l&#39;absence du skipper \u00e9tabli Kane, qui est sur le banc.<\/p>\n<h2><span id=\"England_team_vs_Greece\">\u00c9quipe d&#39;Angleterre contre Gr\u00e8ce<\/span><\/h2>\n<p>Kane du Bayern Munich est de loin le nom le plus exp\u00e9riment\u00e9 gard\u00e9 en r\u00e9serve par Carsley. Rico Lewis d\u00e9bute en d\u00e9fense, avec Conor Gallagher de l&#39;Atletico Madrid et Noni Madueke de Chelsea \u00e9galement parmi les inclusions surprises.<\/p>\n<p>Presque une \u00e9quipe compl\u00e8te de joueurs a abandonn\u00e9 l&#39;\u00e9quipe de Carsley, Kane critiquant publiquement le nombre de joueurs choisissant de ne pas voyager.<\/p>\n<p>  Pickford, Walker, Konsa, Guehi, Lewis, Jones, Gallagher, Bellingham, Madueke, Gordon, Watkins<\/p>\n<p>  Trafford, Henderson, Gibbs-White, Angel, Kane, Hall, Livramento, Quansah, Harwood-Bellis, Rogers, Bowen, Solanke<\/p>\n<h2><span id=\"Greece_vs_England\">Gr\u00e8ce contre Angleterre<\/span><\/h2>\n<p>Il y a trois changements pour la Gr\u00e8ce par rapport \u00e0 son \u00e9quipe titulaire qui s&#39;est impos\u00e9e 2-0 \u00e0 domicile contre la R\u00e9publique d&#39;Irlande le 13 octobre.<\/p>\n<p>Deux Konstantinos \u2013 Koulierakis de Wolfsburg et Tsimikas de Liverpool \u2013 entrent en jeu, tout comme Manolis Siopis de Cardiff City. Dimitrios Kourbelis est suspendu, tandis que Pantelis Chatzidiakos et Dimitris Giannoulis sont sur le banc.<\/p>\n<p>  Vlachodimos, Rota, Mavropanos, Koulierakis, Tsimikas, Siopis, Zaferis, Masouras, Bakasetas, Tzolis, Pavlidis<\/p>\n<p>  Tzolakis, Mandas, Vagiannidis, Retsos, Alexandropoulos, Ioannidis, Douvikas, Pelkas, Hatzidiakos, Konstantelias, Mantalos, Giannoulis<\/p>\n<h2><span id=\"England_vs_Greece_Result_vital_for_Three_Lions\">Angleterre vs Gr\u00e8ce : r\u00e9sultat vital pour les Three Lions<\/span><\/h2>\n<p>L&#39;Angleterre doit gagner pour avoir une chance de terminer en t\u00eate de son groupe et de remporter une promotion automatique en Ligue A, mais son test est difficile contre les adversaires ayant remport\u00e9 le plus de victoires dans la comp\u00e9tition depuis le d\u00e9but de la Ligue des Nations.<\/p>\n<p>La Gr\u00e8ce s&#39;est impos\u00e9e 2-1 \u00e0 Wembley le 10 octobre dans le cadre de sa s\u00e9rie actuelle de cinq victoires cons\u00e9cutives, dont deux contre la R\u00e9publique d&#39;Irlande et une \u00e0 domicile contre la Finlande en Ligue des Nations.<\/p>\n<p>L&#39;\u00e9galisation tardive de Jude Bellingham pour l&#39;Angleterre est le seul but encaiss\u00e9 par la Gr\u00e8ce depuis qu&#39;Ivan Jovanovic est devenu son entra\u00eeneur en juin, mais ils ont ripost\u00e9 pour triompher ce soir-l\u00e0 avec le deuxi\u00e8me but du match de Vangelis Pavlidis \u00e0 la 94e minute.<\/p>\n<\/p><\/div>\n","protected":false},"excerpt":{"rendered":"<p>Le meilleur buteur de tous les temps en Angleterre, Harry Kane, a \u00e9t\u00e9 exclu de l&#39;\u00e9quipe de d\u00e9part des Trois Lions pour leur match de<\/p>\n","protected":false},"author":1,"featured_media":16213,"comment_status":"closed","ping_status":"","sticky":false,"template":"","format":"standard","meta":{"footnotes":""},"categories":[3],"tags":[318,5327,560,12,217,180,862,4219,30,5953,461,2412],"yoast_head":"<!-- This site is optimized with the Yoast SEO plugin v21.0 - https:\/\/yoast.com\/wordpress\/plugins\/seo\/ -->\n<title>Nouvelles de l&#039;\u00e9quipe, onze de d\u00e9part confirm\u00e9s alors que Kane est exclu de la Ligue des Nations<\/title>\n<meta name=\"robots\" content=\"index, follow, max-snippet:-1, max-image-preview:large, max-video-preview:-1\" \/>\n<link rel=\"canonical\" href=\"https:\/\/footdavant.fr\/actualites\/nouvelles-de-lequipe-onze-de-depart-confirmes-alors-que-kane-est-exclu-de-la-ligue-des-nations\/\" \/>\n<meta property=\"og:locale\" content=\"fr_FR\" \/>\n<meta property=\"og:type\" content=\"article\" \/>\n<meta property=\"og:title\" content=\"Nouvelles de l&#039;\u00e9quipe, onze de d\u00e9part confirm\u00e9s alors que Kane est exclu de la Ligue des Nations\" \/>\n<meta property=\"og:description\" content=\"Le meilleur buteur de tous les temps en Angleterre, Harry Kane, a \u00e9t\u00e9 exclu de l&#039;\u00e9quipe de d\u00e9part des Trois Lions pour leur match de\" \/>\n<meta property=\"og:url\" content=\"https:\/\/footdavant.fr\/actualites\/nouvelles-de-lequipe-onze-de-depart-confirmes-alors-que-kane-est-exclu-de-la-ligue-des-nations\/\" \/>\n<meta property=\"og:site_name\" content=\"Foot d&#039;avant\" \/>\n<meta property=\"article:publisher\" content=\"https:\/\/www.facebook.com\/Footdavant\/\" \/>\n<meta property=\"article:published_time\" content=\"2024-11-14T19:48:32+00:00\" \/>\n<meta property=\"article:modified_time\" content=\"2024-11-14T19:48:35+00:00\" \/>\n<meta property=\"og:image\" content=\"https:\/\/footdavant.fr\/actualites\/wp-content\/uploads\/2024\/11\/Nouvelles-de-l39equipe-onze-de-depart-confirmes-alors-que-Kane.jpg\" \/>\n\t<meta property=\"og:image:width\" content=\"1200\" \/>\n\t<meta property=\"og:image:height\" content=\"675\" \/>\n\t<meta property=\"og:image:type\" content=\"image\/jpeg\" \/>\n<meta name=\"author\" content=\"Cl\u00e9ment\" \/>\n<meta name=\"twitter:card\" content=\"summary_large_image\" \/>\n<meta name=\"twitter:creator\" content=\"@FootdavantFr\" \/>\n<meta name=\"twitter:site\" content=\"@FootdavantFr\" \/>\n<meta name=\"twitter:label1\" content=\"\u00c9crit par\" \/>\n\t<meta name=\"twitter:data1\" content=\"Cl\u00e9ment\" \/>\n\t<meta name=\"twitter:label2\" content=\"Dur\u00e9e de lecture estim\u00e9e\" \/>\n\t<meta name=\"twitter:data2\" content=\"2 minutes\" \/>\n<script type=\"application\/ld+json\" class=\"yoast-schema-graph\">{\"@context\":\"https:\/\/schema.org\",\"@graph\":[{\"@type\":\"Article\",\"@id\":\"https:\/\/footdavant.fr\/actualites\/nouvelles-de-lequipe-onze-de-depart-confirmes-alors-que-kane-est-exclu-de-la-ligue-des-nations\/#article\",\"isPartOf\":{\"@id\":\"https:\/\/footdavant.fr\/actualites\/nouvelles-de-lequipe-onze-de-depart-confirmes-alors-que-kane-est-exclu-de-la-ligue-des-nations\/\"},\"author\":{\"name\":\"Cl\u00e9ment\",\"@id\":\"https:\/\/footdavant.fr\/actualites\/#\/schema\/person\/bc222566d95871b37e597b3ed3ba5e1d\"},\"headline\":\"Nouvelles de l&#39;\u00e9quipe, onze de d\u00e9part confirm\u00e9s alors que Kane est exclu de la Ligue des Nations\",\"datePublished\":\"2024-11-14T19:48:32+00:00\",\"dateModified\":\"2024-11-14T19:48:35+00:00\",\"mainEntityOfPage\":{\"@id\":\"https:\/\/footdavant.fr\/actualites\/nouvelles-de-lequipe-onze-de-depart-confirmes-alors-que-kane-est-exclu-de-la-ligue-des-nations\/\"},\"wordCount\":451,\"publisher\":{\"@id\":\"https:\/\/footdavant.fr\/actualites\/#organization\"},\"keywords\":[\"alors\",\"confirm\u00e9s\",\"d\u00e9part\",\"des\",\"est\",\"exclu\",\"Kane\",\"l39\u00e9quipe\",\"Ligue\",\"nations\",\"Nouvelles\",\"onze\"],\"articleSection\":[\"Football\"],\"inLanguage\":\"fr-FR\"},{\"@type\":\"WebPage\",\"@id\":\"https:\/\/footdavant.fr\/actualites\/nouvelles-de-lequipe-onze-de-depart-confirmes-alors-que-kane-est-exclu-de-la-ligue-des-nations\/\",\"url\":\"https:\/\/footdavant.fr\/actualites\/nouvelles-de-lequipe-onze-de-depart-confirmes-alors-que-kane-est-exclu-de-la-ligue-des-nations\/\",\"name\":\"Nouvelles de l&#39;\u00e9quipe, onze de d\u00e9part confirm\u00e9s alors que Kane est exclu de la Ligue des Nations\",\"isPartOf\":{\"@id\":\"https:\/\/footdavant.fr\/actualites\/#website\"},\"datePublished\":\"2024-11-14T19:48:32+00:00\",\"dateModified\":\"2024-11-14T19:48:35+00:00\",\"breadcrumb\":{\"@id\":\"https:\/\/footdavant.fr\/actualites\/nouvelles-de-lequipe-onze-de-depart-confirmes-alors-que-kane-est-exclu-de-la-ligue-des-nations\/#breadcrumb\"},\"inLanguage\":\"fr-FR\",\"potentialAction\":[{\"@type\":\"ReadAction\",\"target\":[\"https:\/\/footdavant.fr\/actualites\/nouvelles-de-lequipe-onze-de-depart-confirmes-alors-que-kane-est-exclu-de-la-ligue-des-nations\/\"]}]},{\"@type\":\"BreadcrumbList\",\"@id\":\"https:\/\/footdavant.fr\/actualites\/nouvelles-de-lequipe-onze-de-depart-confirmes-alors-que-kane-est-exclu-de-la-ligue-des-nations\/#breadcrumb\",\"itemListElement\":[{\"@type\":\"ListItem\",\"position\":1,\"name\":\"Accueil\",\"item\":\"https:\/\/footdavant.fr\/actualites\/\"},{\"@type\":\"ListItem\",\"position\":2,\"name\":\"Nouvelles de l&#39;\u00e9quipe, onze de d\u00e9part confirm\u00e9s alors que Kane est exclu de la Ligue des Nations\"}]},{\"@type\":\"WebSite\",\"@id\":\"https:\/\/footdavant.fr\/actualites\/#website\",\"url\":\"https:\/\/footdavant.fr\/actualites\/\",\"name\":\"Foot d'avant\",\"description\":\"\",\"publisher\":{\"@id\":\"https:\/\/footdavant.fr\/actualites\/#organization\"},\"potentialAction\":[{\"@type\":\"SearchAction\",\"target\":{\"@type\":\"EntryPoint\",\"urlTemplate\":\"https:\/\/footdavant.fr\/actualites\/?s={search_term_string}\"},\"query-input\":\"required name=search_term_string\"}],\"inLanguage\":\"fr-FR\"},{\"@type\":\"Organization\",\"@id\":\"https:\/\/footdavant.fr\/actualites\/#organization\",\"name\":\"Foot d'avant\",\"url\":\"https:\/\/footdavant.fr\/actualites\/\",\"logo\":{\"@type\":\"ImageObject\",\"inLanguage\":\"fr-FR\",\"@id\":\"https:\/\/footdavant.fr\/actualites\/#\/schema\/logo\/image\/\",\"url\":\"https:\/\/footdavant.fr\/actualites\/wp-content\/uploads\/2023\/09\/Copy-of-FootDavant-Logo.png\",\"contentUrl\":\"https:\/\/footdavant.fr\/actualites\/wp-content\/uploads\/2023\/09\/Copy-of-FootDavant-Logo.png\",\"width\":936,\"height\":549,\"caption\":\"Foot d'avant\"},\"image\":{\"@id\":\"https:\/\/footdavant.fr\/actualites\/#\/schema\/logo\/image\/\"},\"sameAs\":[\"https:\/\/www.facebook.com\/Footdavant\/\",\"https:\/\/twitter.com\/FootdavantFr\",\"https:\/\/www.instagram.com\/footdavant.fr\/\"]},{\"@type\":\"Person\",\"@id\":\"https:\/\/footdavant.fr\/actualites\/#\/schema\/person\/bc222566d95871b37e597b3ed3ba5e1d\",\"name\":\"Cl\u00e9ment\",\"image\":{\"@type\":\"ImageObject\",\"inLanguage\":\"fr-FR\",\"@id\":\"https:\/\/footdavant.fr\/actualites\/#\/schema\/person\/image\/\",\"url\":\"https:\/\/secure.gravatar.com\/avatar\/7728b29aac2719421e1a9159b2254c44?s=96&d=mm&r=g\",\"contentUrl\":\"https:\/\/secure.gravatar.com\/avatar\/7728b29aac2719421e1a9159b2254c44?s=96&d=mm&r=g\",\"caption\":\"Cl\u00e9ment\"},\"sameAs\":[\"https:\/\/footdavant.fr\/\"]}]}<\/script>\n<!-- \/ Yoast SEO plugin. -->","yoast_head_json":{"title":"Nouvelles de l&#39;\u00e9quipe, onze de d\u00e9part confirm\u00e9s alors que Kane est exclu de la Ligue des Nations","robots":{"index":"index","follow":"follow","max-snippet":"max-snippet:-1","max-image-preview":"max-image-preview:large","max-video-preview":"max-video-preview:-1"},"canonical":"https:\/\/footdavant.fr\/actualites\/nouvelles-de-lequipe-onze-de-depart-confirmes-alors-que-kane-est-exclu-de-la-ligue-des-nations\/","og_locale":"fr_FR","og_type":"article","og_title":"Nouvelles de l&#39;\u00e9quipe, onze de d\u00e9part confirm\u00e9s alors que Kane est exclu de la Ligue des Nations","og_description":"Le meilleur buteur de tous les temps en Angleterre, Harry Kane, a \u00e9t\u00e9 exclu de l&#39;\u00e9quipe de d\u00e9part des Trois Lions pour leur match de","og_url":"https:\/\/footdavant.fr\/actualites\/nouvelles-de-lequipe-onze-de-depart-confirmes-alors-que-kane-est-exclu-de-la-ligue-des-nations\/","og_site_name":"Foot d&#039;avant","article_publisher":"https:\/\/www.facebook.com\/Footdavant\/","article_published_time":"2024-11-14T19:48:32+00:00","article_modified_time":"2024-11-14T19:48:35+00:00","og_image":[{"width":1200,"height":675,"url":"https:\/\/footdavant.fr\/actualites\/wp-content\/uploads\/2024\/11\/Nouvelles-de-l39equipe-onze-de-depart-confirmes-alors-que-Kane.jpg","type":"image\/jpeg"}],"author":"Cl\u00e9ment","twitter_card":"summary_large_image","twitter_creator":"@FootdavantFr","twitter_site":"@FootdavantFr","twitter_misc":{"\u00c9crit par":"Cl\u00e9ment","Dur\u00e9e de lecture estim\u00e9e":"2 minutes"},"schema":{"@context":"https:\/\/schema.org","@graph":[{"@type":"Article","@id":"https:\/\/footdavant.fr\/actualites\/nouvelles-de-lequipe-onze-de-depart-confirmes-alors-que-kane-est-exclu-de-la-ligue-des-nations\/#article","isPartOf":{"@id":"https:\/\/footdavant.fr\/actualites\/nouvelles-de-lequipe-onze-de-depart-confirmes-alors-que-kane-est-exclu-de-la-ligue-des-nations\/"},"author":{"name":"Cl\u00e9ment","@id":"https:\/\/footdavant.fr\/actualites\/#\/schema\/person\/bc222566d95871b37e597b3ed3ba5e1d"},"headline":"Nouvelles de l&#39;\u00e9quipe, onze de d\u00e9part confirm\u00e9s alors que Kane est exclu de la Ligue des Nations","datePublished":"2024-11-14T19:48:32+00:00","dateModified":"2024-11-14T19:48:35+00:00","mainEntityOfPage":{"@id":"https:\/\/footdavant.fr\/actualites\/nouvelles-de-lequipe-onze-de-depart-confirmes-alors-que-kane-est-exclu-de-la-ligue-des-nations\/"},"wordCount":451,"publisher":{"@id":"https:\/\/footdavant.fr\/actualites\/#organization"},"keywords":["alors","confirm\u00e9s","d\u00e9part","des","est","exclu","Kane","l39\u00e9quipe","Ligue","nations","Nouvelles","onze"],"articleSection":["Football"],"inLanguage":"fr-FR"},{"@type":"WebPage","@id":"https:\/\/footdavant.fr\/actualites\/nouvelles-de-lequipe-onze-de-depart-confirmes-alors-que-kane-est-exclu-de-la-ligue-des-nations\/","url":"https:\/\/footdavant.fr\/actualites\/nouvelles-de-lequipe-onze-de-depart-confirmes-alors-que-kane-est-exclu-de-la-ligue-des-nations\/","name":"Nouvelles de l&#39;\u00e9quipe, onze de d\u00e9part confirm\u00e9s alors que Kane est exclu de la Ligue des Nations","isPartOf":{"@id":"https:\/\/footdavant.fr\/actualites\/#website"},"datePublished":"2024-11-14T19:48:32+00:00","dateModified":"2024-11-14T19:48:35+00:00","breadcrumb":{"@id":"https:\/\/footdavant.fr\/actualites\/nouvelles-de-lequipe-onze-de-depart-confirmes-alors-que-kane-est-exclu-de-la-ligue-des-nations\/#breadcrumb"},"inLanguage":"fr-FR","potentialAction":[{"@type":"ReadAction","target":["https:\/\/footdavant.fr\/actualites\/nouvelles-de-lequipe-onze-de-depart-confirmes-alors-que-kane-est-exclu-de-la-ligue-des-nations\/"]}]},{"@type":"BreadcrumbList","@id":"https:\/\/footdavant.fr\/actualites\/nouvelles-de-lequipe-onze-de-depart-confirmes-alors-que-kane-est-exclu-de-la-ligue-des-nations\/#breadcrumb","itemListElement":[{"@type":"ListItem","position":1,"name":"Accueil","item":"https:\/\/footdavant.fr\/actualites\/"},{"@type":"ListItem","position":2,"name":"Nouvelles de l&#39;\u00e9quipe, onze de d\u00e9part confirm\u00e9s alors que Kane est exclu de la Ligue des Nations"}]},{"@type":"WebSite","@id":"https:\/\/footdavant.fr\/actualites\/#website","url":"https:\/\/footdavant.fr\/actualites\/","name":"Foot d'avant","description":"","publisher":{"@id":"https:\/\/footdavant.fr\/actualites\/#organization"},"potentialAction":[{"@type":"SearchAction","target":{"@type":"EntryPoint","urlTemplate":"https:\/\/footdavant.fr\/actualites\/?s={search_term_string}"},"query-input":"required name=search_term_string"}],"inLanguage":"fr-FR"},{"@type":"Organization","@id":"https:\/\/footdavant.fr\/actualites\/#organization","name":"Foot d'avant","url":"https:\/\/footdavant.fr\/actualites\/","logo":{"@type":"ImageObject","inLanguage":"fr-FR","@id":"https:\/\/footdavant.fr\/actualites\/#\/schema\/logo\/image\/","url":"https:\/\/footdavant.fr\/actualites\/wp-content\/uploads\/2023\/09\/Copy-of-FootDavant-Logo.png","contentUrl":"https:\/\/footdavant.fr\/actualites\/wp-content\/uploads\/2023\/09\/Copy-of-FootDavant-Logo.png","width":936,"height":549,"caption":"Foot d'avant"},"image":{"@id":"https:\/\/footdavant.fr\/actualites\/#\/schema\/logo\/image\/"},"sameAs":["https:\/\/www.facebook.com\/Footdavant\/","https:\/\/twitter.com\/FootdavantFr","https:\/\/www.instagram.com\/footdavant.fr\/"]},{"@type":"Person","@id":"https:\/\/footdavant.fr\/actualites\/#\/schema\/person\/bc222566d95871b37e597b3ed3ba5e1d","name":"Cl\u00e9ment","image":{"@type":"ImageObject","inLanguage":"fr-FR","@id":"https:\/\/footdavant.fr\/actualites\/#\/schema\/person\/image\/","url":"https:\/\/secure.gravatar.com\/avatar\/7728b29aac2719421e1a9159b2254c44?s=96&d=mm&r=g","contentUrl":"https:\/\/secure.gravatar.com\/avatar\/7728b29aac2719421e1a9159b2254c44?s=96&d=mm&r=g","caption":"Cl\u00e9ment"},"sameAs":["https:\/\/footdavant.fr\/"]}]}},"_links":{"self":[{"href":"https:\/\/footdavant.fr\/actualites\/wp-json\/wp\/v2\/posts\/16212"}],"collection":[{"href":"https:\/\/footdavant.fr\/actualites\/wp-json\/wp\/v2\/posts"}],"about":[{"href":"https:\/\/footdavant.fr\/actualites\/wp-json\/wp\/v2\/types\/post"}],"author":[{"embeddable":true,"href":"https:\/\/footdavant.fr\/actualites\/wp-json\/wp\/v2\/users\/1"}],"replies":[{"embeddable":true,"href":"https:\/\/footdavant.fr\/actualites\/wp-json\/wp\/v2\/comments?post=16212"}],"version-history":[{"count":1,"href":"https:\/\/footdavant.fr\/actualites\/wp-json\/wp\/v2\/posts\/16212\/revisions"}],"predecessor-version":[{"id":16214,"href":"https:\/\/footdavant.fr\/actualites\/wp-json\/wp\/v2\/posts\/16212\/revisions\/16214"}],"wp:featuredmedia":[{"embeddable":true,"href":"https:\/\/footdavant.fr\/actualites\/wp-json\/wp\/v2\/media\/16213"}],"wp:attachment":[{"href":"https:\/\/footdavant.fr\/actualites\/wp-json\/wp\/v2\/media?parent=16212"}],"wp:term":[{"taxonomy":"category","embeddable":true,"href":"https:\/\/footdavant.fr\/actualites\/wp-json\/wp\/v2\/categories?post=16212"},{"taxonomy":"post_tag","embeddable":true,"href":"https:\/\/footdavant.fr\/actualites\/wp-json\/wp\/v2\/tags?post=16212"}],"curies":[{"name":"wp","href":"https:\/\/api.w.org\/{rel}","templated":true}]}}