{"id":1623,"date":"2023-11-29T08:51:28","date_gmt":"2023-11-29T07:51:28","guid":{"rendered":"https:\/\/footdavant.fr\/actualites\/lamelo-ball-exclu-en-raison-dune-blessure-a-la-cheville\/"},"modified":"2023-11-29T08:51:29","modified_gmt":"2023-11-29T07:51:29","slug":"lamelo-ball-exclu-en-raison-dune-blessure-a-la-cheville","status":"publish","type":"post","link":"https:\/\/footdavant.fr\/actualites\/lamelo-ball-exclu-en-raison-dune-blessure-a-la-cheville\/","title":{"rendered":"LaMelo Ball exclu en raison d&rsquo;une blessure \u00e0 la cheville"},"content":{"rendered":"<div>\n<\/p>\n<blockquote class=\"twitter-tweet\">\n<p dir=\"ltr\" lang=\"en\">LaMelo Ball (cheville droite) a \u00e9t\u00e9 exclu du match du tournoi en saison d&rsquo;aujourd&rsquo;hui contre les Knicks, ont annonc\u00e9 les Hornets. <a rel=\"nofollow\" href=\"https:\/\/t.co\/Ctf4TXFSZX\">pic.twitter.com\/Ctf4TXFSZX<\/a><\/p>\n<p>&#8211; Points d&#8217;embrayage (@ClutchPoints) <a rel=\"nofollow\" href=\"https:\/\/twitter.com\/ClutchPoints\/status\/1729553187458167108?ref_src=twsrc%5Etfw\">28 novembre 2023<\/a><\/p>\n<\/blockquote>\n<p>Ball a quitt\u00e9 sa d\u00e9faite contre l&rsquo;Orlando Magic apr\u00e8s \u00eatre tomb\u00e9 sur Paolo Banchero et a \u00e9t\u00e9 aid\u00e9 hors du terrain.  Il n&rsquo;est pas revenu au jeu.  Cette nouvelle blessure \u00e0 la cheville concernait la m\u00eame cheville sur laquelle Ball avait \u00e9t\u00e9 op\u00e9r\u00e9 la saison derni\u00e8re.  La blessure n\u2019est pas aussi grave qu\u2019on le pensait.  Il a \u00e9t\u00e9 jug\u00e9 douteux de jouer avant d&rsquo;\u00eatre finalement exclu.  On ne sait toujours pas combien de temps Ball restera absent.  Les Hornets feront probablement preuve de prudence avec leur joueur de franchise compte tenu de ses ant\u00e9c\u00e9dents de blessures \u00e0 la cheville.<\/p>\n<p><img decoding=\"async\" src=\"https:\/\/footdavant.fr\/actualites\/wp-content\/uploads\/2023\/11\/LaMelo-Ball-exclu-en-raison-dune-blessure-a-la-cheville.jpg\" alt=\"https:\/\/footdavant.fr\/actualites\/wp-content\/uploads\/2023\/11\/LaMelo-Ball-exclu-en-raison-dune-blessure-a-la-cheville.jpg\"><\/p>\n<p>Apr\u00e8s un d\u00e9but de saison lent, Ball a augment\u00e9 au cours des derni\u00e8res semaines avant la blessure.  Ball m\u00e8ne l&rsquo;\u00e9quipe avec une moyenne de 24,7 points par match et m\u00e8ne en termes de passes d\u00e9cisives avec une moyenne de 8,2 par match.  Ball a \u00e9galement montr\u00e9 ses am\u00e9liorations du c\u00f4t\u00e9 d\u00e9fensif puisqu&rsquo;il m\u00e8ne l&rsquo;\u00e9quipe en termes d&rsquo;interceptions par match avec 1,4.  C\u2019est une \u00e9norme perte pour une \u00e9quipe des Hornets qui a une fiche de 5-10 cette saison.<\/p>\n<p>Les Charlotte Hornets sont \u00e0 +1000 pour participer aux Playoffs NBA selon les paris sportifs de Caroline du Nord.<\/p>\n<p>Les Hornets s&rsquo;attendront \u00e0 ce que la recrue Brandon Miller intensifie consid\u00e9rablement ses efforts en l&rsquo;absence de Ball.  Le garde v\u00e9t\u00e9ran Terry Rozier sera le chef de l&rsquo;offensive entre-temps.  Les Hornets ont r\u00e9cup\u00e9r\u00e9 Miles Bridges de suspension, alors peut-\u00eatre que tout espoir n&rsquo;est pas perdu avec Ball mis \u00e0 l&rsquo;\u00e9cart.  Ball ratera au moins le match de ce soir et avancera au jour le jour jusqu&rsquo;\u00e0 ce que nous en sachions plus sur sa blessure \u00e0 la cheville.<\/p>\n<p>Les Hornets sont outsiders \u00e0 11,5 points contre les Knicks de New York.  La d\u00e9nonciation commence \u00e0 19 h 30 HNE.<\/p>\n<\/p><\/div>\n<p><script async src=\"https:\/\/platform.twitter.com\/widgets.js\" charset=\"utf-8\"><\/script><\/p>\n","protected":false},"excerpt":{"rendered":"<p>LaMelo Ball (cheville droite) a \u00e9t\u00e9 exclu du match du tournoi en saison d&rsquo;aujourd&rsquo;hui contre les Knicks, ont annonc\u00e9 les Hornets. pic.twitter.com\/Ctf4TXFSZX &#8211; Points d&#8217;embrayage<\/p>\n","protected":false},"author":1,"featured_media":1624,"comment_status":"closed","ping_status":"","sticky":false,"template":"","format":"standard","meta":{"footnotes":""},"categories":[3],"tags":[1696,15,805,183,180,1695,182],"yoast_head":"<!-- This site is optimized with the Yoast SEO plugin v21.0 - https:\/\/yoast.com\/wordpress\/plugins\/seo\/ -->\n<title>LaMelo Ball exclu en raison d&#039;une blessure \u00e0 la cheville<\/title>\n<meta name=\"robots\" content=\"index, follow, max-snippet:-1, max-image-preview:large, max-video-preview:-1\" \/>\n<link rel=\"canonical\" href=\"https:\/\/footdavant.fr\/actualites\/lamelo-ball-exclu-en-raison-dune-blessure-a-la-cheville\/\" \/>\n<meta property=\"og:locale\" content=\"fr_FR\" \/>\n<meta property=\"og:type\" content=\"article\" \/>\n<meta property=\"og:title\" content=\"LaMelo Ball exclu en raison d&#039;une blessure \u00e0 la cheville\" \/>\n<meta property=\"og:description\" content=\"LaMelo Ball (cheville droite) a \u00e9t\u00e9 exclu du match du tournoi en saison d&rsquo;aujourd&rsquo;hui contre les Knicks, ont annonc\u00e9 les Hornets. pic.twitter.com\/Ctf4TXFSZX &#8211; Points d&#8217;embrayage\" \/>\n<meta property=\"og:url\" content=\"https:\/\/footdavant.fr\/actualites\/lamelo-ball-exclu-en-raison-dune-blessure-a-la-cheville\/\" \/>\n<meta property=\"og:site_name\" content=\"Foot d&#039;avant\" \/>\n<meta property=\"article:publisher\" content=\"https:\/\/www.facebook.com\/Footdavant\/\" \/>\n<meta property=\"article:published_time\" content=\"2023-11-29T07:51:28+00:00\" \/>\n<meta property=\"article:modified_time\" content=\"2023-11-29T07:51:29+00:00\" \/>\n<meta property=\"og:image\" content=\"https:\/\/footdavant.fr\/actualites\/wp-content\/uploads\/2023\/11\/1701244288_LaMelo-Ball-exclu-en-raison-dune-blessure-a-la-cheville.jpg\" \/>\n\t<meta property=\"og:image:width\" content=\"978\" \/>\n\t<meta property=\"og:image:height\" content=\"550\" \/>\n\t<meta property=\"og:image:type\" content=\"image\/jpeg\" \/>\n<meta name=\"author\" content=\"Cl\u00e9ment\" \/>\n<meta name=\"twitter:card\" content=\"summary_large_image\" \/>\n<meta name=\"twitter:creator\" content=\"@FootdavantFr\" \/>\n<meta name=\"twitter:site\" content=\"@FootdavantFr\" \/>\n<meta name=\"twitter:label1\" content=\"\u00c9crit par\" \/>\n\t<meta name=\"twitter:data1\" content=\"Cl\u00e9ment\" \/>\n\t<meta name=\"twitter:label2\" content=\"Dur\u00e9e de lecture estim\u00e9e\" \/>\n\t<meta name=\"twitter:data2\" content=\"2 minutes\" \/>\n<script type=\"application\/ld+json\" class=\"yoast-schema-graph\">{\"@context\":\"https:\/\/schema.org\",\"@graph\":[{\"@type\":\"Article\",\"@id\":\"https:\/\/footdavant.fr\/actualites\/lamelo-ball-exclu-en-raison-dune-blessure-a-la-cheville\/#article\",\"isPartOf\":{\"@id\":\"https:\/\/footdavant.fr\/actualites\/lamelo-ball-exclu-en-raison-dune-blessure-a-la-cheville\/\"},\"author\":{\"name\":\"Cl\u00e9ment\",\"@id\":\"https:\/\/footdavant.fr\/actualites\/#\/schema\/person\/bc222566d95871b37e597b3ed3ba5e1d\"},\"headline\":\"LaMelo Ball exclu en raison d&rsquo;une blessure \u00e0 la cheville\",\"datePublished\":\"2023-11-29T07:51:28+00:00\",\"dateModified\":\"2023-11-29T07:51:29+00:00\",\"mainEntityOfPage\":{\"@id\":\"https:\/\/footdavant.fr\/actualites\/lamelo-ball-exclu-en-raison-dune-blessure-a-la-cheville\/\"},\"wordCount\":351,\"publisher\":{\"@id\":\"https:\/\/footdavant.fr\/actualites\/#organization\"},\"keywords\":[\"Ball\",\"Blessure\",\"cheville\",\"dune\",\"exclu\",\"LaMelo\",\"raison\"],\"articleSection\":[\"Football\"],\"inLanguage\":\"fr-FR\"},{\"@type\":\"WebPage\",\"@id\":\"https:\/\/footdavant.fr\/actualites\/lamelo-ball-exclu-en-raison-dune-blessure-a-la-cheville\/\",\"url\":\"https:\/\/footdavant.fr\/actualites\/lamelo-ball-exclu-en-raison-dune-blessure-a-la-cheville\/\",\"name\":\"LaMelo Ball exclu en raison d'une blessure \u00e0 la cheville\",\"isPartOf\":{\"@id\":\"https:\/\/footdavant.fr\/actualites\/#website\"},\"datePublished\":\"2023-11-29T07:51:28+00:00\",\"dateModified\":\"2023-11-29T07:51:29+00:00\",\"breadcrumb\":{\"@id\":\"https:\/\/footdavant.fr\/actualites\/lamelo-ball-exclu-en-raison-dune-blessure-a-la-cheville\/#breadcrumb\"},\"inLanguage\":\"fr-FR\",\"potentialAction\":[{\"@type\":\"ReadAction\",\"target\":[\"https:\/\/footdavant.fr\/actualites\/lamelo-ball-exclu-en-raison-dune-blessure-a-la-cheville\/\"]}]},{\"@type\":\"BreadcrumbList\",\"@id\":\"https:\/\/footdavant.fr\/actualites\/lamelo-ball-exclu-en-raison-dune-blessure-a-la-cheville\/#breadcrumb\",\"itemListElement\":[{\"@type\":\"ListItem\",\"position\":1,\"name\":\"Accueil\",\"item\":\"https:\/\/footdavant.fr\/actualites\/\"},{\"@type\":\"ListItem\",\"position\":2,\"name\":\"LaMelo Ball exclu en raison d&rsquo;une blessure \u00e0 la cheville\"}]},{\"@type\":\"WebSite\",\"@id\":\"https:\/\/footdavant.fr\/actualites\/#website\",\"url\":\"https:\/\/footdavant.fr\/actualites\/\",\"name\":\"Foot d'avant\",\"description\":\"\",\"publisher\":{\"@id\":\"https:\/\/footdavant.fr\/actualites\/#organization\"},\"potentialAction\":[{\"@type\":\"SearchAction\",\"target\":{\"@type\":\"EntryPoint\",\"urlTemplate\":\"https:\/\/footdavant.fr\/actualites\/?s={search_term_string}\"},\"query-input\":\"required name=search_term_string\"}],\"inLanguage\":\"fr-FR\"},{\"@type\":\"Organization\",\"@id\":\"https:\/\/footdavant.fr\/actualites\/#organization\",\"name\":\"Foot d'avant\",\"url\":\"https:\/\/footdavant.fr\/actualites\/\",\"logo\":{\"@type\":\"ImageObject\",\"inLanguage\":\"fr-FR\",\"@id\":\"https:\/\/footdavant.fr\/actualites\/#\/schema\/logo\/image\/\",\"url\":\"https:\/\/footdavant.fr\/actualites\/wp-content\/uploads\/2023\/09\/Copy-of-FootDavant-Logo.png\",\"contentUrl\":\"https:\/\/footdavant.fr\/actualites\/wp-content\/uploads\/2023\/09\/Copy-of-FootDavant-Logo.png\",\"width\":936,\"height\":549,\"caption\":\"Foot d'avant\"},\"image\":{\"@id\":\"https:\/\/footdavant.fr\/actualites\/#\/schema\/logo\/image\/\"},\"sameAs\":[\"https:\/\/www.facebook.com\/Footdavant\/\",\"https:\/\/twitter.com\/FootdavantFr\",\"https:\/\/www.instagram.com\/footdavant.fr\/\"]},{\"@type\":\"Person\",\"@id\":\"https:\/\/footdavant.fr\/actualites\/#\/schema\/person\/bc222566d95871b37e597b3ed3ba5e1d\",\"name\":\"Cl\u00e9ment\",\"image\":{\"@type\":\"ImageObject\",\"inLanguage\":\"fr-FR\",\"@id\":\"https:\/\/footdavant.fr\/actualites\/#\/schema\/person\/image\/\",\"url\":\"https:\/\/secure.gravatar.com\/avatar\/7728b29aac2719421e1a9159b2254c44?s=96&d=mm&r=g\",\"contentUrl\":\"https:\/\/secure.gravatar.com\/avatar\/7728b29aac2719421e1a9159b2254c44?s=96&d=mm&r=g\",\"caption\":\"Cl\u00e9ment\"},\"sameAs\":[\"https:\/\/footdavant.fr\/\"]}]}<\/script>\n<!-- \/ Yoast SEO plugin. -->","yoast_head_json":{"title":"LaMelo Ball exclu en raison d'une blessure \u00e0 la cheville","robots":{"index":"index","follow":"follow","max-snippet":"max-snippet:-1","max-image-preview":"max-image-preview:large","max-video-preview":"max-video-preview:-1"},"canonical":"https:\/\/footdavant.fr\/actualites\/lamelo-ball-exclu-en-raison-dune-blessure-a-la-cheville\/","og_locale":"fr_FR","og_type":"article","og_title":"LaMelo Ball exclu en raison d'une blessure \u00e0 la cheville","og_description":"LaMelo Ball (cheville droite) a \u00e9t\u00e9 exclu du match du tournoi en saison d&rsquo;aujourd&rsquo;hui contre les Knicks, ont annonc\u00e9 les Hornets. pic.twitter.com\/Ctf4TXFSZX &#8211; Points d&#8217;embrayage","og_url":"https:\/\/footdavant.fr\/actualites\/lamelo-ball-exclu-en-raison-dune-blessure-a-la-cheville\/","og_site_name":"Foot d&#039;avant","article_publisher":"https:\/\/www.facebook.com\/Footdavant\/","article_published_time":"2023-11-29T07:51:28+00:00","article_modified_time":"2023-11-29T07:51:29+00:00","og_image":[{"width":978,"height":550,"url":"https:\/\/footdavant.fr\/actualites\/wp-content\/uploads\/2023\/11\/1701244288_LaMelo-Ball-exclu-en-raison-dune-blessure-a-la-cheville.jpg","type":"image\/jpeg"}],"author":"Cl\u00e9ment","twitter_card":"summary_large_image","twitter_creator":"@FootdavantFr","twitter_site":"@FootdavantFr","twitter_misc":{"\u00c9crit par":"Cl\u00e9ment","Dur\u00e9e de lecture estim\u00e9e":"2 minutes"},"schema":{"@context":"https:\/\/schema.org","@graph":[{"@type":"Article","@id":"https:\/\/footdavant.fr\/actualites\/lamelo-ball-exclu-en-raison-dune-blessure-a-la-cheville\/#article","isPartOf":{"@id":"https:\/\/footdavant.fr\/actualites\/lamelo-ball-exclu-en-raison-dune-blessure-a-la-cheville\/"},"author":{"name":"Cl\u00e9ment","@id":"https:\/\/footdavant.fr\/actualites\/#\/schema\/person\/bc222566d95871b37e597b3ed3ba5e1d"},"headline":"LaMelo Ball exclu en raison d&rsquo;une blessure \u00e0 la cheville","datePublished":"2023-11-29T07:51:28+00:00","dateModified":"2023-11-29T07:51:29+00:00","mainEntityOfPage":{"@id":"https:\/\/footdavant.fr\/actualites\/lamelo-ball-exclu-en-raison-dune-blessure-a-la-cheville\/"},"wordCount":351,"publisher":{"@id":"https:\/\/footdavant.fr\/actualites\/#organization"},"keywords":["Ball","Blessure","cheville","dune","exclu","LaMelo","raison"],"articleSection":["Football"],"inLanguage":"fr-FR"},{"@type":"WebPage","@id":"https:\/\/footdavant.fr\/actualites\/lamelo-ball-exclu-en-raison-dune-blessure-a-la-cheville\/","url":"https:\/\/footdavant.fr\/actualites\/lamelo-ball-exclu-en-raison-dune-blessure-a-la-cheville\/","name":"LaMelo Ball exclu en raison d'une blessure \u00e0 la cheville","isPartOf":{"@id":"https:\/\/footdavant.fr\/actualites\/#website"},"datePublished":"2023-11-29T07:51:28+00:00","dateModified":"2023-11-29T07:51:29+00:00","breadcrumb":{"@id":"https:\/\/footdavant.fr\/actualites\/lamelo-ball-exclu-en-raison-dune-blessure-a-la-cheville\/#breadcrumb"},"inLanguage":"fr-FR","potentialAction":[{"@type":"ReadAction","target":["https:\/\/footdavant.fr\/actualites\/lamelo-ball-exclu-en-raison-dune-blessure-a-la-cheville\/"]}]},{"@type":"BreadcrumbList","@id":"https:\/\/footdavant.fr\/actualites\/lamelo-ball-exclu-en-raison-dune-blessure-a-la-cheville\/#breadcrumb","itemListElement":[{"@type":"ListItem","position":1,"name":"Accueil","item":"https:\/\/footdavant.fr\/actualites\/"},{"@type":"ListItem","position":2,"name":"LaMelo Ball exclu en raison d&rsquo;une blessure \u00e0 la cheville"}]},{"@type":"WebSite","@id":"https:\/\/footdavant.fr\/actualites\/#website","url":"https:\/\/footdavant.fr\/actualites\/","name":"Foot d'avant","description":"","publisher":{"@id":"https:\/\/footdavant.fr\/actualites\/#organization"},"potentialAction":[{"@type":"SearchAction","target":{"@type":"EntryPoint","urlTemplate":"https:\/\/footdavant.fr\/actualites\/?s={search_term_string}"},"query-input":"required name=search_term_string"}],"inLanguage":"fr-FR"},{"@type":"Organization","@id":"https:\/\/footdavant.fr\/actualites\/#organization","name":"Foot d'avant","url":"https:\/\/footdavant.fr\/actualites\/","logo":{"@type":"ImageObject","inLanguage":"fr-FR","@id":"https:\/\/footdavant.fr\/actualites\/#\/schema\/logo\/image\/","url":"https:\/\/footdavant.fr\/actualites\/wp-content\/uploads\/2023\/09\/Copy-of-FootDavant-Logo.png","contentUrl":"https:\/\/footdavant.fr\/actualites\/wp-content\/uploads\/2023\/09\/Copy-of-FootDavant-Logo.png","width":936,"height":549,"caption":"Foot d'avant"},"image":{"@id":"https:\/\/footdavant.fr\/actualites\/#\/schema\/logo\/image\/"},"sameAs":["https:\/\/www.facebook.com\/Footdavant\/","https:\/\/twitter.com\/FootdavantFr","https:\/\/www.instagram.com\/footdavant.fr\/"]},{"@type":"Person","@id":"https:\/\/footdavant.fr\/actualites\/#\/schema\/person\/bc222566d95871b37e597b3ed3ba5e1d","name":"Cl\u00e9ment","image":{"@type":"ImageObject","inLanguage":"fr-FR","@id":"https:\/\/footdavant.fr\/actualites\/#\/schema\/person\/image\/","url":"https:\/\/secure.gravatar.com\/avatar\/7728b29aac2719421e1a9159b2254c44?s=96&d=mm&r=g","contentUrl":"https:\/\/secure.gravatar.com\/avatar\/7728b29aac2719421e1a9159b2254c44?s=96&d=mm&r=g","caption":"Cl\u00e9ment"},"sameAs":["https:\/\/footdavant.fr\/"]}]}},"_links":{"self":[{"href":"https:\/\/footdavant.fr\/actualites\/wp-json\/wp\/v2\/posts\/1623"}],"collection":[{"href":"https:\/\/footdavant.fr\/actualites\/wp-json\/wp\/v2\/posts"}],"about":[{"href":"https:\/\/footdavant.fr\/actualites\/wp-json\/wp\/v2\/types\/post"}],"author":[{"embeddable":true,"href":"https:\/\/footdavant.fr\/actualites\/wp-json\/wp\/v2\/users\/1"}],"replies":[{"embeddable":true,"href":"https:\/\/footdavant.fr\/actualites\/wp-json\/wp\/v2\/comments?post=1623"}],"version-history":[{"count":1,"href":"https:\/\/footdavant.fr\/actualites\/wp-json\/wp\/v2\/posts\/1623\/revisions"}],"predecessor-version":[{"id":1625,"href":"https:\/\/footdavant.fr\/actualites\/wp-json\/wp\/v2\/posts\/1623\/revisions\/1625"}],"wp:featuredmedia":[{"embeddable":true,"href":"https:\/\/footdavant.fr\/actualites\/wp-json\/wp\/v2\/media\/1624"}],"wp:attachment":[{"href":"https:\/\/footdavant.fr\/actualites\/wp-json\/wp\/v2\/media?parent=1623"}],"wp:term":[{"taxonomy":"category","embeddable":true,"href":"https:\/\/footdavant.fr\/actualites\/wp-json\/wp\/v2\/categories?post=1623"},{"taxonomy":"post_tag","embeddable":true,"href":"https:\/\/footdavant.fr\/actualites\/wp-json\/wp\/v2\/tags?post=1623"}],"curies":[{"name":"wp","href":"https:\/\/api.w.org\/{rel}","templated":true}]}}