{"id":16257,"date":"2024-11-16T00:48:06","date_gmt":"2024-11-15T23:48:06","guid":{"rendered":"https:\/\/footdavant.fr\/actualites\/manchester-united-a-la-recherche-du-milieu-de-terrain-du-futur-dario-essugo-rapport\/"},"modified":"2024-11-16T00:48:09","modified_gmt":"2024-11-15T23:48:09","slug":"manchester-united-a-la-recherche-du-milieu-de-terrain-du-futur-dario-essugo-rapport","status":"publish","type":"post","link":"https:\/\/footdavant.fr\/actualites\/manchester-united-a-la-recherche-du-milieu-de-terrain-du-futur-dario-essugo-rapport\/","title":{"rendered":"Manchester United \u00e0 la recherche du \u00ab\u00a0milieu de terrain du futur\u00a0\u00bb Dario Essugo &#8211; rapport &#8211;"},"content":{"rendered":"<div id=\"penci-post-entry-inner\">\n<p>\t\t\t<i class=\"penci-post-countview-number-check\" style=\"display:none\">1<\/i><\/p>\n<p>Non content de prendre son manager \u00e0 succ\u00e8s, Manchester United pourrait revenir au Sporting Lisbonne pour d\u00e9baucher son jeune record Dario Essugo.<\/p>\n<p>Lorsqu&#39;Amorim a offert au milieu de terrain alors \u00e2g\u00e9 de 16 ans ses d\u00e9buts sur le banc contre le Vitoria de Guimaraes en 2021, il est devenu le plus jeune d\u00e9butant de l&#39;histoire du Sporting.<\/p>\n<p>Et selon le journal espagnol Marca, le \u00ab milieu de terrain du futur \u00bb \u2013 aujourd\u2019hui \u00e2g\u00e9 de 19 ans \u2013 pourrait \u00eatre pr\u00eat \u00e0 retrouver celui qui lui a tant fait confiance.<\/p>\n<p>Essugo est actuellement pr\u00eat\u00e9 au club de La Liga, Las Palmas, o\u00f9 il est le \u00ab ma\u00eetre et propri\u00e9taire \u00bb du milieu de terrain de l&#39;\u00e9quipe.<\/p>\n<p>Ses formidables performances auraient donn\u00e9 \u00e0 d&#39;innombrables recruteurs des raisons de se rendre \u00e0 l&#39;Estadio Gran Canaria, et en particulier Marca note qu&#39;\u00ab il n&#39;y a aucune \u00e9quipe de Premier League qui ne soit all\u00e9e voir Essugo jouer cette saison \u00bb.<\/p>\n<p>Plus pr\u00e8s de son domicile temporaire, Barcelone et le Real Madrid sont cr\u00e9dit\u00e9s d&#39;un vif int\u00e9r\u00eat pour lui.<\/p>\n<p>Marca d\u00e9clare qu&#39;il dispose d&#39;une clause lib\u00e9ratoire de 60 millions d&#39;euros dans son contrat avec le Sporting, qui court jusqu&#39;\u00e0 l&#39;\u00e9t\u00e9 2027.<\/p>\n<p>Selon Sofascore, Essugo est une pr\u00e9sence active devant la d\u00e9fense avec une moyenne impressionnante de 2,4 interceptions et 2,5 plaqu\u00e9s par match.<\/p>\n<p>\u00c0 titre de comparaison, Casemiro a enregistr\u00e9 0,5 interception et 3,1 plaqu\u00e9s, et Manuel Ugarte 0,7 interception et 2,8 plaqu\u00e9s.<\/p>\n<p>Depuis leur rachat partiel de United, INEOS semble d\u00e9termin\u00e9 \u00e0 int\u00e9grer les stars de demain, ayant ajout\u00e9 des prospects prometteurs comme Chido Obi-Martin et Sekou Kone dans les rangs du club.<\/p>\n<p>Ils acqui\u00e8rent du temps de jeu et de l&#39;exp\u00e9rience chez les jeunes, mais sont s\u00e9rieusement pressentis pour int\u00e9grer la premi\u00e8re \u00e9quipe en temps voulu, Amorim \u00e9tant un fervent fan du d\u00e9veloppement de jeunes talents.<\/p>\n<p>INEOS ne montre aucun signe de ralentissement du recrutement des jeunes, avec des liens avec Chris Rigg de Sunderland et Sverre Nypan de Rosenborg refusant de partir.<\/p>\n<\/p>\n<p><!-- CONTENT END 3 --><\/p><\/div>\n","protected":false},"excerpt":{"rendered":"<p>1 Non content de prendre son manager \u00e0 succ\u00e8s, Manchester United pourrait revenir au Sporting Lisbonne pour d\u00e9baucher son jeune record Dario Essugo. Lorsqu&#39;Amorim a<\/p>\n","protected":false},"author":1,"featured_media":16258,"comment_status":"closed","ping_status":"","sticky":false,"template":"","format":"standard","meta":{"footnotes":""},"categories":[3],"tags":[7053,7054,3665,11,441,918,2348,442,13],"yoast_head":"<!-- This site is optimized with the Yoast SEO plugin v21.0 - https:\/\/yoast.com\/wordpress\/plugins\/seo\/ -->\n<title>Manchester United \u00e0 la recherche du &quot;milieu de terrain du futur&quot; Dario Essugo - rapport -<\/title>\n<meta name=\"robots\" content=\"index, follow, max-snippet:-1, max-image-preview:large, max-video-preview:-1\" \/>\n<link rel=\"canonical\" href=\"https:\/\/footdavant.fr\/actualites\/manchester-united-a-la-recherche-du-milieu-de-terrain-du-futur-dario-essugo-rapport\/\" \/>\n<meta property=\"og:locale\" content=\"fr_FR\" \/>\n<meta property=\"og:type\" content=\"article\" \/>\n<meta property=\"og:title\" content=\"Manchester United \u00e0 la recherche du &quot;milieu de terrain du futur&quot; Dario Essugo - rapport -\" \/>\n<meta property=\"og:description\" content=\"1 Non content de prendre son manager \u00e0 succ\u00e8s, Manchester United pourrait revenir au Sporting Lisbonne pour d\u00e9baucher son jeune record Dario Essugo. Lorsqu&#039;Amorim a\" \/>\n<meta property=\"og:url\" content=\"https:\/\/footdavant.fr\/actualites\/manchester-united-a-la-recherche-du-milieu-de-terrain-du-futur-dario-essugo-rapport\/\" \/>\n<meta property=\"og:site_name\" content=\"Foot d&#039;avant\" \/>\n<meta property=\"article:publisher\" content=\"https:\/\/www.facebook.com\/Footdavant\/\" \/>\n<meta property=\"article:published_time\" content=\"2024-11-15T23:48:06+00:00\" \/>\n<meta property=\"article:modified_time\" content=\"2024-11-15T23:48:09+00:00\" \/>\n<meta property=\"og:image\" content=\"https:\/\/footdavant.fr\/actualites\/wp-content\/uploads\/2024\/11\/Manchester-United-a-la-recherche-du-milieu-de-terrain-du.jpg\" \/>\n\t<meta property=\"og:image:width\" content=\"1600\" \/>\n\t<meta property=\"og:image:height\" content=\"712\" \/>\n\t<meta property=\"og:image:type\" content=\"image\/jpeg\" \/>\n<meta name=\"author\" content=\"Cl\u00e9ment\" \/>\n<meta name=\"twitter:card\" content=\"summary_large_image\" \/>\n<meta name=\"twitter:creator\" content=\"@FootdavantFr\" \/>\n<meta name=\"twitter:site\" content=\"@FootdavantFr\" \/>\n<meta name=\"twitter:label1\" content=\"\u00c9crit par\" \/>\n\t<meta name=\"twitter:data1\" content=\"Cl\u00e9ment\" \/>\n\t<meta name=\"twitter:label2\" content=\"Dur\u00e9e de lecture estim\u00e9e\" \/>\n\t<meta name=\"twitter:data2\" content=\"2 minutes\" \/>\n<script type=\"application\/ld+json\" class=\"yoast-schema-graph\">{\"@context\":\"https:\/\/schema.org\",\"@graph\":[{\"@type\":\"Article\",\"@id\":\"https:\/\/footdavant.fr\/actualites\/manchester-united-a-la-recherche-du-milieu-de-terrain-du-futur-dario-essugo-rapport\/#article\",\"isPartOf\":{\"@id\":\"https:\/\/footdavant.fr\/actualites\/manchester-united-a-la-recherche-du-milieu-de-terrain-du-futur-dario-essugo-rapport\/\"},\"author\":{\"name\":\"Cl\u00e9ment\",\"@id\":\"https:\/\/footdavant.fr\/actualites\/#\/schema\/person\/bc222566d95871b37e597b3ed3ba5e1d\"},\"headline\":\"Manchester United \u00e0 la recherche du \u00ab\u00a0milieu de terrain du futur\u00a0\u00bb Dario Essugo &#8211; rapport &#8211;\",\"datePublished\":\"2024-11-15T23:48:06+00:00\",\"dateModified\":\"2024-11-15T23:48:09+00:00\",\"mainEntityOfPage\":{\"@id\":\"https:\/\/footdavant.fr\/actualites\/manchester-united-a-la-recherche-du-milieu-de-terrain-du-futur-dario-essugo-rapport\/\"},\"wordCount\":364,\"publisher\":{\"@id\":\"https:\/\/footdavant.fr\/actualites\/#organization\"},\"keywords\":[\"Dario\",\"Essugo\",\"futur\",\"Manchester\",\"milieu\",\"rapport\",\"recherche\",\"terrain\",\"United\"],\"articleSection\":[\"Football\"],\"inLanguage\":\"fr-FR\"},{\"@type\":\"WebPage\",\"@id\":\"https:\/\/footdavant.fr\/actualites\/manchester-united-a-la-recherche-du-milieu-de-terrain-du-futur-dario-essugo-rapport\/\",\"url\":\"https:\/\/footdavant.fr\/actualites\/manchester-united-a-la-recherche-du-milieu-de-terrain-du-futur-dario-essugo-rapport\/\",\"name\":\"Manchester United \u00e0 la recherche du \\\"milieu de terrain du futur\\\" Dario Essugo - rapport -\",\"isPartOf\":{\"@id\":\"https:\/\/footdavant.fr\/actualites\/#website\"},\"datePublished\":\"2024-11-15T23:48:06+00:00\",\"dateModified\":\"2024-11-15T23:48:09+00:00\",\"breadcrumb\":{\"@id\":\"https:\/\/footdavant.fr\/actualites\/manchester-united-a-la-recherche-du-milieu-de-terrain-du-futur-dario-essugo-rapport\/#breadcrumb\"},\"inLanguage\":\"fr-FR\",\"potentialAction\":[{\"@type\":\"ReadAction\",\"target\":[\"https:\/\/footdavant.fr\/actualites\/manchester-united-a-la-recherche-du-milieu-de-terrain-du-futur-dario-essugo-rapport\/\"]}]},{\"@type\":\"BreadcrumbList\",\"@id\":\"https:\/\/footdavant.fr\/actualites\/manchester-united-a-la-recherche-du-milieu-de-terrain-du-futur-dario-essugo-rapport\/#breadcrumb\",\"itemListElement\":[{\"@type\":\"ListItem\",\"position\":1,\"name\":\"Accueil\",\"item\":\"https:\/\/footdavant.fr\/actualites\/\"},{\"@type\":\"ListItem\",\"position\":2,\"name\":\"Manchester United \u00e0 la recherche du \u00ab\u00a0milieu de terrain du futur\u00a0\u00bb Dario Essugo &#8211; rapport &#8211;\"}]},{\"@type\":\"WebSite\",\"@id\":\"https:\/\/footdavant.fr\/actualites\/#website\",\"url\":\"https:\/\/footdavant.fr\/actualites\/\",\"name\":\"Foot d'avant\",\"description\":\"\",\"publisher\":{\"@id\":\"https:\/\/footdavant.fr\/actualites\/#organization\"},\"potentialAction\":[{\"@type\":\"SearchAction\",\"target\":{\"@type\":\"EntryPoint\",\"urlTemplate\":\"https:\/\/footdavant.fr\/actualites\/?s={search_term_string}\"},\"query-input\":\"required name=search_term_string\"}],\"inLanguage\":\"fr-FR\"},{\"@type\":\"Organization\",\"@id\":\"https:\/\/footdavant.fr\/actualites\/#organization\",\"name\":\"Foot d'avant\",\"url\":\"https:\/\/footdavant.fr\/actualites\/\",\"logo\":{\"@type\":\"ImageObject\",\"inLanguage\":\"fr-FR\",\"@id\":\"https:\/\/footdavant.fr\/actualites\/#\/schema\/logo\/image\/\",\"url\":\"https:\/\/footdavant.fr\/actualites\/wp-content\/uploads\/2023\/09\/Copy-of-FootDavant-Logo.png\",\"contentUrl\":\"https:\/\/footdavant.fr\/actualites\/wp-content\/uploads\/2023\/09\/Copy-of-FootDavant-Logo.png\",\"width\":936,\"height\":549,\"caption\":\"Foot d'avant\"},\"image\":{\"@id\":\"https:\/\/footdavant.fr\/actualites\/#\/schema\/logo\/image\/\"},\"sameAs\":[\"https:\/\/www.facebook.com\/Footdavant\/\",\"https:\/\/twitter.com\/FootdavantFr\",\"https:\/\/www.instagram.com\/footdavant.fr\/\"]},{\"@type\":\"Person\",\"@id\":\"https:\/\/footdavant.fr\/actualites\/#\/schema\/person\/bc222566d95871b37e597b3ed3ba5e1d\",\"name\":\"Cl\u00e9ment\",\"image\":{\"@type\":\"ImageObject\",\"inLanguage\":\"fr-FR\",\"@id\":\"https:\/\/footdavant.fr\/actualites\/#\/schema\/person\/image\/\",\"url\":\"https:\/\/secure.gravatar.com\/avatar\/7728b29aac2719421e1a9159b2254c44?s=96&d=mm&r=g\",\"contentUrl\":\"https:\/\/secure.gravatar.com\/avatar\/7728b29aac2719421e1a9159b2254c44?s=96&d=mm&r=g\",\"caption\":\"Cl\u00e9ment\"},\"sameAs\":[\"https:\/\/footdavant.fr\/\"]}]}<\/script>\n<!-- \/ Yoast SEO plugin. -->","yoast_head_json":{"title":"Manchester United \u00e0 la recherche du \"milieu de terrain du futur\" Dario Essugo - rapport -","robots":{"index":"index","follow":"follow","max-snippet":"max-snippet:-1","max-image-preview":"max-image-preview:large","max-video-preview":"max-video-preview:-1"},"canonical":"https:\/\/footdavant.fr\/actualites\/manchester-united-a-la-recherche-du-milieu-de-terrain-du-futur-dario-essugo-rapport\/","og_locale":"fr_FR","og_type":"article","og_title":"Manchester United \u00e0 la recherche du \"milieu de terrain du futur\" Dario Essugo - rapport -","og_description":"1 Non content de prendre son manager \u00e0 succ\u00e8s, Manchester United pourrait revenir au Sporting Lisbonne pour d\u00e9baucher son jeune record Dario Essugo. Lorsqu&#39;Amorim a","og_url":"https:\/\/footdavant.fr\/actualites\/manchester-united-a-la-recherche-du-milieu-de-terrain-du-futur-dario-essugo-rapport\/","og_site_name":"Foot d&#039;avant","article_publisher":"https:\/\/www.facebook.com\/Footdavant\/","article_published_time":"2024-11-15T23:48:06+00:00","article_modified_time":"2024-11-15T23:48:09+00:00","og_image":[{"width":1600,"height":712,"url":"https:\/\/footdavant.fr\/actualites\/wp-content\/uploads\/2024\/11\/Manchester-United-a-la-recherche-du-milieu-de-terrain-du.jpg","type":"image\/jpeg"}],"author":"Cl\u00e9ment","twitter_card":"summary_large_image","twitter_creator":"@FootdavantFr","twitter_site":"@FootdavantFr","twitter_misc":{"\u00c9crit par":"Cl\u00e9ment","Dur\u00e9e de lecture estim\u00e9e":"2 minutes"},"schema":{"@context":"https:\/\/schema.org","@graph":[{"@type":"Article","@id":"https:\/\/footdavant.fr\/actualites\/manchester-united-a-la-recherche-du-milieu-de-terrain-du-futur-dario-essugo-rapport\/#article","isPartOf":{"@id":"https:\/\/footdavant.fr\/actualites\/manchester-united-a-la-recherche-du-milieu-de-terrain-du-futur-dario-essugo-rapport\/"},"author":{"name":"Cl\u00e9ment","@id":"https:\/\/footdavant.fr\/actualites\/#\/schema\/person\/bc222566d95871b37e597b3ed3ba5e1d"},"headline":"Manchester United \u00e0 la recherche du \u00ab\u00a0milieu de terrain du futur\u00a0\u00bb Dario Essugo &#8211; rapport &#8211;","datePublished":"2024-11-15T23:48:06+00:00","dateModified":"2024-11-15T23:48:09+00:00","mainEntityOfPage":{"@id":"https:\/\/footdavant.fr\/actualites\/manchester-united-a-la-recherche-du-milieu-de-terrain-du-futur-dario-essugo-rapport\/"},"wordCount":364,"publisher":{"@id":"https:\/\/footdavant.fr\/actualites\/#organization"},"keywords":["Dario","Essugo","futur","Manchester","milieu","rapport","recherche","terrain","United"],"articleSection":["Football"],"inLanguage":"fr-FR"},{"@type":"WebPage","@id":"https:\/\/footdavant.fr\/actualites\/manchester-united-a-la-recherche-du-milieu-de-terrain-du-futur-dario-essugo-rapport\/","url":"https:\/\/footdavant.fr\/actualites\/manchester-united-a-la-recherche-du-milieu-de-terrain-du-futur-dario-essugo-rapport\/","name":"Manchester United \u00e0 la recherche du \"milieu de terrain du futur\" Dario Essugo - rapport -","isPartOf":{"@id":"https:\/\/footdavant.fr\/actualites\/#website"},"datePublished":"2024-11-15T23:48:06+00:00","dateModified":"2024-11-15T23:48:09+00:00","breadcrumb":{"@id":"https:\/\/footdavant.fr\/actualites\/manchester-united-a-la-recherche-du-milieu-de-terrain-du-futur-dario-essugo-rapport\/#breadcrumb"},"inLanguage":"fr-FR","potentialAction":[{"@type":"ReadAction","target":["https:\/\/footdavant.fr\/actualites\/manchester-united-a-la-recherche-du-milieu-de-terrain-du-futur-dario-essugo-rapport\/"]}]},{"@type":"BreadcrumbList","@id":"https:\/\/footdavant.fr\/actualites\/manchester-united-a-la-recherche-du-milieu-de-terrain-du-futur-dario-essugo-rapport\/#breadcrumb","itemListElement":[{"@type":"ListItem","position":1,"name":"Accueil","item":"https:\/\/footdavant.fr\/actualites\/"},{"@type":"ListItem","position":2,"name":"Manchester United \u00e0 la recherche du \u00ab\u00a0milieu de terrain du futur\u00a0\u00bb Dario Essugo &#8211; rapport &#8211;"}]},{"@type":"WebSite","@id":"https:\/\/footdavant.fr\/actualites\/#website","url":"https:\/\/footdavant.fr\/actualites\/","name":"Foot d'avant","description":"","publisher":{"@id":"https:\/\/footdavant.fr\/actualites\/#organization"},"potentialAction":[{"@type":"SearchAction","target":{"@type":"EntryPoint","urlTemplate":"https:\/\/footdavant.fr\/actualites\/?s={search_term_string}"},"query-input":"required name=search_term_string"}],"inLanguage":"fr-FR"},{"@type":"Organization","@id":"https:\/\/footdavant.fr\/actualites\/#organization","name":"Foot d'avant","url":"https:\/\/footdavant.fr\/actualites\/","logo":{"@type":"ImageObject","inLanguage":"fr-FR","@id":"https:\/\/footdavant.fr\/actualites\/#\/schema\/logo\/image\/","url":"https:\/\/footdavant.fr\/actualites\/wp-content\/uploads\/2023\/09\/Copy-of-FootDavant-Logo.png","contentUrl":"https:\/\/footdavant.fr\/actualites\/wp-content\/uploads\/2023\/09\/Copy-of-FootDavant-Logo.png","width":936,"height":549,"caption":"Foot d'avant"},"image":{"@id":"https:\/\/footdavant.fr\/actualites\/#\/schema\/logo\/image\/"},"sameAs":["https:\/\/www.facebook.com\/Footdavant\/","https:\/\/twitter.com\/FootdavantFr","https:\/\/www.instagram.com\/footdavant.fr\/"]},{"@type":"Person","@id":"https:\/\/footdavant.fr\/actualites\/#\/schema\/person\/bc222566d95871b37e597b3ed3ba5e1d","name":"Cl\u00e9ment","image":{"@type":"ImageObject","inLanguage":"fr-FR","@id":"https:\/\/footdavant.fr\/actualites\/#\/schema\/person\/image\/","url":"https:\/\/secure.gravatar.com\/avatar\/7728b29aac2719421e1a9159b2254c44?s=96&d=mm&r=g","contentUrl":"https:\/\/secure.gravatar.com\/avatar\/7728b29aac2719421e1a9159b2254c44?s=96&d=mm&r=g","caption":"Cl\u00e9ment"},"sameAs":["https:\/\/footdavant.fr\/"]}]}},"_links":{"self":[{"href":"https:\/\/footdavant.fr\/actualites\/wp-json\/wp\/v2\/posts\/16257"}],"collection":[{"href":"https:\/\/footdavant.fr\/actualites\/wp-json\/wp\/v2\/posts"}],"about":[{"href":"https:\/\/footdavant.fr\/actualites\/wp-json\/wp\/v2\/types\/post"}],"author":[{"embeddable":true,"href":"https:\/\/footdavant.fr\/actualites\/wp-json\/wp\/v2\/users\/1"}],"replies":[{"embeddable":true,"href":"https:\/\/footdavant.fr\/actualites\/wp-json\/wp\/v2\/comments?post=16257"}],"version-history":[{"count":1,"href":"https:\/\/footdavant.fr\/actualites\/wp-json\/wp\/v2\/posts\/16257\/revisions"}],"predecessor-version":[{"id":16259,"href":"https:\/\/footdavant.fr\/actualites\/wp-json\/wp\/v2\/posts\/16257\/revisions\/16259"}],"wp:featuredmedia":[{"embeddable":true,"href":"https:\/\/footdavant.fr\/actualites\/wp-json\/wp\/v2\/media\/16258"}],"wp:attachment":[{"href":"https:\/\/footdavant.fr\/actualites\/wp-json\/wp\/v2\/media?parent=16257"}],"wp:term":[{"taxonomy":"category","embeddable":true,"href":"https:\/\/footdavant.fr\/actualites\/wp-json\/wp\/v2\/categories?post=16257"},{"taxonomy":"post_tag","embeddable":true,"href":"https:\/\/footdavant.fr\/actualites\/wp-json\/wp\/v2\/tags?post=16257"}],"curies":[{"name":"wp","href":"https:\/\/api.w.org\/{rel}","templated":true}]}}