{"id":16260,"date":"2024-11-16T02:49:13","date_gmt":"2024-11-16T01:49:13","guid":{"rendered":"https:\/\/footdavant.fr\/actualites\/nouvelles-du-transfert-de-man-city-la-star-du-sport-laisse-entendre-quelle-voudrait-jouer-pour-pep-guardiola\/"},"modified":"2024-11-16T02:49:14","modified_gmt":"2024-11-16T01:49:14","slug":"nouvelles-du-transfert-de-man-city-la-star-du-sport-laisse-entendre-quelle-voudrait-jouer-pour-pep-guardiola","status":"publish","type":"post","link":"https:\/\/footdavant.fr\/actualites\/nouvelles-du-transfert-de-man-city-la-star-du-sport-laisse-entendre-quelle-voudrait-jouer-pour-pep-guardiola\/","title":{"rendered":"Nouvelles du transfert de Man City : la star du sport laisse entendre qu\u2019elle voudrait jouer pour Pep Guardiola"},"content":{"rendered":"<p>L&#39;ailier du Sporting Lisbonne, Maximiliano Araujo, r\u00e9v\u00e8le qu&#39;il pourrait \u00eatre ouvert \u00e0 un transfert \u00e0 Manchester City pour jouer sous les ordres de Pep Guardiola.<\/p>\n<div id=\"article_body\" itemprop=\"articleBody\">\n<h3 class=\"firstPara\">\n<strong class=\"autotag\">Sporting Lisbonne<\/strong> aile arri\u00e8re <strong class=\"autotag\">Maximiliano Araujo<\/strong> a laiss\u00e9 entendre qu&#39;il esp\u00e9rait rejoindre <strong class=\"autotag\">Pep Guardiola<\/strong> \u00e0 <strong class=\"autotag\">Manchester City<\/strong> dans un futur proche.<\/h3>\n<p>Araujo faisait partie de l&#39;\u00e9quipe du Sporting qui a largement battu <strong>L&#39;\u00e9quipe de Guardiola \u00e0 Man City 4-1<\/strong> \u00e0 l&#39;Estadio Jose Alvalade en Ligue des Champions la semaine derni\u00e8re.<\/p>\n<p>Le joueur de 24 ans a marqu\u00e9 le but qui a donn\u00e9 l&#39;avantage au Sporting en d\u00e9but de seconde p\u00e9riode. <strong class=\"autotag\">Ruben Amorim<\/strong>L&#39;avant-dernier match de City en charge, avant de passer maintenant aux rivaux de City, Manchester United.<\/p>\n<p>Araujo n&#39;est au club que depuis un peu plus de deux mois, apr\u00e8s avoir \u00e9t\u00e9 recrut\u00e9 tardivement lors du mercato estival, en provenance de Toluca pour un contrat d&#39;une valeur de 13,6 millions d&#39;euros (11,25 millions de livres sterling).<\/p>\n<p>Le joueur polyvalent est d\u00e9j\u00e0 devenu un habitu\u00e9 de l&#39;\u00e9quipe, \u00e9tant souvent utilis\u00e9 comme arri\u00e8re gauche, mais il s&#39;est \u00e9galement montr\u00e9 capable de jouer comme ailier pur et simple en l&#39;absence de <strong class=\"autotag\">Pedro Gon\u00e7alves<\/strong>.<\/p>\n<p>D\u00e9j\u00e0 international uruguayen \u00e0 part enti\u00e8re, Araujo a \u00e9galement jou\u00e9 un r\u00f4le central \u00e0 l&#39;occasion lors des r\u00e9cents matchs de La Celeste, et compte trois buts internationaux depuis ses d\u00e9buts l&#39;ann\u00e9e derni\u00e8re.<\/p>\n<p class=\"imgI\">\n<h2 class=\"k3\">Araujo souhaite-t-il d\u00e9m\u00e9nager en Premier League ?<\/h2>\n<p>Apr\u00e8s avoir rejoint l&#39;\u00e9quipe uruguayenne pour la prochaine tr\u00eave internationale, Araujo a \u00e9t\u00e9 interrog\u00e9 par les journalistes lors d&#39;une conf\u00e9rence de presse sur la victoire contre Man City et sur ce que cela faisait de battre une \u00e9quipe constitu\u00e9e par Guardiola.<\/p>\n<p>Au d\u00e9part, Araujo a r\u00e9pondu plut\u00f4t ironiquement lorsqu&#39;on lui a demand\u00e9 s&#39;il aimerait jouer pour Man City sous Guardiola.<\/p>\n<p>Avec un sourire ironique, Araujo a r\u00e9pondu : \u00ab\u00a0Je l&#39;esp\u00e8re, je l&#39;esp\u00e8re&#8230;\u00a0\u00bb <\/p>\n<p>Le joueur a ensuite sembl\u00e9 minimiser les commentaires en poursuivant : \u00ab\u00a0Je lui ai demand\u00e9 (Guardiola) une photo, nous avons parl\u00e9 pendant quelques minutes et il m&#39;a f\u00e9licit\u00e9. J&#39;en suis tr\u00e8s content. Nous avons parl\u00e9 du match, rien. plus.\u00a0\u00bb<\/p>\n<h2 class=\"k3\">Braderie \u00e0 venir au Sporting ?<\/h2>\n<p class=\"imgI\"><img decoding=\"async\" loading=\"lazy\" class=\"l\" src=\"https:\/\/footdavant.fr\/actualites\/wp-content\/uploads\/2024\/11\/1731721753_253_Nouvelles-du-transfert-de-Man-City-la-star-du.jpg\" title=\"Viktor Gyokeres c\u00e9l\u00e8bre son tripl\u00e9 pour le Sporting Lisbonne le 5 novembre 2024\" alt=\"Viktor Gyokeres c\u00e9l\u00e8bre son tripl\u00e9 pour le Sporting Lisbonne le 5 novembre 2024\" width=\"640\" height=\"480\"><\/p>\n<p>Araujo n&#39;est pas le seul joueur \u00e0 avoir attir\u00e9 l&#39;attention lors de la victoire impressionnante du Sporting contre les champions de Premier League la semaine derni\u00e8re, et certains des vainqueurs de la ligue de la saison derni\u00e8re pourraient attirer davantage l&#39;attention maintenant apr\u00e8s avoir jou\u00e9 sur le continent.<\/p>\n<p><strong class=\"autotag\">Viktor Gyokeres<\/strong> est l&#39;attaquant dont on parle le plus en Europe en ce moment, et son tripl\u00e9 contre Man City n&#39;a fait que voir ses actions monter en fl\u00e8che, avec d\u00e9j\u00e0 27 buts pour le club et le pays cette saison.<\/p>\n<p>Sur le flanc oppos\u00e9 \u00e0 Araujo, adolescent <strong class=\"autotag\">Geovany Quenda<\/strong> Il a \u00e9galement impressionn\u00e9 au poste d&#39;ailier et a d\u00e9j\u00e0 \u00e9t\u00e9 convoqu\u00e9 dans l&#39;\u00e9quipe senior du Portugal \u00e0 seulement 17 ans.<\/p>\n<p>Juste devant l&#39;Uruguayen sur la gauche, Goncalves a jou\u00e9 un r\u00f4le essentiel dans le deuxi\u00e8me but, montrant un bon jeu de jambes avant de permettre \u00e0 Araujo de terminer, et c&#39;est lui qui a inscrit un but \u00e9tonnant depuis la ligne m\u00e9diane aux Emirats en Ligue Europa. il y a 18 mois, tout en continuant \u00e0 atteindre le double des buts et des passes d\u00e9cisives chaque saison.<\/p>\n<p>Le Sporting reviendra \u00e0 l&#39;action lors de son premier match apr\u00e8s le d\u00e9part d&#39;Amorim lorsqu&#39;il affrontera Amarante, quatri\u00e8me division, \u00e0 la Taca de Portugal, le premier vendredi apr\u00e8s la tr\u00eave internationale.<\/p>\n<\/div>\n","protected":false},"excerpt":{"rendered":"<p>L&#39;ailier du Sporting Lisbonne, Maximiliano Araujo, r\u00e9v\u00e8le qu&#39;il pourrait \u00eatre ouvert \u00e0 un transfert \u00e0 Manchester City pour jouer sous les ordres de Pep Guardiola.<\/p>\n","protected":false},"author":1,"featured_media":16261,"comment_status":"closed","ping_status":"","sticky":false,"template":"","format":"standard","meta":{"footnotes":""},"categories":[5],"tags":[27,2713,8,129,2203,24,461,6,51,3180,2162,1621,700,7055],"yoast_head":"<!-- This site is optimized with the Yoast SEO plugin v21.0 - https:\/\/yoast.com\/wordpress\/plugins\/seo\/ -->\n<title>Nouvelles du transfert de Man City : la star du sport laisse entendre qu\u2019elle voudrait jouer pour Pep Guardiola<\/title>\n<meta name=\"robots\" content=\"index, follow, max-snippet:-1, max-image-preview:large, max-video-preview:-1\" \/>\n<link rel=\"canonical\" href=\"https:\/\/footdavant.fr\/actualites\/nouvelles-du-transfert-de-man-city-la-star-du-sport-laisse-entendre-quelle-voudrait-jouer-pour-pep-guardiola\/\" \/>\n<meta property=\"og:locale\" content=\"fr_FR\" \/>\n<meta property=\"og:type\" content=\"article\" \/>\n<meta property=\"og:title\" content=\"Nouvelles du transfert de Man City : la star du sport laisse entendre qu\u2019elle voudrait jouer pour Pep Guardiola\" \/>\n<meta property=\"og:description\" content=\"L&#039;ailier du Sporting Lisbonne, Maximiliano Araujo, r\u00e9v\u00e8le qu&#039;il pourrait \u00eatre ouvert \u00e0 un transfert \u00e0 Manchester City pour jouer sous les ordres de Pep Guardiola.\" \/>\n<meta property=\"og:url\" content=\"https:\/\/footdavant.fr\/actualites\/nouvelles-du-transfert-de-man-city-la-star-du-sport-laisse-entendre-quelle-voudrait-jouer-pour-pep-guardiola\/\" \/>\n<meta property=\"og:site_name\" content=\"Foot d&#039;avant\" \/>\n<meta property=\"article:publisher\" content=\"https:\/\/www.facebook.com\/Footdavant\/\" \/>\n<meta property=\"article:published_time\" content=\"2024-11-16T01:49:13+00:00\" \/>\n<meta property=\"article:modified_time\" content=\"2024-11-16T01:49:14+00:00\" \/>\n<meta property=\"og:image\" content=\"https:\/\/footdavant.fr\/actualites\/wp-content\/uploads\/2024\/11\/Nouvelles-du-transfert-de-Man-City-la-star-du.jpg\" \/>\n\t<meta property=\"og:image:width\" content=\"640\" \/>\n\t<meta property=\"og:image:height\" content=\"480\" \/>\n\t<meta property=\"og:image:type\" content=\"image\/jpeg\" \/>\n<meta name=\"author\" content=\"Cl\u00e9ment\" \/>\n<meta name=\"twitter:card\" content=\"summary_large_image\" \/>\n<meta name=\"twitter:creator\" content=\"@FootdavantFr\" \/>\n<meta name=\"twitter:site\" content=\"@FootdavantFr\" \/>\n<meta name=\"twitter:label1\" content=\"\u00c9crit par\" \/>\n\t<meta name=\"twitter:data1\" content=\"Cl\u00e9ment\" \/>\n\t<meta name=\"twitter:label2\" content=\"Dur\u00e9e de lecture estim\u00e9e\" \/>\n\t<meta name=\"twitter:data2\" content=\"3 minutes\" \/>\n<script type=\"application\/ld+json\" class=\"yoast-schema-graph\">{\"@context\":\"https:\/\/schema.org\",\"@graph\":[{\"@type\":\"Article\",\"@id\":\"https:\/\/footdavant.fr\/actualites\/nouvelles-du-transfert-de-man-city-la-star-du-sport-laisse-entendre-quelle-voudrait-jouer-pour-pep-guardiola\/#article\",\"isPartOf\":{\"@id\":\"https:\/\/footdavant.fr\/actualites\/nouvelles-du-transfert-de-man-city-la-star-du-sport-laisse-entendre-quelle-voudrait-jouer-pour-pep-guardiola\/\"},\"author\":{\"name\":\"Cl\u00e9ment\",\"@id\":\"https:\/\/footdavant.fr\/actualites\/#\/schema\/person\/bc222566d95871b37e597b3ed3ba5e1d\"},\"headline\":\"Nouvelles du transfert de Man City : la star du sport laisse entendre qu\u2019elle voudrait jouer pour Pep Guardiola\",\"datePublished\":\"2024-11-16T01:49:13+00:00\",\"dateModified\":\"2024-11-16T01:49:14+00:00\",\"mainEntityOfPage\":{\"@id\":\"https:\/\/footdavant.fr\/actualites\/nouvelles-du-transfert-de-man-city-la-star-du-sport-laisse-entendre-quelle-voudrait-jouer-pour-pep-guardiola\/\"},\"wordCount\":635,\"publisher\":{\"@id\":\"https:\/\/footdavant.fr\/actualites\/#organization\"},\"keywords\":[\"City\",\"entendre\",\"Guardiola\",\"jouer\",\"laisse\",\"Man\",\"Nouvelles\",\"Pep\",\"pour\",\"Quelle\",\"sport\",\"Star\",\"transfert\",\"voudrait\"],\"articleSection\":[\"Premier League\"],\"inLanguage\":\"fr-FR\"},{\"@type\":\"WebPage\",\"@id\":\"https:\/\/footdavant.fr\/actualites\/nouvelles-du-transfert-de-man-city-la-star-du-sport-laisse-entendre-quelle-voudrait-jouer-pour-pep-guardiola\/\",\"url\":\"https:\/\/footdavant.fr\/actualites\/nouvelles-du-transfert-de-man-city-la-star-du-sport-laisse-entendre-quelle-voudrait-jouer-pour-pep-guardiola\/\",\"name\":\"Nouvelles du transfert de Man City : la star du sport laisse entendre qu\u2019elle voudrait jouer pour Pep Guardiola\",\"isPartOf\":{\"@id\":\"https:\/\/footdavant.fr\/actualites\/#website\"},\"datePublished\":\"2024-11-16T01:49:13+00:00\",\"dateModified\":\"2024-11-16T01:49:14+00:00\",\"breadcrumb\":{\"@id\":\"https:\/\/footdavant.fr\/actualites\/nouvelles-du-transfert-de-man-city-la-star-du-sport-laisse-entendre-quelle-voudrait-jouer-pour-pep-guardiola\/#breadcrumb\"},\"inLanguage\":\"fr-FR\",\"potentialAction\":[{\"@type\":\"ReadAction\",\"target\":[\"https:\/\/footdavant.fr\/actualites\/nouvelles-du-transfert-de-man-city-la-star-du-sport-laisse-entendre-quelle-voudrait-jouer-pour-pep-guardiola\/\"]}]},{\"@type\":\"BreadcrumbList\",\"@id\":\"https:\/\/footdavant.fr\/actualites\/nouvelles-du-transfert-de-man-city-la-star-du-sport-laisse-entendre-quelle-voudrait-jouer-pour-pep-guardiola\/#breadcrumb\",\"itemListElement\":[{\"@type\":\"ListItem\",\"position\":1,\"name\":\"Accueil\",\"item\":\"https:\/\/footdavant.fr\/actualites\/\"},{\"@type\":\"ListItem\",\"position\":2,\"name\":\"Nouvelles du transfert de Man City : la star du sport laisse entendre qu\u2019elle voudrait jouer pour Pep Guardiola\"}]},{\"@type\":\"WebSite\",\"@id\":\"https:\/\/footdavant.fr\/actualites\/#website\",\"url\":\"https:\/\/footdavant.fr\/actualites\/\",\"name\":\"Foot d'avant\",\"description\":\"\",\"publisher\":{\"@id\":\"https:\/\/footdavant.fr\/actualites\/#organization\"},\"potentialAction\":[{\"@type\":\"SearchAction\",\"target\":{\"@type\":\"EntryPoint\",\"urlTemplate\":\"https:\/\/footdavant.fr\/actualites\/?s={search_term_string}\"},\"query-input\":\"required name=search_term_string\"}],\"inLanguage\":\"fr-FR\"},{\"@type\":\"Organization\",\"@id\":\"https:\/\/footdavant.fr\/actualites\/#organization\",\"name\":\"Foot d'avant\",\"url\":\"https:\/\/footdavant.fr\/actualites\/\",\"logo\":{\"@type\":\"ImageObject\",\"inLanguage\":\"fr-FR\",\"@id\":\"https:\/\/footdavant.fr\/actualites\/#\/schema\/logo\/image\/\",\"url\":\"https:\/\/footdavant.fr\/actualites\/wp-content\/uploads\/2023\/09\/Copy-of-FootDavant-Logo.png\",\"contentUrl\":\"https:\/\/footdavant.fr\/actualites\/wp-content\/uploads\/2023\/09\/Copy-of-FootDavant-Logo.png\",\"width\":936,\"height\":549,\"caption\":\"Foot d'avant\"},\"image\":{\"@id\":\"https:\/\/footdavant.fr\/actualites\/#\/schema\/logo\/image\/\"},\"sameAs\":[\"https:\/\/www.facebook.com\/Footdavant\/\",\"https:\/\/twitter.com\/FootdavantFr\",\"https:\/\/www.instagram.com\/footdavant.fr\/\"]},{\"@type\":\"Person\",\"@id\":\"https:\/\/footdavant.fr\/actualites\/#\/schema\/person\/bc222566d95871b37e597b3ed3ba5e1d\",\"name\":\"Cl\u00e9ment\",\"image\":{\"@type\":\"ImageObject\",\"inLanguage\":\"fr-FR\",\"@id\":\"https:\/\/footdavant.fr\/actualites\/#\/schema\/person\/image\/\",\"url\":\"https:\/\/secure.gravatar.com\/avatar\/7728b29aac2719421e1a9159b2254c44?s=96&d=mm&r=g\",\"contentUrl\":\"https:\/\/secure.gravatar.com\/avatar\/7728b29aac2719421e1a9159b2254c44?s=96&d=mm&r=g\",\"caption\":\"Cl\u00e9ment\"},\"sameAs\":[\"https:\/\/footdavant.fr\/\"]}]}<\/script>\n<!-- \/ Yoast SEO plugin. -->","yoast_head_json":{"title":"Nouvelles du transfert de Man City : la star du sport laisse entendre qu\u2019elle voudrait jouer pour Pep Guardiola","robots":{"index":"index","follow":"follow","max-snippet":"max-snippet:-1","max-image-preview":"max-image-preview:large","max-video-preview":"max-video-preview:-1"},"canonical":"https:\/\/footdavant.fr\/actualites\/nouvelles-du-transfert-de-man-city-la-star-du-sport-laisse-entendre-quelle-voudrait-jouer-pour-pep-guardiola\/","og_locale":"fr_FR","og_type":"article","og_title":"Nouvelles du transfert de Man City : la star du sport laisse entendre qu\u2019elle voudrait jouer pour Pep Guardiola","og_description":"L&#39;ailier du Sporting Lisbonne, Maximiliano Araujo, r\u00e9v\u00e8le qu&#39;il pourrait \u00eatre ouvert \u00e0 un transfert \u00e0 Manchester City pour jouer sous les ordres de Pep Guardiola.","og_url":"https:\/\/footdavant.fr\/actualites\/nouvelles-du-transfert-de-man-city-la-star-du-sport-laisse-entendre-quelle-voudrait-jouer-pour-pep-guardiola\/","og_site_name":"Foot d&#039;avant","article_publisher":"https:\/\/www.facebook.com\/Footdavant\/","article_published_time":"2024-11-16T01:49:13+00:00","article_modified_time":"2024-11-16T01:49:14+00:00","og_image":[{"width":640,"height":480,"url":"https:\/\/footdavant.fr\/actualites\/wp-content\/uploads\/2024\/11\/Nouvelles-du-transfert-de-Man-City-la-star-du.jpg","type":"image\/jpeg"}],"author":"Cl\u00e9ment","twitter_card":"summary_large_image","twitter_creator":"@FootdavantFr","twitter_site":"@FootdavantFr","twitter_misc":{"\u00c9crit par":"Cl\u00e9ment","Dur\u00e9e de lecture estim\u00e9e":"3 minutes"},"schema":{"@context":"https:\/\/schema.org","@graph":[{"@type":"Article","@id":"https:\/\/footdavant.fr\/actualites\/nouvelles-du-transfert-de-man-city-la-star-du-sport-laisse-entendre-quelle-voudrait-jouer-pour-pep-guardiola\/#article","isPartOf":{"@id":"https:\/\/footdavant.fr\/actualites\/nouvelles-du-transfert-de-man-city-la-star-du-sport-laisse-entendre-quelle-voudrait-jouer-pour-pep-guardiola\/"},"author":{"name":"Cl\u00e9ment","@id":"https:\/\/footdavant.fr\/actualites\/#\/schema\/person\/bc222566d95871b37e597b3ed3ba5e1d"},"headline":"Nouvelles du transfert de Man City : la star du sport laisse entendre qu\u2019elle voudrait jouer pour Pep Guardiola","datePublished":"2024-11-16T01:49:13+00:00","dateModified":"2024-11-16T01:49:14+00:00","mainEntityOfPage":{"@id":"https:\/\/footdavant.fr\/actualites\/nouvelles-du-transfert-de-man-city-la-star-du-sport-laisse-entendre-quelle-voudrait-jouer-pour-pep-guardiola\/"},"wordCount":635,"publisher":{"@id":"https:\/\/footdavant.fr\/actualites\/#organization"},"keywords":["City","entendre","Guardiola","jouer","laisse","Man","Nouvelles","Pep","pour","Quelle","sport","Star","transfert","voudrait"],"articleSection":["Premier League"],"inLanguage":"fr-FR"},{"@type":"WebPage","@id":"https:\/\/footdavant.fr\/actualites\/nouvelles-du-transfert-de-man-city-la-star-du-sport-laisse-entendre-quelle-voudrait-jouer-pour-pep-guardiola\/","url":"https:\/\/footdavant.fr\/actualites\/nouvelles-du-transfert-de-man-city-la-star-du-sport-laisse-entendre-quelle-voudrait-jouer-pour-pep-guardiola\/","name":"Nouvelles du transfert de Man City : la star du sport laisse entendre qu\u2019elle voudrait jouer pour Pep Guardiola","isPartOf":{"@id":"https:\/\/footdavant.fr\/actualites\/#website"},"datePublished":"2024-11-16T01:49:13+00:00","dateModified":"2024-11-16T01:49:14+00:00","breadcrumb":{"@id":"https:\/\/footdavant.fr\/actualites\/nouvelles-du-transfert-de-man-city-la-star-du-sport-laisse-entendre-quelle-voudrait-jouer-pour-pep-guardiola\/#breadcrumb"},"inLanguage":"fr-FR","potentialAction":[{"@type":"ReadAction","target":["https:\/\/footdavant.fr\/actualites\/nouvelles-du-transfert-de-man-city-la-star-du-sport-laisse-entendre-quelle-voudrait-jouer-pour-pep-guardiola\/"]}]},{"@type":"BreadcrumbList","@id":"https:\/\/footdavant.fr\/actualites\/nouvelles-du-transfert-de-man-city-la-star-du-sport-laisse-entendre-quelle-voudrait-jouer-pour-pep-guardiola\/#breadcrumb","itemListElement":[{"@type":"ListItem","position":1,"name":"Accueil","item":"https:\/\/footdavant.fr\/actualites\/"},{"@type":"ListItem","position":2,"name":"Nouvelles du transfert de Man City : la star du sport laisse entendre qu\u2019elle voudrait jouer pour Pep Guardiola"}]},{"@type":"WebSite","@id":"https:\/\/footdavant.fr\/actualites\/#website","url":"https:\/\/footdavant.fr\/actualites\/","name":"Foot d'avant","description":"","publisher":{"@id":"https:\/\/footdavant.fr\/actualites\/#organization"},"potentialAction":[{"@type":"SearchAction","target":{"@type":"EntryPoint","urlTemplate":"https:\/\/footdavant.fr\/actualites\/?s={search_term_string}"},"query-input":"required name=search_term_string"}],"inLanguage":"fr-FR"},{"@type":"Organization","@id":"https:\/\/footdavant.fr\/actualites\/#organization","name":"Foot d'avant","url":"https:\/\/footdavant.fr\/actualites\/","logo":{"@type":"ImageObject","inLanguage":"fr-FR","@id":"https:\/\/footdavant.fr\/actualites\/#\/schema\/logo\/image\/","url":"https:\/\/footdavant.fr\/actualites\/wp-content\/uploads\/2023\/09\/Copy-of-FootDavant-Logo.png","contentUrl":"https:\/\/footdavant.fr\/actualites\/wp-content\/uploads\/2023\/09\/Copy-of-FootDavant-Logo.png","width":936,"height":549,"caption":"Foot d'avant"},"image":{"@id":"https:\/\/footdavant.fr\/actualites\/#\/schema\/logo\/image\/"},"sameAs":["https:\/\/www.facebook.com\/Footdavant\/","https:\/\/twitter.com\/FootdavantFr","https:\/\/www.instagram.com\/footdavant.fr\/"]},{"@type":"Person","@id":"https:\/\/footdavant.fr\/actualites\/#\/schema\/person\/bc222566d95871b37e597b3ed3ba5e1d","name":"Cl\u00e9ment","image":{"@type":"ImageObject","inLanguage":"fr-FR","@id":"https:\/\/footdavant.fr\/actualites\/#\/schema\/person\/image\/","url":"https:\/\/secure.gravatar.com\/avatar\/7728b29aac2719421e1a9159b2254c44?s=96&d=mm&r=g","contentUrl":"https:\/\/secure.gravatar.com\/avatar\/7728b29aac2719421e1a9159b2254c44?s=96&d=mm&r=g","caption":"Cl\u00e9ment"},"sameAs":["https:\/\/footdavant.fr\/"]}]}},"_links":{"self":[{"href":"https:\/\/footdavant.fr\/actualites\/wp-json\/wp\/v2\/posts\/16260"}],"collection":[{"href":"https:\/\/footdavant.fr\/actualites\/wp-json\/wp\/v2\/posts"}],"about":[{"href":"https:\/\/footdavant.fr\/actualites\/wp-json\/wp\/v2\/types\/post"}],"author":[{"embeddable":true,"href":"https:\/\/footdavant.fr\/actualites\/wp-json\/wp\/v2\/users\/1"}],"replies":[{"embeddable":true,"href":"https:\/\/footdavant.fr\/actualites\/wp-json\/wp\/v2\/comments?post=16260"}],"version-history":[{"count":1,"href":"https:\/\/footdavant.fr\/actualites\/wp-json\/wp\/v2\/posts\/16260\/revisions"}],"predecessor-version":[{"id":16262,"href":"https:\/\/footdavant.fr\/actualites\/wp-json\/wp\/v2\/posts\/16260\/revisions\/16262"}],"wp:featuredmedia":[{"embeddable":true,"href":"https:\/\/footdavant.fr\/actualites\/wp-json\/wp\/v2\/media\/16261"}],"wp:attachment":[{"href":"https:\/\/footdavant.fr\/actualites\/wp-json\/wp\/v2\/media?parent=16260"}],"wp:term":[{"taxonomy":"category","embeddable":true,"href":"https:\/\/footdavant.fr\/actualites\/wp-json\/wp\/v2\/categories?post=16260"},{"taxonomy":"post_tag","embeddable":true,"href":"https:\/\/footdavant.fr\/actualites\/wp-json\/wp\/v2\/tags?post=16260"}],"curies":[{"name":"wp","href":"https:\/\/api.w.org\/{rel}","templated":true}]}}