{"id":16263,"date":"2024-11-16T04:48:17","date_gmt":"2024-11-16T03:48:17","guid":{"rendered":"https:\/\/footdavant.fr\/actualites\/bilan-dinterlull-le-chat-du-directeur-sportif-sechauffe\/"},"modified":"2024-11-16T04:48:19","modified_gmt":"2024-11-16T03:48:19","slug":"bilan-dinterlull-le-chat-du-directeur-sportif-sechauffe","status":"publish","type":"post","link":"https:\/\/footdavant.fr\/actualites\/bilan-dinterlull-le-chat-du-directeur-sportif-sechauffe\/","title":{"rendered":"Bilan d&#39;Interlull + le chat du directeur sportif s&#39;\u00e9chauffe"},"content":{"rendered":"<div>\n<p>Bonjour les amis. Bon vendredi \u00e0 toi.<\/p>\n<p>Commen\u00e7ons par les joueurs d&#39;Arsenal en action pour leur pays hier. Leandro Trossard a jou\u00e9 90 minutes pour la Belgique, Gabriel a jou\u00e9 un match complet pour le Br\u00e9sil alors qu&#39;ils ont fait match nul 1-1 contre le Venezuela avec Gabriel Martinelli obtenant quelques minutes \u00e0 la fin, et d&#39;apr\u00e8s ce que je peux voir, c&#39;\u00e9tait tout. Aujourd&#39;hui, nos deux joueurs espagnols, David Raya et Mikel Merino, pourraient figurer, tandis que Jakub Kiwior est un pr\u00e9tendant pour la Pologne alors qu&#39;ils se pr\u00e9parent \u00e0 affronter le Portugal.<\/p>\n<p>Pendant ce temps, la recherche par Arsenal d&#39;un nouveau directeur sportif \u2013 ou du moins de quelqu&#39;un pour remplacer Edu d&#39;une mani\u00e8re ou d&#39;une autre, mais nous ne sommes pas encore s\u00fbrs de ses attributions \u2013 a vu des liens avec Roberto Olabe de la Real Sociedad. Il a annonc\u00e9 cette semaine qu&#39;il quitterait le club \u00e0 la fin de la saison, et les sp\u00e9culations se sont multipli\u00e9es sur son avenir et le poste vacant chez nous. Un journal basque &#39;&#39;, rapporte :<\/p>\n<\/p>\n<p>Il y a un profil ici dans The Athletic (\u00a3), et il a certainement eu une carri\u00e8re int\u00e9ressante. Les s\u00e9jours \u00e0 la Real Sociedad ont \u00e9t\u00e9 ponctu\u00e9s d&#39;autres projets en Espagne et \u00e0 l&#39;\u00e9tranger, mais ce sera son travail r\u00e9cent qui pourrait int\u00e9resser le plus Arsenal. Le recrutement et le d\u00e9veloppement des jeunes de La Real ont \u00e9t\u00e9 impressionnants ces derni\u00e8res ann\u00e9es. Des joueurs comme Alexander Isak et Martin Odegaard (pr\u00eat\u00e9s par le Real Madrid) ont \u00e9t\u00e9 recrut\u00e9s, Mikel Merino a rejoint Newcastle et ils ont fait na\u00eetre des talents de l&#39;Acad\u00e9mie comme Martin Zubimendi et Robin Le Normand.<\/p>\n<p>Cet extrait de ce profil pourrait trouver un \u00e9cho aupr\u00e8s de ceux qui souhaitent qu&#39;Arsenal ach\u00e8te bien mais aussi vende mieux, un domaine traditionnellement dans lequel nous manquons un peu (pas seulement sous les auspices d&#39;Edu en tant que directeur sportif, il est juste de le dire)\u00a0:<\/p>\n<\/p>\n<p>Il existe des liens \u00e9vidents. Mikel Arteta en est le chef en tant que local de Saint-S\u00e9bastien et ancien joueur de la Real Sociedad. Nous avons trait\u00e9 avec eux \u00e0 propos du transfert de Mikel Merino cet \u00e9t\u00e9, et l&#39;ann\u00e9e derni\u00e8re, Kieran Tierney y a \u00e9t\u00e9 pr\u00eat\u00e9, bien que son s\u00e9jour l\u00e0-bas ait \u00e9t\u00e9 affect\u00e9 par une blessure, ce qui est malheureusement normal pour lui.<\/p>\n<p>Je suppose que l&#39;essentiel est qu&#39;il restera sur place jusqu&#39;\u00e0 la fin de la saison, et la r\u00e9alit\u00e9 pour Arsenal est que nous aurons tr\u00e8s probablement besoin de quelqu&#39;un avant cette date. Les structures actuelles pourraient bien \u00eatre suffisantes pour la fen\u00eatre de transfert de janvier, mais la planification pour l&#39;\u00e9t\u00e9 prochain doit commencer bien avant qu&#39;Olabe ne soit libre de rejoindre, donc c&#39;est peut-\u00eatre l\u00e0 que l&#39;objectif pourrait cocher de nombreuses cases, mais le calendrier et la disponibilit\u00e9 signifie que nous devons chercher ailleurs.<\/p>\n<p>J&#39;\u00e9tais curieux de voir \u00e9galement le nom de Tomas Rosicky mentionn\u00e9. Le lien est \u00e9vident, un ancien joueur, un ancien co\u00e9quipier d&#39;Arteta \u00e9galement, et travaillant actuellement dans ce r\u00f4le pour le Sparta Prague. Mais cette connexion est-elle absolument n\u00e9cessaire ? Pas vraiment. Vous voulez juste la bonne personne pour le poste. Arsenal compte actuellement beaucoup d&#39;avocats ayant une certaine exp\u00e9rience du football, ce qui n&#39;est pas une mauvaise chose lorsqu&#39;une grande partie du jeu et du business n\u00e9cessite une expertise juridique, mais pour quelqu&#39;un qui jouera un r\u00f4le cl\u00e9 dans le succ\u00e8s sur le terrain, peut-\u00eatre le le besoin est d\u2019abord de quelqu\u2019un de plus ax\u00e9 sur le football. Nous le saurons en temps voulu, je suppose.<\/p>\n<p>D&#39;accord, je vais le laisser l\u00e0 pour ce matin. Il y a un tout nouvel Arsecast pour vous ci-dessous, discutant avec Clive Palmer des trucs d&#39;Arsenal et d&#39;Interlull, puis je parle \u00e0 Jon Spurling de son nouveau livre fascinant \u00ab\u00a0Go to War\u00a0\u00bb, tout sur le football dans les ann\u00e9es 1980. Il y a quelques belles histoires et anecdotes dans le livre, et vous avez \u00e9galement une chance de gagner l&#39;un des deux exemplaires sign\u00e9s.<\/p>\n<p>Pour l&#39;instant, passez-en un bon !<\/p>\n<p><iframe loading=\"lazy\" src=\"https:\/\/embed.acast.com\/a1a58121-6fb4-43cf-8156-8d6df6fc312f\/673639fd040267d4ef2bcbdb\" width=\"100%\" height=\"300px\" frameborder=\"0\"><\/iframe><\/p>\n<\/div>\n","protected":false},"excerpt":{"rendered":"<p>Bonjour les amis. Bon vendredi \u00e0 toi. Commen\u00e7ons par les joueurs d&#39;Arsenal en action pour leur pays hier. Leandro Trossard a jou\u00e9 90 minutes pour<\/p>\n","protected":false},"author":1,"featured_media":16264,"comment_status":"closed","ping_status":"","sticky":false,"template":"","format":"standard","meta":{"footnotes":""},"categories":[3],"tags":[251,7056,6742,875,7057,876],"yoast_head":"<!-- This site is optimized with the Yoast SEO plugin v21.0 - https:\/\/yoast.com\/wordpress\/plugins\/seo\/ -->\n<title>Bilan d&#039;Interlull + le chat du directeur sportif s&#039;\u00e9chauffe<\/title>\n<meta name=\"robots\" content=\"index, follow, max-snippet:-1, max-image-preview:large, max-video-preview:-1\" \/>\n<link rel=\"canonical\" href=\"https:\/\/footdavant.fr\/actualites\/bilan-dinterlull-le-chat-du-directeur-sportif-sechauffe\/\" \/>\n<meta property=\"og:locale\" content=\"fr_FR\" \/>\n<meta property=\"og:type\" content=\"article\" \/>\n<meta property=\"og:title\" content=\"Bilan d&#039;Interlull + le chat du directeur sportif s&#039;\u00e9chauffe\" \/>\n<meta property=\"og:description\" content=\"Bonjour les amis. Bon vendredi \u00e0 toi. Commen\u00e7ons par les joueurs d&#039;Arsenal en action pour leur pays hier. Leandro Trossard a jou\u00e9 90 minutes pour\" \/>\n<meta property=\"og:url\" content=\"https:\/\/footdavant.fr\/actualites\/bilan-dinterlull-le-chat-du-directeur-sportif-sechauffe\/\" \/>\n<meta property=\"og:site_name\" content=\"Foot d&#039;avant\" \/>\n<meta property=\"article:publisher\" content=\"https:\/\/www.facebook.com\/Footdavant\/\" \/>\n<meta property=\"article:published_time\" content=\"2024-11-16T03:48:17+00:00\" \/>\n<meta property=\"article:modified_time\" content=\"2024-11-16T03:48:19+00:00\" \/>\n<meta property=\"og:image\" content=\"https:\/\/footdavant.fr\/actualites\/wp-content\/uploads\/2024\/11\/Bilan-d39Interlull-le-chat-du-directeur-sportif-s39echauffe.jpg\" \/>\n\t<meta property=\"og:image:width\" content=\"1500\" \/>\n\t<meta property=\"og:image:height\" content=\"750\" \/>\n\t<meta property=\"og:image:type\" content=\"image\/jpeg\" \/>\n<meta name=\"author\" content=\"Cl\u00e9ment\" \/>\n<meta name=\"twitter:card\" content=\"summary_large_image\" \/>\n<meta name=\"twitter:creator\" content=\"@FootdavantFr\" \/>\n<meta name=\"twitter:site\" content=\"@FootdavantFr\" \/>\n<meta name=\"twitter:label1\" content=\"\u00c9crit par\" \/>\n\t<meta name=\"twitter:data1\" content=\"Cl\u00e9ment\" \/>\n\t<meta name=\"twitter:label2\" content=\"Dur\u00e9e de lecture estim\u00e9e\" \/>\n\t<meta name=\"twitter:data2\" content=\"4 minutes\" \/>\n<script type=\"application\/ld+json\" class=\"yoast-schema-graph\">{\"@context\":\"https:\/\/schema.org\",\"@graph\":[{\"@type\":\"Article\",\"@id\":\"https:\/\/footdavant.fr\/actualites\/bilan-dinterlull-le-chat-du-directeur-sportif-sechauffe\/#article\",\"isPartOf\":{\"@id\":\"https:\/\/footdavant.fr\/actualites\/bilan-dinterlull-le-chat-du-directeur-sportif-sechauffe\/\"},\"author\":{\"name\":\"Cl\u00e9ment\",\"@id\":\"https:\/\/footdavant.fr\/actualites\/#\/schema\/person\/bc222566d95871b37e597b3ed3ba5e1d\"},\"headline\":\"Bilan d&#39;Interlull + le chat du directeur sportif s&#39;\u00e9chauffe\",\"datePublished\":\"2024-11-16T03:48:17+00:00\",\"dateModified\":\"2024-11-16T03:48:19+00:00\",\"mainEntityOfPage\":{\"@id\":\"https:\/\/footdavant.fr\/actualites\/bilan-dinterlull-le-chat-du-directeur-sportif-sechauffe\/\"},\"wordCount\":745,\"publisher\":{\"@id\":\"https:\/\/footdavant.fr\/actualites\/#organization\"},\"keywords\":[\"bilan\",\"chat\",\"d39Interlull\",\"directeur\",\"s39\u00e9chauffe\",\"sportif\"],\"articleSection\":[\"Football\"],\"inLanguage\":\"fr-FR\"},{\"@type\":\"WebPage\",\"@id\":\"https:\/\/footdavant.fr\/actualites\/bilan-dinterlull-le-chat-du-directeur-sportif-sechauffe\/\",\"url\":\"https:\/\/footdavant.fr\/actualites\/bilan-dinterlull-le-chat-du-directeur-sportif-sechauffe\/\",\"name\":\"Bilan d&#39;Interlull + le chat du directeur sportif s&#39;\u00e9chauffe\",\"isPartOf\":{\"@id\":\"https:\/\/footdavant.fr\/actualites\/#website\"},\"datePublished\":\"2024-11-16T03:48:17+00:00\",\"dateModified\":\"2024-11-16T03:48:19+00:00\",\"breadcrumb\":{\"@id\":\"https:\/\/footdavant.fr\/actualites\/bilan-dinterlull-le-chat-du-directeur-sportif-sechauffe\/#breadcrumb\"},\"inLanguage\":\"fr-FR\",\"potentialAction\":[{\"@type\":\"ReadAction\",\"target\":[\"https:\/\/footdavant.fr\/actualites\/bilan-dinterlull-le-chat-du-directeur-sportif-sechauffe\/\"]}]},{\"@type\":\"BreadcrumbList\",\"@id\":\"https:\/\/footdavant.fr\/actualites\/bilan-dinterlull-le-chat-du-directeur-sportif-sechauffe\/#breadcrumb\",\"itemListElement\":[{\"@type\":\"ListItem\",\"position\":1,\"name\":\"Accueil\",\"item\":\"https:\/\/footdavant.fr\/actualites\/\"},{\"@type\":\"ListItem\",\"position\":2,\"name\":\"Bilan d&#39;Interlull + le chat du directeur sportif s&#39;\u00e9chauffe\"}]},{\"@type\":\"WebSite\",\"@id\":\"https:\/\/footdavant.fr\/actualites\/#website\",\"url\":\"https:\/\/footdavant.fr\/actualites\/\",\"name\":\"Foot d'avant\",\"description\":\"\",\"publisher\":{\"@id\":\"https:\/\/footdavant.fr\/actualites\/#organization\"},\"potentialAction\":[{\"@type\":\"SearchAction\",\"target\":{\"@type\":\"EntryPoint\",\"urlTemplate\":\"https:\/\/footdavant.fr\/actualites\/?s={search_term_string}\"},\"query-input\":\"required name=search_term_string\"}],\"inLanguage\":\"fr-FR\"},{\"@type\":\"Organization\",\"@id\":\"https:\/\/footdavant.fr\/actualites\/#organization\",\"name\":\"Foot d'avant\",\"url\":\"https:\/\/footdavant.fr\/actualites\/\",\"logo\":{\"@type\":\"ImageObject\",\"inLanguage\":\"fr-FR\",\"@id\":\"https:\/\/footdavant.fr\/actualites\/#\/schema\/logo\/image\/\",\"url\":\"https:\/\/footdavant.fr\/actualites\/wp-content\/uploads\/2023\/09\/Copy-of-FootDavant-Logo.png\",\"contentUrl\":\"https:\/\/footdavant.fr\/actualites\/wp-content\/uploads\/2023\/09\/Copy-of-FootDavant-Logo.png\",\"width\":936,\"height\":549,\"caption\":\"Foot d'avant\"},\"image\":{\"@id\":\"https:\/\/footdavant.fr\/actualites\/#\/schema\/logo\/image\/\"},\"sameAs\":[\"https:\/\/www.facebook.com\/Footdavant\/\",\"https:\/\/twitter.com\/FootdavantFr\",\"https:\/\/www.instagram.com\/footdavant.fr\/\"]},{\"@type\":\"Person\",\"@id\":\"https:\/\/footdavant.fr\/actualites\/#\/schema\/person\/bc222566d95871b37e597b3ed3ba5e1d\",\"name\":\"Cl\u00e9ment\",\"image\":{\"@type\":\"ImageObject\",\"inLanguage\":\"fr-FR\",\"@id\":\"https:\/\/footdavant.fr\/actualites\/#\/schema\/person\/image\/\",\"url\":\"https:\/\/secure.gravatar.com\/avatar\/7728b29aac2719421e1a9159b2254c44?s=96&d=mm&r=g\",\"contentUrl\":\"https:\/\/secure.gravatar.com\/avatar\/7728b29aac2719421e1a9159b2254c44?s=96&d=mm&r=g\",\"caption\":\"Cl\u00e9ment\"},\"sameAs\":[\"https:\/\/footdavant.fr\/\"]}]}<\/script>\n<!-- \/ Yoast SEO plugin. -->","yoast_head_json":{"title":"Bilan d&#39;Interlull + le chat du directeur sportif s&#39;\u00e9chauffe","robots":{"index":"index","follow":"follow","max-snippet":"max-snippet:-1","max-image-preview":"max-image-preview:large","max-video-preview":"max-video-preview:-1"},"canonical":"https:\/\/footdavant.fr\/actualites\/bilan-dinterlull-le-chat-du-directeur-sportif-sechauffe\/","og_locale":"fr_FR","og_type":"article","og_title":"Bilan d&#39;Interlull + le chat du directeur sportif s&#39;\u00e9chauffe","og_description":"Bonjour les amis. Bon vendredi \u00e0 toi. Commen\u00e7ons par les joueurs d&#39;Arsenal en action pour leur pays hier. Leandro Trossard a jou\u00e9 90 minutes pour","og_url":"https:\/\/footdavant.fr\/actualites\/bilan-dinterlull-le-chat-du-directeur-sportif-sechauffe\/","og_site_name":"Foot d&#039;avant","article_publisher":"https:\/\/www.facebook.com\/Footdavant\/","article_published_time":"2024-11-16T03:48:17+00:00","article_modified_time":"2024-11-16T03:48:19+00:00","og_image":[{"width":1500,"height":750,"url":"https:\/\/footdavant.fr\/actualites\/wp-content\/uploads\/2024\/11\/Bilan-d39Interlull-le-chat-du-directeur-sportif-s39echauffe.jpg","type":"image\/jpeg"}],"author":"Cl\u00e9ment","twitter_card":"summary_large_image","twitter_creator":"@FootdavantFr","twitter_site":"@FootdavantFr","twitter_misc":{"\u00c9crit par":"Cl\u00e9ment","Dur\u00e9e de lecture estim\u00e9e":"4 minutes"},"schema":{"@context":"https:\/\/schema.org","@graph":[{"@type":"Article","@id":"https:\/\/footdavant.fr\/actualites\/bilan-dinterlull-le-chat-du-directeur-sportif-sechauffe\/#article","isPartOf":{"@id":"https:\/\/footdavant.fr\/actualites\/bilan-dinterlull-le-chat-du-directeur-sportif-sechauffe\/"},"author":{"name":"Cl\u00e9ment","@id":"https:\/\/footdavant.fr\/actualites\/#\/schema\/person\/bc222566d95871b37e597b3ed3ba5e1d"},"headline":"Bilan d&#39;Interlull + le chat du directeur sportif s&#39;\u00e9chauffe","datePublished":"2024-11-16T03:48:17+00:00","dateModified":"2024-11-16T03:48:19+00:00","mainEntityOfPage":{"@id":"https:\/\/footdavant.fr\/actualites\/bilan-dinterlull-le-chat-du-directeur-sportif-sechauffe\/"},"wordCount":745,"publisher":{"@id":"https:\/\/footdavant.fr\/actualites\/#organization"},"keywords":["bilan","chat","d39Interlull","directeur","s39\u00e9chauffe","sportif"],"articleSection":["Football"],"inLanguage":"fr-FR"},{"@type":"WebPage","@id":"https:\/\/footdavant.fr\/actualites\/bilan-dinterlull-le-chat-du-directeur-sportif-sechauffe\/","url":"https:\/\/footdavant.fr\/actualites\/bilan-dinterlull-le-chat-du-directeur-sportif-sechauffe\/","name":"Bilan d&#39;Interlull + le chat du directeur sportif s&#39;\u00e9chauffe","isPartOf":{"@id":"https:\/\/footdavant.fr\/actualites\/#website"},"datePublished":"2024-11-16T03:48:17+00:00","dateModified":"2024-11-16T03:48:19+00:00","breadcrumb":{"@id":"https:\/\/footdavant.fr\/actualites\/bilan-dinterlull-le-chat-du-directeur-sportif-sechauffe\/#breadcrumb"},"inLanguage":"fr-FR","potentialAction":[{"@type":"ReadAction","target":["https:\/\/footdavant.fr\/actualites\/bilan-dinterlull-le-chat-du-directeur-sportif-sechauffe\/"]}]},{"@type":"BreadcrumbList","@id":"https:\/\/footdavant.fr\/actualites\/bilan-dinterlull-le-chat-du-directeur-sportif-sechauffe\/#breadcrumb","itemListElement":[{"@type":"ListItem","position":1,"name":"Accueil","item":"https:\/\/footdavant.fr\/actualites\/"},{"@type":"ListItem","position":2,"name":"Bilan d&#39;Interlull + le chat du directeur sportif s&#39;\u00e9chauffe"}]},{"@type":"WebSite","@id":"https:\/\/footdavant.fr\/actualites\/#website","url":"https:\/\/footdavant.fr\/actualites\/","name":"Foot d'avant","description":"","publisher":{"@id":"https:\/\/footdavant.fr\/actualites\/#organization"},"potentialAction":[{"@type":"SearchAction","target":{"@type":"EntryPoint","urlTemplate":"https:\/\/footdavant.fr\/actualites\/?s={search_term_string}"},"query-input":"required name=search_term_string"}],"inLanguage":"fr-FR"},{"@type":"Organization","@id":"https:\/\/footdavant.fr\/actualites\/#organization","name":"Foot d'avant","url":"https:\/\/footdavant.fr\/actualites\/","logo":{"@type":"ImageObject","inLanguage":"fr-FR","@id":"https:\/\/footdavant.fr\/actualites\/#\/schema\/logo\/image\/","url":"https:\/\/footdavant.fr\/actualites\/wp-content\/uploads\/2023\/09\/Copy-of-FootDavant-Logo.png","contentUrl":"https:\/\/footdavant.fr\/actualites\/wp-content\/uploads\/2023\/09\/Copy-of-FootDavant-Logo.png","width":936,"height":549,"caption":"Foot d'avant"},"image":{"@id":"https:\/\/footdavant.fr\/actualites\/#\/schema\/logo\/image\/"},"sameAs":["https:\/\/www.facebook.com\/Footdavant\/","https:\/\/twitter.com\/FootdavantFr","https:\/\/www.instagram.com\/footdavant.fr\/"]},{"@type":"Person","@id":"https:\/\/footdavant.fr\/actualites\/#\/schema\/person\/bc222566d95871b37e597b3ed3ba5e1d","name":"Cl\u00e9ment","image":{"@type":"ImageObject","inLanguage":"fr-FR","@id":"https:\/\/footdavant.fr\/actualites\/#\/schema\/person\/image\/","url":"https:\/\/secure.gravatar.com\/avatar\/7728b29aac2719421e1a9159b2254c44?s=96&d=mm&r=g","contentUrl":"https:\/\/secure.gravatar.com\/avatar\/7728b29aac2719421e1a9159b2254c44?s=96&d=mm&r=g","caption":"Cl\u00e9ment"},"sameAs":["https:\/\/footdavant.fr\/"]}]}},"_links":{"self":[{"href":"https:\/\/footdavant.fr\/actualites\/wp-json\/wp\/v2\/posts\/16263"}],"collection":[{"href":"https:\/\/footdavant.fr\/actualites\/wp-json\/wp\/v2\/posts"}],"about":[{"href":"https:\/\/footdavant.fr\/actualites\/wp-json\/wp\/v2\/types\/post"}],"author":[{"embeddable":true,"href":"https:\/\/footdavant.fr\/actualites\/wp-json\/wp\/v2\/users\/1"}],"replies":[{"embeddable":true,"href":"https:\/\/footdavant.fr\/actualites\/wp-json\/wp\/v2\/comments?post=16263"}],"version-history":[{"count":1,"href":"https:\/\/footdavant.fr\/actualites\/wp-json\/wp\/v2\/posts\/16263\/revisions"}],"predecessor-version":[{"id":16265,"href":"https:\/\/footdavant.fr\/actualites\/wp-json\/wp\/v2\/posts\/16263\/revisions\/16265"}],"wp:featuredmedia":[{"embeddable":true,"href":"https:\/\/footdavant.fr\/actualites\/wp-json\/wp\/v2\/media\/16264"}],"wp:attachment":[{"href":"https:\/\/footdavant.fr\/actualites\/wp-json\/wp\/v2\/media?parent=16263"}],"wp:term":[{"taxonomy":"category","embeddable":true,"href":"https:\/\/footdavant.fr\/actualites\/wp-json\/wp\/v2\/categories?post=16263"},{"taxonomy":"post_tag","embeddable":true,"href":"https:\/\/footdavant.fr\/actualites\/wp-json\/wp\/v2\/tags?post=16263"}],"curies":[{"name":"wp","href":"https:\/\/api.w.org\/{rel}","templated":true}]}}